{"id":32087,"date":"2024-12-11T20:31:49","date_gmt":"2024-12-11T23:31:49","guid":{"rendered":"https:\/\/newblogs.correiobraziliense.com.br\/blog-da-rosana-hessel\/?p=32087"},"modified":"2024-12-11T22:08:03","modified_gmt":"2024-12-12T01:08:03","slug":"setor-produtivo-critica-decisao-do-bc-em-elevar-juros-para-1225-ao-ano","status":"publish","type":"post","link":"https:\/\/newblogs.correiobraziliense.com.br\/blog-da-rosana-hessel\/setor-produtivo-critica-decisao-do-bc-em-elevar-juros-para-1225-ao-ano\/","title":{"rendered":"Setor produtivo critica decis\u00e3o do BC em elevar juros para 12,25% ao ano"},"content":{"rendered":"\n<p>Logo ap\u00f3s o Banco Central anunciar <a href=\"https:\/\/newblogs.correiobraziliense.com.br\/blog-da-rosana-hessel\/banco-central-aumenta-taxa-de-juros-para-1225\/\">aumento de 100 pontos-base na taxa b\u00e1sica da economia (Selic), <\/a>para 12,25% ao ano, na noite desta quarta-feira (11\/12), entidades do setor produtivo emitiram notas criticando a decis\u00e3o dos integrantes do Comit\u00ea de Pol\u00edtica Monet\u00e1ria (Copom) e pedindo corte de juros em vez de aumento.<\/p>\n\n\n\n<p>Nos \u00faltimos dias, devido \u00e0 piora nas perspectivas em rela\u00e7\u00e3o ao quadro fiscal &#8212; ap\u00f3s o an\u00fancio do pacote de corte de gastos que frustrou os investidores &#8211;, o mercado financeiro estava mais dividido entre as apostas, esperando alta entre 0,75 ponto percentual e 1,00 ponto percentual na Selic. O aumento dessa magnitude n\u00e3o era visto desde junho de 2022.<\/p>\n\n\n\n<p>O presidente da Federa\u00e7\u00e3o das Ind\u00fastrias de Minas Gerais (Fieng), Fl\u00e1vio Roscoe, disse que a decis\u00e3o \u00e9 ter\u00e1 efeitos negativos sobre a ind\u00fastria brasileira, porque ela vai perder a competitividade nos mercados interno e externo. Para ele, a decis\u00e3o do Copom intensifica a postura contracionista da pol\u00edtica monet\u00e1ria, na contram\u00e3o da pol\u00edtica fiscal.<\/p>\n\n\n\n<p>\u201c\u00c9 uma situa\u00e7\u00e3o de causa e consequ\u00eancia, se os juros sobem, a economia inteira entra em retra\u00e7\u00e3o. As pessoas e as empresas veem o cr\u00e9dito sumir e quem ganha? Aquele que especula de olho no retorno no curto prazo, n\u00e3o quem produz e aposta no pa\u00eds\u201d, afirmou Roscoe. Segundo a nota, a Fiemg manifestou &#8220;profunda preocupa\u00e7\u00e3o com a decis\u00e3o, pois os juros excessivamente altos podem gerar mais danos \u00e0 economia do que oferecer solu\u00e7\u00f5es eficazes&#8221;.<\/p>\n\n\n\n<p>A Federa\u00e7\u00e3o das Ind\u00fastrias do Estado do Rio de Janeiro (Firjan) considerou, em nota, o aumento na taxa Selic, de 11,25% para 12,25% ao ano, &#8220;excessivo&#8221;, representando mais um obst\u00e1culo para a atividade da ind\u00fastria nacional. A entidade, no entanto, reconheceu que o patamar elevado da taxa de juros &#8220;reflete, em grande parte, o cen\u00e1rio atual de desconfian\u00e7a com rela\u00e7\u00e3o \u00e0 trajet\u00f3ria da d\u00edvida p\u00fablica&#8221;.<br \/><\/p>\n\n\n\n<p>&#8220;Nesse contexto, a Firjan refor\u00e7a que o equil\u00edbrio das contas p\u00fablicas \u00e9 o primeiro passo para tornar o Brasil mais competitivo. Estudo divulgado nesta quarta-feira pela federa\u00e7\u00e3o revela que o pa\u00eds ocupa a 46\u00aa posi\u00e7\u00e3o em ranking de competitividade com 66 na\u00e7\u00f5es. Na compara\u00e7\u00e3o com os \u00faltimos 10 anos, o Brasil tornou-se ainda menos competitivo. A Firjan pontua que enquanto o grave problema da sustentabilidade das contas p\u00fablicas n\u00e3o for resolvido, o pa\u00eds n\u00e3o ter\u00e1 espa\u00e7o no or\u00e7amento para investir em bases essenciais para o aumento da produtividade e, assim, perpetuar\u00e1 um cen\u00e1rio de baixo crescimento, infla\u00e7\u00e3o elevada e juros altos&#8221;, acrescentou  o comunicado.<\/p>\n\n\n\n<p>A Confedera\u00e7\u00e3o Nacional da Ind\u00fastria (CNI), por sua vez, considerou &#8220;incompreens\u00edvel e totalmente injustificada&#8221; a decis\u00e3o do Copom e refor\u00e7ou que o atual ciclo de alta de juros, iniciado em setembro, &#8220;configuraria um erro do Banco Central&#8221;. &#8220;Intensificar esse ritmo, como a autoridade monet\u00e1ria escolheu, portanto, n\u00e3o faz sentido no atual contexto econ\u00f4mico, marcado pela desacelera\u00e7\u00e3o da infla\u00e7\u00e3o em novembro e pelo pacote efetivo de corte de gastos apresentado pelo governo federal. Al\u00e9m disso, a decis\u00e3o do Banco Central ignora a desacelera\u00e7\u00e3o da atividade econ\u00f4mica, j\u00e1 observada no PIB do terceiro trimestre, e a tend\u00eancia de redu\u00e7\u00e3o de juros nas principais economias globais, como os Estados Unidos, que partem para o terceiro corte seguido nos juros na pr\u00f3xima semana&#8221;, informou a entidade, por meio de nota.<\/p>\n\n\n\n<p>Na avalia\u00e7\u00e3o da institui\u00e7\u00e3o, a decis\u00e3o de aumento mais forte de juros &#8220;custa caro para a economia e para a popula\u00e7\u00e3o, pois significa menos investimentos e, consequentemente, menos emprego e renda&#8221;, porque, &#8220;para investir, os empres\u00e1rios precisam estar confiantes, o que depende, entre outros elementos, de um ambiente econ\u00f4mico positivo, para o qual a pol\u00edtica monet\u00e1ria n\u00e3o tem contribu\u00eddo&#8221;.<\/p>\n\n\n\n<p>Conforme dados da CNI, o n\u00edvel de confian\u00e7a dos empres\u00e1rios industriais tem piorado nos \u00faltimos meses. O \u00cdndice de Confian\u00e7a do Empres\u00e1rio Industrial (ICEI), da CNI, caiu nos tr\u00eas \u00faltimos meses e, em dezembro, registrou 50,1 pontos, o que indica que os empres\u00e1rios est\u00e3o deixando de lado o otimismo com a economia e rumando para uma situa\u00e7\u00e3o de pessimismo.  <\/p>\n\n\n\n<p>Ao contr\u00e1rio do mercado financeiro, a CNI considera que as medidas de redu\u00e7\u00e3o de despesas propostas pelo governo &#8220;contribuem para a sustentabilidade do novo arcabou\u00e7o e melhoram a sintonia entre as pol\u00edticas fiscal e monet\u00e1ria&#8221;. &#8220;Para a CNI, o ajuste sugerido pelo governo \u00e9 positivo, embora ainda possa ser aperfei\u00e7oado pelo Congresso, e deve ser efetivo na conten\u00e7\u00e3o das despesas&#8221;, informou a nota.<\/p>\n\n\n\n<p>A CNI considera ainda que a rea\u00e7\u00e3o do mercado financeiro em rela\u00e7\u00e3o ao pacote fiscal, &#8220;com desvaloriza\u00e7\u00e3o da taxa de c\u00e2mbio e alta nos juros futuros, foi exagerada e deve ser interpretada com cautela&#8221;, porque acredita que a proposta da isen\u00e7\u00e3o de imposto de renda de quem tem rendimento mensal de at\u00e9 R$ 5 mil, tamb\u00e9m anunciada com o pacote, ser\u00e1 revertida pelo Congresso. &#8221; \u00c9 preciso priorizar a agenda de redu\u00e7\u00e3o do custo do cr\u00e9dito. A CNI acredita que a decis\u00e3o do Banco Central \u00e9 impor um rem\u00e9dio exagerado para controlar a infla\u00e7\u00e3o, com efeitos indesejados sobre a economia&#8221;, frisou. Para a institui\u00e7\u00e3o, a atual pol\u00edtica monet\u00e1ria precisa ser revista e deve levar em conta a necessidade que o Brasil tem de reduzir o custo financeiro suportado pelas empresas, que se acumula ao longo das cadeias produtivas, e pelos consumidores. &#8220;Sem desatar o n\u00f3 do custo do cr\u00e9dito, o Brasil continuar\u00e1 desperdi\u00e7ando oportunidades valiosas, como assumir o protagonismo mundial da transi\u00e7\u00e3o energ\u00e9tica, agenda que pode trazer muitos ganhos \u00e0 economia brasileira, mas que requer elevados investimentos elevados&#8221;, completou a CNI.<\/p>\n\n\n\n\n\n\n\n\n","protected":false},"excerpt":{"rendered":"<p>Para entidades do setor produtivo, decis\u00e3o do Banco Central foi &#8220;incompreens\u00edvel&#8221; e ter\u00e1 efeitos negativos para a ind\u00fastria e o mercado de cr\u00e9dito <\/p>\n","protected":false},"author":10,"featured_media":31259,"comment_status":"closed","ping_status":"open","sticky":false,"template":"","format":"standard","meta":{"_acf_changed":false,"inline_featured_image":false,"footnotes":""},"categories":[1,1870],"tags":[82,680,83,831,2015,681,39,820,84,2014],"class_list":["post-32087","post","type-post","status-publish","format-standard","has-post-thumbnail","hentry","category-sem-categoria","category-politica-monetaria","tag-banco-central","tag-cni","tag-copom","tag-decisao","tag-fiemg","tag-firjan","tag-juros","tag-repercussao","tag-selic","tag-setor-produtivo"],"acf":[],"yoast_head":"<!-- This site is optimized with the Yoast SEO plugin v27.3 - https:\/\/yoast.com\/product\/yoast-seo-wordpress\/ -->\n<title>Setor produtivo critica decis\u00e3o do BC em elevar juros para 12,25% ao ano - Blog da Rosana Hessel<\/title>\n<meta name=\"description\" content=\"Para entidades do setor produtivo, decis\u00e3o do Banco Central foi &quot;incompreens\u00edvel&quot; e ter\u00e1 efeitos negativos para a ind\u00fastria e o mercado de cr\u00e9dito\" \/>\n<meta name=\"robots\" content=\"index, follow, max-snippet:-1, max-image-preview:large, max-video-preview:-1\" \/>\n<link rel=\"canonical\" href=\"https:\/\/newblogs.correiobraziliense.com.br\/blog-da-rosana-hessel\/setor-produtivo-critica-decisao-do-bc-em-elevar-juros-para-1225-ao-ano\/\" \/>\n<meta property=\"og:locale\" content=\"pt_BR\" \/>\n<meta property=\"og:type\" content=\"article\" \/>\n<meta property=\"og:title\" content=\"Setor produtivo critica decis\u00e3o do BC em elevar juros para 12,25% ao ano - Blog da Rosana Hessel\" \/>\n<meta property=\"og:description\" content=\"Para entidades do setor produtivo, decis\u00e3o do Banco Central foi &quot;incompreens\u00edvel&quot; e ter\u00e1 efeitos negativos para a ind\u00fastria e o mercado de cr\u00e9dito\" \/>\n<meta property=\"og:url\" content=\"https:\/\/newblogs.correiobraziliense.com.br\/blog-da-rosana-hessel\/setor-produtivo-critica-decisao-do-bc-em-elevar-juros-para-1225-ao-ano\/\" \/>\n<meta property=\"og:site_name\" content=\"Blog da Rosana Hessel\" \/>\n<meta property=\"article:published_time\" content=\"2024-12-11T23:31:49+00:00\" \/>\n<meta property=\"article:modified_time\" content=\"2024-12-12T01:08:03+00:00\" \/>\n<meta property=\"og:image\" content=\"http:\/\/newblogs.correiobraziliense.com.br\/blog-da-rosana-hessel\/wp-content\/uploads\/sites\/5\/2024\/07\/bancocentralfachada2.jpg\" \/>\n\t<meta property=\"og:image:width\" content=\"2048\" \/>\n\t<meta property=\"og:image:height\" content=\"1308\" \/>\n\t<meta property=\"og:image:type\" content=\"image\/jpeg\" \/>\n<meta name=\"author\" content=\"Rosana Hessel\" \/>\n<!-- \/ Yoast SEO plugin. -->","yoast_head_json":{"title":"Setor produtivo critica decis\u00e3o do BC em elevar juros para 12,25% ao ano - Blog da Rosana Hessel","description":"Para entidades do setor produtivo, decis\u00e3o do Banco Central foi \"incompreens\u00edvel\" e ter\u00e1 efeitos negativos para a ind\u00fastria e o mercado de cr\u00e9dito","robots":{"index":"index","follow":"follow","max-snippet":"max-snippet:-1","max-image-preview":"max-image-preview:large","max-video-preview":"max-video-preview:-1"},"canonical":"https:\/\/newblogs.correiobraziliense.com.br\/blog-da-rosana-hessel\/setor-produtivo-critica-decisao-do-bc-em-elevar-juros-para-1225-ao-ano\/","og_locale":"pt_BR","og_type":"article","og_title":"Setor produtivo critica decis\u00e3o do BC em elevar juros para 12,25% ao ano - Blog da Rosana Hessel","og_description":"Para entidades do setor produtivo, decis\u00e3o do Banco Central foi \"incompreens\u00edvel\" e ter\u00e1 efeitos negativos para a ind\u00fastria e o mercado de cr\u00e9dito","og_url":"https:\/\/newblogs.correiobraziliense.com.br\/blog-da-rosana-hessel\/setor-produtivo-critica-decisao-do-bc-em-elevar-juros-para-1225-ao-ano\/","og_site_name":"Blog da Rosana Hessel","article_published_time":"2024-12-11T23:31:49+00:00","article_modified_time":"2024-12-12T01:08:03+00:00","og_image":[{"width":2048,"height":1308,"url":"http:\/\/newblogs.correiobraziliense.com.br\/blog-da-rosana-hessel\/wp-content\/uploads\/sites\/5\/2024\/07\/bancocentralfachada2.jpg","type":"image\/jpeg"}],"author":"Rosana Hessel","schema":{"@context":"https:\/\/schema.org","@graph":[{"@type":"Article","@id":"https:\/\/newblogs.correiobraziliense.com.br\/blog-da-rosana-hessel\/setor-produtivo-critica-decisao-do-bc-em-elevar-juros-para-1225-ao-ano\/#article","isPartOf":{"@id":"https:\/\/newblogs.correiobraziliense.com.br\/blog-da-rosana-hessel\/setor-produtivo-critica-decisao-do-bc-em-elevar-juros-para-1225-ao-ano\/"},"author":{"name":"Rosana Hessel","@id":"https:\/\/newblogs.correiobraziliense.com.br\/blog-da-rosana-hessel\/#\/schema\/person\/824cb3c631cf0d4056f75ca02599a930"},"headline":"Setor produtivo critica decis\u00e3o do BC em elevar juros para 12,25% ao ano","datePublished":"2024-12-11T23:31:49+00:00","dateModified":"2024-12-12T01:08:03+00:00","mainEntityOfPage":{"@id":"https:\/\/newblogs.correiobraziliense.com.br\/blog-da-rosana-hessel\/setor-produtivo-critica-decisao-do-bc-em-elevar-juros-para-1225-ao-ano\/"},"wordCount":1000,"image":{"@id":"https:\/\/newblogs.correiobraziliense.com.br\/blog-da-rosana-hessel\/setor-produtivo-critica-decisao-do-bc-em-elevar-juros-para-1225-ao-ano\/#primaryimage"},"thumbnailUrl":"https:\/\/newblogs.correiobraziliense.com.br\/blog-da-rosana-hessel\/wp-content\/uploads\/sites\/5\/2024\/07\/bancocentralfachada2.jpg","keywords":["Banco Central","CNI","Copom","decis\u00e3o","Fiemg","Firjan","juros","repercuss\u00e3o","Selic","setor produtivo"],"articleSection":["Macroeconomia","Pol\u00edtica monet\u00e1ria"],"inLanguage":"pt-BR"},{"@type":"WebPage","@id":"https:\/\/newblogs.correiobraziliense.com.br\/blog-da-rosana-hessel\/setor-produtivo-critica-decisao-do-bc-em-elevar-juros-para-1225-ao-ano\/","url":"https:\/\/newblogs.correiobraziliense.com.br\/blog-da-rosana-hessel\/setor-produtivo-critica-decisao-do-bc-em-elevar-juros-para-1225-ao-ano\/","name":"Setor produtivo critica decis\u00e3o do BC em elevar juros para 12,25% ao ano - Blog da Rosana Hessel","isPartOf":{"@id":"https:\/\/newblogs.correiobraziliense.com.br\/blog-da-rosana-hessel\/#website"},"primaryImageOfPage":{"@id":"https:\/\/newblogs.correiobraziliense.com.br\/blog-da-rosana-hessel\/setor-produtivo-critica-decisao-do-bc-em-elevar-juros-para-1225-ao-ano\/#primaryimage"},"image":{"@id":"https:\/\/newblogs.correiobraziliense.com.br\/blog-da-rosana-hessel\/setor-produtivo-critica-decisao-do-bc-em-elevar-juros-para-1225-ao-ano\/#primaryimage"},"thumbnailUrl":"https:\/\/newblogs.correiobraziliense.com.br\/blog-da-rosana-hessel\/wp-content\/uploads\/sites\/5\/2024\/07\/bancocentralfachada2.jpg","datePublished":"2024-12-11T23:31:49+00:00","dateModified":"2024-12-12T01:08:03+00:00","author":{"@id":"https:\/\/newblogs.correiobraziliense.com.br\/blog-da-rosana-hessel\/#\/schema\/person\/824cb3c631cf0d4056f75ca02599a930"},"description":"Para entidades do setor produtivo, decis\u00e3o do Banco Central foi \"incompreens\u00edvel\" e ter\u00e1 efeitos negativos para a ind\u00fastria e o mercado de cr\u00e9dito","breadcrumb":{"@id":"https:\/\/newblogs.correiobraziliense.com.br\/blog-da-rosana-hessel\/setor-produtivo-critica-decisao-do-bc-em-elevar-juros-para-1225-ao-ano\/#breadcrumb"},"inLanguage":"pt-BR","potentialAction":[{"@type":"ReadAction","target":["https:\/\/newblogs.correiobraziliense.com.br\/blog-da-rosana-hessel\/setor-produtivo-critica-decisao-do-bc-em-elevar-juros-para-1225-ao-ano\/"]}]},{"@type":"ImageObject","inLanguage":"pt-BR","@id":"https:\/\/newblogs.correiobraziliense.com.br\/blog-da-rosana-hessel\/setor-produtivo-critica-decisao-do-bc-em-elevar-juros-para-1225-ao-ano\/#primaryimage","url":"https:\/\/newblogs.correiobraziliense.com.br\/blog-da-rosana-hessel\/wp-content\/uploads\/sites\/5\/2024\/07\/bancocentralfachada2.jpg","contentUrl":"https:\/\/newblogs.correiobraziliense.com.br\/blog-da-rosana-hessel\/wp-content\/uploads\/sites\/5\/2024\/07\/bancocentralfachada2.jpg","width":2048,"height":1308,"caption":"Banco Central do Brasil\/Foto: Raphael Ribeiro\/BCB"},{"@type":"BreadcrumbList","@id":"https:\/\/newblogs.correiobraziliense.com.br\/blog-da-rosana-hessel\/setor-produtivo-critica-decisao-do-bc-em-elevar-juros-para-1225-ao-ano\/#breadcrumb","itemListElement":[{"@type":"ListItem","position":1,"name":"In\u00edcio","item":"https:\/\/newblogs.correiobraziliense.com.br\/blog-da-rosana-hessel\/"},{"@type":"ListItem","position":2,"name":"Setor produtivo critica decis\u00e3o do BC em elevar juros para 12,25% ao ano"}]},{"@type":"WebSite","@id":"https:\/\/newblogs.correiobraziliense.com.br\/blog-da-rosana-hessel\/#website","url":"https:\/\/newblogs.correiobraziliense.com.br\/blog-da-rosana-hessel\/","name":"Blog da Rosana Hessel","description":"Not\u00edcias atualizadas e an\u00e1lises sobre economia. Acompanhe-nos para entender as tend\u00eancias e os impactos econ\u00f4micos que influenciam o seu dia a dia, tanto no Brasil quanto no exterior.","potentialAction":[{"@type":"SearchAction","target":{"@type":"EntryPoint","urlTemplate":"https:\/\/newblogs.correiobraziliense.com.br\/blog-da-rosana-hessel\/?s={search_term_string}"},"query-input":{"@type":"PropertyValueSpecification","valueRequired":true,"valueName":"search_term_string"}}],"inLanguage":"pt-BR"},{"@type":"Person","@id":"https:\/\/newblogs.correiobraziliense.com.br\/blog-da-rosana-hessel\/#\/schema\/person\/824cb3c631cf0d4056f75ca02599a930","name":"Rosana Hessel","image":{"@type":"ImageObject","inLanguage":"pt-BR","@id":"https:\/\/secure.gravatar.com\/avatar\/fe780cf1839cf10cd6d682fb080611e0d2a459b64be8a8781778109777fbcfd3?s=96&d=mm&r=g","url":"https:\/\/secure.gravatar.com\/avatar\/fe780cf1839cf10cd6d682fb080611e0d2a459b64be8a8781778109777fbcfd3?s=96&d=mm&r=g","contentUrl":"https:\/\/secure.gravatar.com\/avatar\/fe780cf1839cf10cd6d682fb080611e0d2a459b64be8a8781778109777fbcfd3?s=96&d=mm&r=g","caption":"Rosana Hessel"},"description":"Formada pela Pontif\u00edcia Universidade Cat\u00f3lica de S\u00e3o Paulo (PUC-SP), \u00e9 jornalista de economia desde 1995, quando passou a integrar o time da Gazeta Mercantil. Est\u00e1 sempre atr\u00e1s da boa informa\u00e7\u00e3o. Possui especializa\u00e7\u00e3o em economia pela FGV e MBA em Finan\u00e7as pela FIA-USP. Trabalha no Correio Braziliense desde 2010. Ganhou o Pr\u00eamio Esso de Jornalismo Econ\u00f4mico em 2014 e em 2015 com a equipe do Correio. Foi finalista entre os 50 jornalistas +Admirados da Imprensa de Economia, Neg\u00f3cios e Finan\u00e7as 2024, promovido pela Jornalistas&amp;Cia.","url":"https:\/\/newblogs.correiobraziliense.com.br\/blog-da-rosana-hessel\/author\/rosanahessel\/"}]}},"_links":{"self":[{"href":"https:\/\/newblogs.correiobraziliense.com.br\/blog-da-rosana-hessel\/wp-json\/wp\/v2\/posts\/32087","targetHints":{"allow":["GET"]}}],"collection":[{"href":"https:\/\/newblogs.correiobraziliense.com.br\/blog-da-rosana-hessel\/wp-json\/wp\/v2\/posts"}],"about":[{"href":"https:\/\/newblogs.correiobraziliense.com.br\/blog-da-rosana-hessel\/wp-json\/wp\/v2\/types\/post"}],"author":[{"embeddable":true,"href":"https:\/\/newblogs.correiobraziliense.com.br\/blog-da-rosana-hessel\/wp-json\/wp\/v2\/users\/10"}],"replies":[{"embeddable":true,"href":"https:\/\/newblogs.correiobraziliense.com.br\/blog-da-rosana-hessel\/wp-json\/wp\/v2\/comments?post=32087"}],"version-history":[{"count":8,"href":"https:\/\/newblogs.correiobraziliense.com.br\/blog-da-rosana-hessel\/wp-json\/wp\/v2\/posts\/32087\/revisions"}],"predecessor-version":[{"id":32098,"href":"https:\/\/newblogs.correiobraziliense.com.br\/blog-da-rosana-hessel\/wp-json\/wp\/v2\/posts\/32087\/revisions\/32098"}],"wp:featuredmedia":[{"embeddable":true,"href":"https:\/\/newblogs.correiobraziliense.com.br\/blog-da-rosana-hessel\/wp-json\/wp\/v2\/media\/31259"}],"wp:attachment":[{"href":"https:\/\/newblogs.correiobraziliense.com.br\/blog-da-rosana-hessel\/wp-json\/wp\/v2\/media?parent=32087"}],"wp:term":[{"taxonomy":"category","embeddable":true,"href":"https:\/\/newblogs.correiobraziliense.com.br\/blog-da-rosana-hessel\/wp-json\/wp\/v2\/categories?post=32087"},{"taxonomy":"post_tag","embeddable":true,"href":"https:\/\/newblogs.correiobraziliense.com.br\/blog-da-rosana-hessel\/wp-json\/wp\/v2\/tags?post=32087"}],"curies":[{"name":"wp","href":"https:\/\/api.w.org\/{rel}","templated":true}]}}