{"id":32066,"date":"2024-12-11T18:36:20","date_gmt":"2024-12-11T21:36:20","guid":{"rendered":"https:\/\/newblogs.correiobraziliense.com.br\/blog-da-rosana-hessel\/?p=32066"},"modified":"2024-12-11T20:04:17","modified_gmt":"2024-12-11T23:04:17","slug":"banco-central-aumenta-taxa-de-juros-para-1225","status":"publish","type":"post","link":"https:\/\/newblogs.correiobraziliense.com.br\/blog-da-rosana-hessel\/banco-central-aumenta-taxa-de-juros-para-1225\/","title":{"rendered":"Banco Central aumenta taxa de juros para 12,25% ao ano"},"content":{"rendered":"\n<p>O Comit\u00ea de Pol\u00edtica Monet\u00e1ria (Copom) do Banco Central resolveu acelerar o ritmo de alta da taxa b\u00e1sica da economia (Selic) em 1,00 ponto percentual, para 12,25% ao ano<\/p>\n\n\n\n<p>A decis\u00e3o do colegiado, nesta quarta-feira (11\/12), foi un\u00e2nime e, no comunicado, o Copom sinalizou que dever\u00e1 manter o mesmo ritmo nas duas primeiras reuni\u00f5es do pr\u00f3ximo ano, quando a composi\u00e7\u00e3o ser\u00e1 mudada, com a sa\u00edda do atual presidente Roberto Campos Neto e mais tr\u00eas diretores.<\/p>\n\n\n\n<p>&#8220;Diante de um cen\u00e1rio mais adverso para a converg\u00eancia da infla\u00e7\u00e3o, o Comit\u00ea antev\u00ea, em se confirmando o cen\u00e1rio esperado, ajustes de mesma magnitude nas pr\u00f3ximas duas reuni\u00f5es. A magnitude total do ciclo de aperto monet\u00e1rio ser\u00e1 ditada pelo firme compromisso de converg\u00eancia da infla\u00e7\u00e3o \u00e0 meta e depender\u00e1 da evolu\u00e7\u00e3o da din\u00e2mica da infla\u00e7\u00e3o, em especial dos componentes mais sens\u00edveis \u00e0 atividade econ\u00f4mica e \u00e0 pol\u00edtica monet\u00e1ria, das proje\u00e7\u00f5es de infla\u00e7\u00e3o, das expectativas de infla\u00e7\u00e3o, do hiato do produto e do balan\u00e7o de riscos&#8221;, destacou o comunicado do colegiado.<\/p>\n\n\n\n<p>A primeira reuni\u00e3o do Copom em 2025 ocorrer\u00e1 nos dias 28 e 29 de janeiro e a segunda, nos dias 18 e 19 de mar\u00e7o.<\/p>\n\n\n\n<p><strong>Veja a \u00edntegra do comunicado<\/strong> <\/p>\n\n\n\n<p>O ambiente externo permanece desafiador, em fun\u00e7\u00e3o, principalmente, da conjuntura econ\u00f4mica nos Estados Unidos, o que suscita maiores d\u00favidas sobre os ritmos da desacelera\u00e7\u00e3o, da desinfla\u00e7\u00e3o e, consequentemente, sobre a postura do Fed. Os bancos centrais das principais economias permanecem determinados em promover a converg\u00eancia das taxas de infla\u00e7\u00e3o para suas metas em um ambiente marcado por press\u00f5es nos mercados de trabalho. O Comit\u00ea avalia que o cen\u00e1rio externo segue exigindo cautela por parte de pa\u00edses emergentes.<\/p>\n\n\n\n<p>Em rela\u00e7\u00e3o ao cen\u00e1rio dom\u00e9stico, o conjunto dos indicadores de atividade econ\u00f4mica e do mercado de trabalho segue apresentando dinamismo, com destaque para a divulga\u00e7\u00e3o do PIB do terceiro trimestre, que indicou abertura adicional do hiato. A infla\u00e7\u00e3o cheia e as medidas subjacentes t\u00eam se situado acima da meta para a infla\u00e7\u00e3o e apresentaram eleva\u00e7\u00e3o nas divulga\u00e7\u00f5es mais recentes.<\/p>\n\n\n\n<p>As expectativas de infla\u00e7\u00e3o para 2024 e 2025 apuradas pela pesquisa Focus elevaram-se de forma relevante e encontram-se em torno de 4,8% e 4,6%, respectivamente. A proje\u00e7\u00e3o de infla\u00e7\u00e3o do Copom para o segundo trimestre de 2026, atual horizonte relevante de pol\u00edtica monet\u00e1ria, situa-se em 4,0% no cen\u00e1rio de refer\u00eancia (Tabela 1).<\/p>\n\n\n\n<p>Em fun\u00e7\u00e3o da materializa\u00e7\u00e3o de riscos, o Comit\u00ea avalia que o cen\u00e1rio se mostra menos incerto e mais adverso do que na reuni\u00e3o anterior. Persiste, no entanto, uma assimetria altista no balan\u00e7o de riscos para os cen\u00e1rios prospectivos para a infla\u00e7\u00e3o. Entre os riscos de alta para o cen\u00e1rio inflacion\u00e1rio e as expectativas de infla\u00e7\u00e3o, destacam-se (i) uma desancoragem das expectativas de infla\u00e7\u00e3o por per\u00edodo mais prolongado; (ii) uma maior resili\u00eancia na infla\u00e7\u00e3o de servi\u00e7os do que a projetada em fun\u00e7\u00e3o de um hiato do produto mais positivo; e (iii) uma conjun\u00e7\u00e3o de pol\u00edticas econ\u00f4micas externa e interna que tenham impacto inflacion\u00e1rio, por exemplo, por meio de uma taxa de c\u00e2mbio persistentemente mais depreciada. Entre os riscos de baixa, ressaltam-se (i) uma desacelera\u00e7\u00e3o da atividade econ\u00f4mica global mais acentuada do que a projetada; e (ii) os impactos do aperto monet\u00e1rio sobre a desinfla\u00e7\u00e3o global se mostrarem mais fortes do que o esperado.<\/p>\n\n\n\n<p>O Comit\u00ea tem acompanhado com aten\u00e7\u00e3o como os desenvolvimentos recentes da pol\u00edtica fiscal impactam a pol\u00edtica monet\u00e1ria e os ativos financeiros. A percep\u00e7\u00e3o dos agentes econ\u00f4micos sobre o recente an\u00fancio fiscal afetou, de forma relevante, os pre\u00e7os de ativos e as expectativas dos agentes, especialmente o pr\u00eamio de risco, as expectativas de infla\u00e7\u00e3o e a taxa de c\u00e2mbio. Avaliou-se que tais impactos contribuem para uma din\u00e2mica inflacion\u00e1ria mais adversa.<\/p>\n\n\n\n<p>O cen\u00e1rio mais recente \u00e9 marcado por desancoragem adicional das expectativas de infla\u00e7\u00e3o, eleva\u00e7\u00e3o das proje\u00e7\u00f5es de infla\u00e7\u00e3o, dinamismo acima do esperado na atividade e maior abertura do hiato do produto, o que exige uma pol\u00edtica monet\u00e1ria ainda mais contracionista.<\/p>\n\n\n\n<p>O Copom ent\u00e3o decidiu realizar um ajuste de maior magnitude, elevando a taxa b\u00e1sica de juros em 1,00 ponto percentual, para 12,25% a.a., e entende que essa decis\u00e3o \u00e9 compat\u00edvel com a estrat\u00e9gia de converg\u00eancia da infla\u00e7\u00e3o para o redor da meta ao longo do horizonte relevante. Sem preju\u00edzo de seu objetivo fundamental de assegurar a estabilidade de pre\u00e7os, essa decis\u00e3o tamb\u00e9m implica suaviza\u00e7\u00e3o das flutua\u00e7\u00f5es do n\u00edvel de atividade econ\u00f4mica e fomento do pleno emprego.<\/p>\n\n\n\n<p>Diante de um cen\u00e1rio mais adverso para a converg\u00eancia da infla\u00e7\u00e3o, o Comit\u00ea antev\u00ea, em se confirmando o cen\u00e1rio esperado, ajustes de mesma magnitude nas pr\u00f3ximas duas reuni\u00f5es. A magnitude total do ciclo de aperto monet\u00e1rio ser\u00e1 ditada pelo firme compromisso de converg\u00eancia da infla\u00e7\u00e3o \u00e0 meta e depender\u00e1 da evolu\u00e7\u00e3o da din\u00e2mica da infla\u00e7\u00e3o, em especial dos componentes mais sens\u00edveis \u00e0 atividade econ\u00f4mica e \u00e0 pol\u00edtica monet\u00e1ria, das proje\u00e7\u00f5es de infla\u00e7\u00e3o, das expectativas de infla\u00e7\u00e3o, do hiato do produto e do balan\u00e7o de riscos.<\/p>\n\n\n\n<p>Votaram por essa decis\u00e3o os seguintes membros do Comit\u00ea: Roberto de Oliveira Campos Neto (presidente), Ailton de Aquino Santos, Carolina de Assis Barros, Diogo Abry Guillen, Gabriel Muricca Gal\u00edpolo, Ot\u00e1vio Ribeiro Damaso, Paulo Picchetti, Renato Dias de Brito Gomes e Rodrigo Alves Teixeira.<\/p>\n\n\n\n<p><strong>Tabela 1<\/strong><\/p>\n\n\n\n<p><strong><em>Proje\u00e7\u00f5es de infla\u00e7\u00e3o no cen\u00e1rio de refer\u00eancia<\/em><\/strong><\/p>\n\n\n\n<p>Varia\u00e7\u00e3o do IPCA acumulada em quatro trimestres (%)<\/p>\n\n\n\n<p>\u00cdndice de pre\u00e7os 2024 2025 2\u00ba tri 2026<br \/>IPCA 4,9 4,5 4,0<br \/>IPCA livres 5,0 4,5 3,8<br \/>IPCA administrados 4,6 4,5 4,6<br \/>No cen\u00e1rio de refer\u00eancia, a trajet\u00f3ria para a taxa de juros \u00e9 extra\u00edda da pesquisa Focus e a taxa de c\u00e2mbio parte de R$5,95\/US$, evoluindo segundo a paridade do poder de compra (PPC). O pre\u00e7o do petr\u00f3leo segue aproximadamente a curva futura pelos pr\u00f3ximos seis meses e passa a aumentar 2% ao ano posteriormente. Al\u00e9m disso, adota-se a hip\u00f3tese de bandeira tarif\u00e1ria \u201cverde&#8221; em dezembro de 2024 e de 2025. O valor para o c\u00e2mbio foi obtido pelo procedimento usual.<\/p>\n\n\n\n\n\n\n\n\n","protected":false},"excerpt":{"rendered":"<p>Na \u00faltima reuni\u00e3o do ano, Copom acelera ritmo de alta para 1,00 ponto percentual e eleva a taxa Selic em para  12,25% anuais<\/p>\n","protected":false},"author":10,"featured_media":32069,"comment_status":"closed","ping_status":"open","sticky":false,"template":"","format":"standard","meta":{"_acf_changed":false,"inline_featured_image":false,"footnotes":""},"categories":[1870],"tags":[82,83,831,39,679],"class_list":["post-32066","post","type-post","status-publish","format-standard","has-post-thumbnail","hentry","category-politica-monetaria","tag-banco-central","tag-copom","tag-decisao","tag-juros","tag-taxa-selic"],"acf":[],"yoast_head":"<!-- This site is optimized with the Yoast SEO plugin v27.3 - https:\/\/yoast.com\/product\/yoast-seo-wordpress\/ -->\n<title>Banco Central aumenta taxa de juros para 12,25% ao ano - Blog da Rosana Hessel<\/title>\n<meta name=\"description\" content=\"Na \u00faltima reuni\u00e3o do ano, Copom acelera ritmo de alta para 1,00 ponto percentual e eleva a taxa Selic em para 12,25% anuais\" \/>\n<meta name=\"robots\" content=\"index, follow, max-snippet:-1, max-image-preview:large, max-video-preview:-1\" \/>\n<link rel=\"canonical\" href=\"https:\/\/newblogs.correiobraziliense.com.br\/blog-da-rosana-hessel\/banco-central-aumenta-taxa-de-juros-para-1225\/\" \/>\n<meta property=\"og:locale\" content=\"pt_BR\" \/>\n<meta property=\"og:type\" content=\"article\" \/>\n<meta property=\"og:title\" content=\"Banco Central aumenta taxa de juros para 12,25% ao ano - Blog da Rosana Hessel\" \/>\n<meta property=\"og:description\" content=\"Na \u00faltima reuni\u00e3o do ano, Copom acelera ritmo de alta para 1,00 ponto percentual e eleva a taxa Selic em para 12,25% anuais\" \/>\n<meta property=\"og:url\" content=\"https:\/\/newblogs.correiobraziliense.com.br\/blog-da-rosana-hessel\/banco-central-aumenta-taxa-de-juros-para-1225\/\" \/>\n<meta property=\"og:site_name\" content=\"Blog da Rosana Hessel\" \/>\n<meta property=\"article:published_time\" content=\"2024-12-11T21:36:20+00:00\" \/>\n<meta property=\"article:modified_time\" content=\"2024-12-11T23:04:17+00:00\" \/>\n<meta property=\"og:image\" content=\"http:\/\/newblogs.correiobraziliense.com.br\/blog-da-rosana-hessel\/wp-content\/uploads\/sites\/5\/2024\/12\/fotocopomjan2024-1.jpg\" \/>\n\t<meta property=\"og:image:width\" content=\"799\" \/>\n\t<meta property=\"og:image:height\" content=\"533\" \/>\n\t<meta property=\"og:image:type\" content=\"image\/jpeg\" \/>\n<meta name=\"author\" content=\"Rosana Hessel\" \/>\n<!-- \/ Yoast SEO plugin. -->","yoast_head_json":{"title":"Banco Central aumenta taxa de juros para 12,25% ao ano - Blog da Rosana Hessel","description":"Na \u00faltima reuni\u00e3o do ano, Copom acelera ritmo de alta para 1,00 ponto percentual e eleva a taxa Selic em para 12,25% anuais","robots":{"index":"index","follow":"follow","max-snippet":"max-snippet:-1","max-image-preview":"max-image-preview:large","max-video-preview":"max-video-preview:-1"},"canonical":"https:\/\/newblogs.correiobraziliense.com.br\/blog-da-rosana-hessel\/banco-central-aumenta-taxa-de-juros-para-1225\/","og_locale":"pt_BR","og_type":"article","og_title":"Banco Central aumenta taxa de juros para 12,25% ao ano - Blog da Rosana Hessel","og_description":"Na \u00faltima reuni\u00e3o do ano, Copom acelera ritmo de alta para 1,00 ponto percentual e eleva a taxa Selic em para 12,25% anuais","og_url":"https:\/\/newblogs.correiobraziliense.com.br\/blog-da-rosana-hessel\/banco-central-aumenta-taxa-de-juros-para-1225\/","og_site_name":"Blog da Rosana Hessel","article_published_time":"2024-12-11T21:36:20+00:00","article_modified_time":"2024-12-11T23:04:17+00:00","og_image":[{"width":799,"height":533,"url":"http:\/\/newblogs.correiobraziliense.com.br\/blog-da-rosana-hessel\/wp-content\/uploads\/sites\/5\/2024\/12\/fotocopomjan2024-1.jpg","type":"image\/jpeg"}],"author":"Rosana Hessel","schema":{"@context":"https:\/\/schema.org","@graph":[{"@type":"Article","@id":"https:\/\/newblogs.correiobraziliense.com.br\/blog-da-rosana-hessel\/banco-central-aumenta-taxa-de-juros-para-1225\/#article","isPartOf":{"@id":"https:\/\/newblogs.correiobraziliense.com.br\/blog-da-rosana-hessel\/banco-central-aumenta-taxa-de-juros-para-1225\/"},"author":{"name":"Rosana Hessel","@id":"https:\/\/newblogs.correiobraziliense.com.br\/blog-da-rosana-hessel\/#\/schema\/person\/824cb3c631cf0d4056f75ca02599a930"},"headline":"Banco Central aumenta taxa de juros para 12,25% ao ano","datePublished":"2024-12-11T21:36:20+00:00","dateModified":"2024-12-11T23:04:17+00:00","mainEntityOfPage":{"@id":"https:\/\/newblogs.correiobraziliense.com.br\/blog-da-rosana-hessel\/banco-central-aumenta-taxa-de-juros-para-1225\/"},"wordCount":1094,"image":{"@id":"https:\/\/newblogs.correiobraziliense.com.br\/blog-da-rosana-hessel\/banco-central-aumenta-taxa-de-juros-para-1225\/#primaryimage"},"thumbnailUrl":"https:\/\/newblogs.correiobraziliense.com.br\/blog-da-rosana-hessel\/wp-content\/uploads\/sites\/5\/2024\/12\/fotocopomjan2024-1.jpg","keywords":["Banco Central","Copom","decis\u00e3o","juros","taxa Selic"],"articleSection":["Pol\u00edtica monet\u00e1ria"],"inLanguage":"pt-BR"},{"@type":"WebPage","@id":"https:\/\/newblogs.correiobraziliense.com.br\/blog-da-rosana-hessel\/banco-central-aumenta-taxa-de-juros-para-1225\/","url":"https:\/\/newblogs.correiobraziliense.com.br\/blog-da-rosana-hessel\/banco-central-aumenta-taxa-de-juros-para-1225\/","name":"Banco Central aumenta taxa de juros para 12,25% ao ano - Blog da Rosana Hessel","isPartOf":{"@id":"https:\/\/newblogs.correiobraziliense.com.br\/blog-da-rosana-hessel\/#website"},"primaryImageOfPage":{"@id":"https:\/\/newblogs.correiobraziliense.com.br\/blog-da-rosana-hessel\/banco-central-aumenta-taxa-de-juros-para-1225\/#primaryimage"},"image":{"@id":"https:\/\/newblogs.correiobraziliense.com.br\/blog-da-rosana-hessel\/banco-central-aumenta-taxa-de-juros-para-1225\/#primaryimage"},"thumbnailUrl":"https:\/\/newblogs.correiobraziliense.com.br\/blog-da-rosana-hessel\/wp-content\/uploads\/sites\/5\/2024\/12\/fotocopomjan2024-1.jpg","datePublished":"2024-12-11T21:36:20+00:00","dateModified":"2024-12-11T23:04:17+00:00","author":{"@id":"https:\/\/newblogs.correiobraziliense.com.br\/blog-da-rosana-hessel\/#\/schema\/person\/824cb3c631cf0d4056f75ca02599a930"},"description":"Na \u00faltima reuni\u00e3o do ano, Copom acelera ritmo de alta para 1,00 ponto percentual e eleva a taxa Selic em para 12,25% anuais","breadcrumb":{"@id":"https:\/\/newblogs.correiobraziliense.com.br\/blog-da-rosana-hessel\/banco-central-aumenta-taxa-de-juros-para-1225\/#breadcrumb"},"inLanguage":"pt-BR","potentialAction":[{"@type":"ReadAction","target":["https:\/\/newblogs.correiobraziliense.com.br\/blog-da-rosana-hessel\/banco-central-aumenta-taxa-de-juros-para-1225\/"]}]},{"@type":"ImageObject","inLanguage":"pt-BR","@id":"https:\/\/newblogs.correiobraziliense.com.br\/blog-da-rosana-hessel\/banco-central-aumenta-taxa-de-juros-para-1225\/#primaryimage","url":"https:\/\/newblogs.correiobraziliense.com.br\/blog-da-rosana-hessel\/wp-content\/uploads\/sites\/5\/2024\/12\/fotocopomjan2024-1.jpg","contentUrl":"https:\/\/newblogs.correiobraziliense.com.br\/blog-da-rosana-hessel\/wp-content\/uploads\/sites\/5\/2024\/12\/fotocopomjan2024-1.jpg","width":799,"height":533,"caption":"Credito: Raphael Ribeiro\/BCB"},{"@type":"BreadcrumbList","@id":"https:\/\/newblogs.correiobraziliense.com.br\/blog-da-rosana-hessel\/banco-central-aumenta-taxa-de-juros-para-1225\/#breadcrumb","itemListElement":[{"@type":"ListItem","position":1,"name":"In\u00edcio","item":"https:\/\/newblogs.correiobraziliense.com.br\/blog-da-rosana-hessel\/"},{"@type":"ListItem","position":2,"name":"Banco Central aumenta taxa de juros para 12,25% ao ano"}]},{"@type":"WebSite","@id":"https:\/\/newblogs.correiobraziliense.com.br\/blog-da-rosana-hessel\/#website","url":"https:\/\/newblogs.correiobraziliense.com.br\/blog-da-rosana-hessel\/","name":"Blog da Rosana Hessel","description":"Not\u00edcias atualizadas e an\u00e1lises sobre economia. Acompanhe-nos para entender as tend\u00eancias e os impactos econ\u00f4micos que influenciam o seu dia a dia, tanto no Brasil quanto no exterior.","potentialAction":[{"@type":"SearchAction","target":{"@type":"EntryPoint","urlTemplate":"https:\/\/newblogs.correiobraziliense.com.br\/blog-da-rosana-hessel\/?s={search_term_string}"},"query-input":{"@type":"PropertyValueSpecification","valueRequired":true,"valueName":"search_term_string"}}],"inLanguage":"pt-BR"},{"@type":"Person","@id":"https:\/\/newblogs.correiobraziliense.com.br\/blog-da-rosana-hessel\/#\/schema\/person\/824cb3c631cf0d4056f75ca02599a930","name":"Rosana Hessel","image":{"@type":"ImageObject","inLanguage":"pt-BR","@id":"https:\/\/secure.gravatar.com\/avatar\/fe780cf1839cf10cd6d682fb080611e0d2a459b64be8a8781778109777fbcfd3?s=96&d=mm&r=g","url":"https:\/\/secure.gravatar.com\/avatar\/fe780cf1839cf10cd6d682fb080611e0d2a459b64be8a8781778109777fbcfd3?s=96&d=mm&r=g","contentUrl":"https:\/\/secure.gravatar.com\/avatar\/fe780cf1839cf10cd6d682fb080611e0d2a459b64be8a8781778109777fbcfd3?s=96&d=mm&r=g","caption":"Rosana Hessel"},"description":"Formada pela Pontif\u00edcia Universidade Cat\u00f3lica de S\u00e3o Paulo (PUC-SP), \u00e9 jornalista de economia desde 1995, quando passou a integrar o time da Gazeta Mercantil. Est\u00e1 sempre atr\u00e1s da boa informa\u00e7\u00e3o. Possui especializa\u00e7\u00e3o em economia pela FGV e MBA em Finan\u00e7as pela FIA-USP. Trabalha no Correio Braziliense desde 2010. Ganhou o Pr\u00eamio Esso de Jornalismo Econ\u00f4mico em 2014 e em 2015 com a equipe do Correio. Foi finalista entre os 50 jornalistas +Admirados da Imprensa de Economia, Neg\u00f3cios e Finan\u00e7as 2024, promovido pela Jornalistas&amp;Cia.","url":"https:\/\/newblogs.correiobraziliense.com.br\/blog-da-rosana-hessel\/author\/rosanahessel\/"}]}},"_links":{"self":[{"href":"https:\/\/newblogs.correiobraziliense.com.br\/blog-da-rosana-hessel\/wp-json\/wp\/v2\/posts\/32066","targetHints":{"allow":["GET"]}}],"collection":[{"href":"https:\/\/newblogs.correiobraziliense.com.br\/blog-da-rosana-hessel\/wp-json\/wp\/v2\/posts"}],"about":[{"href":"https:\/\/newblogs.correiobraziliense.com.br\/blog-da-rosana-hessel\/wp-json\/wp\/v2\/types\/post"}],"author":[{"embeddable":true,"href":"https:\/\/newblogs.correiobraziliense.com.br\/blog-da-rosana-hessel\/wp-json\/wp\/v2\/users\/10"}],"replies":[{"embeddable":true,"href":"https:\/\/newblogs.correiobraziliense.com.br\/blog-da-rosana-hessel\/wp-json\/wp\/v2\/comments?post=32066"}],"version-history":[{"count":16,"href":"https:\/\/newblogs.correiobraziliense.com.br\/blog-da-rosana-hessel\/wp-json\/wp\/v2\/posts\/32066\/revisions"}],"predecessor-version":[{"id":32089,"href":"https:\/\/newblogs.correiobraziliense.com.br\/blog-da-rosana-hessel\/wp-json\/wp\/v2\/posts\/32066\/revisions\/32089"}],"wp:featuredmedia":[{"embeddable":true,"href":"https:\/\/newblogs.correiobraziliense.com.br\/blog-da-rosana-hessel\/wp-json\/wp\/v2\/media\/32069"}],"wp:attachment":[{"href":"https:\/\/newblogs.correiobraziliense.com.br\/blog-da-rosana-hessel\/wp-json\/wp\/v2\/media?parent=32066"}],"wp:term":[{"taxonomy":"category","embeddable":true,"href":"https:\/\/newblogs.correiobraziliense.com.br\/blog-da-rosana-hessel\/wp-json\/wp\/v2\/categories?post=32066"},{"taxonomy":"post_tag","embeddable":true,"href":"https:\/\/newblogs.correiobraziliense.com.br\/blog-da-rosana-hessel\/wp-json\/wp\/v2\/tags?post=32066"}],"curies":[{"name":"wp","href":"https:\/\/api.w.org\/{rel}","templated":true}]}}