{"id":32019,"date":"2024-12-06T16:23:21","date_gmt":"2024-12-06T19:23:21","guid":{"rendered":"https:\/\/newblogs.correiobraziliense.com.br\/blog-da-rosana-hessel\/?p=32019"},"modified":"2024-12-06T16:23:22","modified_gmt":"2024-12-06T19:23:22","slug":"desde-a-vitoria-de-trump-nos-eua-valor-da-tesla-aumenta-us-406-bilhoes","status":"publish","type":"post","link":"https:\/\/newblogs.correiobraziliense.com.br\/blog-da-rosana-hessel\/desde-a-vitoria-de-trump-nos-eua-valor-da-tesla-aumenta-us-406-bilhoes\/","title":{"rendered":"Desde a vit\u00f3ria de Trump nos EUA, valor da Tesla aumenta US$ 406 bilh\u00f5es"},"content":{"rendered":"\n<p>O bilion\u00e1rio sul-africano Elon Musk investiu pesado na campanha do presidente eleito dos Estados Unidos, o republicano Donald Trump, e est\u00e1 colhendo bons frutos antes mesmo da posse do novo governo, em 20 de janeiro.  Um m\u00eas ap\u00f3s as elei\u00e7\u00f5es presidenciais, a Tesla &#8212; empresa fundada por Musk &#8212; ganhou US$ 406 bilh\u00f5es em valor de mercado desde 4 de novembro at\u00e9 ontem (5\/12), conforme levantamento feito pela consultoria Elos Ayta, passando de US$ 780 bilh\u00f5es para US$ 1,18 trilh\u00e3o. <\/p>\n\n\n\n<p>Esse ganho \u00e9 quase 10 vezes maior ao valor que o empres\u00e1rio pagou pela rede social Twitter, agora X: US$ 44 bilh\u00f5es, em 2022. Al\u00e9m disso, o retorno com os investimentos na campanha s\u00e3o impressionantes e chegam a 162.300% em apenas 30 dias, considerando os US$ 250 milh\u00f5es divulgados recentemente.   &#8220;Ele realmente n\u00e3o tem do que reclamar&#8221;, destacou o CEO e fundador da Elos, Einar Rivero.<\/p>\n\n\n\n<p>O consultor lembrou que documentos federais divulgados, nesta sexta-feira (6\/12), revelaram que o homem mais rico do mundo investiu mais de US$ 250 milh\u00f5es (R$ 1,5 bilh\u00e3o) nos meses finais da campanha, apoiando Trump na corrida presidencial. &#8220;Embora a quantia represente uma fra\u00e7\u00e3o de sua fortuna, o impacto pol\u00edtico e estrat\u00e9gico de Musk \u00e9 ineg\u00e1vel, agora, tamb\u00e9m como influente no futuro governo dos EUA&#8221;, avaliou Rivero. Trump j\u00e1 anunciou que Musk, que vai chefiar o Departamento de Efici\u00eancia Governamental do futuro governo.<\/p>\n\n\n\n<p>Enquanto isso, nesse mesmo per\u00edodo, as empresas listadas na bolsa brasileira perderam US$ 34,8 bilh\u00f5es em valor de mercado e d\u00f3lar valorizou 3,37%, em grande parte, devido ao aumento da desconfian\u00e7a dos agentes financeiros no pacote de corte de gastos de cerca de R$ 70 bilh\u00f5es anunciado pelo ministro da Fazenda, Fernando Haddad. O d\u00f3lar disparou e ultrapassou a barreira de R$ 6, em grande parte, devido ao fato de o ministro anunciar junto com o pacote uma proposta de ren\u00fancia de receita de R$ 35 bilh\u00f5es a R$ 50 bilh\u00f5es, dependendo das estimativas de analistas, para o aumento da isen\u00e7\u00e3o do Imposto de Renda para quem ganha at\u00e9 R$ 5 mil, que vai na contram\u00e3o de qualquer ajuste fiscal.<\/p>\n\n\n\n<p>De acordo com dados da Elos Ayta, o crescimento no valor das a\u00e7\u00f5es da Tesla equivale a 56% do valor de mercado de todas as empresas listadas na Bolsa de Valores de S\u00e3o Paulo (B3), de US$ 718 bilh\u00f5es. &#8220;Esse montante tamb\u00e9m seria suficiente para adquirir as 13 maiores companhias negociadas na bolsa brasileira&#8221;, destacou Rivero. <\/p>\n\n\n\n<p>O analista lembrou tamb\u00e9m que, al\u00e9m da Tesla, as principais empresas de tecnologia \u2014 conhecidas como &#8220;Magnificent Seven&#8221; \u2014 tamb\u00e9m se destacaram. Juntas, Tesla, Apple, Amazon, Microsoft, Nvidia, Meta e Alphabet adicionaram US$ 1,62 trilh\u00e3o ao seu valor de mercado entre 4 de novembro e 5 de dezembro de 2024. &#8220;Esse incremento \u00e9 equivalente a 2,25 vezes o valor total da B3, refor\u00e7ando o dom\u00ednio das gigantes americanas no cen\u00e1rio global&#8221;, comparou. Entre essas empresas, a empresa com a segunda maior valoriza\u00e7\u00e3o foi a Apple, que teve ganho em valor de mercado de R$ 318 bilh\u00f5es no mesmo per\u00edodo. <\/p>\n\n\n\n<p>Confira a lista dos ganhos em valor de mercado das empresas de tecnologia entre 4 de novembro e 5 de dezembro deste ano, conforme o levantamento da Elos Ayta:<\/p>\n\n\n\n<p>Tesla: +US$ 406 bilh\u00f5es<\/p>\n\n\n\n<p>Apple: +US$ 318 bilh\u00f5es<\/p>\n\n\n\n<p>Amazon: +US$ 260 bilh\u00f5es<\/p>\n\n\n\n<p>Microsoft: +US$ 254 bilh\u00f5es<\/p>\n\n\n\n<p>Nvidia: +US$ 215 bilh\u00f5es<\/p>\n\n\n\n<p>Meta: +US$ 122 bilh\u00f5es<\/p>\n\n\n\n<p>Alphabet: +US$ 43 bilh\u00f5es<\/p>\n\n\n\n\n","protected":false},"excerpt":{"rendered":"<p>Um m\u00eas ap\u00f3s as elei\u00e7\u00f5es dos EUA, a\u00e7\u00f5es da Tesla ganharam o equivalente a US$ 406 bilh\u00f5es em valor de mercado, conforme dados da Elos Ayta. Isso equivale a 56% do valor das empresas listadas na B3 e a quase 10 vezes o valor pago por Musk no Twitter<\/p>\n","protected":false},"author":10,"featured_media":32021,"comment_status":"closed","ping_status":"open","sticky":false,"template":"","format":"standard","meta":{"_acf_changed":false,"inline_featured_image":false,"footnotes":""},"categories":[2007],"tags":[1237,35,36,2010,366,2009,1961,2008,2011],"class_list":["post-32019","post","type-post","status-publish","format-standard","has-post-thumbnail","hentry","category-negocios","tag-b3","tag-bolsa","tag-dolar","tag-donald-trump","tag-eleicoes","tag-elon-musk","tag-eua","tag-tesla","tag-valor-de-mercado"],"acf":[],"yoast_head":"<!-- This site is optimized with the Yoast SEO plugin v27.3 - https:\/\/yoast.com\/product\/yoast-seo-wordpress\/ -->\n<title>Desde a vit\u00f3ria de Trump nos EUA, valor da Tesla aumenta US$ 406 bilh\u00f5es - Blog da Rosana Hessel<\/title>\n<meta name=\"description\" content=\"Um m\u00eas ap\u00f3s as elei\u00e7\u00f5es dos EUA, a\u00e7\u00f5es da Tesla ganharam o equivalente a US$ 406 bilh\u00f5es em valor de mercado, conforme dados da Elos Ayta. Isso equivale a 56% do valor das empresas listadas na B3 e a quase 10 vezes o valor pago por Musk no Twitter\" \/>\n<meta name=\"robots\" content=\"index, follow, max-snippet:-1, max-image-preview:large, max-video-preview:-1\" \/>\n<link rel=\"canonical\" href=\"https:\/\/newblogs.correiobraziliense.com.br\/blog-da-rosana-hessel\/desde-a-vitoria-de-trump-nos-eua-valor-da-tesla-aumenta-us-406-bilhoes\/\" \/>\n<meta property=\"og:locale\" content=\"pt_BR\" \/>\n<meta property=\"og:type\" content=\"article\" \/>\n<meta property=\"og:title\" content=\"Desde a vit\u00f3ria de Trump nos EUA, valor da Tesla aumenta US$ 406 bilh\u00f5es - Blog da Rosana Hessel\" \/>\n<meta property=\"og:description\" content=\"Um m\u00eas ap\u00f3s as elei\u00e7\u00f5es dos EUA, a\u00e7\u00f5es da Tesla ganharam o equivalente a US$ 406 bilh\u00f5es em valor de mercado, conforme dados da Elos Ayta. Isso equivale a 56% do valor das empresas listadas na B3 e a quase 10 vezes o valor pago por Musk no Twitter\" \/>\n<meta property=\"og:url\" content=\"https:\/\/newblogs.correiobraziliense.com.br\/blog-da-rosana-hessel\/desde-a-vitoria-de-trump-nos-eua-valor-da-tesla-aumenta-us-406-bilhoes\/\" \/>\n<meta property=\"og:site_name\" content=\"Blog da Rosana Hessel\" \/>\n<meta property=\"article:published_time\" content=\"2024-12-06T19:23:21+00:00\" \/>\n<meta property=\"article:modified_time\" content=\"2024-12-06T19:23:22+00:00\" \/>\n<meta property=\"og:image\" content=\"http:\/\/newblogs.correiobraziliense.com.br\/blog-da-rosana-hessel\/wp-content\/uploads\/sites\/5\/2024\/12\/ElonMusk.jpg\" \/>\n\t<meta property=\"og:image:width\" content=\"1600\" \/>\n\t<meta property=\"og:image:height\" content=\"1010\" \/>\n\t<meta property=\"og:image:type\" content=\"image\/jpeg\" \/>\n<meta name=\"author\" content=\"Rosana Hessel\" \/>\n<!-- \/ Yoast SEO plugin. -->","yoast_head_json":{"title":"Desde a vit\u00f3ria de Trump nos EUA, valor da Tesla aumenta US$ 406 bilh\u00f5es - Blog da Rosana Hessel","description":"Um m\u00eas ap\u00f3s as elei\u00e7\u00f5es dos EUA, a\u00e7\u00f5es da Tesla ganharam o equivalente a US$ 406 bilh\u00f5es em valor de mercado, conforme dados da Elos Ayta. Isso equivale a 56% do valor das empresas listadas na B3 e a quase 10 vezes o valor pago por Musk no Twitter","robots":{"index":"index","follow":"follow","max-snippet":"max-snippet:-1","max-image-preview":"max-image-preview:large","max-video-preview":"max-video-preview:-1"},"canonical":"https:\/\/newblogs.correiobraziliense.com.br\/blog-da-rosana-hessel\/desde-a-vitoria-de-trump-nos-eua-valor-da-tesla-aumenta-us-406-bilhoes\/","og_locale":"pt_BR","og_type":"article","og_title":"Desde a vit\u00f3ria de Trump nos EUA, valor da Tesla aumenta US$ 406 bilh\u00f5es - Blog da Rosana Hessel","og_description":"Um m\u00eas ap\u00f3s as elei\u00e7\u00f5es dos EUA, a\u00e7\u00f5es da Tesla ganharam o equivalente a US$ 406 bilh\u00f5es em valor de mercado, conforme dados da Elos Ayta. Isso equivale a 56% do valor das empresas listadas na B3 e a quase 10 vezes o valor pago por Musk no Twitter","og_url":"https:\/\/newblogs.correiobraziliense.com.br\/blog-da-rosana-hessel\/desde-a-vitoria-de-trump-nos-eua-valor-da-tesla-aumenta-us-406-bilhoes\/","og_site_name":"Blog da Rosana Hessel","article_published_time":"2024-12-06T19:23:21+00:00","article_modified_time":"2024-12-06T19:23:22+00:00","og_image":[{"width":1600,"height":1010,"url":"http:\/\/newblogs.correiobraziliense.com.br\/blog-da-rosana-hessel\/wp-content\/uploads\/sites\/5\/2024\/12\/ElonMusk.jpg","type":"image\/jpeg"}],"author":"Rosana Hessel","schema":{"@context":"https:\/\/schema.org","@graph":[{"@type":"Article","@id":"https:\/\/newblogs.correiobraziliense.com.br\/blog-da-rosana-hessel\/desde-a-vitoria-de-trump-nos-eua-valor-da-tesla-aumenta-us-406-bilhoes\/#article","isPartOf":{"@id":"https:\/\/newblogs.correiobraziliense.com.br\/blog-da-rosana-hessel\/desde-a-vitoria-de-trump-nos-eua-valor-da-tesla-aumenta-us-406-bilhoes\/"},"author":{"name":"Rosana Hessel","@id":"https:\/\/newblogs.correiobraziliense.com.br\/blog-da-rosana-hessel\/#\/schema\/person\/824cb3c631cf0d4056f75ca02599a930"},"headline":"Desde a vit\u00f3ria de Trump nos EUA, valor da Tesla aumenta US$ 406 bilh\u00f5es","datePublished":"2024-12-06T19:23:21+00:00","dateModified":"2024-12-06T19:23:22+00:00","mainEntityOfPage":{"@id":"https:\/\/newblogs.correiobraziliense.com.br\/blog-da-rosana-hessel\/desde-a-vitoria-de-trump-nos-eua-valor-da-tesla-aumenta-us-406-bilhoes\/"},"wordCount":583,"image":{"@id":"https:\/\/newblogs.correiobraziliense.com.br\/blog-da-rosana-hessel\/desde-a-vitoria-de-trump-nos-eua-valor-da-tesla-aumenta-us-406-bilhoes\/#primaryimage"},"thumbnailUrl":"https:\/\/newblogs.correiobraziliense.com.br\/blog-da-rosana-hessel\/wp-content\/uploads\/sites\/5\/2024\/12\/ElonMusk.jpg","keywords":["B3","bolsa","d\u00f3lar","Donald Trump","elei\u00e7\u00f5es","Elon Musk","EUA","Tesla","valor de mercado"],"articleSection":["Neg\u00f3cios"],"inLanguage":"pt-BR"},{"@type":"WebPage","@id":"https:\/\/newblogs.correiobraziliense.com.br\/blog-da-rosana-hessel\/desde-a-vitoria-de-trump-nos-eua-valor-da-tesla-aumenta-us-406-bilhoes\/","url":"https:\/\/newblogs.correiobraziliense.com.br\/blog-da-rosana-hessel\/desde-a-vitoria-de-trump-nos-eua-valor-da-tesla-aumenta-us-406-bilhoes\/","name":"Desde a vit\u00f3ria de Trump nos EUA, valor da Tesla aumenta US$ 406 bilh\u00f5es - Blog da Rosana Hessel","isPartOf":{"@id":"https:\/\/newblogs.correiobraziliense.com.br\/blog-da-rosana-hessel\/#website"},"primaryImageOfPage":{"@id":"https:\/\/newblogs.correiobraziliense.com.br\/blog-da-rosana-hessel\/desde-a-vitoria-de-trump-nos-eua-valor-da-tesla-aumenta-us-406-bilhoes\/#primaryimage"},"image":{"@id":"https:\/\/newblogs.correiobraziliense.com.br\/blog-da-rosana-hessel\/desde-a-vitoria-de-trump-nos-eua-valor-da-tesla-aumenta-us-406-bilhoes\/#primaryimage"},"thumbnailUrl":"https:\/\/newblogs.correiobraziliense.com.br\/blog-da-rosana-hessel\/wp-content\/uploads\/sites\/5\/2024\/12\/ElonMusk.jpg","datePublished":"2024-12-06T19:23:21+00:00","dateModified":"2024-12-06T19:23:22+00:00","author":{"@id":"https:\/\/newblogs.correiobraziliense.com.br\/blog-da-rosana-hessel\/#\/schema\/person\/824cb3c631cf0d4056f75ca02599a930"},"description":"Um m\u00eas ap\u00f3s as elei\u00e7\u00f5es dos EUA, a\u00e7\u00f5es da Tesla ganharam o equivalente a US$ 406 bilh\u00f5es em valor de mercado, conforme dados da Elos Ayta. Isso equivale a 56% do valor das empresas listadas na B3 e a quase 10 vezes o valor pago por Musk no Twitter","breadcrumb":{"@id":"https:\/\/newblogs.correiobraziliense.com.br\/blog-da-rosana-hessel\/desde-a-vitoria-de-trump-nos-eua-valor-da-tesla-aumenta-us-406-bilhoes\/#breadcrumb"},"inLanguage":"pt-BR","potentialAction":[{"@type":"ReadAction","target":["https:\/\/newblogs.correiobraziliense.com.br\/blog-da-rosana-hessel\/desde-a-vitoria-de-trump-nos-eua-valor-da-tesla-aumenta-us-406-bilhoes\/"]}]},{"@type":"ImageObject","inLanguage":"pt-BR","@id":"https:\/\/newblogs.correiobraziliense.com.br\/blog-da-rosana-hessel\/desde-a-vitoria-de-trump-nos-eua-valor-da-tesla-aumenta-us-406-bilhoes\/#primaryimage","url":"https:\/\/newblogs.correiobraziliense.com.br\/blog-da-rosana-hessel\/wp-content\/uploads\/sites\/5\/2024\/12\/ElonMusk.jpg","contentUrl":"https:\/\/newblogs.correiobraziliense.com.br\/blog-da-rosana-hessel\/wp-content\/uploads\/sites\/5\/2024\/12\/ElonMusk.jpg","width":1600,"height":1010},{"@type":"BreadcrumbList","@id":"https:\/\/newblogs.correiobraziliense.com.br\/blog-da-rosana-hessel\/desde-a-vitoria-de-trump-nos-eua-valor-da-tesla-aumenta-us-406-bilhoes\/#breadcrumb","itemListElement":[{"@type":"ListItem","position":1,"name":"In\u00edcio","item":"https:\/\/newblogs.correiobraziliense.com.br\/blog-da-rosana-hessel\/"},{"@type":"ListItem","position":2,"name":"Desde a vit\u00f3ria de Trump nos EUA, valor da Tesla aumenta US$ 406 bilh\u00f5es"}]},{"@type":"WebSite","@id":"https:\/\/newblogs.correiobraziliense.com.br\/blog-da-rosana-hessel\/#website","url":"https:\/\/newblogs.correiobraziliense.com.br\/blog-da-rosana-hessel\/","name":"Blog da Rosana Hessel","description":"Not\u00edcias atualizadas e an\u00e1lises sobre economia. Acompanhe-nos para entender as tend\u00eancias e os impactos econ\u00f4micos que influenciam o seu dia a dia, tanto no Brasil quanto no exterior.","potentialAction":[{"@type":"SearchAction","target":{"@type":"EntryPoint","urlTemplate":"https:\/\/newblogs.correiobraziliense.com.br\/blog-da-rosana-hessel\/?s={search_term_string}"},"query-input":{"@type":"PropertyValueSpecification","valueRequired":true,"valueName":"search_term_string"}}],"inLanguage":"pt-BR"},{"@type":"Person","@id":"https:\/\/newblogs.correiobraziliense.com.br\/blog-da-rosana-hessel\/#\/schema\/person\/824cb3c631cf0d4056f75ca02599a930","name":"Rosana Hessel","image":{"@type":"ImageObject","inLanguage":"pt-BR","@id":"https:\/\/secure.gravatar.com\/avatar\/fe780cf1839cf10cd6d682fb080611e0d2a459b64be8a8781778109777fbcfd3?s=96&d=mm&r=g","url":"https:\/\/secure.gravatar.com\/avatar\/fe780cf1839cf10cd6d682fb080611e0d2a459b64be8a8781778109777fbcfd3?s=96&d=mm&r=g","contentUrl":"https:\/\/secure.gravatar.com\/avatar\/fe780cf1839cf10cd6d682fb080611e0d2a459b64be8a8781778109777fbcfd3?s=96&d=mm&r=g","caption":"Rosana Hessel"},"description":"Formada pela Pontif\u00edcia Universidade Cat\u00f3lica de S\u00e3o Paulo (PUC-SP), \u00e9 jornalista de economia desde 1995, quando passou a integrar o time da Gazeta Mercantil. Est\u00e1 sempre atr\u00e1s da boa informa\u00e7\u00e3o. Possui especializa\u00e7\u00e3o em economia pela FGV e MBA em Finan\u00e7as pela FIA-USP. Trabalha no Correio Braziliense desde 2010. Ganhou o Pr\u00eamio Esso de Jornalismo Econ\u00f4mico em 2014 e em 2015 com a equipe do Correio. Foi finalista entre os 50 jornalistas +Admirados da Imprensa de Economia, Neg\u00f3cios e Finan\u00e7as 2024, promovido pela Jornalistas&amp;Cia.","url":"https:\/\/newblogs.correiobraziliense.com.br\/blog-da-rosana-hessel\/author\/rosanahessel\/"}]}},"_links":{"self":[{"href":"https:\/\/newblogs.correiobraziliense.com.br\/blog-da-rosana-hessel\/wp-json\/wp\/v2\/posts\/32019","targetHints":{"allow":["GET"]}}],"collection":[{"href":"https:\/\/newblogs.correiobraziliense.com.br\/blog-da-rosana-hessel\/wp-json\/wp\/v2\/posts"}],"about":[{"href":"https:\/\/newblogs.correiobraziliense.com.br\/blog-da-rosana-hessel\/wp-json\/wp\/v2\/types\/post"}],"author":[{"embeddable":true,"href":"https:\/\/newblogs.correiobraziliense.com.br\/blog-da-rosana-hessel\/wp-json\/wp\/v2\/users\/10"}],"replies":[{"embeddable":true,"href":"https:\/\/newblogs.correiobraziliense.com.br\/blog-da-rosana-hessel\/wp-json\/wp\/v2\/comments?post=32019"}],"version-history":[{"count":10,"href":"https:\/\/newblogs.correiobraziliense.com.br\/blog-da-rosana-hessel\/wp-json\/wp\/v2\/posts\/32019\/revisions"}],"predecessor-version":[{"id":32030,"href":"https:\/\/newblogs.correiobraziliense.com.br\/blog-da-rosana-hessel\/wp-json\/wp\/v2\/posts\/32019\/revisions\/32030"}],"wp:featuredmedia":[{"embeddable":true,"href":"https:\/\/newblogs.correiobraziliense.com.br\/blog-da-rosana-hessel\/wp-json\/wp\/v2\/media\/32021"}],"wp:attachment":[{"href":"https:\/\/newblogs.correiobraziliense.com.br\/blog-da-rosana-hessel\/wp-json\/wp\/v2\/media?parent=32019"}],"wp:term":[{"taxonomy":"category","embeddable":true,"href":"https:\/\/newblogs.correiobraziliense.com.br\/blog-da-rosana-hessel\/wp-json\/wp\/v2\/categories?post=32019"},{"taxonomy":"post_tag","embeddable":true,"href":"https:\/\/newblogs.correiobraziliense.com.br\/blog-da-rosana-hessel\/wp-json\/wp\/v2\/tags?post=32019"}],"curies":[{"name":"wp","href":"https:\/\/api.w.org\/{rel}","templated":true}]}}