{"id":31974,"date":"2024-12-04T07:00:00","date_gmt":"2024-12-04T10:00:00","guid":{"rendered":"https:\/\/newblogs.correiobraziliense.com.br\/blog-da-rosana-hessel\/?p=31974"},"modified":"2024-12-04T01:32:09","modified_gmt":"2024-12-04T04:32:09","slug":"genial-quaest-reprovacao-de-lula-sobe-para-90-apos-pacote-fiscal-e-mercado-perde-confianca-em-haddad","status":"publish","type":"post","link":"https:\/\/newblogs.correiobraziliense.com.br\/blog-da-rosana-hessel\/genial-quaest-reprovacao-de-lula-sobe-para-90-apos-pacote-fiscal-e-mercado-perde-confianca-em-haddad\/","title":{"rendered":"Genial\/Quaest: Reprova\u00e7\u00e3o de Lula sobe para 90% ap\u00f3s pacote fiscal e mercado perde confian\u00e7a em Haddad"},"content":{"rendered":"\n<p>Os trope\u00e7os do governo na divulga\u00e7\u00e3o do pacote de ajuste fiscal e do atraso para o envio da Proposta de Emenda \u00e0 Constitui\u00e7\u00e3o (PEC) do corte de gastos para o Congresso, est\u00e3o custando caro para a popularidade do presidente Luiz In\u00e1cio Lula da Silva e a credibilidade do ministro da Fazenda, Fernando Haddad, junto ao mercado financeiro.&nbsp;<\/p>\n\n\n\n<p>Conforme dados da pesquisa Genial\/Quaest sobre \u201cO que pensa o mercado financeiro\u201d, divulgada nesta quarta-feira (4\/12), a reprova\u00e7\u00e3o de Lula chegou a 90%, acima dos 64% registrados na edi\u00e7\u00e3o anterior, em mar\u00e7o de 2024 \u2013 aumento de 26 pontos percentuais. J\u00e1 a avalia\u00e7\u00e3o positiva atingiu apenas 3% dos entrevistados. Menor patamar desde maio de 2023, de 2%.<\/p>\n\n\n\n<p>Para 61% dos entrevistados, o ministro da Fazenda, Fernando Haddad, est\u00e1 mais fraco do que no come\u00e7o do mandato. Em mar\u00e7o deste ano, esse percentual era de apenas 14%. A avalia\u00e7\u00e3o positiva do trabalho do chefe da equipe econ\u00f4mica caiu de 50%, na edi\u00e7\u00e3o de mar\u00e7o para 41%, menor patamar desde novembro de 2023.<\/p>\n\n\n\n<p>Ao anunciar o pacote de corte de gastos de pouco mais de R$ 70 bilh\u00f5es nos pr\u00f3ximos dois anos, Haddad perdeu credibilidade ao antecipar um an\u00fancio de ren\u00fancia fiscal, mesmo que para 2026, prevendo aumento da isen\u00e7\u00e3o do Imposto de Renda para quem ganha R$ 5 mil sem ao menos dar uma previsibilidade de quando o governo vai zerar o rombo das contas p\u00fablicas e voltar ao azul no resultado prim\u00e1rio.<\/p>\n\n\n\n<p>De acordo com o levantamento da Quaest em parceria com a Genial Investimentos, a totalidade dos entrevistados, ou seja, 100%, considera que o arcabou\u00e7o fiscal tem pouca ou nenhuma credibilidade. Na avalia\u00e7\u00e3o de 96% deles, a pol\u00edtica econ\u00f4mica est\u00e1 na dire\u00e7\u00e3o errada. Em mar\u00e7o, esse percentual era de 71%. N\u00e3o \u00e0 toa, a perspectiva de piora da economia saltou de 32%, em mar\u00e7o para 88%, neste m\u00eas.<\/p>\n\n\n\n<p>Nos padr\u00f5es atuais, a regra de gasto do arcabou\u00e7o fiscal s\u00f3 se sustenta at\u00e9 2025 para 37% dos entrevistados. E, para 34% dos pesquisados, essa norma conseguir\u00e1 ficar em p\u00e9 at\u00e9 2026. Os dados da pesquisa mostram ainda que, embora os entrevistados admitirem que a lista de medidas do pacote fiscal ajuda a economia, no conjunto, ele \u00e9 pouco satisfat\u00f3rio para 42% e nada satisfat\u00f3rio para 58%\u00a0dos pesquisados. \u00a0<\/p>\n\n\n\n<p><strong>Banco Central e juros<\/strong><\/p>\n\n\n\n<p>A indica\u00e7\u00e3o do diretor de Pol\u00edtica Monet\u00e1ria, Gabriel Gal\u00edpolo, para suceder a Roberto Campos Neto na presid\u00eancia do Banco Central \u00e9 aprovada por 62% dos entrevistados. Outros 38% desaprovam o nome do economista, que era o n\u00famero dois do Minist\u00e9rio da Fazenda. De acordo com o levantamento, embora a maioria (56%) acredite que Gal\u00edpolo tomar\u00e1 decis\u00f5es t\u00e9cnicas, 44% dos entrevistados apostam em decis\u00f5es sob influ\u00eancia pol\u00edtica no comando da autoridade monet\u00e1ria.&nbsp;<\/p>\n\n\n\n<p>Na avalia\u00e7\u00e3o da maioria dos entrevistados, a taxa b\u00e1sica da economia (Selic), atualmente em 11,25% ao ano, vai subir 0,75 ponto percentual na pr\u00f3xima reuni\u00e3o do Comit\u00ea de Pol\u00edtica Monet\u00e1ria (Copom), que ocorre na pr\u00f3xima semana.&nbsp;<\/p>\n\n\n\n<p>A pesquisa da Quaest, realizada entre os dias 29 de novembro e 3 de dezembro, reflete a rea\u00e7\u00e3o do&nbsp;mercado financeiro ao pacote fiscal anunciado por Haddad. Foram feitas 105 entrevistas com gestores, economistas, analistas e tomadores de decis\u00e3o de fundos de investimento com sede em S\u00e3o Paulo e no Rio.&nbsp;<\/p>\n\n\n\n<p><strong>Veja alguns destaques da pesquisa<\/strong>:<\/p>\n\n\n\n<figure class=\"wp-block-image size-large\"><img decoding=\"async\" src=\"https:\/\/newblogs.correiobraziliense.com.br\/blog-da-rosana-hessel\/wp-content\/uploads\/sites\/5\/2024\/12\/genialquaestdez0-690x1024.jpg\" alt=\"\" class=\"wp-image-31980\" \/><\/figure>\n\n\n\n\n\n<figure class=\"wp-block-image size-large\"><img decoding=\"async\" src=\"https:\/\/newblogs.correiobraziliense.com.br\/blog-da-rosana-hessel\/wp-content\/uploads\/sites\/5\/2024\/12\/genialquaestdez1-640x1024.jpg\" alt=\"Dados da nova edi\u00e7\u00e3o da pesquisa Genial\/Quaest junto ao mercado financeiro, reprova\u00e7\u00e3o de Lula sobe para 90% e poder de Haddad \u00e9 menor do que no in\u00edcio do governo para 61% dos entrevistados\" class=\"wp-image-31981\" \/><\/figure>\n","protected":false},"excerpt":{"rendered":"<p>Nova edi\u00e7\u00e3o da pesquisa Genial\/Quaest junto ao mercado financeiro revela que, ap\u00f3s pacote fiscal, reprova\u00e7\u00e3o do governo Lula dispara e Haddad \u00e9 considerado mais fraco para 61% dos entrevistados <\/p>\n","protected":false},"author":10,"featured_media":31977,"comment_status":"closed","ping_status":"open","sticky":false,"template":"","format":"standard","meta":{"_acf_changed":false,"inline_featured_image":false,"footnotes":""},"categories":[1886],"tags":[1998,1999,1058,118,318,1981,562,1997],"class_list":["post-31974","post","type-post","status-publish","format-standard","has-post-thumbnail","hentry","category-pesquisa","tag-arcabouco-2","tag-credibilidade","tag-haddad","tag-lula","tag-mercado-financeiro","tag-pacote-fiscal","tag-pesquisa-genial-quaest","tag-reprovacao"],"acf":[],"yoast_head":"<!-- This site is optimized with the Yoast SEO plugin v27.3 - https:\/\/yoast.com\/product\/yoast-seo-wordpress\/ -->\n<title>Genial\/Quaest: Reprova\u00e7\u00e3o de Lula sobe para 90% ap\u00f3s pacote fiscal e mercado perde confian\u00e7a em Haddad - Blog da Rosana Hessel<\/title>\n<meta name=\"description\" content=\"Nova edi\u00e7\u00e3o da pesquisa Genial\/Quaest junto ao mercado financeiro revela que, ap\u00f3s pacote fiscal, reprova\u00e7\u00e3o do governo Lula dispara e Haddad \u00e9 considerado mais fraco para 61% dos entrevistados\" \/>\n<meta name=\"robots\" content=\"index, follow, max-snippet:-1, max-image-preview:large, max-video-preview:-1\" \/>\n<link rel=\"canonical\" href=\"https:\/\/newblogs.correiobraziliense.com.br\/blog-da-rosana-hessel\/genial-quaest-reprovacao-de-lula-sobe-para-90-apos-pacote-fiscal-e-mercado-perde-confianca-em-haddad\/\" \/>\n<meta property=\"og:locale\" content=\"pt_BR\" \/>\n<meta property=\"og:type\" content=\"article\" \/>\n<meta property=\"og:title\" content=\"Genial\/Quaest: Reprova\u00e7\u00e3o de Lula sobe para 90% ap\u00f3s pacote fiscal e mercado perde confian\u00e7a em Haddad - Blog da Rosana Hessel\" \/>\n<meta property=\"og:description\" content=\"Nova edi\u00e7\u00e3o da pesquisa Genial\/Quaest junto ao mercado financeiro revela que, ap\u00f3s pacote fiscal, reprova\u00e7\u00e3o do governo Lula dispara e Haddad \u00e9 considerado mais fraco para 61% dos entrevistados\" \/>\n<meta property=\"og:url\" content=\"https:\/\/newblogs.correiobraziliense.com.br\/blog-da-rosana-hessel\/genial-quaest-reprovacao-de-lula-sobe-para-90-apos-pacote-fiscal-e-mercado-perde-confianca-em-haddad\/\" \/>\n<meta property=\"og:site_name\" content=\"Blog da Rosana Hessel\" \/>\n<meta property=\"article:published_time\" content=\"2024-12-04T10:00:00+00:00\" \/>\n<meta property=\"og:image\" content=\"https:\/\/newblogs.correiobraziliense.com.br\/blog-da-rosana-hessel\/wp-content\/uploads\/sites\/5\/2024\/12\/HaddadeLula.jpg\" \/>\n\t<meta property=\"og:image:width\" content=\"675\" \/>\n\t<meta property=\"og:image:height\" content=\"450\" \/>\n\t<meta property=\"og:image:type\" content=\"image\/jpeg\" \/>\n<meta name=\"author\" content=\"Rosana Hessel\" \/>\n<!-- \/ Yoast SEO plugin. -->","yoast_head_json":{"title":"Genial\/Quaest: Reprova\u00e7\u00e3o de Lula sobe para 90% ap\u00f3s pacote fiscal e mercado perde confian\u00e7a em Haddad - Blog da Rosana Hessel","description":"Nova edi\u00e7\u00e3o da pesquisa Genial\/Quaest junto ao mercado financeiro revela que, ap\u00f3s pacote fiscal, reprova\u00e7\u00e3o do governo Lula dispara e Haddad \u00e9 considerado mais fraco para 61% dos entrevistados","robots":{"index":"index","follow":"follow","max-snippet":"max-snippet:-1","max-image-preview":"max-image-preview:large","max-video-preview":"max-video-preview:-1"},"canonical":"https:\/\/newblogs.correiobraziliense.com.br\/blog-da-rosana-hessel\/genial-quaest-reprovacao-de-lula-sobe-para-90-apos-pacote-fiscal-e-mercado-perde-confianca-em-haddad\/","og_locale":"pt_BR","og_type":"article","og_title":"Genial\/Quaest: Reprova\u00e7\u00e3o de Lula sobe para 90% ap\u00f3s pacote fiscal e mercado perde confian\u00e7a em Haddad - Blog da Rosana Hessel","og_description":"Nova edi\u00e7\u00e3o da pesquisa Genial\/Quaest junto ao mercado financeiro revela que, ap\u00f3s pacote fiscal, reprova\u00e7\u00e3o do governo Lula dispara e Haddad \u00e9 considerado mais fraco para 61% dos entrevistados","og_url":"https:\/\/newblogs.correiobraziliense.com.br\/blog-da-rosana-hessel\/genial-quaest-reprovacao-de-lula-sobe-para-90-apos-pacote-fiscal-e-mercado-perde-confianca-em-haddad\/","og_site_name":"Blog da Rosana Hessel","article_published_time":"2024-12-04T10:00:00+00:00","og_image":[{"width":675,"height":450,"url":"https:\/\/newblogs.correiobraziliense.com.br\/blog-da-rosana-hessel\/wp-content\/uploads\/sites\/5\/2024\/12\/HaddadeLula.jpg","type":"image\/jpeg"}],"author":"Rosana Hessel","schema":{"@context":"https:\/\/schema.org","@graph":[{"@type":"Article","@id":"https:\/\/newblogs.correiobraziliense.com.br\/blog-da-rosana-hessel\/genial-quaest-reprovacao-de-lula-sobe-para-90-apos-pacote-fiscal-e-mercado-perde-confianca-em-haddad\/#article","isPartOf":{"@id":"https:\/\/newblogs.correiobraziliense.com.br\/blog-da-rosana-hessel\/genial-quaest-reprovacao-de-lula-sobe-para-90-apos-pacote-fiscal-e-mercado-perde-confianca-em-haddad\/"},"author":{"name":"Rosana Hessel","@id":"https:\/\/newblogs.correiobraziliense.com.br\/blog-da-rosana-hessel\/#\/schema\/person\/824cb3c631cf0d4056f75ca02599a930"},"headline":"Genial\/Quaest: Reprova\u00e7\u00e3o de Lula sobe para 90% ap\u00f3s pacote fiscal e mercado perde confian\u00e7a em Haddad","datePublished":"2024-12-04T10:00:00+00:00","mainEntityOfPage":{"@id":"https:\/\/newblogs.correiobraziliense.com.br\/blog-da-rosana-hessel\/genial-quaest-reprovacao-de-lula-sobe-para-90-apos-pacote-fiscal-e-mercado-perde-confianca-em-haddad\/"},"wordCount":585,"image":{"@id":"https:\/\/newblogs.correiobraziliense.com.br\/blog-da-rosana-hessel\/genial-quaest-reprovacao-de-lula-sobe-para-90-apos-pacote-fiscal-e-mercado-perde-confianca-em-haddad\/#primaryimage"},"thumbnailUrl":"https:\/\/newblogs.correiobraziliense.com.br\/blog-da-rosana-hessel\/wp-content\/uploads\/sites\/5\/2024\/12\/HaddadeLula.jpg","keywords":["arcabou\u00e7o","credibilidade","Haddad","Lula","mercado financeiro","pacote fiscal","Pesquisa Genial\/Quaest","reprova\u00e7\u00e3o"],"articleSection":["Pesquisa"],"inLanguage":"pt-BR"},{"@type":"WebPage","@id":"https:\/\/newblogs.correiobraziliense.com.br\/blog-da-rosana-hessel\/genial-quaest-reprovacao-de-lula-sobe-para-90-apos-pacote-fiscal-e-mercado-perde-confianca-em-haddad\/","url":"https:\/\/newblogs.correiobraziliense.com.br\/blog-da-rosana-hessel\/genial-quaest-reprovacao-de-lula-sobe-para-90-apos-pacote-fiscal-e-mercado-perde-confianca-em-haddad\/","name":"Genial\/Quaest: Reprova\u00e7\u00e3o de Lula sobe para 90% ap\u00f3s pacote fiscal e mercado perde confian\u00e7a em Haddad - Blog da Rosana Hessel","isPartOf":{"@id":"https:\/\/newblogs.correiobraziliense.com.br\/blog-da-rosana-hessel\/#website"},"primaryImageOfPage":{"@id":"https:\/\/newblogs.correiobraziliense.com.br\/blog-da-rosana-hessel\/genial-quaest-reprovacao-de-lula-sobe-para-90-apos-pacote-fiscal-e-mercado-perde-confianca-em-haddad\/#primaryimage"},"image":{"@id":"https:\/\/newblogs.correiobraziliense.com.br\/blog-da-rosana-hessel\/genial-quaest-reprovacao-de-lula-sobe-para-90-apos-pacote-fiscal-e-mercado-perde-confianca-em-haddad\/#primaryimage"},"thumbnailUrl":"https:\/\/newblogs.correiobraziliense.com.br\/blog-da-rosana-hessel\/wp-content\/uploads\/sites\/5\/2024\/12\/HaddadeLula.jpg","datePublished":"2024-12-04T10:00:00+00:00","author":{"@id":"https:\/\/newblogs.correiobraziliense.com.br\/blog-da-rosana-hessel\/#\/schema\/person\/824cb3c631cf0d4056f75ca02599a930"},"description":"Nova edi\u00e7\u00e3o da pesquisa Genial\/Quaest junto ao mercado financeiro revela que, ap\u00f3s pacote fiscal, reprova\u00e7\u00e3o do governo Lula dispara e Haddad \u00e9 considerado mais fraco para 61% dos entrevistados","breadcrumb":{"@id":"https:\/\/newblogs.correiobraziliense.com.br\/blog-da-rosana-hessel\/genial-quaest-reprovacao-de-lula-sobe-para-90-apos-pacote-fiscal-e-mercado-perde-confianca-em-haddad\/#breadcrumb"},"inLanguage":"pt-BR","potentialAction":[{"@type":"ReadAction","target":["https:\/\/newblogs.correiobraziliense.com.br\/blog-da-rosana-hessel\/genial-quaest-reprovacao-de-lula-sobe-para-90-apos-pacote-fiscal-e-mercado-perde-confianca-em-haddad\/"]}]},{"@type":"ImageObject","inLanguage":"pt-BR","@id":"https:\/\/newblogs.correiobraziliense.com.br\/blog-da-rosana-hessel\/genial-quaest-reprovacao-de-lula-sobe-para-90-apos-pacote-fiscal-e-mercado-perde-confianca-em-haddad\/#primaryimage","url":"https:\/\/newblogs.correiobraziliense.com.br\/blog-da-rosana-hessel\/wp-content\/uploads\/sites\/5\/2024\/12\/HaddadeLula.jpg","contentUrl":"https:\/\/newblogs.correiobraziliense.com.br\/blog-da-rosana-hessel\/wp-content\/uploads\/sites\/5\/2024\/12\/HaddadeLula.jpg","width":675,"height":450},{"@type":"BreadcrumbList","@id":"https:\/\/newblogs.correiobraziliense.com.br\/blog-da-rosana-hessel\/genial-quaest-reprovacao-de-lula-sobe-para-90-apos-pacote-fiscal-e-mercado-perde-confianca-em-haddad\/#breadcrumb","itemListElement":[{"@type":"ListItem","position":1,"name":"In\u00edcio","item":"https:\/\/newblogs.correiobraziliense.com.br\/blog-da-rosana-hessel\/"},{"@type":"ListItem","position":2,"name":"Genial\/Quaest: Reprova\u00e7\u00e3o de Lula sobe para 90% ap\u00f3s pacote fiscal e mercado perde confian\u00e7a em Haddad"}]},{"@type":"WebSite","@id":"https:\/\/newblogs.correiobraziliense.com.br\/blog-da-rosana-hessel\/#website","url":"https:\/\/newblogs.correiobraziliense.com.br\/blog-da-rosana-hessel\/","name":"Blog da Rosana Hessel","description":"Not\u00edcias atualizadas e an\u00e1lises sobre economia. Acompanhe-nos para entender as tend\u00eancias e os impactos econ\u00f4micos que influenciam o seu dia a dia, tanto no Brasil quanto no exterior.","potentialAction":[{"@type":"SearchAction","target":{"@type":"EntryPoint","urlTemplate":"https:\/\/newblogs.correiobraziliense.com.br\/blog-da-rosana-hessel\/?s={search_term_string}"},"query-input":{"@type":"PropertyValueSpecification","valueRequired":true,"valueName":"search_term_string"}}],"inLanguage":"pt-BR"},{"@type":"Person","@id":"https:\/\/newblogs.correiobraziliense.com.br\/blog-da-rosana-hessel\/#\/schema\/person\/824cb3c631cf0d4056f75ca02599a930","name":"Rosana Hessel","image":{"@type":"ImageObject","inLanguage":"pt-BR","@id":"https:\/\/secure.gravatar.com\/avatar\/fe780cf1839cf10cd6d682fb080611e0d2a459b64be8a8781778109777fbcfd3?s=96&d=mm&r=g","url":"https:\/\/secure.gravatar.com\/avatar\/fe780cf1839cf10cd6d682fb080611e0d2a459b64be8a8781778109777fbcfd3?s=96&d=mm&r=g","contentUrl":"https:\/\/secure.gravatar.com\/avatar\/fe780cf1839cf10cd6d682fb080611e0d2a459b64be8a8781778109777fbcfd3?s=96&d=mm&r=g","caption":"Rosana Hessel"},"description":"Formada pela Pontif\u00edcia Universidade Cat\u00f3lica de S\u00e3o Paulo (PUC-SP), \u00e9 jornalista de economia desde 1995, quando passou a integrar o time da Gazeta Mercantil. Est\u00e1 sempre atr\u00e1s da boa informa\u00e7\u00e3o. Possui especializa\u00e7\u00e3o em economia pela FGV e MBA em Finan\u00e7as pela FIA-USP. Trabalha no Correio Braziliense desde 2010. Ganhou o Pr\u00eamio Esso de Jornalismo Econ\u00f4mico em 2014 e em 2015 com a equipe do Correio. Foi finalista entre os 50 jornalistas +Admirados da Imprensa de Economia, Neg\u00f3cios e Finan\u00e7as 2024, promovido pela Jornalistas&amp;Cia.","url":"https:\/\/newblogs.correiobraziliense.com.br\/blog-da-rosana-hessel\/author\/rosanahessel\/"}]}},"_links":{"self":[{"href":"https:\/\/newblogs.correiobraziliense.com.br\/blog-da-rosana-hessel\/wp-json\/wp\/v2\/posts\/31974","targetHints":{"allow":["GET"]}}],"collection":[{"href":"https:\/\/newblogs.correiobraziliense.com.br\/blog-da-rosana-hessel\/wp-json\/wp\/v2\/posts"}],"about":[{"href":"https:\/\/newblogs.correiobraziliense.com.br\/blog-da-rosana-hessel\/wp-json\/wp\/v2\/types\/post"}],"author":[{"embeddable":true,"href":"https:\/\/newblogs.correiobraziliense.com.br\/blog-da-rosana-hessel\/wp-json\/wp\/v2\/users\/10"}],"replies":[{"embeddable":true,"href":"https:\/\/newblogs.correiobraziliense.com.br\/blog-da-rosana-hessel\/wp-json\/wp\/v2\/comments?post=31974"}],"version-history":[{"count":10,"href":"https:\/\/newblogs.correiobraziliense.com.br\/blog-da-rosana-hessel\/wp-json\/wp\/v2\/posts\/31974\/revisions"}],"predecessor-version":[{"id":31996,"href":"https:\/\/newblogs.correiobraziliense.com.br\/blog-da-rosana-hessel\/wp-json\/wp\/v2\/posts\/31974\/revisions\/31996"}],"wp:featuredmedia":[{"embeddable":true,"href":"https:\/\/newblogs.correiobraziliense.com.br\/blog-da-rosana-hessel\/wp-json\/wp\/v2\/media\/31977"}],"wp:attachment":[{"href":"https:\/\/newblogs.correiobraziliense.com.br\/blog-da-rosana-hessel\/wp-json\/wp\/v2\/media?parent=31974"}],"wp:term":[{"taxonomy":"category","embeddable":true,"href":"https:\/\/newblogs.correiobraziliense.com.br\/blog-da-rosana-hessel\/wp-json\/wp\/v2\/categories?post=31974"},{"taxonomy":"post_tag","embeddable":true,"href":"https:\/\/newblogs.correiobraziliense.com.br\/blog-da-rosana-hessel\/wp-json\/wp\/v2\/tags?post=31974"}],"curies":[{"name":"wp","href":"https:\/\/api.w.org\/{rel}","templated":true}]}}