{"id":31926,"date":"2024-12-02T16:49:16","date_gmt":"2024-12-02T19:49:16","guid":{"rendered":"https:\/\/newblogs.correiobraziliense.com.br\/blog-da-rosana-hessel\/?p=31926"},"modified":"2024-12-02T21:54:54","modified_gmt":"2024-12-03T00:54:54","slug":"atraso-no-envio-da-pec-do-ajuste-fiscal-mantem-real-desvalorizado","status":"publish","type":"post","link":"https:\/\/newblogs.correiobraziliense.com.br\/blog-da-rosana-hessel\/atraso-no-envio-da-pec-do-ajuste-fiscal-mantem-real-desvalorizado\/","title":{"rendered":"Atraso no envio da PEC do ajuste fiscal mant\u00e9m real desvalorizado"},"content":{"rendered":"\n<p>Apesar de estar com pressa para aprovar o quanto antes do recesso parlamentar, que dever\u00e1 come\u00e7ar antes do Natal, o pacote de cortes de gastos anunciado na \u00faltima quarta-feira (27\/11), o governo federa ainda n\u00e3o enviou a Proposta de Emenda \u00e0 Constitui\u00e7\u00e3o (PEC) com as medidas previstas pelo ministro da Fazenda, Fernando Haddad, e que teriam um impacto em torno de R$ 70 bilh\u00f5es no Or\u00e7amento de 2025 e 2026.<\/p>\n\n\n\n<p>\u201cO atraso no envio da PEC \u00e9 naturalmente relevante para os itens que precisam ser endere\u00e7ados ainda esse ano. Em particular, a prorroga\u00e7\u00e3o da Desvincula\u00e7\u00e3o das Receitas da Uni\u00e3o (DRU), que tem validade at\u00e9 o fim de 2024. Tamb\u00e9m destacaria a mudan\u00e7a na complementa\u00e7\u00e3o da Uni\u00e3o para o Fundo de Manuten\u00e7\u00e3o e Desenvolvimento da Educa\u00e7\u00e3o B\u00e1sica e de Valoriza\u00e7\u00e3o dos Profissionais da Educa\u00e7\u00e3o (Fundeb), para que j\u00e1 seja incorporada ao projeto de lei or\u00e7ament\u00e1rio do ano que vem\u201d, destacou o consultor de Or\u00e7amento do Senado Daniel Couri, em entrevista ao <strong>Blog<\/strong>. \u201cDe toda forma, se o Congresso tem se manifestado favor\u00e1vel ao andamento acelerado dessas propostas, o que mitiga o risco de que alguma dessas medidas n\u00e3o seja aprovada at\u00e9 o fim do ano\u201d, acrescentou Couri, ex-diretor da Institui\u00e7\u00e3o Fiscal Independente (IFI).<\/p>\n\n\n\n<p>Procurada, a assessoria do Minist\u00e9rio da Fazenda n\u00e3o deu previs\u00e3o de quando isso poder\u00e1 ocorrer. O texto da PEC est\u00e1 nas m\u00e3os do ministro das Rela\u00e7\u00f5es Institucionais, Alexandre Padilha, e ainda n\u00e3o foi finalizado. A assessoria da SRI tamb\u00e9m n\u00e3o deu previs\u00e3o de quando ele ser\u00e1 conclu\u00eddo e enviado. Mas a expectativa \u00e9 que isso ocorra ainda nesta segunda-feira (2\/12), ap\u00f3s a reuni\u00e3o do presidente Luiz In\u00e1cio Lula da Silva, Padilha e o ministro Haddad com os l\u00edderes do Congresso para finalizar o texto da PEC, na tarde de hoje. S\u00f3 que, o encontro, previsto para come\u00e7ar \u00e0s 16h30, est\u00e1 atrasado, e Haddad, que chegou no hor\u00e1rio, acompanhado do secret\u00e1rio de Pol\u00edtica Econ\u00f4mica da pasta, Guilherme Mello, mas precisou esperar um pouco at\u00e9 o t\u00e9rmino de outra reuni\u00e3o de Lula.<\/p>\n\n\n\n<p>Na Bahia, o ministro-chefe da Casa Civil, Rui Costa, em evento na f\u00e1brica da montadora chinesa BYD, em Cama\u00e7ari (BA), afirmou que a PEC que trata das medidas fiscais e \u201cvai ser enviada hoje\u201d.\u00a0 Amanh\u00e3, o presidente da C\u00e2mara tem reuni\u00e3o com o col\u00e9gio de l\u00edderes na Resid\u00eancia Oficial para defini\u00e7\u00e3o da agenda de vota\u00e7\u00e3o. Se PEC for enviada com pedido de urg\u00eancia, a mat\u00e9ria poder\u00e1 cortar etapas e ser avaliada na Comiss\u00e3o de Constitui\u00e7\u00e3o e Justi\u00e7a (CCJ) e, se aprovada, poder\u00e1 ser encaminhada para o plen\u00e1rio diretamente, sem passar por comiss\u00e3o especial. Mas, para se inclu\u00edda na Constitui\u00e7\u00e3o, a PEC precisa de, pelo menos, tr\u00eas quintos de votos favor\u00e1veis da C\u00e2mara e do Senado, ou seja, 308 e 49 votos, respectivamente, em dois turnos.<\/p>\n\n\n\n<p>Ao anunciar o pacote de corte de gastos, Haddad antecipou a divulga\u00e7\u00e3o da ren\u00fancia de receitas com o Imposto de Renda para quem ganha sal\u00e1rio mensal de at\u00e9 R$ 5 mil, na contram\u00e3o do ajuste fiscal, apesar de isso estar sendo programado para valer a partir de 2026. Essa medida causou desconfian\u00e7a no mercado e fez o d\u00f3lar disparar, na semana passada, e romper a barreira dos R$ 6 pela primeira vez no Plano Real.&nbsp;<\/p>\n\n\n\n<p>Na sexta-feira (29\/12), a divisa norte-americana chegou a ser negociada a R$ 6,114 para a venda e s\u00f3 deu uma recuada depois de os presidentes da C\u00e2mara, Arthur Lira (PP-AL), do Senado Federal, Rodrigo Pacheco (PSD-MG), darem declara\u00e7\u00f5es de que v\u00e3o dar prioridade para o ajuste fiscal e deixar a reforma do Imposto de Renda para depois, e recuou para R$ 6,001 no fechamento da semana passada.&nbsp;<\/p>\n\n\n\n<p>A moeda norte-americana segue em alta no preg\u00e3o de hoje, cotada a pouco mais de 1%, cotada a R$ 6,064 para venda, prestes a bater novo recorde, enquanto a Bolsa de Valores de S\u00e3o Paulo (B3) opera no vermelho, pouco acima de 125 mil pontos.<\/p>\n\n\n\n<p><strong>Impacto duvidoso<\/strong><\/p>\n\n\n\n<p>Pelos c\u00e1lculos de economistas, o impacto previsto das medidas do pacote anunciado por Haddad ser\u00e1 menor do que o previsto, variando entre R$ 40 bilh\u00f5es a pouco mais de R$ 50 bilh\u00f5es entre 2025 e 2026.&nbsp;<\/p>\n\n\n\n<p>Enquanto isso, parlamentares da C\u00e2mara dos Deputados se adiantaram e j\u00e1 protocolaram na Casa uma PEC mais ampla do que a proposta de Haddad. Assinada pelos deputados Kim Kataguiri (Uni\u00e3o-SP), J\u00falio Lopes (PP-RJ) e Pedro Paulo (PSD-RJ), a PEC tem como objetivo promover uma \u201campla revis\u00e3o de regras que condicionam o crescimento das despesas p\u00fablicas federais\u201d,&nbsp; prevendo um impacto fiscal de R$ 69,4 bilh\u00f5es, em 2026 e de R$ 1,125 bilh\u00e3o no acumulado at\u00e9 2031. Entre as propostas inclu\u00eddas nessa PEC est\u00e3o a desindexa\u00e7\u00e3o das despesas p\u00fablicas em rela\u00e7\u00e3o ao sal\u00e1rio m\u00ednimo e a desvincula\u00e7\u00e3o de despesas da Sa\u00fade e da Educa\u00e7\u00e3o ao comportamento das receitas. Al\u00e9m disso, a proposta tamb\u00e9m prev\u00ea a revis\u00e3o de gastos tribut\u00e1rios, supersal\u00e1rios, abono salarial e previd\u00eancia dos militares \u2013 com a fixa\u00e7\u00e3o da idade m\u00ednima de 55 anos para a aposentadoria integral de benef\u00edcios, que tamb\u00e9m est\u00e3o entre as promessas do pacote de Haddad.<\/p>\n\n\n\n<p>O maior impacto fica por conta da desindexa\u00e7\u00e3o de despesas da Previd\u00eancia e do BPC, de R$ 486 bilh\u00f5es. Em segundo, a desvincula\u00e7\u00e3o dos pisos de Sa\u00fade e de Educa\u00e7\u00e3o e a complementa\u00e7\u00e3o do Fundeb est\u00e1 estimado em R$ 323 bilh\u00f5es pelos parlamentares.<\/p>\n\n\n\n<p>De acordo com o texto da PEC dos deputados da oposi\u00e7\u00e3o, o efeito da indexa\u00e7\u00e3o, de fato, \u201c\u00e9 o agravamento do desequil\u00edbrio das contas p\u00fablicas, o que se torna ainda mais cr\u00edtico em um cen\u00e1rio de transi\u00e7\u00e3o demogr\u00e1fica, como ocorre no Brasil atual\u201d. Ela cita dados do Instituto Brasileiro de Geografia e Estat\u00edstica (IBGE) que a propor\u00e7\u00e3o de idosos na popula\u00e7\u00e3o brasileira j\u00e1 saltou de 8,7% (15,2 milh\u00f5es), em 2000, para 15,6% (33 milh\u00f5es) em 2023. \u201cEm 2070, essa propor\u00e7\u00e3o dever\u00e1 alcan\u00e7ar 37,8% (75,3 milh\u00f5es) dos habitantes do Pa\u00eds, o que certamente impactar\u00e1 os benef\u00edcios previdenci\u00e1rios e assistenciais\u201d, informou o documento.<\/p>\n","protected":false},"excerpt":{"rendered":"<p>Ministro Fernando Haddad e presidente Lula se re\u00fanem nesta tarde com l\u00edderes para tentar fechar o texto da PEC de cortes de gastos. D\u00f3lar sobe mais de 1% hoje<\/p>\n","protected":false},"author":10,"featured_media":31756,"comment_status":"closed","ping_status":"open","sticky":false,"template":"","format":"standard","meta":{"_acf_changed":false,"inline_featured_image":false,"footnotes":""},"categories":[1869,1,1929],"tags":[1163,1989,237,1973,1988,1058,118,1981,1987],"class_list":["post-31926","post","type-post","status-publish","format-standard","has-post-thumbnail","hentry","category-contas-publicas","category-sem-categoria","category-orcamento","tag-atraso","tag-cambio-2","tag-congresso","tag-corte-de-gastos","tag-dolar-2","tag-haddad","tag-lula","tag-pacote-fiscal","tag-pec"],"acf":[],"yoast_head":"<!-- This site is optimized with the Yoast SEO plugin v27.3 - https:\/\/yoast.com\/product\/yoast-seo-wordpress\/ -->\n<title>Atraso no envio da PEC do ajuste fiscal mant\u00e9m real desvalorizado - Blog da Rosana Hessel<\/title>\n<meta name=\"description\" content=\"Ministro Fernando Haddad e presidente Lula se re\u00fanem nesta tarde com l\u00edderes para tentar fechar o texto da PEC de cortes de gastos. D\u00f3lar sobe mais de 1% hoje\" \/>\n<meta name=\"robots\" content=\"index, follow, max-snippet:-1, max-image-preview:large, max-video-preview:-1\" \/>\n<link rel=\"canonical\" href=\"https:\/\/newblogs.correiobraziliense.com.br\/blog-da-rosana-hessel\/atraso-no-envio-da-pec-do-ajuste-fiscal-mantem-real-desvalorizado\/\" \/>\n<meta property=\"og:locale\" content=\"pt_BR\" \/>\n<meta property=\"og:type\" content=\"article\" \/>\n<meta property=\"og:title\" content=\"Atraso no envio da PEC do ajuste fiscal mant\u00e9m real desvalorizado - Blog da Rosana Hessel\" \/>\n<meta property=\"og:description\" content=\"Ministro Fernando Haddad e presidente Lula se re\u00fanem nesta tarde com l\u00edderes para tentar fechar o texto da PEC de cortes de gastos. D\u00f3lar sobe mais de 1% hoje\" \/>\n<meta property=\"og:url\" content=\"https:\/\/newblogs.correiobraziliense.com.br\/blog-da-rosana-hessel\/atraso-no-envio-da-pec-do-ajuste-fiscal-mantem-real-desvalorizado\/\" \/>\n<meta property=\"og:site_name\" content=\"Blog da Rosana Hessel\" \/>\n<meta property=\"article:published_time\" content=\"2024-12-02T19:49:16+00:00\" \/>\n<meta property=\"article:modified_time\" content=\"2024-12-03T00:54:54+00:00\" \/>\n<meta property=\"og:image\" content=\"http:\/\/newblogs.correiobraziliense.com.br\/blog-da-rosana-hessel\/wp-content\/uploads\/sites\/5\/2024\/11\/haddadelula.jpg\" \/>\n\t<meta property=\"og:image:width\" content=\"1600\" \/>\n\t<meta property=\"og:image:height\" content=\"1040\" \/>\n\t<meta property=\"og:image:type\" content=\"image\/jpeg\" \/>\n<meta name=\"author\" content=\"Rosana Hessel\" \/>\n<!-- \/ Yoast SEO plugin. -->","yoast_head_json":{"title":"Atraso no envio da PEC do ajuste fiscal mant\u00e9m real desvalorizado - Blog da Rosana Hessel","description":"Ministro Fernando Haddad e presidente Lula se re\u00fanem nesta tarde com l\u00edderes para tentar fechar o texto da PEC de cortes de gastos. D\u00f3lar sobe mais de 1% hoje","robots":{"index":"index","follow":"follow","max-snippet":"max-snippet:-1","max-image-preview":"max-image-preview:large","max-video-preview":"max-video-preview:-1"},"canonical":"https:\/\/newblogs.correiobraziliense.com.br\/blog-da-rosana-hessel\/atraso-no-envio-da-pec-do-ajuste-fiscal-mantem-real-desvalorizado\/","og_locale":"pt_BR","og_type":"article","og_title":"Atraso no envio da PEC do ajuste fiscal mant\u00e9m real desvalorizado - Blog da Rosana Hessel","og_description":"Ministro Fernando Haddad e presidente Lula se re\u00fanem nesta tarde com l\u00edderes para tentar fechar o texto da PEC de cortes de gastos. D\u00f3lar sobe mais de 1% hoje","og_url":"https:\/\/newblogs.correiobraziliense.com.br\/blog-da-rosana-hessel\/atraso-no-envio-da-pec-do-ajuste-fiscal-mantem-real-desvalorizado\/","og_site_name":"Blog da Rosana Hessel","article_published_time":"2024-12-02T19:49:16+00:00","article_modified_time":"2024-12-03T00:54:54+00:00","og_image":[{"width":1600,"height":1040,"url":"http:\/\/newblogs.correiobraziliense.com.br\/blog-da-rosana-hessel\/wp-content\/uploads\/sites\/5\/2024\/11\/haddadelula.jpg","type":"image\/jpeg"}],"author":"Rosana Hessel","schema":{"@context":"https:\/\/schema.org","@graph":[{"@type":"Article","@id":"https:\/\/newblogs.correiobraziliense.com.br\/blog-da-rosana-hessel\/atraso-no-envio-da-pec-do-ajuste-fiscal-mantem-real-desvalorizado\/#article","isPartOf":{"@id":"https:\/\/newblogs.correiobraziliense.com.br\/blog-da-rosana-hessel\/atraso-no-envio-da-pec-do-ajuste-fiscal-mantem-real-desvalorizado\/"},"author":{"name":"Rosana Hessel","@id":"https:\/\/newblogs.correiobraziliense.com.br\/blog-da-rosana-hessel\/#\/schema\/person\/824cb3c631cf0d4056f75ca02599a930"},"headline":"Atraso no envio da PEC do ajuste fiscal mant\u00e9m real desvalorizado","datePublished":"2024-12-02T19:49:16+00:00","dateModified":"2024-12-03T00:54:54+00:00","mainEntityOfPage":{"@id":"https:\/\/newblogs.correiobraziliense.com.br\/blog-da-rosana-hessel\/atraso-no-envio-da-pec-do-ajuste-fiscal-mantem-real-desvalorizado\/"},"wordCount":1085,"image":{"@id":"https:\/\/newblogs.correiobraziliense.com.br\/blog-da-rosana-hessel\/atraso-no-envio-da-pec-do-ajuste-fiscal-mantem-real-desvalorizado\/#primaryimage"},"thumbnailUrl":"https:\/\/newblogs.correiobraziliense.com.br\/blog-da-rosana-hessel\/wp-content\/uploads\/sites\/5\/2024\/11\/haddadelula.jpg","keywords":["atraso","C\u00c2MBIO","Congresso","corte de gastos","D\u00d3LAR","Haddad","Lula","pacote fiscal","PEC"],"articleSection":["Contas p\u00fablicas","Macroeconomia","OR\u00c7AMENTO"],"inLanguage":"pt-BR"},{"@type":"WebPage","@id":"https:\/\/newblogs.correiobraziliense.com.br\/blog-da-rosana-hessel\/atraso-no-envio-da-pec-do-ajuste-fiscal-mantem-real-desvalorizado\/","url":"https:\/\/newblogs.correiobraziliense.com.br\/blog-da-rosana-hessel\/atraso-no-envio-da-pec-do-ajuste-fiscal-mantem-real-desvalorizado\/","name":"Atraso no envio da PEC do ajuste fiscal mant\u00e9m real desvalorizado - Blog da Rosana Hessel","isPartOf":{"@id":"https:\/\/newblogs.correiobraziliense.com.br\/blog-da-rosana-hessel\/#website"},"primaryImageOfPage":{"@id":"https:\/\/newblogs.correiobraziliense.com.br\/blog-da-rosana-hessel\/atraso-no-envio-da-pec-do-ajuste-fiscal-mantem-real-desvalorizado\/#primaryimage"},"image":{"@id":"https:\/\/newblogs.correiobraziliense.com.br\/blog-da-rosana-hessel\/atraso-no-envio-da-pec-do-ajuste-fiscal-mantem-real-desvalorizado\/#primaryimage"},"thumbnailUrl":"https:\/\/newblogs.correiobraziliense.com.br\/blog-da-rosana-hessel\/wp-content\/uploads\/sites\/5\/2024\/11\/haddadelula.jpg","datePublished":"2024-12-02T19:49:16+00:00","dateModified":"2024-12-03T00:54:54+00:00","author":{"@id":"https:\/\/newblogs.correiobraziliense.com.br\/blog-da-rosana-hessel\/#\/schema\/person\/824cb3c631cf0d4056f75ca02599a930"},"description":"Ministro Fernando Haddad e presidente Lula se re\u00fanem nesta tarde com l\u00edderes para tentar fechar o texto da PEC de cortes de gastos. D\u00f3lar sobe mais de 1% hoje","breadcrumb":{"@id":"https:\/\/newblogs.correiobraziliense.com.br\/blog-da-rosana-hessel\/atraso-no-envio-da-pec-do-ajuste-fiscal-mantem-real-desvalorizado\/#breadcrumb"},"inLanguage":"pt-BR","potentialAction":[{"@type":"ReadAction","target":["https:\/\/newblogs.correiobraziliense.com.br\/blog-da-rosana-hessel\/atraso-no-envio-da-pec-do-ajuste-fiscal-mantem-real-desvalorizado\/"]}]},{"@type":"ImageObject","inLanguage":"pt-BR","@id":"https:\/\/newblogs.correiobraziliense.com.br\/blog-da-rosana-hessel\/atraso-no-envio-da-pec-do-ajuste-fiscal-mantem-real-desvalorizado\/#primaryimage","url":"https:\/\/newblogs.correiobraziliense.com.br\/blog-da-rosana-hessel\/wp-content\/uploads\/sites\/5\/2024\/11\/haddadelula.jpg","contentUrl":"https:\/\/newblogs.correiobraziliense.com.br\/blog-da-rosana-hessel\/wp-content\/uploads\/sites\/5\/2024\/11\/haddadelula.jpg","width":1600,"height":1040},{"@type":"BreadcrumbList","@id":"https:\/\/newblogs.correiobraziliense.com.br\/blog-da-rosana-hessel\/atraso-no-envio-da-pec-do-ajuste-fiscal-mantem-real-desvalorizado\/#breadcrumb","itemListElement":[{"@type":"ListItem","position":1,"name":"In\u00edcio","item":"https:\/\/newblogs.correiobraziliense.com.br\/blog-da-rosana-hessel\/"},{"@type":"ListItem","position":2,"name":"Atraso no envio da PEC do ajuste fiscal mant\u00e9m real desvalorizado"}]},{"@type":"WebSite","@id":"https:\/\/newblogs.correiobraziliense.com.br\/blog-da-rosana-hessel\/#website","url":"https:\/\/newblogs.correiobraziliense.com.br\/blog-da-rosana-hessel\/","name":"Blog da Rosana Hessel","description":"Not\u00edcias atualizadas e an\u00e1lises sobre economia. Acompanhe-nos para entender as tend\u00eancias e os impactos econ\u00f4micos que influenciam o seu dia a dia, tanto no Brasil quanto no exterior.","potentialAction":[{"@type":"SearchAction","target":{"@type":"EntryPoint","urlTemplate":"https:\/\/newblogs.correiobraziliense.com.br\/blog-da-rosana-hessel\/?s={search_term_string}"},"query-input":{"@type":"PropertyValueSpecification","valueRequired":true,"valueName":"search_term_string"}}],"inLanguage":"pt-BR"},{"@type":"Person","@id":"https:\/\/newblogs.correiobraziliense.com.br\/blog-da-rosana-hessel\/#\/schema\/person\/824cb3c631cf0d4056f75ca02599a930","name":"Rosana Hessel","image":{"@type":"ImageObject","inLanguage":"pt-BR","@id":"https:\/\/secure.gravatar.com\/avatar\/fe780cf1839cf10cd6d682fb080611e0d2a459b64be8a8781778109777fbcfd3?s=96&d=mm&r=g","url":"https:\/\/secure.gravatar.com\/avatar\/fe780cf1839cf10cd6d682fb080611e0d2a459b64be8a8781778109777fbcfd3?s=96&d=mm&r=g","contentUrl":"https:\/\/secure.gravatar.com\/avatar\/fe780cf1839cf10cd6d682fb080611e0d2a459b64be8a8781778109777fbcfd3?s=96&d=mm&r=g","caption":"Rosana Hessel"},"description":"Formada pela Pontif\u00edcia Universidade Cat\u00f3lica de S\u00e3o Paulo (PUC-SP), \u00e9 jornalista de economia desde 1995, quando passou a integrar o time da Gazeta Mercantil. Est\u00e1 sempre atr\u00e1s da boa informa\u00e7\u00e3o. Possui especializa\u00e7\u00e3o em economia pela FGV e MBA em Finan\u00e7as pela FIA-USP. Trabalha no Correio Braziliense desde 2010. Ganhou o Pr\u00eamio Esso de Jornalismo Econ\u00f4mico em 2014 e em 2015 com a equipe do Correio. Foi finalista entre os 50 jornalistas +Admirados da Imprensa de Economia, Neg\u00f3cios e Finan\u00e7as 2024, promovido pela Jornalistas&amp;Cia.","url":"https:\/\/newblogs.correiobraziliense.com.br\/blog-da-rosana-hessel\/author\/rosanahessel\/"}]}},"_links":{"self":[{"href":"https:\/\/newblogs.correiobraziliense.com.br\/blog-da-rosana-hessel\/wp-json\/wp\/v2\/posts\/31926","targetHints":{"allow":["GET"]}}],"collection":[{"href":"https:\/\/newblogs.correiobraziliense.com.br\/blog-da-rosana-hessel\/wp-json\/wp\/v2\/posts"}],"about":[{"href":"https:\/\/newblogs.correiobraziliense.com.br\/blog-da-rosana-hessel\/wp-json\/wp\/v2\/types\/post"}],"author":[{"embeddable":true,"href":"https:\/\/newblogs.correiobraziliense.com.br\/blog-da-rosana-hessel\/wp-json\/wp\/v2\/users\/10"}],"replies":[{"embeddable":true,"href":"https:\/\/newblogs.correiobraziliense.com.br\/blog-da-rosana-hessel\/wp-json\/wp\/v2\/comments?post=31926"}],"version-history":[{"count":15,"href":"https:\/\/newblogs.correiobraziliense.com.br\/blog-da-rosana-hessel\/wp-json\/wp\/v2\/posts\/31926\/revisions"}],"predecessor-version":[{"id":31945,"href":"https:\/\/newblogs.correiobraziliense.com.br\/blog-da-rosana-hessel\/wp-json\/wp\/v2\/posts\/31926\/revisions\/31945"}],"wp:featuredmedia":[{"embeddable":true,"href":"https:\/\/newblogs.correiobraziliense.com.br\/blog-da-rosana-hessel\/wp-json\/wp\/v2\/media\/31756"}],"wp:attachment":[{"href":"https:\/\/newblogs.correiobraziliense.com.br\/blog-da-rosana-hessel\/wp-json\/wp\/v2\/media?parent=31926"}],"wp:term":[{"taxonomy":"category","embeddable":true,"href":"https:\/\/newblogs.correiobraziliense.com.br\/blog-da-rosana-hessel\/wp-json\/wp\/v2\/categories?post=31926"},{"taxonomy":"post_tag","embeddable":true,"href":"https:\/\/newblogs.correiobraziliense.com.br\/blog-da-rosana-hessel\/wp-json\/wp\/v2\/tags?post=31926"}],"curies":[{"name":"wp","href":"https:\/\/api.w.org\/{rel}","templated":true}]}}