{"id":31854,"date":"2024-11-28T12:28:12","date_gmt":"2024-11-28T15:28:12","guid":{"rendered":"https:\/\/newblogs.correiobraziliense.com.br\/blog-da-rosana-hessel\/?p=31854"},"modified":"2024-11-28T15:30:34","modified_gmt":"2024-11-28T18:30:34","slug":"fala-de-haddad-sobre-pacote-nao-segura-o-dolar-que-passa-de-r-6","status":"publish","type":"post","link":"https:\/\/newblogs.correiobraziliense.com.br\/blog-da-rosana-hessel\/fala-de-haddad-sobre-pacote-nao-segura-o-dolar-que-passa-de-r-6\/","title":{"rendered":"Fala de Haddad sobre pacote n\u00e3o segura o d\u00f3lar, que passa de R$ 6"},"content":{"rendered":"\n<p>O presidente Luiz In\u00e1cio Lula da Silva parece que perdeu a habilidade pol\u00edtica, pois ouviu palpites equivocados ao misturar, ontem, o an\u00fancio do <a href=\"https:\/\/www.correiobraziliense.com.br\/economia\/2024\/11\/6998844-haddad-anuncia-corte-de-rs-70-bi-e-deixa-para-hoje-os-detalhes-do-pacote.html\">pacote de corte de gastos de R$ 70 bilh\u00f5es <\/a>com a mudan\u00e7a da isen\u00e7\u00e3o do Imposto de Renda para quem ganha at\u00e9 R$ 5 mil ao m\u00eas. A sinaliza\u00e7\u00e3o foi a pior poss\u00edvel para o mercado, porque mostrou que o ministro da Fazenda, Fernando Haddad, n\u00e3o conseguiu convencer a ala pol\u00edtica e gastadora do governo petista e fez o d\u00f3lar disparar novamente e bater novo recorde, nesta sexta-feira (28\/11), rompendo a barreira de R$ 6, antes do meio dia. <\/p>\n\n\n\n<p>N\u00e3o adiantou os ministros Fernando Haddad, Simone Tebet (Planejamento) e Rui Costa (Casa Civil), marcarem uma entrevista coletiva bem cedo, antes da abertura dos mercados. O mau humor e a desconfian\u00e7a j\u00e1 estavam refletidos desde a v\u00e9spera, quando a mudan\u00e7a no IR vazou por um ministro que nem era da equipe econ\u00f4mica e o d\u00f3lar fechou em R$ 5,91 pela primeira vez desde o in\u00edcio do Plano Real. A Bolsa de Valores de S\u00e3o Paulo (B3) opera no vermelho, com queda de 1,40%, por volta das 12h30, a 125,8 mil pontos.<\/p>\n\n\n\n<p>O pacote de R$ 70 bilh\u00f5es \u00e9 considerado insuficiente para equilibrar as contas p\u00fablicas e tem medidas incertas, segundo especialistas na \u00e1rea fiscal. E, mesmo o governo afirmando que haver\u00e1 compensa\u00e7\u00e3o na mudan\u00e7a do Imposto de Renda e que a medida s\u00f3 ter\u00e1 efeito em 2026, o estrago j\u00e1 foi feito.<\/p>\n\n\n\n<p>Analistas, agora,&nbsp; est\u00e3o contabilizando os preju\u00edzos do an\u00fancio equivocado e mal explicado do governo e j\u00e1 est\u00e3o revendo as proje\u00e7\u00f5es para a infla\u00e7\u00e3o, para o c\u00e2mbio e tamb\u00e9m para os juros. O consenso \u00e9 que o Banco Central vai ter mais trabalho para conter as press\u00f5es inflacion\u00e1rias com o d\u00f3lar em um novo patamar. Alguns j\u00e1 acreditam que a taxa b\u00e1sica da economia (Selic), atualmente em 11,25% ao ano, poder\u00e1 subir 0,75 ponto percentual na pr\u00f3xima reuni\u00e3o do Comit\u00ea de Pol\u00edtica Monet\u00e1ria (Copom), em dezembro. Logo, as apostas para o piso para a Selic no fim do ciclo de alta de juros est\u00e3o passando para algo entre 13% e 14% ao ano.<\/p>\n\n\n\n<p>Na avalia\u00e7\u00e3o do economista-chefe da MB Associados, Sergio Vale, a pol\u00edtica acabou atropelando a equipe econ\u00f4mica e, agora, Haddad saiu fragilizado nesse epis\u00f3dio. \u201cN\u00e3o tem alternativa para a equipe econ\u00f4mica. A pol\u00edtica com o Lula, neste mandato, est\u00e1 vencendo todas. Nem o c\u00e2mbio a R$ 6 incomoda porque, no fundo, h\u00e1 a vis\u00e3o equivocada que isso vai ser bom pra exporta\u00e7\u00e3o, aquelas hist\u00f3rias velhas do PT\u201d, lamentou o analista.&nbsp;<\/p>\n\n\n\n<p>Vale reconheceu que o aumento da isen\u00e7\u00e3o do Imposto de Renda tem um grande apelo por parte do Congresso para ser aprovado, mas \u201cn\u00e3o est\u00e1 muito claro como o governo vai conseguir compensar o benef\u00edcio\u201d. \u201cProvavelmente, o governo vai acabar ampliando o deficit das contas p\u00fablicas. E temos um cen\u00e1rio em que o pacote fiscal est\u00e1 aqu\u00e9m do necess\u00e1rio, com ajustes estruturais muito preliminares e muito incipientes. Vai ser preciso fazer outro ajuste fiscal muito mais profundo a partir de 2027\u201d, acrescentou.&nbsp;<\/p>\n\n\n\n<p>Na avalia\u00e7\u00e3o de Vale, o quadro fiscal deve piorar com essa isen\u00e7\u00e3o do IR para quem ganha at\u00e9 R$ 5 mil, e o mercado financeiro n\u00e3o vai se acalmar nos pr\u00f3ximos meses. \u201cVamos continuar com muita tens\u00e3o ao longo dos pr\u00f3ximos dois anos\u201d, emendou.&nbsp;<\/p>\n\n\n\n<p>O economista e consultor Andr\u00e9 Perfeito foi categ\u00f3rico ap\u00f3s o an\u00fancio de Haddad. Para ele, a fala do ministro n\u00e3o deve alterar os pre\u00e7os dos ativos hoje. \u201cO ministro reiterou o esfor\u00e7o fiscal do governo, mas n\u00e3o trouxe detalhes. Dito isso, n\u00e3o devemos ver altera\u00e7\u00f5es significativas nos pre\u00e7os chave da economia, em especial o d\u00f3lar e os juros. A fala protocolar de Haddad reitera a perspectiva gradualista do governo. Mantemos a recomenda\u00e7\u00e3o em t\u00edtulos p\u00f3s-fixados\u201d, resumiu.<\/p>\n\n\n\n<p>O especialista em contas p\u00fablicas Felipe Salto, economista-chefe da Warren Investimentos, tamb\u00e9m foi categ\u00f3rico ao afirmar que as dimens\u00f5es do pacote s\u00e3o \u201cinferiores \u00e0s necess\u00e1rias para recobrar credibilidade e alcan\u00e7ar equil\u00edbrio fiscal\u201d. \u201cEntendemos que as a\u00e7\u00f5es anunciadas pelo ministro s\u00e3o positivas, em geral, colaborando para o ajuste das contas. Entretanto, s\u00e3o insuficientes para produzir um resultado prim\u00e1rio adequado \u00e0 meta estabelecida em lei\u201d, afirmou.&nbsp;<\/p>\n\n\n\n<p>Para Salto, a mudan\u00e7a na isen\u00e7\u00e3o do Imposto de Renda \u00e9 preocupante, porque \u201cpoder\u00e1 representar perda de receita, a depender de como for desenhada a compensa\u00e7\u00e3o citada\u201d. \u201cApesar de a estimativa contida no pronunciamento indicar um efeito de R$ 70 bilh\u00f5es, esse montante, incerto, se viabilizado, seria insuficiente para as necessidades do ajuste fiscal e do alcance das condi\u00e7\u00f5es de sustentabilidade da d\u00edvida em rela\u00e7\u00e3o ao PIB\u201d, alertou.&nbsp;<\/p>\n\n\n\n<p>Gustavo Cruz, estrategista da RB Investimentos, lamentou a confus\u00e3o gerada pelo governo no mercado financeiro, fazendo o d\u00f3lar disparar para um novo patamar, de R$ 6.&nbsp; \u201cInfelizmente \u00e9 s\u00f3 o come\u00e7o. Essa alta do d\u00f3lar, hoje, \u00e9 s\u00f3 a press\u00e3o interna. O governo Donald Trump, quando assumir a Casa Branca, em janeiro, pode puxar o d\u00f3lar ainda mais para cima\u201d, alertou.<\/p>\n\n\n\n<p>O economista e consultor Andr\u00e9 Perfeito reconheceu tamb\u00e9m que a fala no ministro Haddad n\u00e3o acalmou o mercado e n\u00e3o impediu que o d\u00f3lar rompesse a barreira de R$ 6. \u201cO mercado n\u00e3o viu na fala do ministro nada substancial na apresenta\u00e7\u00e3o. Contudo o maior problema foi, na minha percep\u00e7\u00e3o, misturar as medidas de corte com a isen\u00e7\u00e3o do IR at\u00e9 R$ 5 mil. Isso tem gerado mais ru\u00eddo que o necess\u00e1rio\u201d, lamentou,.<\/p>\n","protected":false},"excerpt":{"rendered":"<p>Para o mercado, o ministro da Fazenda, Fernando Haddad, perdeu a batalha com a ala pol\u00edtica e ajuste fiscal segue incerto. Perda da credibilidade pode fazer juros subirem mais e piso da Selic pode ficar entre 13% e 14%<\/p>\n","protected":false},"author":10,"featured_media":31856,"comment_status":"closed","ping_status":"open","sticky":false,"template":"","format":"standard","meta":{"_acf_changed":false,"inline_featured_image":false,"footnotes":""},"categories":[1,1929],"tags":[313,36,1058,39,118,1981,101,84],"class_list":["post-31854","post","type-post","status-publish","format-standard","has-post-thumbnail","hentry","category-sem-categoria","category-orcamento","tag-contas-publicas","tag-dolar","tag-haddad","tag-juros","tag-lula","tag-pacote-fiscal","tag-politica","tag-selic"],"acf":[],"yoast_head":"<!-- This site is optimized with the Yoast SEO plugin v27.3 - https:\/\/yoast.com\/product\/yoast-seo-wordpress\/ -->\n<title>Fala de Haddad sobre pacote n\u00e3o segura o d\u00f3lar, que passa de R$ 6 - Blog da Rosana Hessel<\/title>\n<meta name=\"description\" content=\"Para o mercado, o ministro da Fazenda, Fernando Haddad, perdeu a batalha com a ala pol\u00edtica e ajuste fiscal segue incerto. Perda da credibilidade pode fazer juros subirem mais e piso da Selic pode ficar entre 13% e 14%\" \/>\n<meta name=\"robots\" content=\"index, follow, max-snippet:-1, max-image-preview:large, max-video-preview:-1\" \/>\n<link rel=\"canonical\" href=\"https:\/\/newblogs.correiobraziliense.com.br\/blog-da-rosana-hessel\/fala-de-haddad-sobre-pacote-nao-segura-o-dolar-que-passa-de-r-6\/\" \/>\n<meta property=\"og:locale\" content=\"pt_BR\" \/>\n<meta property=\"og:type\" content=\"article\" \/>\n<meta property=\"og:title\" content=\"Fala de Haddad sobre pacote n\u00e3o segura o d\u00f3lar, que passa de R$ 6 - Blog da Rosana Hessel\" \/>\n<meta property=\"og:description\" content=\"Para o mercado, o ministro da Fazenda, Fernando Haddad, perdeu a batalha com a ala pol\u00edtica e ajuste fiscal segue incerto. Perda da credibilidade pode fazer juros subirem mais e piso da Selic pode ficar entre 13% e 14%\" \/>\n<meta property=\"og:url\" content=\"https:\/\/newblogs.correiobraziliense.com.br\/blog-da-rosana-hessel\/fala-de-haddad-sobre-pacote-nao-segura-o-dolar-que-passa-de-r-6\/\" \/>\n<meta property=\"og:site_name\" content=\"Blog da Rosana Hessel\" \/>\n<meta property=\"article:published_time\" content=\"2024-11-28T15:28:12+00:00\" \/>\n<meta property=\"article:modified_time\" content=\"2024-11-28T18:30:34+00:00\" \/>\n<meta property=\"og:image\" content=\"http:\/\/newblogs.correiobraziliense.com.br\/blog-da-rosana-hessel\/wp-content\/uploads\/sites\/5\/2024\/11\/haddadpacotedetalhamento.jpg\" \/>\n\t<meta property=\"og:image:width\" content=\"1600\" \/>\n\t<meta property=\"og:image:height\" content=\"1064\" \/>\n\t<meta property=\"og:image:type\" content=\"image\/jpeg\" \/>\n<meta name=\"author\" content=\"Rosana Hessel\" \/>\n<!-- \/ Yoast SEO plugin. -->","yoast_head_json":{"title":"Fala de Haddad sobre pacote n\u00e3o segura o d\u00f3lar, que passa de R$ 6 - Blog da Rosana Hessel","description":"Para o mercado, o ministro da Fazenda, Fernando Haddad, perdeu a batalha com a ala pol\u00edtica e ajuste fiscal segue incerto. Perda da credibilidade pode fazer juros subirem mais e piso da Selic pode ficar entre 13% e 14%","robots":{"index":"index","follow":"follow","max-snippet":"max-snippet:-1","max-image-preview":"max-image-preview:large","max-video-preview":"max-video-preview:-1"},"canonical":"https:\/\/newblogs.correiobraziliense.com.br\/blog-da-rosana-hessel\/fala-de-haddad-sobre-pacote-nao-segura-o-dolar-que-passa-de-r-6\/","og_locale":"pt_BR","og_type":"article","og_title":"Fala de Haddad sobre pacote n\u00e3o segura o d\u00f3lar, que passa de R$ 6 - Blog da Rosana Hessel","og_description":"Para o mercado, o ministro da Fazenda, Fernando Haddad, perdeu a batalha com a ala pol\u00edtica e ajuste fiscal segue incerto. Perda da credibilidade pode fazer juros subirem mais e piso da Selic pode ficar entre 13% e 14%","og_url":"https:\/\/newblogs.correiobraziliense.com.br\/blog-da-rosana-hessel\/fala-de-haddad-sobre-pacote-nao-segura-o-dolar-que-passa-de-r-6\/","og_site_name":"Blog da Rosana Hessel","article_published_time":"2024-11-28T15:28:12+00:00","article_modified_time":"2024-11-28T18:30:34+00:00","og_image":[{"width":1600,"height":1064,"url":"http:\/\/newblogs.correiobraziliense.com.br\/blog-da-rosana-hessel\/wp-content\/uploads\/sites\/5\/2024\/11\/haddadpacotedetalhamento.jpg","type":"image\/jpeg"}],"author":"Rosana Hessel","schema":{"@context":"https:\/\/schema.org","@graph":[{"@type":"Article","@id":"https:\/\/newblogs.correiobraziliense.com.br\/blog-da-rosana-hessel\/fala-de-haddad-sobre-pacote-nao-segura-o-dolar-que-passa-de-r-6\/#article","isPartOf":{"@id":"https:\/\/newblogs.correiobraziliense.com.br\/blog-da-rosana-hessel\/fala-de-haddad-sobre-pacote-nao-segura-o-dolar-que-passa-de-r-6\/"},"author":{"name":"Rosana Hessel","@id":"https:\/\/newblogs.correiobraziliense.com.br\/blog-da-rosana-hessel\/#\/schema\/person\/824cb3c631cf0d4056f75ca02599a930"},"headline":"Fala de Haddad sobre pacote n\u00e3o segura o d\u00f3lar, que passa de R$ 6","datePublished":"2024-11-28T15:28:12+00:00","dateModified":"2024-11-28T18:30:34+00:00","mainEntityOfPage":{"@id":"https:\/\/newblogs.correiobraziliense.com.br\/blog-da-rosana-hessel\/fala-de-haddad-sobre-pacote-nao-segura-o-dolar-que-passa-de-r-6\/"},"wordCount":1003,"image":{"@id":"https:\/\/newblogs.correiobraziliense.com.br\/blog-da-rosana-hessel\/fala-de-haddad-sobre-pacote-nao-segura-o-dolar-que-passa-de-r-6\/#primaryimage"},"thumbnailUrl":"https:\/\/newblogs.correiobraziliense.com.br\/blog-da-rosana-hessel\/wp-content\/uploads\/sites\/5\/2024\/11\/haddadpacotedetalhamento.jpg","keywords":["contas p\u00fablicas","d\u00f3lar","Haddad","juros","Lula","pacote fiscal","pol\u00edtica","Selic"],"articleSection":["Macroeconomia","OR\u00c7AMENTO"],"inLanguage":"pt-BR"},{"@type":"WebPage","@id":"https:\/\/newblogs.correiobraziliense.com.br\/blog-da-rosana-hessel\/fala-de-haddad-sobre-pacote-nao-segura-o-dolar-que-passa-de-r-6\/","url":"https:\/\/newblogs.correiobraziliense.com.br\/blog-da-rosana-hessel\/fala-de-haddad-sobre-pacote-nao-segura-o-dolar-que-passa-de-r-6\/","name":"Fala de Haddad sobre pacote n\u00e3o segura o d\u00f3lar, que passa de R$ 6 - Blog da Rosana Hessel","isPartOf":{"@id":"https:\/\/newblogs.correiobraziliense.com.br\/blog-da-rosana-hessel\/#website"},"primaryImageOfPage":{"@id":"https:\/\/newblogs.correiobraziliense.com.br\/blog-da-rosana-hessel\/fala-de-haddad-sobre-pacote-nao-segura-o-dolar-que-passa-de-r-6\/#primaryimage"},"image":{"@id":"https:\/\/newblogs.correiobraziliense.com.br\/blog-da-rosana-hessel\/fala-de-haddad-sobre-pacote-nao-segura-o-dolar-que-passa-de-r-6\/#primaryimage"},"thumbnailUrl":"https:\/\/newblogs.correiobraziliense.com.br\/blog-da-rosana-hessel\/wp-content\/uploads\/sites\/5\/2024\/11\/haddadpacotedetalhamento.jpg","datePublished":"2024-11-28T15:28:12+00:00","dateModified":"2024-11-28T18:30:34+00:00","author":{"@id":"https:\/\/newblogs.correiobraziliense.com.br\/blog-da-rosana-hessel\/#\/schema\/person\/824cb3c631cf0d4056f75ca02599a930"},"description":"Para o mercado, o ministro da Fazenda, Fernando Haddad, perdeu a batalha com a ala pol\u00edtica e ajuste fiscal segue incerto. Perda da credibilidade pode fazer juros subirem mais e piso da Selic pode ficar entre 13% e 14%","breadcrumb":{"@id":"https:\/\/newblogs.correiobraziliense.com.br\/blog-da-rosana-hessel\/fala-de-haddad-sobre-pacote-nao-segura-o-dolar-que-passa-de-r-6\/#breadcrumb"},"inLanguage":"pt-BR","potentialAction":[{"@type":"ReadAction","target":["https:\/\/newblogs.correiobraziliense.com.br\/blog-da-rosana-hessel\/fala-de-haddad-sobre-pacote-nao-segura-o-dolar-que-passa-de-r-6\/"]}]},{"@type":"ImageObject","inLanguage":"pt-BR","@id":"https:\/\/newblogs.correiobraziliense.com.br\/blog-da-rosana-hessel\/fala-de-haddad-sobre-pacote-nao-segura-o-dolar-que-passa-de-r-6\/#primaryimage","url":"https:\/\/newblogs.correiobraziliense.com.br\/blog-da-rosana-hessel\/wp-content\/uploads\/sites\/5\/2024\/11\/haddadpacotedetalhamento.jpg","contentUrl":"https:\/\/newblogs.correiobraziliense.com.br\/blog-da-rosana-hessel\/wp-content\/uploads\/sites\/5\/2024\/11\/haddadpacotedetalhamento.jpg","width":1600,"height":1064,"caption":"Fernando Haddad Cr\u00e9dito: ED Alves\/DA Press"},{"@type":"BreadcrumbList","@id":"https:\/\/newblogs.correiobraziliense.com.br\/blog-da-rosana-hessel\/fala-de-haddad-sobre-pacote-nao-segura-o-dolar-que-passa-de-r-6\/#breadcrumb","itemListElement":[{"@type":"ListItem","position":1,"name":"In\u00edcio","item":"https:\/\/newblogs.correiobraziliense.com.br\/blog-da-rosana-hessel\/"},{"@type":"ListItem","position":2,"name":"Fala de Haddad sobre pacote n\u00e3o segura o d\u00f3lar, que passa de R$ 6"}]},{"@type":"WebSite","@id":"https:\/\/newblogs.correiobraziliense.com.br\/blog-da-rosana-hessel\/#website","url":"https:\/\/newblogs.correiobraziliense.com.br\/blog-da-rosana-hessel\/","name":"Blog da Rosana Hessel","description":"Not\u00edcias atualizadas e an\u00e1lises sobre economia. Acompanhe-nos para entender as tend\u00eancias e os impactos econ\u00f4micos que influenciam o seu dia a dia, tanto no Brasil quanto no exterior.","potentialAction":[{"@type":"SearchAction","target":{"@type":"EntryPoint","urlTemplate":"https:\/\/newblogs.correiobraziliense.com.br\/blog-da-rosana-hessel\/?s={search_term_string}"},"query-input":{"@type":"PropertyValueSpecification","valueRequired":true,"valueName":"search_term_string"}}],"inLanguage":"pt-BR"},{"@type":"Person","@id":"https:\/\/newblogs.correiobraziliense.com.br\/blog-da-rosana-hessel\/#\/schema\/person\/824cb3c631cf0d4056f75ca02599a930","name":"Rosana Hessel","image":{"@type":"ImageObject","inLanguage":"pt-BR","@id":"https:\/\/secure.gravatar.com\/avatar\/fe780cf1839cf10cd6d682fb080611e0d2a459b64be8a8781778109777fbcfd3?s=96&d=mm&r=g","url":"https:\/\/secure.gravatar.com\/avatar\/fe780cf1839cf10cd6d682fb080611e0d2a459b64be8a8781778109777fbcfd3?s=96&d=mm&r=g","contentUrl":"https:\/\/secure.gravatar.com\/avatar\/fe780cf1839cf10cd6d682fb080611e0d2a459b64be8a8781778109777fbcfd3?s=96&d=mm&r=g","caption":"Rosana Hessel"},"description":"Formada pela Pontif\u00edcia Universidade Cat\u00f3lica de S\u00e3o Paulo (PUC-SP), \u00e9 jornalista de economia desde 1995, quando passou a integrar o time da Gazeta Mercantil. Est\u00e1 sempre atr\u00e1s da boa informa\u00e7\u00e3o. Possui especializa\u00e7\u00e3o em economia pela FGV e MBA em Finan\u00e7as pela FIA-USP. Trabalha no Correio Braziliense desde 2010. Ganhou o Pr\u00eamio Esso de Jornalismo Econ\u00f4mico em 2014 e em 2015 com a equipe do Correio. Foi finalista entre os 50 jornalistas +Admirados da Imprensa de Economia, Neg\u00f3cios e Finan\u00e7as 2024, promovido pela Jornalistas&amp;Cia.","url":"https:\/\/newblogs.correiobraziliense.com.br\/blog-da-rosana-hessel\/author\/rosanahessel\/"}]}},"_links":{"self":[{"href":"https:\/\/newblogs.correiobraziliense.com.br\/blog-da-rosana-hessel\/wp-json\/wp\/v2\/posts\/31854","targetHints":{"allow":["GET"]}}],"collection":[{"href":"https:\/\/newblogs.correiobraziliense.com.br\/blog-da-rosana-hessel\/wp-json\/wp\/v2\/posts"}],"about":[{"href":"https:\/\/newblogs.correiobraziliense.com.br\/blog-da-rosana-hessel\/wp-json\/wp\/v2\/types\/post"}],"author":[{"embeddable":true,"href":"https:\/\/newblogs.correiobraziliense.com.br\/blog-da-rosana-hessel\/wp-json\/wp\/v2\/users\/10"}],"replies":[{"embeddable":true,"href":"https:\/\/newblogs.correiobraziliense.com.br\/blog-da-rosana-hessel\/wp-json\/wp\/v2\/comments?post=31854"}],"version-history":[{"count":10,"href":"https:\/\/newblogs.correiobraziliense.com.br\/blog-da-rosana-hessel\/wp-json\/wp\/v2\/posts\/31854\/revisions"}],"predecessor-version":[{"id":31877,"href":"https:\/\/newblogs.correiobraziliense.com.br\/blog-da-rosana-hessel\/wp-json\/wp\/v2\/posts\/31854\/revisions\/31877"}],"wp:featuredmedia":[{"embeddable":true,"href":"https:\/\/newblogs.correiobraziliense.com.br\/blog-da-rosana-hessel\/wp-json\/wp\/v2\/media\/31856"}],"wp:attachment":[{"href":"https:\/\/newblogs.correiobraziliense.com.br\/blog-da-rosana-hessel\/wp-json\/wp\/v2\/media?parent=31854"}],"wp:term":[{"taxonomy":"category","embeddable":true,"href":"https:\/\/newblogs.correiobraziliense.com.br\/blog-da-rosana-hessel\/wp-json\/wp\/v2\/categories?post=31854"},{"taxonomy":"post_tag","embeddable":true,"href":"https:\/\/newblogs.correiobraziliense.com.br\/blog-da-rosana-hessel\/wp-json\/wp\/v2\/tags?post=31854"}],"curies":[{"name":"wp","href":"https:\/\/api.w.org\/{rel}","templated":true}]}}