{"id":31745,"date":"2024-11-03T12:41:32","date_gmt":"2024-11-03T15:41:32","guid":{"rendered":"https:\/\/newblogs.correiobraziliense.com.br\/blog-da-rosana-hessel\/?p=31745"},"modified":"2024-11-03T14:24:08","modified_gmt":"2024-11-03T17:24:08","slug":"haddad-cancela-viagem-a-europa-e-focara-em-temas-domesticos","status":"publish","type":"post","link":"https:\/\/newblogs.correiobraziliense.com.br\/blog-da-rosana-hessel\/haddad-cancela-viagem-a-europa-e-focara-em-temas-domesticos\/","title":{"rendered":"Haddad cancela viagem \u00e0 Europa e focar\u00e1 em &#8220;temas dom\u00e9sticos&#8221;"},"content":{"rendered":"\n<p>Ap\u00f3s o d\u00f3lar disparar e alcan\u00e7ar a segunda maior cota\u00e7\u00e3o da hist\u00f3ria, em grande parte, devido ao aumento da desconfian\u00e7a do mercado no comprometimento do governo em fazer um ajuste fiscal, que ainda est\u00e1 sem data, o ministro da Fazenda, Fernando Haddad, cancelou uma viagem para a Europa, prevista para esta semana.<\/p>\n\n\n\n<p>Em nota divulgada na manh\u00e3 deste domingo (3\/11), a assessoria de Haddad informou que o cancelamento da viagem foi um pedido do presidente Luiz In\u00e1cio Lula da Silva (PT), para que o chefe da equipe econ\u00f4mica se dedicasse &#8220;a temas dom\u00e9sticos&#8221;. O ministro faria um rodada por v\u00e1rios pa\u00edses, passando por Londres, Paris, Berlim e Bruxelas, segundo fontes da Esplanada.<\/p>\n\n\n\n<p><a href=\"https:\/\/www.correiobraziliense.com.br\/economia\/2024\/11\/6979206-dolar-dispara-e-fecha-no-segundo-maior-patamar-desde-a-pandemia.html\">Na sexta-feira (2), a divisa norte-americana fechou o dia cotada a R$ 5,689, a segunda maior cota\u00e7\u00e3o desde maio de 2020, de R$ 5,90, acumulando alta de quase 21% no ano<\/a>, n\u00e3o apenas por conta das elei\u00e7\u00f5es nos Estados Unidos. A piora do quadro fiscal tem pesado muito nessa escalada do d\u00f3lar. E analistas reconhecem que o c\u00e2mbio mais forte implica em uma press\u00e3o adicional \u00e0 infla\u00e7\u00e3o que, pelas proje\u00e7\u00f5es do mercado, j\u00e1 vai estourar o teto da meta, de 4,50%, neste ano, e segue acima do centro da meta, de 3% nos anos seguintes.<\/p>\n\n\n\n<p>A mediana das estimativas dos economistas coletadas pelo Banco Central no boletim Focus est\u00e1 em 4,55% e n\u00e3o para de ser ajustada para cima h\u00e1 quatro semanas seguidas. Essa piora na proje\u00e7\u00e3o \u00e9 reflexo da percep\u00e7\u00e3o dos analistas de que o ajuste fiscal que o governo havia prometido para come\u00e7ar no segundo ano do mandato de Lula fique apenas em 2026, um ano pouco prov\u00e1vel que isso ocorra, porque nenhum governo corta gastos em ano eleitoral. Com isso, as apostas de em um aperto monet\u00e1rio maior pelo Banco Central para compensar a perna manca do fiscal est\u00e3o crescendo.<\/p>\n\n\n\n<p>A d\u00favida agora entre os analistas \u00e9 de qual ser\u00e1 o novo patamar da taxa b\u00e1sica da economia (Selic) no fim do novo ciclo de alta de juros, iniciado na reuni\u00e3o do Comit\u00ea de Pol\u00edtica Monet\u00e1ria (Copom) de setembro, quando a Selic passou de 10,50% para 10,75% ao ano. Alguns previam que os juros b\u00e1sicos subiriam at\u00e9 12% ou 12,50% ao ano no come\u00e7o de 2025, e, depois, voltaria a cair, chegando a 11,25% no fim de 2025. Mas agora, os modelos indicam que ser\u00e1 preciso juros mais elevados para que a infla\u00e7\u00e3o volte para o centro da meta em 2026. Por enquanto, as proje\u00e7\u00f5es no Focus para o IPCA no fim de 2026 est\u00e3o em 3,60%. Nesta semana, o Copom se re\u00fane novamente e a expectativa \u00e9 de nova alta dos juros, que dever\u00e3o subir para 11,25% ao ano.<\/p>\n\n\n\n<p>Sergio Vale, economista-chefe da MB Associados, lembrou que a viagem de Haddad em plena semana do Copom e com o mau humor do mercado em rela\u00e7\u00e3o \u00e0 falta de uma sinaliza\u00e7\u00e3o do pacote de corte de gastos seria mais um sinal ruim do governo para o mercado. &#8220;Mas foi mau sinal de que n\u00e3o h\u00e1 uma boa ideia sobre o ajuste fiscal. Vai ser dif\u00edcil o governo sair com algo realmente relevante nos gastos&#8221;, afirmou. Para ele, o governo a chance de um ajuste dever\u00e1 ocorrer apenas em 2027.<\/p>\n\n\n\n<p><strong>Veja a \u00edntegra da nota do Minist\u00e9rio da Fazenda:<\/strong><\/p>\n\n\n\n<p>NOTA \u00c0 IMPRENSA<\/p>\n\n\n\n<p>A pedido do presidente Lula, o ministro da Fazenda, Fernando Haddad, estar\u00e1 em Bras\u00edlia ao longo da pr\u00f3xima semana, dedicado aos temas dom\u00e9sticos.<\/p>\n\n\n\n<p>Por essa raz\u00e3o, a viagem \u00e0 Europa, prevista para segunda-feira (4), n\u00e3o ser\u00e1 realizada neste momento. A agenda em quest\u00e3o ser\u00e1 retomada oportunamente.<\/p>\n\n\n\n\n","protected":false},"excerpt":{"rendered":"<p>Em nota, Minist\u00e9rio da Fazenda informa que, a pedido do presidente Lula, o ministro Haddad ficar\u00e1 em Bras\u00edlia, ao longo da pr\u00f3xima semana<\/p>\n","protected":false},"author":10,"featured_media":31443,"comment_status":"closed","ping_status":"open","sticky":false,"template":"","format":"standard","meta":{"_acf_changed":false,"inline_featured_image":false,"footnotes":""},"categories":[1],"tags":[1972,83,36,1058,39,118,84,1050],"class_list":["post-31745","post","type-post","status-publish","format-standard","has-post-thumbnail","hentry","category-sem-categoria","tag-ajuste-fiscal","tag-copom","tag-dolar","tag-haddad","tag-juros","tag-lula","tag-selic","tag-viagem"],"acf":[],"yoast_head":"<!-- This site is optimized with the Yoast SEO plugin v27.3 - https:\/\/yoast.com\/product\/yoast-seo-wordpress\/ -->\n<title>Haddad cancela viagem \u00e0 Europa e focar\u00e1 em &quot;temas dom\u00e9sticos&quot; - Blog da Rosana Hessel<\/title>\n<meta name=\"description\" content=\"Em nota, Minist\u00e9rio da Fazenda informa que, a pedido do presidente Lula, o ministro Haddad ficar\u00e1 em Bras\u00edlia, ao longo da pr\u00f3xima semana\" \/>\n<meta name=\"robots\" content=\"index, follow, max-snippet:-1, max-image-preview:large, max-video-preview:-1\" \/>\n<link rel=\"canonical\" href=\"https:\/\/newblogs.correiobraziliense.com.br\/blog-da-rosana-hessel\/haddad-cancela-viagem-a-europa-e-focara-em-temas-domesticos\/\" \/>\n<meta property=\"og:locale\" content=\"pt_BR\" \/>\n<meta property=\"og:type\" content=\"article\" \/>\n<meta property=\"og:title\" content=\"Haddad cancela viagem \u00e0 Europa e focar\u00e1 em &quot;temas dom\u00e9sticos&quot; - Blog da Rosana Hessel\" \/>\n<meta property=\"og:description\" content=\"Em nota, Minist\u00e9rio da Fazenda informa que, a pedido do presidente Lula, o ministro Haddad ficar\u00e1 em Bras\u00edlia, ao longo da pr\u00f3xima semana\" \/>\n<meta property=\"og:url\" content=\"https:\/\/newblogs.correiobraziliense.com.br\/blog-da-rosana-hessel\/haddad-cancela-viagem-a-europa-e-focara-em-temas-domesticos\/\" \/>\n<meta property=\"og:site_name\" content=\"Blog da Rosana Hessel\" \/>\n<meta property=\"article:published_time\" content=\"2024-11-03T15:41:32+00:00\" \/>\n<meta property=\"article:modified_time\" content=\"2024-11-03T17:24:08+00:00\" \/>\n<meta property=\"og:image\" content=\"http:\/\/newblogs.correiobraziliense.com.br\/blog-da-rosana-hessel\/wp-content\/uploads\/sites\/5\/2024\/08\/ministerio_da_fazenda-34588013.jpg\" \/>\n\t<meta property=\"og:image:width\" content=\"1200\" \/>\n\t<meta property=\"og:image:height\" content=\"900\" \/>\n\t<meta property=\"og:image:type\" content=\"image\/jpeg\" \/>\n<meta name=\"author\" content=\"Rosana Hessel\" \/>\n<!-- \/ Yoast SEO plugin. -->","yoast_head_json":{"title":"Haddad cancela viagem \u00e0 Europa e focar\u00e1 em \"temas dom\u00e9sticos\" - Blog da Rosana Hessel","description":"Em nota, Minist\u00e9rio da Fazenda informa que, a pedido do presidente Lula, o ministro Haddad ficar\u00e1 em Bras\u00edlia, ao longo da pr\u00f3xima semana","robots":{"index":"index","follow":"follow","max-snippet":"max-snippet:-1","max-image-preview":"max-image-preview:large","max-video-preview":"max-video-preview:-1"},"canonical":"https:\/\/newblogs.correiobraziliense.com.br\/blog-da-rosana-hessel\/haddad-cancela-viagem-a-europa-e-focara-em-temas-domesticos\/","og_locale":"pt_BR","og_type":"article","og_title":"Haddad cancela viagem \u00e0 Europa e focar\u00e1 em \"temas dom\u00e9sticos\" - Blog da Rosana Hessel","og_description":"Em nota, Minist\u00e9rio da Fazenda informa que, a pedido do presidente Lula, o ministro Haddad ficar\u00e1 em Bras\u00edlia, ao longo da pr\u00f3xima semana","og_url":"https:\/\/newblogs.correiobraziliense.com.br\/blog-da-rosana-hessel\/haddad-cancela-viagem-a-europa-e-focara-em-temas-domesticos\/","og_site_name":"Blog da Rosana Hessel","article_published_time":"2024-11-03T15:41:32+00:00","article_modified_time":"2024-11-03T17:24:08+00:00","og_image":[{"width":1200,"height":900,"url":"http:\/\/newblogs.correiobraziliense.com.br\/blog-da-rosana-hessel\/wp-content\/uploads\/sites\/5\/2024\/08\/ministerio_da_fazenda-34588013.jpg","type":"image\/jpeg"}],"author":"Rosana Hessel","schema":{"@context":"https:\/\/schema.org","@graph":[{"@type":"Article","@id":"https:\/\/newblogs.correiobraziliense.com.br\/blog-da-rosana-hessel\/haddad-cancela-viagem-a-europa-e-focara-em-temas-domesticos\/#article","isPartOf":{"@id":"https:\/\/newblogs.correiobraziliense.com.br\/blog-da-rosana-hessel\/haddad-cancela-viagem-a-europa-e-focara-em-temas-domesticos\/"},"author":{"name":"Rosana Hessel","@id":"https:\/\/newblogs.correiobraziliense.com.br\/blog-da-rosana-hessel\/#\/schema\/person\/824cb3c631cf0d4056f75ca02599a930"},"headline":"Haddad cancela viagem \u00e0 Europa e focar\u00e1 em &#8220;temas dom\u00e9sticos&#8221;","datePublished":"2024-11-03T15:41:32+00:00","dateModified":"2024-11-03T17:24:08+00:00","mainEntityOfPage":{"@id":"https:\/\/newblogs.correiobraziliense.com.br\/blog-da-rosana-hessel\/haddad-cancela-viagem-a-europa-e-focara-em-temas-domesticos\/"},"wordCount":621,"image":{"@id":"https:\/\/newblogs.correiobraziliense.com.br\/blog-da-rosana-hessel\/haddad-cancela-viagem-a-europa-e-focara-em-temas-domesticos\/#primaryimage"},"thumbnailUrl":"https:\/\/newblogs.correiobraziliense.com.br\/blog-da-rosana-hessel\/wp-content\/uploads\/sites\/5\/2024\/08\/ministerio_da_fazenda-34588013.jpg","keywords":["ajuste fiscal","Copom","d\u00f3lar","Haddad","juros","Lula","Selic","viagem"],"articleSection":["Macroeconomia"],"inLanguage":"pt-BR"},{"@type":"WebPage","@id":"https:\/\/newblogs.correiobraziliense.com.br\/blog-da-rosana-hessel\/haddad-cancela-viagem-a-europa-e-focara-em-temas-domesticos\/","url":"https:\/\/newblogs.correiobraziliense.com.br\/blog-da-rosana-hessel\/haddad-cancela-viagem-a-europa-e-focara-em-temas-domesticos\/","name":"Haddad cancela viagem \u00e0 Europa e focar\u00e1 em \"temas dom\u00e9sticos\" - Blog da Rosana Hessel","isPartOf":{"@id":"https:\/\/newblogs.correiobraziliense.com.br\/blog-da-rosana-hessel\/#website"},"primaryImageOfPage":{"@id":"https:\/\/newblogs.correiobraziliense.com.br\/blog-da-rosana-hessel\/haddad-cancela-viagem-a-europa-e-focara-em-temas-domesticos\/#primaryimage"},"image":{"@id":"https:\/\/newblogs.correiobraziliense.com.br\/blog-da-rosana-hessel\/haddad-cancela-viagem-a-europa-e-focara-em-temas-domesticos\/#primaryimage"},"thumbnailUrl":"https:\/\/newblogs.correiobraziliense.com.br\/blog-da-rosana-hessel\/wp-content\/uploads\/sites\/5\/2024\/08\/ministerio_da_fazenda-34588013.jpg","datePublished":"2024-11-03T15:41:32+00:00","dateModified":"2024-11-03T17:24:08+00:00","author":{"@id":"https:\/\/newblogs.correiobraziliense.com.br\/blog-da-rosana-hessel\/#\/schema\/person\/824cb3c631cf0d4056f75ca02599a930"},"description":"Em nota, Minist\u00e9rio da Fazenda informa que, a pedido do presidente Lula, o ministro Haddad ficar\u00e1 em Bras\u00edlia, ao longo da pr\u00f3xima semana","breadcrumb":{"@id":"https:\/\/newblogs.correiobraziliense.com.br\/blog-da-rosana-hessel\/haddad-cancela-viagem-a-europa-e-focara-em-temas-domesticos\/#breadcrumb"},"inLanguage":"pt-BR","potentialAction":[{"@type":"ReadAction","target":["https:\/\/newblogs.correiobraziliense.com.br\/blog-da-rosana-hessel\/haddad-cancela-viagem-a-europa-e-focara-em-temas-domesticos\/"]}]},{"@type":"ImageObject","inLanguage":"pt-BR","@id":"https:\/\/newblogs.correiobraziliense.com.br\/blog-da-rosana-hessel\/haddad-cancela-viagem-a-europa-e-focara-em-temas-domesticos\/#primaryimage","url":"https:\/\/newblogs.correiobraziliense.com.br\/blog-da-rosana-hessel\/wp-content\/uploads\/sites\/5\/2024\/08\/ministerio_da_fazenda-34588013.jpg","contentUrl":"https:\/\/newblogs.correiobraziliense.com.br\/blog-da-rosana-hessel\/wp-content\/uploads\/sites\/5\/2024\/08\/ministerio_da_fazenda-34588013.jpg","width":1200,"height":900},{"@type":"BreadcrumbList","@id":"https:\/\/newblogs.correiobraziliense.com.br\/blog-da-rosana-hessel\/haddad-cancela-viagem-a-europa-e-focara-em-temas-domesticos\/#breadcrumb","itemListElement":[{"@type":"ListItem","position":1,"name":"In\u00edcio","item":"https:\/\/newblogs.correiobraziliense.com.br\/blog-da-rosana-hessel\/"},{"@type":"ListItem","position":2,"name":"Haddad cancela viagem \u00e0 Europa e focar\u00e1 em &#8220;temas dom\u00e9sticos&#8221;"}]},{"@type":"WebSite","@id":"https:\/\/newblogs.correiobraziliense.com.br\/blog-da-rosana-hessel\/#website","url":"https:\/\/newblogs.correiobraziliense.com.br\/blog-da-rosana-hessel\/","name":"Blog da Rosana Hessel","description":"Not\u00edcias atualizadas e an\u00e1lises sobre economia. Acompanhe-nos para entender as tend\u00eancias e os impactos econ\u00f4micos que influenciam o seu dia a dia, tanto no Brasil quanto no exterior.","potentialAction":[{"@type":"SearchAction","target":{"@type":"EntryPoint","urlTemplate":"https:\/\/newblogs.correiobraziliense.com.br\/blog-da-rosana-hessel\/?s={search_term_string}"},"query-input":{"@type":"PropertyValueSpecification","valueRequired":true,"valueName":"search_term_string"}}],"inLanguage":"pt-BR"},{"@type":"Person","@id":"https:\/\/newblogs.correiobraziliense.com.br\/blog-da-rosana-hessel\/#\/schema\/person\/824cb3c631cf0d4056f75ca02599a930","name":"Rosana Hessel","image":{"@type":"ImageObject","inLanguage":"pt-BR","@id":"https:\/\/secure.gravatar.com\/avatar\/fe780cf1839cf10cd6d682fb080611e0d2a459b64be8a8781778109777fbcfd3?s=96&d=mm&r=g","url":"https:\/\/secure.gravatar.com\/avatar\/fe780cf1839cf10cd6d682fb080611e0d2a459b64be8a8781778109777fbcfd3?s=96&d=mm&r=g","contentUrl":"https:\/\/secure.gravatar.com\/avatar\/fe780cf1839cf10cd6d682fb080611e0d2a459b64be8a8781778109777fbcfd3?s=96&d=mm&r=g","caption":"Rosana Hessel"},"description":"Formada pela Pontif\u00edcia Universidade Cat\u00f3lica de S\u00e3o Paulo (PUC-SP), \u00e9 jornalista de economia desde 1995, quando passou a integrar o time da Gazeta Mercantil. Est\u00e1 sempre atr\u00e1s da boa informa\u00e7\u00e3o. Possui especializa\u00e7\u00e3o em economia pela FGV e MBA em Finan\u00e7as pela FIA-USP. Trabalha no Correio Braziliense desde 2010. Ganhou o Pr\u00eamio Esso de Jornalismo Econ\u00f4mico em 2014 e em 2015 com a equipe do Correio. Foi finalista entre os 50 jornalistas +Admirados da Imprensa de Economia, Neg\u00f3cios e Finan\u00e7as 2024, promovido pela Jornalistas&amp;Cia.","url":"https:\/\/newblogs.correiobraziliense.com.br\/blog-da-rosana-hessel\/author\/rosanahessel\/"}]}},"_links":{"self":[{"href":"https:\/\/newblogs.correiobraziliense.com.br\/blog-da-rosana-hessel\/wp-json\/wp\/v2\/posts\/31745","targetHints":{"allow":["GET"]}}],"collection":[{"href":"https:\/\/newblogs.correiobraziliense.com.br\/blog-da-rosana-hessel\/wp-json\/wp\/v2\/posts"}],"about":[{"href":"https:\/\/newblogs.correiobraziliense.com.br\/blog-da-rosana-hessel\/wp-json\/wp\/v2\/types\/post"}],"author":[{"embeddable":true,"href":"https:\/\/newblogs.correiobraziliense.com.br\/blog-da-rosana-hessel\/wp-json\/wp\/v2\/users\/10"}],"replies":[{"embeddable":true,"href":"https:\/\/newblogs.correiobraziliense.com.br\/blog-da-rosana-hessel\/wp-json\/wp\/v2\/comments?post=31745"}],"version-history":[{"count":13,"href":"https:\/\/newblogs.correiobraziliense.com.br\/blog-da-rosana-hessel\/wp-json\/wp\/v2\/posts\/31745\/revisions"}],"predecessor-version":[{"id":31764,"href":"https:\/\/newblogs.correiobraziliense.com.br\/blog-da-rosana-hessel\/wp-json\/wp\/v2\/posts\/31745\/revisions\/31764"}],"wp:featuredmedia":[{"embeddable":true,"href":"https:\/\/newblogs.correiobraziliense.com.br\/blog-da-rosana-hessel\/wp-json\/wp\/v2\/media\/31443"}],"wp:attachment":[{"href":"https:\/\/newblogs.correiobraziliense.com.br\/blog-da-rosana-hessel\/wp-json\/wp\/v2\/media?parent=31745"}],"wp:term":[{"taxonomy":"category","embeddable":true,"href":"https:\/\/newblogs.correiobraziliense.com.br\/blog-da-rosana-hessel\/wp-json\/wp\/v2\/categories?post=31745"},{"taxonomy":"post_tag","embeddable":true,"href":"https:\/\/newblogs.correiobraziliense.com.br\/blog-da-rosana-hessel\/wp-json\/wp\/v2\/tags?post=31745"}],"curies":[{"name":"wp","href":"https:\/\/api.w.org\/{rel}","templated":true}]}}