{"id":31613,"date":"2024-09-26T16:38:11","date_gmt":"2024-09-26T19:38:11","guid":{"rendered":"https:\/\/newblogs.correiobraziliense.com.br\/blog-da-rosana-hessel\/?p=31613"},"modified":"2024-09-26T19:30:40","modified_gmt":"2024-09-26T22:30:40","slug":"fitch-desempenho-economico-superior-do-brasil-nao-alivia-a-incerteza-fiscal","status":"publish","type":"post","link":"https:\/\/newblogs.correiobraziliense.com.br\/blog-da-rosana-hessel\/fitch-desempenho-economico-superior-do-brasil-nao-alivia-a-incerteza-fiscal\/","title":{"rendered":"Fitch: Desempenho econ\u00f4mico superior do Brasil n\u00e3o alivia a incerteza fiscal"},"content":{"rendered":"\n<p>No dia em que o Banco Central divulgou o Relat\u00f3rio de Trimestral de Infla\u00e7\u00e3o (RTI) melhorando a proje\u00e7\u00e3o de crescimento do Produto Interno Bruto (PIB) de 2024, de 2,3% para 3,2%, a ag\u00eancia norte-americana de classifica\u00e7\u00e3o de risco Fitch Rating divulgou, nesta quinta-feira (26\/9), um relat\u00f3rio com novas proje\u00e7\u00f5es para o pa\u00eds jogando um balde \u00e1gua fria colocando foco na piora das contas p\u00fablicas, pois passou a prever um rombo fiscal de 1% do PIB no pr\u00f3ximo ano, bem acima das estimativas do mercado, entre 0,8% e 0,9% do PIB.<\/p>\n\n\n\n<p>&#8220;A economia do Brasil continua a demonstrar forte impulso, mas isso n\u00e3o est\u00e1 se traduzindo em desempenho superior semelhante nas finan\u00e7as p\u00fablicas. Os desafios fiscais persistem e aumentar\u00e3o no ano que vem&#8221;, alertou a Fitch. Antes, a proje\u00e7\u00e3o para o rombo no ano que vem era de 0,7% do PIB e o m\u00e1ximo de 0,6% permitido pelo arcabou\u00e7o fiscal considerando a isen\u00e7\u00e3o de 0,35 ponto percentual para os precat\u00f3rios (d\u00edvidas judiciais).<\/p>\n\n\n\n<p>A Fitch elevou sua previs\u00e3o de crescimento real do PIB de 2024 para o Brasil de 1,7% para 2,8% em seu recente Global Economic Outlook.  &#8220;A atividade se mostrou resiliente \u00e0 pol\u00edtica monet\u00e1ria r\u00edgida, o crescimento do cr\u00e9dito foi retomado, os indicadores do mercado de trabalho s\u00e3o fortes e o impacto das graves inunda\u00e7\u00f5es em maio foi limitado&#8221;, destacou a ag\u00eancia. Para 2025, a Fitch prev\u00ea desacelera\u00e7\u00e3o do crescimento do PIB brasileiro para 2% a partir de 2025, e para a d\u00edvida p\u00fablica bruta, avan\u00e7o de 74,4% do PIB, em 2023, para 77,8%, do PIB, neste ano, e, para 83,9% do PIB, em 2026. &#8220;Isso \u00e9 mais r\u00e1pido do que o previsto anteriormente, ampliando a lacuna para a mediana da categoria &#8220;BB&#8221; de 55%&#8221;, informou a nota da ag\u00eancia <\/p>\n\n\n\n<p>Segundo a institui\u00e7\u00e3o, o forte crescimento foi acompanhado por um desempenho fiscal mais fraco do que o esperado em rela\u00e7\u00e3o \u00e0s proje\u00e7\u00f5es or\u00e7ament\u00e1rias originais de 2024. &#8220;O desempenho superior da economia pode resultar, em parte, da posi\u00e7\u00e3o fiscal frouxa&#8221;, informou a nota da ag\u00eancia. De acordo com a institui\u00e7\u00e3o norte-americana, se o desempenho fiscal for fraco quando o crescimento for forte, ele poder\u00e1 se deteriorar ainda mais em uma desacelera\u00e7\u00e3o inesperada. &#8220;Perspectivas incertas de consolida\u00e7\u00e3o s\u00e3o, portanto, uma vulnerabilidade macroecon\u00f4mica fundamental que restringe a classifica\u00e7\u00e3o soberana &#8220;BB&#8221;\/Est\u00e1vel do Brasil&#8221;, acrescentou. Atualmente, a classifica\u00e7\u00e3o de risco do pa\u00eds est\u00e1 em BB-, dois degraus abaixo do grau de investimento.<\/p>\n\n\n\n<p>De acordo com a Fitch, a administra\u00e7\u00e3o do presidente Luiz In\u00e1cio Lula da Silva est\u00e1 mirando uma consolida\u00e7\u00e3o fiscal gradual entre 2024 e 2026,  ap\u00f3s deixar o rombo  das contas p\u00fablicas aumentar em 2023 &#8220;para acomodar o aumento dos gastos sociais&#8221;. &#8220;O governo pretende fazer isso aumentando substancialmente as receitas e contendo os gastos para que n\u00e3o ultrapassem o crescimento econ\u00f4mico, mas enfrenta dificuldades em ambas as frentes&#8221;, alertou.<\/p>\n\n\n\n<p>Em rela\u00e7\u00e3o ao novo arcabou\u00e7o fiscal, a institui\u00e7\u00e3o faz ressalvas de que o governo est\u00e1 em um terreno muito perigoso por focar no limite inferior da meta. A regra permite um rombo de at\u00e9 0,25% do PIB, mas como existe a libera\u00e7\u00e3o de 0,35 pontos percentuais para gastos extraordin\u00e1rios relacionados \u00e0s enchentes do Rio Grande do Sul, o deficit prim\u00e1rio deste ano poder\u00e1 chegar at\u00e9 a 0,6% do PIB . &#8220;A Fitch espera que o governo consiga isso, mas n\u00e3o seria um come\u00e7o auspicioso para o processo de consolida\u00e7\u00e3o&#8221;, alertou. <\/p>\n\n\n\n<p>Al\u00e9m disso, a Fitch fez os mesmos alertas dos especialistas em contas p\u00fablicas, destacando que as principais medidas de receita s\u00e3o transit\u00f3rias ou t\u00eam benef\u00edcios incertos. &#8220;Medidas administrativas, ou seja, acordos de disputas fiscais facilitados pela reforma do Conselho Administrativo de Recursos Fiscais (Carf) n\u00e3o geraram as receitas previstas, e, para compensar, o governo depender\u00e1 de dividendos maiores do Banco Nacional de Desenvolvimento Econ\u00f4mico e Social (BNDES) e de royalties al\u00e9m de diversas medidas aprovadas pelo Congresso, como o uso do &#8220;dinheiro esquecido&#8221; nos bancos. Essas medidas improvisadas mostram um comprometimento com as metas fiscais, mas n\u00e3o oferecem melhorias fiscais estruturais&#8221;, afirmou.<\/p>\n\n\n\n<p>Enquanto isso, a ag\u00eancia ressaltou ainda que a conten\u00e7\u00e3o de gastos pelo governo continua sendo &#8220;desafiador&#8221;. &#8220;As pens\u00f5es e benef\u00edcios previdenci\u00e1rios pens\u00f5es aumentaram mais r\u00e1pido do que o esperado neste ano, levando a cortes nas despesas discricion\u00e1rias para cumprir com um teto de gastos. A indexa\u00e7\u00e3o e a vincula\u00e7\u00e3o manter\u00e3o a press\u00e3o sobre as despesas sociais nos pr\u00f3ximos anos, exigindo uma nova redu\u00e7\u00e3o das despesas discricion\u00e1rias para compensar o que pode eventualmente se tornar invi\u00e1vel&#8221;, destacou a Fitch, em refer\u00eancia ao bloqueio adicional de R$ 2,1 bilh\u00f5es anunciado na \u00faltima sexta-feira (21).<\/p>\n\n\n\n<p>Procurada, a assessoria especial do Minist\u00e9rio da Fazenda informou que &#8220;a nota da ag\u00eancia Fitch n\u00e3o considera dois elementos fundamentais: a reonera\u00e7\u00e3o gradual da folha de pagamentos com as compensa\u00e7\u00f5es exigidas pelo STF e o fim do Programa Especial de Retomada do Setor de Eventos (Perse) em 2025&#8221;.<\/p>\n","protected":false},"excerpt":{"rendered":"<p>Em novo relat\u00f3rio, Fitch Rating, eleva previs\u00e3o de crescimento do Brasil neste ano, para 2,8%, mas tamb\u00e9m prev\u00ea rombo fiscal maior no ano que vem, chegando a 1% do PIB<\/p>\n","protected":false},"author":10,"featured_media":31510,"comment_status":"closed","ping_status":"open","sticky":false,"template":"","format":"standard","meta":{"_acf_changed":false,"inline_featured_image":false,"footnotes":""},"categories":[1],"tags":[313,625,1779,659,7,719],"class_list":["post-31613","post","type-post","status-publish","format-standard","has-post-thumbnail","hentry","category-sem-categoria","tag-contas-publicas","tag-crescimento","tag-fitch","tag-incertezas","tag-pib","tag-rombo-fiscal"],"acf":[],"yoast_head":"<!-- This site is optimized with the Yoast SEO plugin v27.3 - https:\/\/yoast.com\/product\/yoast-seo-wordpress\/ -->\n<title>Fitch: Desempenho econ\u00f4mico superior do Brasil n\u00e3o alivia a incerteza fiscal - Blog da Rosana Hessel<\/title>\n<meta name=\"description\" content=\"Em novo relat\u00f3rio, Fitch Rating, eleva previs\u00e3o de crescimento do Brasil neste ano, para 2,8%, mas tamb\u00e9m prev\u00ea rombo fiscal maior no ano que vem, chegando a 1% do PIB\" \/>\n<meta name=\"robots\" content=\"index, follow, max-snippet:-1, max-image-preview:large, max-video-preview:-1\" \/>\n<link rel=\"canonical\" href=\"https:\/\/newblogs.correiobraziliense.com.br\/blog-da-rosana-hessel\/fitch-desempenho-economico-superior-do-brasil-nao-alivia-a-incerteza-fiscal\/\" \/>\n<meta property=\"og:locale\" content=\"pt_BR\" \/>\n<meta property=\"og:type\" content=\"article\" \/>\n<meta property=\"og:title\" content=\"Fitch: Desempenho econ\u00f4mico superior do Brasil n\u00e3o alivia a incerteza fiscal - Blog da Rosana Hessel\" \/>\n<meta property=\"og:description\" content=\"Em novo relat\u00f3rio, Fitch Rating, eleva previs\u00e3o de crescimento do Brasil neste ano, para 2,8%, mas tamb\u00e9m prev\u00ea rombo fiscal maior no ano que vem, chegando a 1% do PIB\" \/>\n<meta property=\"og:url\" content=\"https:\/\/newblogs.correiobraziliense.com.br\/blog-da-rosana-hessel\/fitch-desempenho-economico-superior-do-brasil-nao-alivia-a-incerteza-fiscal\/\" \/>\n<meta property=\"og:site_name\" content=\"Blog da Rosana Hessel\" \/>\n<meta property=\"article:published_time\" content=\"2024-09-26T19:38:11+00:00\" \/>\n<meta property=\"article:modified_time\" content=\"2024-09-26T22:30:40+00:00\" \/>\n<meta property=\"og:image\" content=\"http:\/\/newblogs.correiobraziliense.com.br\/blog-da-rosana-hessel\/wp-content\/uploads\/sites\/5\/2024\/09\/1_pib_capa-26354432-300x200-1.jpg\" \/>\n\t<meta property=\"og:image:width\" content=\"300\" \/>\n\t<meta property=\"og:image:height\" content=\"200\" \/>\n\t<meta property=\"og:image:type\" content=\"image\/jpeg\" \/>\n<meta name=\"author\" content=\"Rosana Hessel\" \/>\n<!-- \/ Yoast SEO plugin. -->","yoast_head_json":{"title":"Fitch: Desempenho econ\u00f4mico superior do Brasil n\u00e3o alivia a incerteza fiscal - Blog da Rosana Hessel","description":"Em novo relat\u00f3rio, Fitch Rating, eleva previs\u00e3o de crescimento do Brasil neste ano, para 2,8%, mas tamb\u00e9m prev\u00ea rombo fiscal maior no ano que vem, chegando a 1% do PIB","robots":{"index":"index","follow":"follow","max-snippet":"max-snippet:-1","max-image-preview":"max-image-preview:large","max-video-preview":"max-video-preview:-1"},"canonical":"https:\/\/newblogs.correiobraziliense.com.br\/blog-da-rosana-hessel\/fitch-desempenho-economico-superior-do-brasil-nao-alivia-a-incerteza-fiscal\/","og_locale":"pt_BR","og_type":"article","og_title":"Fitch: Desempenho econ\u00f4mico superior do Brasil n\u00e3o alivia a incerteza fiscal - Blog da Rosana Hessel","og_description":"Em novo relat\u00f3rio, Fitch Rating, eleva previs\u00e3o de crescimento do Brasil neste ano, para 2,8%, mas tamb\u00e9m prev\u00ea rombo fiscal maior no ano que vem, chegando a 1% do PIB","og_url":"https:\/\/newblogs.correiobraziliense.com.br\/blog-da-rosana-hessel\/fitch-desempenho-economico-superior-do-brasil-nao-alivia-a-incerteza-fiscal\/","og_site_name":"Blog da Rosana Hessel","article_published_time":"2024-09-26T19:38:11+00:00","article_modified_time":"2024-09-26T22:30:40+00:00","og_image":[{"width":300,"height":200,"url":"http:\/\/newblogs.correiobraziliense.com.br\/blog-da-rosana-hessel\/wp-content\/uploads\/sites\/5\/2024\/09\/1_pib_capa-26354432-300x200-1.jpg","type":"image\/jpeg"}],"author":"Rosana Hessel","schema":{"@context":"https:\/\/schema.org","@graph":[{"@type":"Article","@id":"https:\/\/newblogs.correiobraziliense.com.br\/blog-da-rosana-hessel\/fitch-desempenho-economico-superior-do-brasil-nao-alivia-a-incerteza-fiscal\/#article","isPartOf":{"@id":"https:\/\/newblogs.correiobraziliense.com.br\/blog-da-rosana-hessel\/fitch-desempenho-economico-superior-do-brasil-nao-alivia-a-incerteza-fiscal\/"},"author":{"name":"Rosana Hessel","@id":"https:\/\/newblogs.correiobraziliense.com.br\/blog-da-rosana-hessel\/#\/schema\/person\/824cb3c631cf0d4056f75ca02599a930"},"headline":"Fitch: Desempenho econ\u00f4mico superior do Brasil n\u00e3o alivia a incerteza fiscal","datePublished":"2024-09-26T19:38:11+00:00","dateModified":"2024-09-26T22:30:40+00:00","mainEntityOfPage":{"@id":"https:\/\/newblogs.correiobraziliense.com.br\/blog-da-rosana-hessel\/fitch-desempenho-economico-superior-do-brasil-nao-alivia-a-incerteza-fiscal\/"},"wordCount":876,"image":{"@id":"https:\/\/newblogs.correiobraziliense.com.br\/blog-da-rosana-hessel\/fitch-desempenho-economico-superior-do-brasil-nao-alivia-a-incerteza-fiscal\/#primaryimage"},"thumbnailUrl":"https:\/\/newblogs.correiobraziliense.com.br\/blog-da-rosana-hessel\/wp-content\/uploads\/sites\/5\/2024\/09\/1_pib_capa-26354432-300x200-1.jpg","keywords":["contas p\u00fablicas","crescimento","Fitch","incertezas","PIB","Rombo fiscal"],"articleSection":["Macroeconomia"],"inLanguage":"pt-BR"},{"@type":"WebPage","@id":"https:\/\/newblogs.correiobraziliense.com.br\/blog-da-rosana-hessel\/fitch-desempenho-economico-superior-do-brasil-nao-alivia-a-incerteza-fiscal\/","url":"https:\/\/newblogs.correiobraziliense.com.br\/blog-da-rosana-hessel\/fitch-desempenho-economico-superior-do-brasil-nao-alivia-a-incerteza-fiscal\/","name":"Fitch: Desempenho econ\u00f4mico superior do Brasil n\u00e3o alivia a incerteza fiscal - Blog da Rosana Hessel","isPartOf":{"@id":"https:\/\/newblogs.correiobraziliense.com.br\/blog-da-rosana-hessel\/#website"},"primaryImageOfPage":{"@id":"https:\/\/newblogs.correiobraziliense.com.br\/blog-da-rosana-hessel\/fitch-desempenho-economico-superior-do-brasil-nao-alivia-a-incerteza-fiscal\/#primaryimage"},"image":{"@id":"https:\/\/newblogs.correiobraziliense.com.br\/blog-da-rosana-hessel\/fitch-desempenho-economico-superior-do-brasil-nao-alivia-a-incerteza-fiscal\/#primaryimage"},"thumbnailUrl":"https:\/\/newblogs.correiobraziliense.com.br\/blog-da-rosana-hessel\/wp-content\/uploads\/sites\/5\/2024\/09\/1_pib_capa-26354432-300x200-1.jpg","datePublished":"2024-09-26T19:38:11+00:00","dateModified":"2024-09-26T22:30:40+00:00","author":{"@id":"https:\/\/newblogs.correiobraziliense.com.br\/blog-da-rosana-hessel\/#\/schema\/person\/824cb3c631cf0d4056f75ca02599a930"},"description":"Em novo relat\u00f3rio, Fitch Rating, eleva previs\u00e3o de crescimento do Brasil neste ano, para 2,8%, mas tamb\u00e9m prev\u00ea rombo fiscal maior no ano que vem, chegando a 1% do PIB","breadcrumb":{"@id":"https:\/\/newblogs.correiobraziliense.com.br\/blog-da-rosana-hessel\/fitch-desempenho-economico-superior-do-brasil-nao-alivia-a-incerteza-fiscal\/#breadcrumb"},"inLanguage":"pt-BR","potentialAction":[{"@type":"ReadAction","target":["https:\/\/newblogs.correiobraziliense.com.br\/blog-da-rosana-hessel\/fitch-desempenho-economico-superior-do-brasil-nao-alivia-a-incerteza-fiscal\/"]}]},{"@type":"ImageObject","inLanguage":"pt-BR","@id":"https:\/\/newblogs.correiobraziliense.com.br\/blog-da-rosana-hessel\/fitch-desempenho-economico-superior-do-brasil-nao-alivia-a-incerteza-fiscal\/#primaryimage","url":"https:\/\/newblogs.correiobraziliense.com.br\/blog-da-rosana-hessel\/wp-content\/uploads\/sites\/5\/2024\/09\/1_pib_capa-26354432-300x200-1.jpg","contentUrl":"https:\/\/newblogs.correiobraziliense.com.br\/blog-da-rosana-hessel\/wp-content\/uploads\/sites\/5\/2024\/09\/1_pib_capa-26354432-300x200-1.jpg","width":300,"height":200},{"@type":"BreadcrumbList","@id":"https:\/\/newblogs.correiobraziliense.com.br\/blog-da-rosana-hessel\/fitch-desempenho-economico-superior-do-brasil-nao-alivia-a-incerteza-fiscal\/#breadcrumb","itemListElement":[{"@type":"ListItem","position":1,"name":"In\u00edcio","item":"https:\/\/newblogs.correiobraziliense.com.br\/blog-da-rosana-hessel\/"},{"@type":"ListItem","position":2,"name":"Fitch: Desempenho econ\u00f4mico superior do Brasil n\u00e3o alivia a incerteza fiscal"}]},{"@type":"WebSite","@id":"https:\/\/newblogs.correiobraziliense.com.br\/blog-da-rosana-hessel\/#website","url":"https:\/\/newblogs.correiobraziliense.com.br\/blog-da-rosana-hessel\/","name":"Blog da Rosana Hessel","description":"Not\u00edcias atualizadas e an\u00e1lises sobre economia. Acompanhe-nos para entender as tend\u00eancias e os impactos econ\u00f4micos que influenciam o seu dia a dia, tanto no Brasil quanto no exterior.","potentialAction":[{"@type":"SearchAction","target":{"@type":"EntryPoint","urlTemplate":"https:\/\/newblogs.correiobraziliense.com.br\/blog-da-rosana-hessel\/?s={search_term_string}"},"query-input":{"@type":"PropertyValueSpecification","valueRequired":true,"valueName":"search_term_string"}}],"inLanguage":"pt-BR"},{"@type":"Person","@id":"https:\/\/newblogs.correiobraziliense.com.br\/blog-da-rosana-hessel\/#\/schema\/person\/824cb3c631cf0d4056f75ca02599a930","name":"Rosana Hessel","image":{"@type":"ImageObject","inLanguage":"pt-BR","@id":"https:\/\/secure.gravatar.com\/avatar\/fe780cf1839cf10cd6d682fb080611e0d2a459b64be8a8781778109777fbcfd3?s=96&d=mm&r=g","url":"https:\/\/secure.gravatar.com\/avatar\/fe780cf1839cf10cd6d682fb080611e0d2a459b64be8a8781778109777fbcfd3?s=96&d=mm&r=g","contentUrl":"https:\/\/secure.gravatar.com\/avatar\/fe780cf1839cf10cd6d682fb080611e0d2a459b64be8a8781778109777fbcfd3?s=96&d=mm&r=g","caption":"Rosana Hessel"},"description":"Formada pela Pontif\u00edcia Universidade Cat\u00f3lica de S\u00e3o Paulo (PUC-SP), \u00e9 jornalista de economia desde 1995, quando passou a integrar o time da Gazeta Mercantil. Est\u00e1 sempre atr\u00e1s da boa informa\u00e7\u00e3o. Possui especializa\u00e7\u00e3o em economia pela FGV e MBA em Finan\u00e7as pela FIA-USP. Trabalha no Correio Braziliense desde 2010. Ganhou o Pr\u00eamio Esso de Jornalismo Econ\u00f4mico em 2014 e em 2015 com a equipe do Correio. Foi finalista entre os 50 jornalistas +Admirados da Imprensa de Economia, Neg\u00f3cios e Finan\u00e7as 2024, promovido pela Jornalistas&amp;Cia.","url":"https:\/\/newblogs.correiobraziliense.com.br\/blog-da-rosana-hessel\/author\/rosanahessel\/"}]}},"_links":{"self":[{"href":"https:\/\/newblogs.correiobraziliense.com.br\/blog-da-rosana-hessel\/wp-json\/wp\/v2\/posts\/31613","targetHints":{"allow":["GET"]}}],"collection":[{"href":"https:\/\/newblogs.correiobraziliense.com.br\/blog-da-rosana-hessel\/wp-json\/wp\/v2\/posts"}],"about":[{"href":"https:\/\/newblogs.correiobraziliense.com.br\/blog-da-rosana-hessel\/wp-json\/wp\/v2\/types\/post"}],"author":[{"embeddable":true,"href":"https:\/\/newblogs.correiobraziliense.com.br\/blog-da-rosana-hessel\/wp-json\/wp\/v2\/users\/10"}],"replies":[{"embeddable":true,"href":"https:\/\/newblogs.correiobraziliense.com.br\/blog-da-rosana-hessel\/wp-json\/wp\/v2\/comments?post=31613"}],"version-history":[{"count":10,"href":"https:\/\/newblogs.correiobraziliense.com.br\/blog-da-rosana-hessel\/wp-json\/wp\/v2\/posts\/31613\/revisions"}],"predecessor-version":[{"id":31623,"href":"https:\/\/newblogs.correiobraziliense.com.br\/blog-da-rosana-hessel\/wp-json\/wp\/v2\/posts\/31613\/revisions\/31623"}],"wp:featuredmedia":[{"embeddable":true,"href":"https:\/\/newblogs.correiobraziliense.com.br\/blog-da-rosana-hessel\/wp-json\/wp\/v2\/media\/31510"}],"wp:attachment":[{"href":"https:\/\/newblogs.correiobraziliense.com.br\/blog-da-rosana-hessel\/wp-json\/wp\/v2\/media?parent=31613"}],"wp:term":[{"taxonomy":"category","embeddable":true,"href":"https:\/\/newblogs.correiobraziliense.com.br\/blog-da-rosana-hessel\/wp-json\/wp\/v2\/categories?post=31613"},{"taxonomy":"post_tag","embeddable":true,"href":"https:\/\/newblogs.correiobraziliense.com.br\/blog-da-rosana-hessel\/wp-json\/wp\/v2\/tags?post=31613"}],"curies":[{"name":"wp","href":"https:\/\/api.w.org\/{rel}","templated":true}]}}