{"id":31602,"date":"2024-09-25T17:31:44","date_gmt":"2024-09-25T20:31:44","guid":{"rendered":"https:\/\/newblogs.correiobraziliense.com.br\/blog-da-rosana-hessel\/?p=31602"},"modified":"2024-09-25T17:31:45","modified_gmt":"2024-09-25T20:31:45","slug":"previa-da-inflacao-desacelera-mas-nao-muda-projecoes-para-alta-da-selic","status":"publish","type":"post","link":"https:\/\/newblogs.correiobraziliense.com.br\/blog-da-rosana-hessel\/previa-da-inflacao-desacelera-mas-nao-muda-projecoes-para-alta-da-selic\/","title":{"rendered":"Pr\u00e9via da infla\u00e7\u00e3o desacelera, mas n\u00e3o muda proje\u00e7\u00f5es para alta da Selic"},"content":{"rendered":"\n<p>A pr\u00e9via da infla\u00e7\u00e3o oficial divulgada, na manh\u00e3 desta quarta-feira (25\/9), pelo Instituto Brasileiro de Geografia e Estat\u00edstica (IBGE) desacelerou em rela\u00e7\u00e3o a agosto e ficou abaixo das expectativas do mercado. O dado foi positivo, mas n\u00e3o pode ser comemorado totalmente, porque ainda n\u00e3o reflete o custo de vida do m\u00eas de setembro. Al\u00e9m disso, como as expectativas para o \u00cdndice de Pre\u00e7os ao Consumidor Amplo (IPCA) ainda s\u00e3o crescentes, tanto para 2024 quanto para 2025, a tend\u00eancia \u00e9 de que o Banco Central, que come\u00e7ou a aumentar a taxa b\u00e1sica da economia (Selic), na semana passada, mantenha o ciclo de aperto monet\u00e1rio at\u00e9 o in\u00edcio do pr\u00f3ximo ano. <\/p>\n\n\n\n<p>De acordo com analistas, apesar de o Banco Central ter dado sinais duros na ata do Copom de que vai perseguir a meta de infla\u00e7\u00e3o at\u00e9 o primeiro semestre de 2026, o governo ainda precisa conquistar a confian\u00e7a do mercado, porque n\u00e3o apontou receitas recorrentes para cumprir as metas fiscais corretamente, o que preocupa quem acompanha com lupa as contas p\u00fablicas &#8212; o modus operandi \u00e9 sempre criar receitas extraordin\u00e1rias de todos os governos, seja de esquerda, seja de direita. E, al\u00e9m disso, ainda existem muitas incertezas pelo caminho, tanto no mercado dom\u00e9stico quanto no externo. Portanto, cautela ainda \u00e9 o melhor rem\u00e9dio.<\/p>\n\n\n\n<p>O IPCA-15 de setembro desacelerou em rela\u00e7\u00e3o ao do m\u00eas anterior, de 0,19% para 13%, conforme os dados do IBGE. A mediana das previs\u00f5es do mercado era de 0,28%. Apesar do indicador mais fraco, sete dos nove grupos pesquisados registraram alta ou estabilidade de pre\u00e7os e Habita\u00e7\u00e3o foi o com maior impacto, de 1,17 ponto percentual. Apenas dois grupos tiveram queda de pre\u00e7os: Transportes (-0,08%) e Despesas Pessoais (-0,04%). Enquanto a m\u00e9dia geral do indicador acumula alta em 12 meses at\u00e9 setembro de 4,12%, o grupo Alimentos e bebidas j\u00e1 tem uma varia\u00e7\u00e3o bem maior no mesmo per\u00edodo, de 5,22%, e \u00e9 o que mais impacta no bolso das fam\u00edlias mais pobres.<\/p>\n\n\n\n<p>Conforme informa\u00e7\u00f5es de analistas, contribu\u00edram para esse resultado os dados dos grupos intensivos de trabalho, como alimenta\u00e7\u00e3o fora e servi\u00e7os banc\u00e1rios abaixo do esperado. Al\u00e9m disso, servi\u00e7os automotivos tiveram defla\u00e7\u00e3o na leitura do IBGE. O grupo de servi\u00e7os como um todo tamb\u00e9m ficou abaixo e teve como elemento adicional de al\u00edvio alta menor em passagens a\u00e9reas, com o fim das f\u00e9rias escolares.<\/p>\n\n\n\n<p>\u201cHouve surpresa positiva tamb\u00e9m em bens industriais e nos pre\u00e7os administrados. O primeiro grupo teve como destaques defla\u00e7\u00e3o em etanol, roupas femininas e eletrodom\u00e9sticos. J\u00e1 o segundo grupo, teve alta menor em energia el\u00e9trica e defla\u00e7\u00e3o em gasolina\u201d, destacou o relat\u00f3rio dos economistas do Banco Daycoval liderado por Rafael Cardoso. Segundo ele, apesar da surpresa baixista na infla\u00e7\u00e3o logo ap\u00f3s a retomada do ciclo de alta dos juros pelo Comit\u00ea de Pol\u00edtica Monet\u00e1ria (Copom), do Banco Central, na semana passada, quando a taxa Selic subiu para 10,75% ao ano, foi concentrada \u201cem dados de atividade mais fortes e expectativas de infla\u00e7\u00e3o desancoradas\u201d, portanto, o resultado do IPCA-15, ainda que positivo, \u201cn\u00e3o deve abortar o ciclo de alta dos juros\u201d.<\/p>\n\n\n\n<p>Segundo relat\u00f3rio elaborado pela economista Andr\u00e9a Angelo, estrategista de infla\u00e7\u00e3o da Warren Investimentos, os dados do IPCA-15 de setembro foram mais fracos do que o esperado \u201cpor conta de itens pontuais, que devem ser devolvidos nas pr\u00f3ximas divulga\u00e7\u00f5es, mas tamb\u00e9m trouxe not\u00edcias boas na parte qualitativa\u201d. A economista prev\u00ea que, daqui para frente, dever\u00e1 haver piora na din\u00e2mica inflacion\u00e1ria refletindo condi\u00e7\u00f5es ainda favor\u00e1veis no mercado de trabalho que dever\u00e3o ir em linha com a din\u00e2mica da expectativa de alta da Selic subindo ao ritmo mais 0,25 ponto percentual nas pr\u00f3ximas reuni\u00f5es at\u00e9 janeiro de 2025, quando chegar\u00e1 a 11,50% ao ano. Pelas proje\u00e7\u00f5es da Warren, o IPCA dever\u00e1 encerrar o ano em 4,60%, acima do teto da meta, de 4,50% e, em 2025, passar\u00e1 para 4,20%<\/p>\n","protected":false},"excerpt":{"rendered":"<p>IPCA-15 de setembro sobe 0,13%, abaixo das proje\u00e7\u00f5es do mercado, mas analistas alertam para incertezas e mant\u00e9m expectativas de aumento nos juros<\/p>\n","protected":false},"author":10,"featured_media":30994,"comment_status":"closed","ping_status":"open","sticky":false,"template":"","format":"standard","meta":{"_acf_changed":false,"inline_featured_image":false,"footnotes":""},"categories":[1],"tags":[83,5,33,84],"class_list":["post-31602","post","type-post","status-publish","format-standard","has-post-thumbnail","hentry","category-sem-categoria","tag-copom","tag-ibge","tag-ipca","tag-selic"],"acf":[],"yoast_head":"<!-- This site is optimized with the Yoast SEO plugin v27.3 - https:\/\/yoast.com\/product\/yoast-seo-wordpress\/ -->\n<title>Pr\u00e9via da infla\u00e7\u00e3o desacelera, mas n\u00e3o muda proje\u00e7\u00f5es para alta da Selic - Blog da Rosana Hessel<\/title>\n<meta name=\"description\" content=\"IPCA-15 de setembro sobe 0,13%, abaixo das proje\u00e7\u00f5es do mercado, mas analistas alertam para incertezas e mant\u00e9m expectativas de aumento nos juros\" \/>\n<meta name=\"robots\" content=\"index, follow, max-snippet:-1, max-image-preview:large, max-video-preview:-1\" \/>\n<link rel=\"canonical\" href=\"https:\/\/newblogs.correiobraziliense.com.br\/blog-da-rosana-hessel\/previa-da-inflacao-desacelera-mas-nao-muda-projecoes-para-alta-da-selic\/\" \/>\n<meta property=\"og:locale\" content=\"pt_BR\" \/>\n<meta property=\"og:type\" content=\"article\" \/>\n<meta property=\"og:title\" content=\"Pr\u00e9via da infla\u00e7\u00e3o desacelera, mas n\u00e3o muda proje\u00e7\u00f5es para alta da Selic - Blog da Rosana Hessel\" \/>\n<meta property=\"og:description\" content=\"IPCA-15 de setembro sobe 0,13%, abaixo das proje\u00e7\u00f5es do mercado, mas analistas alertam para incertezas e mant\u00e9m expectativas de aumento nos juros\" \/>\n<meta property=\"og:url\" content=\"https:\/\/newblogs.correiobraziliense.com.br\/blog-da-rosana-hessel\/previa-da-inflacao-desacelera-mas-nao-muda-projecoes-para-alta-da-selic\/\" \/>\n<meta property=\"og:site_name\" content=\"Blog da Rosana Hessel\" \/>\n<meta property=\"article:published_time\" content=\"2024-09-25T20:31:44+00:00\" \/>\n<meta property=\"article:modified_time\" content=\"2024-09-25T20:31:45+00:00\" \/>\n<meta property=\"og:image\" content=\"http:\/\/newblogs.correiobraziliense.com.br\/blog-da-rosana-hessel\/wp-content\/uploads\/sites\/5\/2024\/07\/arteinflacao.jpeg\" \/>\n\t<meta property=\"og:image:width\" content=\"800\" \/>\n\t<meta property=\"og:image:height\" content=\"665\" \/>\n\t<meta property=\"og:image:type\" content=\"image\/jpeg\" \/>\n<meta name=\"author\" content=\"Rosana Hessel\" \/>\n<!-- \/ Yoast SEO plugin. -->","yoast_head_json":{"title":"Pr\u00e9via da infla\u00e7\u00e3o desacelera, mas n\u00e3o muda proje\u00e7\u00f5es para alta da Selic - Blog da Rosana Hessel","description":"IPCA-15 de setembro sobe 0,13%, abaixo das proje\u00e7\u00f5es do mercado, mas analistas alertam para incertezas e mant\u00e9m expectativas de aumento nos juros","robots":{"index":"index","follow":"follow","max-snippet":"max-snippet:-1","max-image-preview":"max-image-preview:large","max-video-preview":"max-video-preview:-1"},"canonical":"https:\/\/newblogs.correiobraziliense.com.br\/blog-da-rosana-hessel\/previa-da-inflacao-desacelera-mas-nao-muda-projecoes-para-alta-da-selic\/","og_locale":"pt_BR","og_type":"article","og_title":"Pr\u00e9via da infla\u00e7\u00e3o desacelera, mas n\u00e3o muda proje\u00e7\u00f5es para alta da Selic - Blog da Rosana Hessel","og_description":"IPCA-15 de setembro sobe 0,13%, abaixo das proje\u00e7\u00f5es do mercado, mas analistas alertam para incertezas e mant\u00e9m expectativas de aumento nos juros","og_url":"https:\/\/newblogs.correiobraziliense.com.br\/blog-da-rosana-hessel\/previa-da-inflacao-desacelera-mas-nao-muda-projecoes-para-alta-da-selic\/","og_site_name":"Blog da Rosana Hessel","article_published_time":"2024-09-25T20:31:44+00:00","article_modified_time":"2024-09-25T20:31:45+00:00","og_image":[{"width":800,"height":665,"url":"http:\/\/newblogs.correiobraziliense.com.br\/blog-da-rosana-hessel\/wp-content\/uploads\/sites\/5\/2024\/07\/arteinflacao.jpeg","type":"image\/jpeg"}],"author":"Rosana Hessel","schema":{"@context":"https:\/\/schema.org","@graph":[{"@type":"Article","@id":"https:\/\/newblogs.correiobraziliense.com.br\/blog-da-rosana-hessel\/previa-da-inflacao-desacelera-mas-nao-muda-projecoes-para-alta-da-selic\/#article","isPartOf":{"@id":"https:\/\/newblogs.correiobraziliense.com.br\/blog-da-rosana-hessel\/previa-da-inflacao-desacelera-mas-nao-muda-projecoes-para-alta-da-selic\/"},"author":{"name":"Rosana Hessel","@id":"https:\/\/newblogs.correiobraziliense.com.br\/blog-da-rosana-hessel\/#\/schema\/person\/824cb3c631cf0d4056f75ca02599a930"},"headline":"Pr\u00e9via da infla\u00e7\u00e3o desacelera, mas n\u00e3o muda proje\u00e7\u00f5es para alta da Selic","datePublished":"2024-09-25T20:31:44+00:00","dateModified":"2024-09-25T20:31:45+00:00","mainEntityOfPage":{"@id":"https:\/\/newblogs.correiobraziliense.com.br\/blog-da-rosana-hessel\/previa-da-inflacao-desacelera-mas-nao-muda-projecoes-para-alta-da-selic\/"},"wordCount":700,"image":{"@id":"https:\/\/newblogs.correiobraziliense.com.br\/blog-da-rosana-hessel\/previa-da-inflacao-desacelera-mas-nao-muda-projecoes-para-alta-da-selic\/#primaryimage"},"thumbnailUrl":"https:\/\/newblogs.correiobraziliense.com.br\/blog-da-rosana-hessel\/wp-content\/uploads\/sites\/5\/2024\/07\/arteinflacao.jpeg","keywords":["Copom","IBGE","IPCA","Selic"],"articleSection":["Macroeconomia"],"inLanguage":"pt-BR"},{"@type":"WebPage","@id":"https:\/\/newblogs.correiobraziliense.com.br\/blog-da-rosana-hessel\/previa-da-inflacao-desacelera-mas-nao-muda-projecoes-para-alta-da-selic\/","url":"https:\/\/newblogs.correiobraziliense.com.br\/blog-da-rosana-hessel\/previa-da-inflacao-desacelera-mas-nao-muda-projecoes-para-alta-da-selic\/","name":"Pr\u00e9via da infla\u00e7\u00e3o desacelera, mas n\u00e3o muda proje\u00e7\u00f5es para alta da Selic - Blog da Rosana Hessel","isPartOf":{"@id":"https:\/\/newblogs.correiobraziliense.com.br\/blog-da-rosana-hessel\/#website"},"primaryImageOfPage":{"@id":"https:\/\/newblogs.correiobraziliense.com.br\/blog-da-rosana-hessel\/previa-da-inflacao-desacelera-mas-nao-muda-projecoes-para-alta-da-selic\/#primaryimage"},"image":{"@id":"https:\/\/newblogs.correiobraziliense.com.br\/blog-da-rosana-hessel\/previa-da-inflacao-desacelera-mas-nao-muda-projecoes-para-alta-da-selic\/#primaryimage"},"thumbnailUrl":"https:\/\/newblogs.correiobraziliense.com.br\/blog-da-rosana-hessel\/wp-content\/uploads\/sites\/5\/2024\/07\/arteinflacao.jpeg","datePublished":"2024-09-25T20:31:44+00:00","dateModified":"2024-09-25T20:31:45+00:00","author":{"@id":"https:\/\/newblogs.correiobraziliense.com.br\/blog-da-rosana-hessel\/#\/schema\/person\/824cb3c631cf0d4056f75ca02599a930"},"description":"IPCA-15 de setembro sobe 0,13%, abaixo das proje\u00e7\u00f5es do mercado, mas analistas alertam para incertezas e mant\u00e9m expectativas de aumento nos juros","breadcrumb":{"@id":"https:\/\/newblogs.correiobraziliense.com.br\/blog-da-rosana-hessel\/previa-da-inflacao-desacelera-mas-nao-muda-projecoes-para-alta-da-selic\/#breadcrumb"},"inLanguage":"pt-BR","potentialAction":[{"@type":"ReadAction","target":["https:\/\/newblogs.correiobraziliense.com.br\/blog-da-rosana-hessel\/previa-da-inflacao-desacelera-mas-nao-muda-projecoes-para-alta-da-selic\/"]}]},{"@type":"ImageObject","inLanguage":"pt-BR","@id":"https:\/\/newblogs.correiobraziliense.com.br\/blog-da-rosana-hessel\/previa-da-inflacao-desacelera-mas-nao-muda-projecoes-para-alta-da-selic\/#primaryimage","url":"https:\/\/newblogs.correiobraziliense.com.br\/blog-da-rosana-hessel\/wp-content\/uploads\/sites\/5\/2024\/07\/arteinflacao.jpeg","contentUrl":"https:\/\/newblogs.correiobraziliense.com.br\/blog-da-rosana-hessel\/wp-content\/uploads\/sites\/5\/2024\/07\/arteinflacao.jpeg","width":800,"height":665},{"@type":"BreadcrumbList","@id":"https:\/\/newblogs.correiobraziliense.com.br\/blog-da-rosana-hessel\/previa-da-inflacao-desacelera-mas-nao-muda-projecoes-para-alta-da-selic\/#breadcrumb","itemListElement":[{"@type":"ListItem","position":1,"name":"In\u00edcio","item":"https:\/\/newblogs.correiobraziliense.com.br\/blog-da-rosana-hessel\/"},{"@type":"ListItem","position":2,"name":"Pr\u00e9via da infla\u00e7\u00e3o desacelera, mas n\u00e3o muda proje\u00e7\u00f5es para alta da Selic"}]},{"@type":"WebSite","@id":"https:\/\/newblogs.correiobraziliense.com.br\/blog-da-rosana-hessel\/#website","url":"https:\/\/newblogs.correiobraziliense.com.br\/blog-da-rosana-hessel\/","name":"Blog da Rosana Hessel","description":"Not\u00edcias atualizadas e an\u00e1lises sobre economia. Acompanhe-nos para entender as tend\u00eancias e os impactos econ\u00f4micos que influenciam o seu dia a dia, tanto no Brasil quanto no exterior.","potentialAction":[{"@type":"SearchAction","target":{"@type":"EntryPoint","urlTemplate":"https:\/\/newblogs.correiobraziliense.com.br\/blog-da-rosana-hessel\/?s={search_term_string}"},"query-input":{"@type":"PropertyValueSpecification","valueRequired":true,"valueName":"search_term_string"}}],"inLanguage":"pt-BR"},{"@type":"Person","@id":"https:\/\/newblogs.correiobraziliense.com.br\/blog-da-rosana-hessel\/#\/schema\/person\/824cb3c631cf0d4056f75ca02599a930","name":"Rosana Hessel","image":{"@type":"ImageObject","inLanguage":"pt-BR","@id":"https:\/\/secure.gravatar.com\/avatar\/fe780cf1839cf10cd6d682fb080611e0d2a459b64be8a8781778109777fbcfd3?s=96&d=mm&r=g","url":"https:\/\/secure.gravatar.com\/avatar\/fe780cf1839cf10cd6d682fb080611e0d2a459b64be8a8781778109777fbcfd3?s=96&d=mm&r=g","contentUrl":"https:\/\/secure.gravatar.com\/avatar\/fe780cf1839cf10cd6d682fb080611e0d2a459b64be8a8781778109777fbcfd3?s=96&d=mm&r=g","caption":"Rosana Hessel"},"description":"Formada pela Pontif\u00edcia Universidade Cat\u00f3lica de S\u00e3o Paulo (PUC-SP), \u00e9 jornalista de economia desde 1995, quando passou a integrar o time da Gazeta Mercantil. Est\u00e1 sempre atr\u00e1s da boa informa\u00e7\u00e3o. Possui especializa\u00e7\u00e3o em economia pela FGV e MBA em Finan\u00e7as pela FIA-USP. Trabalha no Correio Braziliense desde 2010. Ganhou o Pr\u00eamio Esso de Jornalismo Econ\u00f4mico em 2014 e em 2015 com a equipe do Correio. Foi finalista entre os 50 jornalistas +Admirados da Imprensa de Economia, Neg\u00f3cios e Finan\u00e7as 2024, promovido pela Jornalistas&amp;Cia.","url":"https:\/\/newblogs.correiobraziliense.com.br\/blog-da-rosana-hessel\/author\/rosanahessel\/"}]}},"_links":{"self":[{"href":"https:\/\/newblogs.correiobraziliense.com.br\/blog-da-rosana-hessel\/wp-json\/wp\/v2\/posts\/31602","targetHints":{"allow":["GET"]}}],"collection":[{"href":"https:\/\/newblogs.correiobraziliense.com.br\/blog-da-rosana-hessel\/wp-json\/wp\/v2\/posts"}],"about":[{"href":"https:\/\/newblogs.correiobraziliense.com.br\/blog-da-rosana-hessel\/wp-json\/wp\/v2\/types\/post"}],"author":[{"embeddable":true,"href":"https:\/\/newblogs.correiobraziliense.com.br\/blog-da-rosana-hessel\/wp-json\/wp\/v2\/users\/10"}],"replies":[{"embeddable":true,"href":"https:\/\/newblogs.correiobraziliense.com.br\/blog-da-rosana-hessel\/wp-json\/wp\/v2\/comments?post=31602"}],"version-history":[{"count":10,"href":"https:\/\/newblogs.correiobraziliense.com.br\/blog-da-rosana-hessel\/wp-json\/wp\/v2\/posts\/31602\/revisions"}],"predecessor-version":[{"id":31612,"href":"https:\/\/newblogs.correiobraziliense.com.br\/blog-da-rosana-hessel\/wp-json\/wp\/v2\/posts\/31602\/revisions\/31612"}],"wp:featuredmedia":[{"embeddable":true,"href":"https:\/\/newblogs.correiobraziliense.com.br\/blog-da-rosana-hessel\/wp-json\/wp\/v2\/media\/30994"}],"wp:attachment":[{"href":"https:\/\/newblogs.correiobraziliense.com.br\/blog-da-rosana-hessel\/wp-json\/wp\/v2\/media?parent=31602"}],"wp:term":[{"taxonomy":"category","embeddable":true,"href":"https:\/\/newblogs.correiobraziliense.com.br\/blog-da-rosana-hessel\/wp-json\/wp\/v2\/categories?post=31602"},{"taxonomy":"post_tag","embeddable":true,"href":"https:\/\/newblogs.correiobraziliense.com.br\/blog-da-rosana-hessel\/wp-json\/wp\/v2\/tags?post=31602"}],"curies":[{"name":"wp","href":"https:\/\/api.w.org\/{rel}","templated":true}]}}