{"id":31549,"date":"2024-09-03T11:49:34","date_gmt":"2024-09-03T14:49:34","guid":{"rendered":"https:\/\/newblogs.correiobraziliense.com.br\/blog-da-rosana-hessel\/?p=31549"},"modified":"2024-09-03T17:27:10","modified_gmt":"2024-09-03T20:27:10","slug":"com-alta-de-14-no-pib-brasil-fica-em-segundo-lugar-no-ranking-global","status":"publish","type":"post","link":"https:\/\/newblogs.correiobraziliense.com.br\/blog-da-rosana-hessel\/com-alta-de-14-no-pib-brasil-fica-em-segundo-lugar-no-ranking-global\/","title":{"rendered":"Com alta de 1,4% no PIB, Brasil fica em segundo lugar no ranking global"},"content":{"rendered":"\n<p>O crescimento de 1,4% do Produto Interno Bruto (PIB) do Brasil no segundo trimestre de 2024, na compara\u00e7\u00e3o com os primeiros tr\u00eas meses do ano, ou seja, na margem, colocou o Brasil na segunda posi\u00e7\u00e3o do ranking global elaborado pela Austin Rating com as economias que j\u00e1 divulgaram seus dados de PIB.<\/p>\n\n\n\n<p>A listagem elaborada pela ag\u00eancia brasileira de classifica\u00e7\u00e3o de risco, com 58 pa\u00edses, \u00e9 liderada pelo Peru, que registrou avan\u00e7o, na margem, de 2,4%, no PIB do segundo trimestre. O Brasil, em segundo lugar, empatado com Ar\u00e1bia Saudita e Noruega, apresentou crescimento de 1,4%, acima da m\u00e9dia geral, de 0,4%, e dos pa\u00edses do Brics \u2013 grupo das economias emergentes composto por Brasil, R\u00fassia, \u00cdndia, China e \u00c1frica do Sul \u2013, de 1,1%.<\/p>\n\n\n\n<p>De acordo com o economista-chefe da Austin, Alex Agostini, o desempenho do PIB brasileiro n\u00e3o teve uma surpresa pontual, mas ficou acima do esperado praticamente em todos os setores, com exce\u00e7\u00e3o da agropecu\u00e1ria, que apresentou queda de 2,3% na margem. \u201cA agropecu\u00e1ria veio fraca, como o esperado, por conta da entressafra no segundo trimestre, mas a ind\u00fastria (com alta de 1,8%) veio muito forte, assim como servi\u00e7os\u201d, destacou.&nbsp;Ele contou que a Austin revisou a previs\u00e3o de crescimento do PIB deste ano, passando de 1,9% para 2,8%. <\/p>\n\n\n\n<p><strong>Efeitos nos juros <\/strong><\/p>\n\n\n\n<p>Na avalia\u00e7\u00e3o de Alex Agostini, outra surpresa foi o crescimento dos investimentos, de 2,1% no segundo trimestre, que acabou refletindo a queda dos juros no in\u00edcio do ano. Ele lembrou que a quest\u00e3o dos gastos da administra\u00e7\u00e3o p\u00fablica, que cresceram no mesmo ritmo do consumo das fam\u00edlias,&nbsp;de 1,3% no segundo trimestre, podem fazer com que o Banco Central volte a aumentar os juros ainda neste m\u00eas.&nbsp;<\/p>\n\n\n\n<p>O Banco Central parou de cortar os juros e deixou a taxa b\u00e1sica da economia (Selic) est\u00e1vel em 10,50% ao ano nas duas \u00faltimas reuni\u00f5es do Comit\u00ea de Pol\u00edtica Monet\u00e1ria (Copom), em junho e em julho, diante da piora do quadro fiscal, principalmente. \u201cEsse resultado positivo e acima do esperado pode resultar em juros mais altos\u201d, alertou Agostini.<\/p>\n\n\n\n<p>Na avalia\u00e7\u00e3o do economista da Austin, o BC dever\u00e1 come\u00e7ar a aumentar os juros, ainda neste m\u00eas, na reuni\u00e3o dos dias 17 e 18. Ele prev\u00ea alta de 0,25 ponto percentual na Selic, &#8220;moderando a curva&#8221;. &#8220;Se come\u00e7ar com 0,50 ponto percentual, o Copom poder\u00e1 sinalizar que a situa\u00e7\u00e3o \u00e9 mais grave do que parece. A d\u00favida, ent\u00e3o, ser\u00e1 como os membros do comit\u00ea devem analisar esse cen\u00e1rio&#8221;, explicou. \u00a0Para Agostini, h\u00e1 fatores suficientes para a alta de juros chegar a 11,75% no fim deste ano, porque &#8220;o fiscal n\u00e3o est\u00e1 ajudando&#8221; e os diretores do BC ser\u00e3o obrigados a voltar a aumentar a taxa de juros.<\/p>\n\n\n\n<p><strong>Veja abaixo os cinco primeiros pa\u00edses do ranking da Austin:<\/strong><\/p>\n\n\n\n<p>Pa\u00eds     Taxa de crescimento no 2tri<\/p>\n\n\n\n<p>1\u00ba  Peru 2,4%<\/p>\n\n\n\n<p>2\u00ba  Ar\u00e1bia Saudita 1,4%<\/p>\n\n\n\n<p> Brasil 1,4%<\/p>\n\n\n\n<p> Noruega 1,4%<\/p>\n\n\n\n<p>3\u00ba  Irlanda 1,2% 4,9%<\/p>\n\n\n\n<p>4\u00ba  Holanda 1,0%<\/p>\n\n\n\n<p>5\u00ba  Indon\u00e9sia 0,9%<\/p>\n","protected":false},"excerpt":{"rendered":"<p>Alta de 1,4% do PIB no segundo trimestre coloca o Brasil na vice-lideran\u00e7a de ranking global, ao lado de Ar\u00e1bia Saudita e Noruega, segundo Austin <\/p>\n","protected":false},"author":10,"featured_media":0,"comment_status":"closed","ping_status":"open","sticky":false,"template":"","format":"standard","meta":{"_acf_changed":false,"inline_featured_image":false,"footnotes":""},"categories":[1],"tags":[9,39,7,1537,84],"class_list":["post-31549","post","type-post","status-publish","format-standard","hentry","category-sem-categoria","tag-austin-rating","tag-juros","tag-pib","tag-ranking-global","tag-selic"],"acf":[],"yoast_head":"<!-- This site is optimized with the Yoast SEO plugin v27.3 - https:\/\/yoast.com\/product\/yoast-seo-wordpress\/ -->\n<title>Com alta de 1,4% no PIB, Brasil fica em segundo lugar no ranking global - Blog da Rosana Hessel<\/title>\n<meta name=\"description\" content=\"Alta de 1,4% do PIB no segundo trimestre coloca o Brasil na vice-lideran\u00e7a de ranking global, ao lado de Ar\u00e1bia Saudita e Noruega, segundo Austin\" \/>\n<meta name=\"robots\" content=\"index, follow, max-snippet:-1, max-image-preview:large, max-video-preview:-1\" \/>\n<link rel=\"canonical\" href=\"https:\/\/newblogs.correiobraziliense.com.br\/blog-da-rosana-hessel\/com-alta-de-14-no-pib-brasil-fica-em-segundo-lugar-no-ranking-global\/\" \/>\n<meta property=\"og:locale\" content=\"pt_BR\" \/>\n<meta property=\"og:type\" content=\"article\" \/>\n<meta property=\"og:title\" content=\"Com alta de 1,4% no PIB, Brasil fica em segundo lugar no ranking global - Blog da Rosana Hessel\" \/>\n<meta property=\"og:description\" content=\"Alta de 1,4% do PIB no segundo trimestre coloca o Brasil na vice-lideran\u00e7a de ranking global, ao lado de Ar\u00e1bia Saudita e Noruega, segundo Austin\" \/>\n<meta property=\"og:url\" content=\"https:\/\/newblogs.correiobraziliense.com.br\/blog-da-rosana-hessel\/com-alta-de-14-no-pib-brasil-fica-em-segundo-lugar-no-ranking-global\/\" \/>\n<meta property=\"og:site_name\" content=\"Blog da Rosana Hessel\" \/>\n<meta property=\"article:published_time\" content=\"2024-09-03T14:49:34+00:00\" \/>\n<meta property=\"article:modified_time\" content=\"2024-09-03T20:27:10+00:00\" \/>\n<meta property=\"og:image\" content=\"http:\/\/newblogs.correiobraziliense.com.br\/blog-da-rosana-hessel\/wp-content\/uploads\/sites\/5\/2024\/09\/pibranking2tri24.jpg\" \/>\n\t<meta property=\"og:image:width\" content=\"1170\" \/>\n\t<meta property=\"og:image:height\" content=\"822\" \/>\n\t<meta property=\"og:image:type\" content=\"image\/jpeg\" \/>\n<meta name=\"author\" content=\"Rosana Hessel\" \/>\n<!-- \/ Yoast SEO plugin. -->","yoast_head_json":{"title":"Com alta de 1,4% no PIB, Brasil fica em segundo lugar no ranking global - Blog da Rosana Hessel","description":"Alta de 1,4% do PIB no segundo trimestre coloca o Brasil na vice-lideran\u00e7a de ranking global, ao lado de Ar\u00e1bia Saudita e Noruega, segundo Austin","robots":{"index":"index","follow":"follow","max-snippet":"max-snippet:-1","max-image-preview":"max-image-preview:large","max-video-preview":"max-video-preview:-1"},"canonical":"https:\/\/newblogs.correiobraziliense.com.br\/blog-da-rosana-hessel\/com-alta-de-14-no-pib-brasil-fica-em-segundo-lugar-no-ranking-global\/","og_locale":"pt_BR","og_type":"article","og_title":"Com alta de 1,4% no PIB, Brasil fica em segundo lugar no ranking global - Blog da Rosana Hessel","og_description":"Alta de 1,4% do PIB no segundo trimestre coloca o Brasil na vice-lideran\u00e7a de ranking global, ao lado de Ar\u00e1bia Saudita e Noruega, segundo Austin","og_url":"https:\/\/newblogs.correiobraziliense.com.br\/blog-da-rosana-hessel\/com-alta-de-14-no-pib-brasil-fica-em-segundo-lugar-no-ranking-global\/","og_site_name":"Blog da Rosana Hessel","article_published_time":"2024-09-03T14:49:34+00:00","article_modified_time":"2024-09-03T20:27:10+00:00","og_image":[{"width":1170,"height":822,"url":"http:\/\/newblogs.correiobraziliense.com.br\/blog-da-rosana-hessel\/wp-content\/uploads\/sites\/5\/2024\/09\/pibranking2tri24.jpg","type":"image\/jpeg"}],"author":"Rosana Hessel","schema":{"@context":"https:\/\/schema.org","@graph":[{"@type":"Article","@id":"https:\/\/newblogs.correiobraziliense.com.br\/blog-da-rosana-hessel\/com-alta-de-14-no-pib-brasil-fica-em-segundo-lugar-no-ranking-global\/#article","isPartOf":{"@id":"https:\/\/newblogs.correiobraziliense.com.br\/blog-da-rosana-hessel\/com-alta-de-14-no-pib-brasil-fica-em-segundo-lugar-no-ranking-global\/"},"author":{"name":"Rosana Hessel","@id":"https:\/\/newblogs.correiobraziliense.com.br\/blog-da-rosana-hessel\/#\/schema\/person\/824cb3c631cf0d4056f75ca02599a930"},"headline":"Com alta de 1,4% no PIB, Brasil fica em segundo lugar no ranking global","datePublished":"2024-09-03T14:49:34+00:00","dateModified":"2024-09-03T20:27:10+00:00","mainEntityOfPage":{"@id":"https:\/\/newblogs.correiobraziliense.com.br\/blog-da-rosana-hessel\/com-alta-de-14-no-pib-brasil-fica-em-segundo-lugar-no-ranking-global\/"},"wordCount":509,"keywords":["Austin Rating","juros","PIB","ranking global","Selic"],"articleSection":["Macroeconomia"],"inLanguage":"pt-BR"},{"@type":"WebPage","@id":"https:\/\/newblogs.correiobraziliense.com.br\/blog-da-rosana-hessel\/com-alta-de-14-no-pib-brasil-fica-em-segundo-lugar-no-ranking-global\/","url":"https:\/\/newblogs.correiobraziliense.com.br\/blog-da-rosana-hessel\/com-alta-de-14-no-pib-brasil-fica-em-segundo-lugar-no-ranking-global\/","name":"Com alta de 1,4% no PIB, Brasil fica em segundo lugar no ranking global - Blog da Rosana Hessel","isPartOf":{"@id":"https:\/\/newblogs.correiobraziliense.com.br\/blog-da-rosana-hessel\/#website"},"datePublished":"2024-09-03T14:49:34+00:00","dateModified":"2024-09-03T20:27:10+00:00","author":{"@id":"https:\/\/newblogs.correiobraziliense.com.br\/blog-da-rosana-hessel\/#\/schema\/person\/824cb3c631cf0d4056f75ca02599a930"},"description":"Alta de 1,4% do PIB no segundo trimestre coloca o Brasil na vice-lideran\u00e7a de ranking global, ao lado de Ar\u00e1bia Saudita e Noruega, segundo Austin","breadcrumb":{"@id":"https:\/\/newblogs.correiobraziliense.com.br\/blog-da-rosana-hessel\/com-alta-de-14-no-pib-brasil-fica-em-segundo-lugar-no-ranking-global\/#breadcrumb"},"inLanguage":"pt-BR","potentialAction":[{"@type":"ReadAction","target":["https:\/\/newblogs.correiobraziliense.com.br\/blog-da-rosana-hessel\/com-alta-de-14-no-pib-brasil-fica-em-segundo-lugar-no-ranking-global\/"]}]},{"@type":"BreadcrumbList","@id":"https:\/\/newblogs.correiobraziliense.com.br\/blog-da-rosana-hessel\/com-alta-de-14-no-pib-brasil-fica-em-segundo-lugar-no-ranking-global\/#breadcrumb","itemListElement":[{"@type":"ListItem","position":1,"name":"In\u00edcio","item":"https:\/\/newblogs.correiobraziliense.com.br\/blog-da-rosana-hessel\/"},{"@type":"ListItem","position":2,"name":"Com alta de 1,4% no PIB, Brasil fica em segundo lugar no ranking global"}]},{"@type":"WebSite","@id":"https:\/\/newblogs.correiobraziliense.com.br\/blog-da-rosana-hessel\/#website","url":"https:\/\/newblogs.correiobraziliense.com.br\/blog-da-rosana-hessel\/","name":"Blog da Rosana Hessel","description":"Not\u00edcias atualizadas e an\u00e1lises sobre economia. Acompanhe-nos para entender as tend\u00eancias e os impactos econ\u00f4micos que influenciam o seu dia a dia, tanto no Brasil quanto no exterior.","potentialAction":[{"@type":"SearchAction","target":{"@type":"EntryPoint","urlTemplate":"https:\/\/newblogs.correiobraziliense.com.br\/blog-da-rosana-hessel\/?s={search_term_string}"},"query-input":{"@type":"PropertyValueSpecification","valueRequired":true,"valueName":"search_term_string"}}],"inLanguage":"pt-BR"},{"@type":"Person","@id":"https:\/\/newblogs.correiobraziliense.com.br\/blog-da-rosana-hessel\/#\/schema\/person\/824cb3c631cf0d4056f75ca02599a930","name":"Rosana Hessel","image":{"@type":"ImageObject","inLanguage":"pt-BR","@id":"https:\/\/secure.gravatar.com\/avatar\/fe780cf1839cf10cd6d682fb080611e0d2a459b64be8a8781778109777fbcfd3?s=96&d=mm&r=g","url":"https:\/\/secure.gravatar.com\/avatar\/fe780cf1839cf10cd6d682fb080611e0d2a459b64be8a8781778109777fbcfd3?s=96&d=mm&r=g","contentUrl":"https:\/\/secure.gravatar.com\/avatar\/fe780cf1839cf10cd6d682fb080611e0d2a459b64be8a8781778109777fbcfd3?s=96&d=mm&r=g","caption":"Rosana Hessel"},"description":"Formada pela Pontif\u00edcia Universidade Cat\u00f3lica de S\u00e3o Paulo (PUC-SP), \u00e9 jornalista de economia desde 1995, quando passou a integrar o time da Gazeta Mercantil. Est\u00e1 sempre atr\u00e1s da boa informa\u00e7\u00e3o. Possui especializa\u00e7\u00e3o em economia pela FGV e MBA em Finan\u00e7as pela FIA-USP. Trabalha no Correio Braziliense desde 2010. Ganhou o Pr\u00eamio Esso de Jornalismo Econ\u00f4mico em 2014 e em 2015 com a equipe do Correio. Foi finalista entre os 50 jornalistas +Admirados da Imprensa de Economia, Neg\u00f3cios e Finan\u00e7as 2024, promovido pela Jornalistas&amp;Cia.","url":"https:\/\/newblogs.correiobraziliense.com.br\/blog-da-rosana-hessel\/author\/rosanahessel\/"}]}},"_links":{"self":[{"href":"https:\/\/newblogs.correiobraziliense.com.br\/blog-da-rosana-hessel\/wp-json\/wp\/v2\/posts\/31549","targetHints":{"allow":["GET"]}}],"collection":[{"href":"https:\/\/newblogs.correiobraziliense.com.br\/blog-da-rosana-hessel\/wp-json\/wp\/v2\/posts"}],"about":[{"href":"https:\/\/newblogs.correiobraziliense.com.br\/blog-da-rosana-hessel\/wp-json\/wp\/v2\/types\/post"}],"author":[{"embeddable":true,"href":"https:\/\/newblogs.correiobraziliense.com.br\/blog-da-rosana-hessel\/wp-json\/wp\/v2\/users\/10"}],"replies":[{"embeddable":true,"href":"https:\/\/newblogs.correiobraziliense.com.br\/blog-da-rosana-hessel\/wp-json\/wp\/v2\/comments?post=31549"}],"version-history":[{"count":10,"href":"https:\/\/newblogs.correiobraziliense.com.br\/blog-da-rosana-hessel\/wp-json\/wp\/v2\/posts\/31549\/revisions"}],"predecessor-version":[{"id":31569,"href":"https:\/\/newblogs.correiobraziliense.com.br\/blog-da-rosana-hessel\/wp-json\/wp\/v2\/posts\/31549\/revisions\/31569"}],"wp:attachment":[{"href":"https:\/\/newblogs.correiobraziliense.com.br\/blog-da-rosana-hessel\/wp-json\/wp\/v2\/media?parent=31549"}],"wp:term":[{"taxonomy":"category","embeddable":true,"href":"https:\/\/newblogs.correiobraziliense.com.br\/blog-da-rosana-hessel\/wp-json\/wp\/v2\/categories?post=31549"},{"taxonomy":"post_tag","embeddable":true,"href":"https:\/\/newblogs.correiobraziliense.com.br\/blog-da-rosana-hessel\/wp-json\/wp\/v2\/tags?post=31549"}],"curies":[{"name":"wp","href":"https:\/\/api.w.org\/{rel}","templated":true}]}}