{"id":31481,"date":"2024-08-28T19:43:21","date_gmt":"2024-08-28T22:43:21","guid":{"rendered":"https:\/\/newblogs.correiobraziliense.com.br\/blog-da-rosana-hessel\/?p=31481"},"modified":"2024-08-29T14:36:56","modified_gmt":"2024-08-29T17:36:56","slug":"indicacao-de-galipolo-para-a-presidencia-do-bc-e-elogiada-por-setor-bancario","status":"publish","type":"post","link":"https:\/\/newblogs.correiobraziliense.com.br\/blog-da-rosana-hessel\/indicacao-de-galipolo-para-a-presidencia-do-bc-e-elogiada-por-setor-bancario\/","title":{"rendered":"Indica\u00e7\u00e3o de Gal\u00edpolo para a presid\u00eancia do BC \u00e9 elogiada por setor financeiro"},"content":{"rendered":"\n<p>A escolha do presidente Luiz In\u00e1cio Lula da Silva (PT) do nome do diretor de Pol\u00edtica Monet\u00e1ria do Banco Central, Gabriel Gal\u00edpolo, para presidir a institui\u00e7\u00e3o a partir de janeiro de 2025, no lugar de Roberto Campos Neto, foco de desafetos do petista, era esperada pelo mercado financeiro e foi elogiada por executivos do setor banc\u00e1rio. <\/p>\n\n\n\n<p>Para Luiz Carlos Trabuco Cappi, presidente do Conselho de Administra\u00e7\u00e3o do Bradesco, as qualidades t\u00e9cnicas de Gal\u00edpolo foram comprovadas em sua gest\u00e3o \u00e0 frente da diretoria de Pol\u00edtica Monet\u00e1ria do Banco Central. \u201cPelas declara\u00e7\u00f5es e a\u00e7\u00f5es, Gal\u00edpolo demonstra ser um homem de vis\u00e3o ampla, preocupado com o bem maior da economia e da na\u00e7\u00e3o\u201d, disse Trabuco, em nota divulgada pela assessoria da institui\u00e7\u00e3o financeira. A expectativa dele \u00e9 que o economista exercer\u00e1 uma &#8220;gest\u00e3o vitoriosa em sua miss\u00e3o principal de manter a infla\u00e7\u00e3o sob controle, com a vis\u00e3o ampliada das circunst\u00e2ncias de um Banco Central que tem papel fundamental na forma\u00e7\u00e3o da estabilidade dos mercados&#8221;. &#8220;Com seu temperamento sereno, Gal\u00edpolo exercer\u00e1 papel decisivo para um Banco Central tempestivo e respons\u00e1vel\u201d, acrescentou o ex-presidente do Bradesco.&nbsp;<\/p>\n\n\n\n<p>Marcelo Noronha, principal executivo (CEO) do Bradesco, tamb\u00e9m elogiou Gal\u00edpolo e ressaltou que a indica\u00e7\u00e3o dele para comandar o BC \u201cconfirma as melhores expectativas do mercado, dentro de um processo de transi\u00e7\u00e3o realizado com seguran\u00e7a e tranquilidade\u201d \u00e0 frente de um Banco Central aut\u00f4nomo e com gest\u00e3o independente ao mandato governamental. <\/p>\n\n\n\n<p>\u201cNo cargo de diretor de Pol\u00edtica Monet\u00e1ria, Gal\u00edpolo j\u00e1 demonstrou compet\u00eancia t\u00e9cnica e capacidade de interlocu\u00e7\u00e3o com os mais diferentes segmentos econ\u00f4micos, o que ser\u00e1 fundamental para fortalecer o instituto do Banco Central aut\u00f4nomo. A nossa expectativa \u00e9 de uma condu\u00e7\u00e3o s\u00f3lida e robusta do Banco Central, seja do ponto de vista t\u00e9cnico, seja em rela\u00e7\u00e3o aos novos e complexos desafios que se imp\u00f5e no \u00e2mbito da regula\u00e7\u00e3o do sistema financeiro\u201d, destacou Noronha.<\/p>\n\n\n\n<p>O presidente da Federa\u00e7\u00e3o Brasileira de Bancos (Febraban), Isaac Sidney, cumprimentou o presidente Lula pela escolha de Gal\u00edpolo para comandar o Banco Central no pr\u00f3ximo ano e afirmou que v\u00ea a indica\u00e7\u00e3o &#8220;com muita tranquilidade e otimismo&#8221;.. <\/p>\n\n\n\n<p>Na avalia\u00e7\u00e3o Sidney, o fato de o diretor Gal\u00edpolo j\u00e1 fazer parte da diretoria do BC h\u00e1 mais de um ano, participando de todas as discuss\u00f5es e decis\u00f5es sobre pol\u00edtica monet\u00e1ria, \u201cdeu a ele plenas condi\u00e7\u00f5es para assumir a presid\u00eancia da autoridade monet\u00e1ria\u201d. \u201cAl\u00e9m dos atributos que possui como economista, Gal\u00edpolo agregou toda essa viv\u00eancia, especialmente num per\u00edodo que foi muito rico em debates intensos sobre a condu\u00e7\u00e3o da pol\u00edtica monet\u00e1ria.&nbsp;Vejo que o Gal\u00edpolo teve um importante aprendizado nessa passagem pr\u00e9via pelo BC\u201d, destacou Sidney, que foi diretor do BC, em nota divulgada pela entidade. <\/p>\n\n\n\n<p>\u201cBasta ver os posicionamentos p\u00fablicos como diretor, em que tem demonstrado comprometimento com a condu\u00e7\u00e3o da pol\u00edtica monet\u00e1ria naquilo que \u00e9 ess\u00eancia de um BC independente: manter a estabilidade da moeda, condi\u00e7\u00e3o necess\u00e1ria para assegurar o poder de compra, al\u00e9m de previsibilidade e seguran\u00e7a para os agentes econ\u00f4micos tomarem decis\u00f5es\u201d, acrescentou o texto da Febraban.<\/p>\n\n\n\n<p>Antes de assumir a diretoria de Pol\u00edtica Monet\u00e1ria do BC, <a href=\"https:\/\/www.correiobraziliense.com.br\/economia\/2024\/08\/6929860-gabriel-galipolo-quem-e-o-economista-indicado-a-presidencia-do-banco-central.html\">Gabriel Gal\u00edpolo foi o n\u00famero secret\u00e1rio-executivo do ministro da Fazenda, Fernando Haddad,<\/a> e tem bom tr\u00e2nsito entre os parlamentares do Congresso. Ao lado de Haddad, no Pal\u00e1cio do Planalto, Gal\u00edpolo agradeceu ao presidente Lula e ao ministro pela indica\u00e7\u00e3o. \u201c\u00c9 uma honra enorme e grande responsabilidade, e estou muito contente\u201d, disse.<\/p>\n\n\n\n<p>A Associa\u00e7\u00e3o Brasileira de Desenvolvimento (ABDE), por sua vez, desejou sucesso a Gal\u00edpolo no comando do Banco Central nas redes sociais. &#8220;A Associa\u00e7\u00e3o espera uma gest\u00e3o comprometida com o crescimento econ\u00f4mico e social do Brasil por meio de uma pol\u00edtica monet\u00e1ria justa e equilibrada&#8221;, comentou a postagem da entidade no X, antigo Twitter.<\/p>\n\n\n\n\n","protected":false},"excerpt":{"rendered":"<p>Presidentes do Bradesco e da Febraban elogiam escolha de Lula para a presid\u00eancia do Banco Central<\/p>\n","protected":false},"author":10,"featured_media":31487,"comment_status":"closed","ping_status":"open","sticky":false,"template":"","format":"standard","meta":{"_acf_changed":false,"inline_featured_image":false,"footnotes":""},"categories":[1,1870],"tags":[82,1640,1940,1939,1058,1938,118,820],"class_list":["post-31481","post","type-post","status-publish","format-standard","has-post-thumbnail","hentry","category-sem-categoria","category-politica-monetaria","tag-banco-central","tag-bancos","tag-febraban","tag-galipolo","tag-haddad","tag-indicacao","tag-lula","tag-repercussao"],"acf":[],"yoast_head":"<!-- This site is optimized with the Yoast SEO plugin v27.3 - https:\/\/yoast.com\/product\/yoast-seo-wordpress\/ -->\n<title>Indica\u00e7\u00e3o de Gal\u00edpolo para a presid\u00eancia do BC \u00e9 elogiada por setor financeiro - Blog da Rosana Hessel<\/title>\n<meta name=\"description\" content=\"Presidentes do Bradesco e da Febraban elogiam escolha de Lula para a presid\u00eancia do Banco Central\" \/>\n<meta name=\"robots\" content=\"index, follow, max-snippet:-1, max-image-preview:large, max-video-preview:-1\" \/>\n<link rel=\"canonical\" href=\"https:\/\/newblogs.correiobraziliense.com.br\/blog-da-rosana-hessel\/indicacao-de-galipolo-para-a-presidencia-do-bc-e-elogiada-por-setor-bancario\/\" \/>\n<meta property=\"og:locale\" content=\"pt_BR\" \/>\n<meta property=\"og:type\" content=\"article\" \/>\n<meta property=\"og:title\" content=\"Indica\u00e7\u00e3o de Gal\u00edpolo para a presid\u00eancia do BC \u00e9 elogiada por setor financeiro - Blog da Rosana Hessel\" \/>\n<meta property=\"og:description\" content=\"Presidentes do Bradesco e da Febraban elogiam escolha de Lula para a presid\u00eancia do Banco Central\" \/>\n<meta property=\"og:url\" content=\"https:\/\/newblogs.correiobraziliense.com.br\/blog-da-rosana-hessel\/indicacao-de-galipolo-para-a-presidencia-do-bc-e-elogiada-por-setor-bancario\/\" \/>\n<meta property=\"og:site_name\" content=\"Blog da Rosana Hessel\" \/>\n<meta property=\"article:published_time\" content=\"2024-08-28T22:43:21+00:00\" \/>\n<meta property=\"article:modified_time\" content=\"2024-08-29T17:36:56+00:00\" \/>\n<meta property=\"og:image\" content=\"http:\/\/newblogs.correiobraziliense.com.br\/blog-da-rosana-hessel\/wp-content\/uploads\/sites\/5\/2024\/08\/gabriel_galipolo-28285132.jpg\" \/>\n\t<meta property=\"og:image:width\" content=\"777\" \/>\n\t<meta property=\"og:image:height\" content=\"465\" \/>\n\t<meta property=\"og:image:type\" content=\"image\/jpeg\" \/>\n<meta name=\"author\" content=\"Rosana Hessel\" \/>\n<!-- \/ Yoast SEO plugin. -->","yoast_head_json":{"title":"Indica\u00e7\u00e3o de Gal\u00edpolo para a presid\u00eancia do BC \u00e9 elogiada por setor financeiro - Blog da Rosana Hessel","description":"Presidentes do Bradesco e da Febraban elogiam escolha de Lula para a presid\u00eancia do Banco Central","robots":{"index":"index","follow":"follow","max-snippet":"max-snippet:-1","max-image-preview":"max-image-preview:large","max-video-preview":"max-video-preview:-1"},"canonical":"https:\/\/newblogs.correiobraziliense.com.br\/blog-da-rosana-hessel\/indicacao-de-galipolo-para-a-presidencia-do-bc-e-elogiada-por-setor-bancario\/","og_locale":"pt_BR","og_type":"article","og_title":"Indica\u00e7\u00e3o de Gal\u00edpolo para a presid\u00eancia do BC \u00e9 elogiada por setor financeiro - Blog da Rosana Hessel","og_description":"Presidentes do Bradesco e da Febraban elogiam escolha de Lula para a presid\u00eancia do Banco Central","og_url":"https:\/\/newblogs.correiobraziliense.com.br\/blog-da-rosana-hessel\/indicacao-de-galipolo-para-a-presidencia-do-bc-e-elogiada-por-setor-bancario\/","og_site_name":"Blog da Rosana Hessel","article_published_time":"2024-08-28T22:43:21+00:00","article_modified_time":"2024-08-29T17:36:56+00:00","og_image":[{"width":777,"height":465,"url":"http:\/\/newblogs.correiobraziliense.com.br\/blog-da-rosana-hessel\/wp-content\/uploads\/sites\/5\/2024\/08\/gabriel_galipolo-28285132.jpg","type":"image\/jpeg"}],"author":"Rosana Hessel","schema":{"@context":"https:\/\/schema.org","@graph":[{"@type":"Article","@id":"https:\/\/newblogs.correiobraziliense.com.br\/blog-da-rosana-hessel\/indicacao-de-galipolo-para-a-presidencia-do-bc-e-elogiada-por-setor-bancario\/#article","isPartOf":{"@id":"https:\/\/newblogs.correiobraziliense.com.br\/blog-da-rosana-hessel\/indicacao-de-galipolo-para-a-presidencia-do-bc-e-elogiada-por-setor-bancario\/"},"author":{"name":"Rosana Hessel","@id":"https:\/\/newblogs.correiobraziliense.com.br\/blog-da-rosana-hessel\/#\/schema\/person\/824cb3c631cf0d4056f75ca02599a930"},"headline":"Indica\u00e7\u00e3o de Gal\u00edpolo para a presid\u00eancia do BC \u00e9 elogiada por setor financeiro","datePublished":"2024-08-28T22:43:21+00:00","dateModified":"2024-08-29T17:36:56+00:00","mainEntityOfPage":{"@id":"https:\/\/newblogs.correiobraziliense.com.br\/blog-da-rosana-hessel\/indicacao-de-galipolo-para-a-presidencia-do-bc-e-elogiada-por-setor-bancario\/"},"wordCount":713,"image":{"@id":"https:\/\/newblogs.correiobraziliense.com.br\/blog-da-rosana-hessel\/indicacao-de-galipolo-para-a-presidencia-do-bc-e-elogiada-por-setor-bancario\/#primaryimage"},"thumbnailUrl":"https:\/\/newblogs.correiobraziliense.com.br\/blog-da-rosana-hessel\/wp-content\/uploads\/sites\/5\/2024\/08\/gabriel_galipolo-28285132.jpg","keywords":["Banco Central","Bancos","febraban","Gal\u00edpolo","Haddad","indica\u00e7\u00e3o","Lula","repercuss\u00e3o"],"articleSection":["Macroeconomia","Pol\u00edtica monet\u00e1ria"],"inLanguage":"pt-BR"},{"@type":"WebPage","@id":"https:\/\/newblogs.correiobraziliense.com.br\/blog-da-rosana-hessel\/indicacao-de-galipolo-para-a-presidencia-do-bc-e-elogiada-por-setor-bancario\/","url":"https:\/\/newblogs.correiobraziliense.com.br\/blog-da-rosana-hessel\/indicacao-de-galipolo-para-a-presidencia-do-bc-e-elogiada-por-setor-bancario\/","name":"Indica\u00e7\u00e3o de Gal\u00edpolo para a presid\u00eancia do BC \u00e9 elogiada por setor financeiro - Blog da Rosana Hessel","isPartOf":{"@id":"https:\/\/newblogs.correiobraziliense.com.br\/blog-da-rosana-hessel\/#website"},"primaryImageOfPage":{"@id":"https:\/\/newblogs.correiobraziliense.com.br\/blog-da-rosana-hessel\/indicacao-de-galipolo-para-a-presidencia-do-bc-e-elogiada-por-setor-bancario\/#primaryimage"},"image":{"@id":"https:\/\/newblogs.correiobraziliense.com.br\/blog-da-rosana-hessel\/indicacao-de-galipolo-para-a-presidencia-do-bc-e-elogiada-por-setor-bancario\/#primaryimage"},"thumbnailUrl":"https:\/\/newblogs.correiobraziliense.com.br\/blog-da-rosana-hessel\/wp-content\/uploads\/sites\/5\/2024\/08\/gabriel_galipolo-28285132.jpg","datePublished":"2024-08-28T22:43:21+00:00","dateModified":"2024-08-29T17:36:56+00:00","author":{"@id":"https:\/\/newblogs.correiobraziliense.com.br\/blog-da-rosana-hessel\/#\/schema\/person\/824cb3c631cf0d4056f75ca02599a930"},"description":"Presidentes do Bradesco e da Febraban elogiam escolha de Lula para a presid\u00eancia do Banco Central","breadcrumb":{"@id":"https:\/\/newblogs.correiobraziliense.com.br\/blog-da-rosana-hessel\/indicacao-de-galipolo-para-a-presidencia-do-bc-e-elogiada-por-setor-bancario\/#breadcrumb"},"inLanguage":"pt-BR","potentialAction":[{"@type":"ReadAction","target":["https:\/\/newblogs.correiobraziliense.com.br\/blog-da-rosana-hessel\/indicacao-de-galipolo-para-a-presidencia-do-bc-e-elogiada-por-setor-bancario\/"]}]},{"@type":"ImageObject","inLanguage":"pt-BR","@id":"https:\/\/newblogs.correiobraziliense.com.br\/blog-da-rosana-hessel\/indicacao-de-galipolo-para-a-presidencia-do-bc-e-elogiada-por-setor-bancario\/#primaryimage","url":"https:\/\/newblogs.correiobraziliense.com.br\/blog-da-rosana-hessel\/wp-content\/uploads\/sites\/5\/2024\/08\/gabriel_galipolo-28285132.jpg","contentUrl":"https:\/\/newblogs.correiobraziliense.com.br\/blog-da-rosana-hessel\/wp-content\/uploads\/sites\/5\/2024\/08\/gabriel_galipolo-28285132.jpg","width":777,"height":465},{"@type":"BreadcrumbList","@id":"https:\/\/newblogs.correiobraziliense.com.br\/blog-da-rosana-hessel\/indicacao-de-galipolo-para-a-presidencia-do-bc-e-elogiada-por-setor-bancario\/#breadcrumb","itemListElement":[{"@type":"ListItem","position":1,"name":"In\u00edcio","item":"https:\/\/newblogs.correiobraziliense.com.br\/blog-da-rosana-hessel\/"},{"@type":"ListItem","position":2,"name":"Indica\u00e7\u00e3o de Gal\u00edpolo para a presid\u00eancia do BC \u00e9 elogiada por setor financeiro"}]},{"@type":"WebSite","@id":"https:\/\/newblogs.correiobraziliense.com.br\/blog-da-rosana-hessel\/#website","url":"https:\/\/newblogs.correiobraziliense.com.br\/blog-da-rosana-hessel\/","name":"Blog da Rosana Hessel","description":"Not\u00edcias atualizadas e an\u00e1lises sobre economia. Acompanhe-nos para entender as tend\u00eancias e os impactos econ\u00f4micos que influenciam o seu dia a dia, tanto no Brasil quanto no exterior.","potentialAction":[{"@type":"SearchAction","target":{"@type":"EntryPoint","urlTemplate":"https:\/\/newblogs.correiobraziliense.com.br\/blog-da-rosana-hessel\/?s={search_term_string}"},"query-input":{"@type":"PropertyValueSpecification","valueRequired":true,"valueName":"search_term_string"}}],"inLanguage":"pt-BR"},{"@type":"Person","@id":"https:\/\/newblogs.correiobraziliense.com.br\/blog-da-rosana-hessel\/#\/schema\/person\/824cb3c631cf0d4056f75ca02599a930","name":"Rosana Hessel","image":{"@type":"ImageObject","inLanguage":"pt-BR","@id":"https:\/\/secure.gravatar.com\/avatar\/fe780cf1839cf10cd6d682fb080611e0d2a459b64be8a8781778109777fbcfd3?s=96&d=mm&r=g","url":"https:\/\/secure.gravatar.com\/avatar\/fe780cf1839cf10cd6d682fb080611e0d2a459b64be8a8781778109777fbcfd3?s=96&d=mm&r=g","contentUrl":"https:\/\/secure.gravatar.com\/avatar\/fe780cf1839cf10cd6d682fb080611e0d2a459b64be8a8781778109777fbcfd3?s=96&d=mm&r=g","caption":"Rosana Hessel"},"description":"Formada pela Pontif\u00edcia Universidade Cat\u00f3lica de S\u00e3o Paulo (PUC-SP), \u00e9 jornalista de economia desde 1995, quando passou a integrar o time da Gazeta Mercantil. Est\u00e1 sempre atr\u00e1s da boa informa\u00e7\u00e3o. Possui especializa\u00e7\u00e3o em economia pela FGV e MBA em Finan\u00e7as pela FIA-USP. Trabalha no Correio Braziliense desde 2010. Ganhou o Pr\u00eamio Esso de Jornalismo Econ\u00f4mico em 2014 e em 2015 com a equipe do Correio. Foi finalista entre os 50 jornalistas +Admirados da Imprensa de Economia, Neg\u00f3cios e Finan\u00e7as 2024, promovido pela Jornalistas&amp;Cia.","url":"https:\/\/newblogs.correiobraziliense.com.br\/blog-da-rosana-hessel\/author\/rosanahessel\/"}]}},"_links":{"self":[{"href":"https:\/\/newblogs.correiobraziliense.com.br\/blog-da-rosana-hessel\/wp-json\/wp\/v2\/posts\/31481","targetHints":{"allow":["GET"]}}],"collection":[{"href":"https:\/\/newblogs.correiobraziliense.com.br\/blog-da-rosana-hessel\/wp-json\/wp\/v2\/posts"}],"about":[{"href":"https:\/\/newblogs.correiobraziliense.com.br\/blog-da-rosana-hessel\/wp-json\/wp\/v2\/types\/post"}],"author":[{"embeddable":true,"href":"https:\/\/newblogs.correiobraziliense.com.br\/blog-da-rosana-hessel\/wp-json\/wp\/v2\/users\/10"}],"replies":[{"embeddable":true,"href":"https:\/\/newblogs.correiobraziliense.com.br\/blog-da-rosana-hessel\/wp-json\/wp\/v2\/comments?post=31481"}],"version-history":[{"count":9,"href":"https:\/\/newblogs.correiobraziliense.com.br\/blog-da-rosana-hessel\/wp-json\/wp\/v2\/posts\/31481\/revisions"}],"predecessor-version":[{"id":31495,"href":"https:\/\/newblogs.correiobraziliense.com.br\/blog-da-rosana-hessel\/wp-json\/wp\/v2\/posts\/31481\/revisions\/31495"}],"wp:featuredmedia":[{"embeddable":true,"href":"https:\/\/newblogs.correiobraziliense.com.br\/blog-da-rosana-hessel\/wp-json\/wp\/v2\/media\/31487"}],"wp:attachment":[{"href":"https:\/\/newblogs.correiobraziliense.com.br\/blog-da-rosana-hessel\/wp-json\/wp\/v2\/media?parent=31481"}],"wp:term":[{"taxonomy":"category","embeddable":true,"href":"https:\/\/newblogs.correiobraziliense.com.br\/blog-da-rosana-hessel\/wp-json\/wp\/v2\/categories?post=31481"},{"taxonomy":"post_tag","embeddable":true,"href":"https:\/\/newblogs.correiobraziliense.com.br\/blog-da-rosana-hessel\/wp-json\/wp\/v2\/tags?post=31481"}],"curies":[{"name":"wp","href":"https:\/\/api.w.org\/{rel}","templated":true}]}}