{"id":31437,"date":"2024-08-27T16:28:09","date_gmt":"2024-08-27T19:28:09","guid":{"rendered":"https:\/\/newblogs.correiobraziliense.com.br\/blog-da-rosana-hessel\/?p=31437"},"modified":"2024-08-28T12:07:19","modified_gmt":"2024-08-28T15:07:19","slug":"greve-de-servidores-do-tesouro-e-da-cgu-afeta-as-operacoes-do-proex-e-do-pronaf-e-a-auditoria-de-emendas-pix-segundo-unacon-sindical","status":"publish","type":"post","link":"https:\/\/newblogs.correiobraziliense.com.br\/blog-da-rosana-hessel\/greve-de-servidores-do-tesouro-e-da-cgu-afeta-as-operacoes-do-proex-e-do-pronaf-e-a-auditoria-de-emendas-pix-segundo-unacon-sindical\/","title":{"rendered":"Greve do Tesouro e da CGU afeta as opera\u00e7\u00f5es do Proex e do Pronaf e a auditoria de emendas Pix, segundo Unacon Sindical"},"content":{"rendered":"\n<p>A mobiliza\u00e7\u00e3o dos funcion\u00e1rios do Tesouro Nacional e da Controladoria-Geral da Uni\u00e3o (CGU), que intensificaram a opera\u00e7\u00e3o padr\u00e3o nesta semana &#8212; decisiva para a conclus\u00e3o do Projeto de Lei Or\u00e7ament\u00e1ria Anual (Ploa) de 2025 &#8211;, est\u00e1 deixando a equipe econ\u00f4mica tensa para a conclus\u00e3o do texto que precisar\u00e1 ser enviado ao Congresso Nacional at\u00e9 o pr\u00f3ximo dia 30.<\/p>\n\n\n\n<p>De acordo com Rudinei Marques, presidente da Unacon Sindical, entidade que re\u00fane os profissionais dos dois \u00f3rg\u00e3os de controle e finan\u00e7as, nesta ter\u00e7a-feira (27\/8), 70% dos detentores de cargos, inclusive, 11 coordenadores j\u00e1 pediram exonera\u00e7\u00e3o no Tesouro Nacional, \u00f3rg\u00e3o de grande import\u00e2ncia na elabora\u00e7\u00e3o dos c\u00e1lculos do Or\u00e7amento, juntamente com o Minist\u00e9rio do Planejamento e Or\u00e7amento (MPO). <\/p>\n\n\n\n<p>Em nota, a entidade informou que os funcion\u00e1rios do Tesouro e da CGU fazem greve de 24 horas e a mobiliza\u00e7\u00e3o tem impacto nas opera\u00e7\u00f5es do Programa de Financiamento \u00e0s Exporta\u00e7\u00f5es (Proex) e do Programa Nacional de Fortalecimento da Agricultura Familiar (Pronaf), assim como a auditoria das emendas Pix. Na sexta-feira (23\/8), em assembleia geral, os servidores dos dois \u00f3rg\u00e3os rejeitaram a proposta de reajuste feita pelo Minist\u00e9rio da Gest\u00e3o e da Inova\u00e7\u00e3o em Servi\u00e7os P\u00fablicos (MGI) e intensificaram a mobiliza\u00e7\u00e3o nesta semana.<\/p>\n\n\n\n<p>No Tesouro Nacional, de acordo com o comunicado, devido \u00e0 paralisa\u00e7\u00e3o dos servidores, o repasse de recursos ao est\u00e1 prejudicado a opera\u00e7\u00e3o do Pronaf e do Proex e tamb\u00e9m dificultar novas concess\u00f5es de cr\u00e9dito pelos bancos. Al\u00e9m disso, o \u00f3rg\u00e3o ligado ao Minist\u00e9rio da Fazenda vai atrasar as divulga\u00e7\u00f5es previstas para esta semana. O Tesouro n\u00e3o divulgar\u00e1 as contas do governo central (RTN) de julho, que estavam agendadas para quinta-feira (29\/8), e o Balan\u00e7o do Tesouro Direto (BTD), previsto para quarta-feira (28\/8). O Relat\u00f3rio Mensal da D\u00edvida (RMD) p\u00fablica, antes previsto para sair amanh\u00e3, tamb\u00e9m ser\u00e1 divulgado com atraso, devido a opera\u00e7\u00e3o padr\u00e3o dos servidores, acrescentou a nota da Unacon Sindical.<\/p>\n\n\n\n<p>Al\u00e9m da greve de 24h, os servidores aumentaram a press\u00e3o para que a CGU e o Tesouro publiquem as exonera\u00e7\u00f5es a pedido, segundo a nota do sindicato. At\u00e9 o momento, mais de 500 chefes, coordenadores-gerais, diretores e superintendentes j\u00e1 protocolaram a entrega dos seus cargos. No Tesouro Nacional, a entrega de cargos assinada e protocolada pelos servidores abrange mais de 70% do total.<\/p>\n\n\n\n<p>De acordo com Marques, a expectativa da mobiliza\u00e7\u00e3o \u00e9 tentar atrasar a divulga\u00e7\u00e3o do Or\u00e7amento, que \u00e9 elaborado pelos minist\u00e9rios da Fazenda, da Gest\u00e3o e do Planejamento, e pressionar para que o MGI reabra as negocia\u00e7\u00f5es com as categorias.<\/p>\n\n\n\n<p>Procurada, a assessoria do Tesouro Nacional informou que &#8220;acompanha com aten\u00e7\u00e3o a mobiliza\u00e7\u00e3o dos servidores da carreira de Finan\u00e7as e Controle e seus impactos nas atividades da institui\u00e7\u00e3o&#8221;. &#8220;No momento, os processos cr\u00edticos do \u00f3rg\u00e3o s\u00e3o realizados normalmente, mas h\u00e1 uma lentid\u00e3o nas demais atividades, resultando em um alongamento do cronograma de entrega de projetos e processos&nbsp;n\u00e3o&nbsp;cr\u00edticos&#8221;, acrescentou.<\/p>\n\n\n\n<p><strong>Emendas Pix<\/strong><\/p>\n\n\n\n<p>&#8220;Na CGU, tamb\u00e9m fica prejudicado o cumprimento do prazo estabelecido pelo ministro do Supremo Tribunal Federal (STF) Fl\u00e1vio Dino para que o \u00f3rg\u00e3o promova mudan\u00e7as no Portal da Transpar\u00eancia para apresentar de forma mais acess\u00edvel e simplificada as informa\u00e7\u00f5es sobre as emendas de comiss\u00e3o e as emendas de relator. O prazo para auditoria das emendas, tamb\u00e9m fixado pelo magistrado, ser\u00e1 impactado&#8221;, acrescentou a nota do sindicato enviada ao <strong>Blog<\/strong>. <\/p>\n\n\n\n<p>Segundo a entidade, &#8220;as equipes t\u00eam prazo para a entrega dos relat\u00f3rios at\u00e9 a quinta-feira (29\/8), mesmo tendo que ir a campo desfalcadas, em decorr\u00eancia da greve da carreira. &#8220;Acrescenta-se, ainda, que os poucos dias disponibilizados para os trabalhos, tamb\u00e9m incluem o tempo gasto com o deslocamento, o que reduz significativamente o tempo dispon\u00edvel para a realiza\u00e7\u00e3o das atividades de campo, e ainda mais para a elabora\u00e7\u00e3o de relat\u00f3rio, o que impacta a capacidade de verificar, adequadamente, as diversas obras inclu\u00eddas no escopo da auditoria&#8221;, destacou.<\/p>\n\n\n\n<p>A Unacon Sindical ainda ressaltou a necessidade &#8220;de uma revis\u00e3o nos procedimentos e prazos estabelecidos, garantindo condi\u00e7\u00f5es adequadas para que as equipes de auditoria possam realizar seu trabalho com a devida qualidade e precis\u00e3o&#8221;. &#8220;A aus\u00eancia de planejamento e a imposi\u00e7\u00e3o de prazos impratic\u00e1veis afetam diretamente a efic\u00e1cia das auditorias e a confian\u00e7a no trabalho realizado pela CGU.<\/p>\n\n\n\n<p>Em nota divulgada nesta ter\u00e7a-feira, a Associa\u00e7\u00e3o Nacional dos Servidores da Carreira de Planejamento e Or\u00e7amento (Assecor) mencionando <a href=\"https:\/\/www.correiobraziliense.com.br\/economia\/2024\/08\/6928435-greve-dos-servidores-do-tesouro-nacional-pode-atrasar-orcamento-de-2025.html\">a mat\u00e9ria publicada no <strong>Correio Braziliense <\/strong>sobre o risco de atraso no Or\u00e7amento<\/a>, a afirmou que &#8220;o Projeto de Lei Or\u00e7ament\u00e1ria da Uni\u00e3o para 2025 ser\u00e1 enviado normalmente ao Congresso Nacional&#8221;.<\/p>\n\n\n\n<p>&#8220;A complexidade dos processos de elabora\u00e7\u00e3o das leis or\u00e7ament\u00e1rias demanda participa\u00e7\u00e3o de praticamente todas as \u00e1reas de governo, em tarefas espec\u00edficas e bem delimitadas. Caso alguma \u00e1rea de governo atrase o envio de informa\u00e7\u00f5es, os Analistas e T\u00e9cnicos de Planejamento e Or\u00e7amento estar\u00e3o a postos para cumprir com as suas atribui\u00e7\u00f5es na condi\u00e7\u00e3o de carreira respons\u00e1vel pelas atividades de planejamento e or\u00e7amento do governo federal&#8221;, acrescentou a nota da Assecor. <\/p>\n\n\n\n<p>Na avalia\u00e7\u00e3o do presidente da Unacon Sindical, a Assecor saiu em defesa das pr\u00f3prias atribui\u00e7\u00f5es do Minist\u00e9rio do Planejamento e Or\u00e7amento. &#8220;Mas a Secretaria do Tesouro Nacional e o pr\u00f3prio Minist\u00e9rio da Fazenda t\u00eam um peso grande nessa rela\u00e7\u00e3o,\u00a0n\u00e3o\u00a0\u00e9\u00a0s\u00f3\u00a0o\u00a0MPO&#8221;, disse Marques, em entrevista ao <strong>Blog<\/strong>. Amanh\u00e3, \u00e0s 14h30, est\u00e1 prevista assembleia geral dos servidores do Tesouro e da CGU. <\/p>\n\n\n\n\n","protected":false},"excerpt":{"rendered":"<p>Com paralisa\u00e7\u00e3o de servidores do Tesouro Nacional e da CGU por 24 horas, foram afetadas, hoje, as opera\u00e7\u00f5es de cr\u00e9dito para agricultores e exportadores, assim como a auditoria das emendas Pix, segundo entidade<\/p>\n","protected":false},"author":10,"featured_media":31443,"comment_status":"closed","ping_status":"open","sticky":false,"template":"","format":"standard","meta":{"_acf_changed":false,"inline_featured_image":false,"footnotes":""},"categories":[1871,1,1929],"tags":[1930,1791,1932,1931,1927,1417,1246],"class_list":["post-31437","post","type-post","status-publish","format-standard","has-post-thumbnail","hentry","category-gestao","category-sem-categoria","category-orcamento","tag-cgu","tag-greve","tag-mobilizacao","tag-orcamento-de-2025","tag-ploa","tag-servidores","tag-tesouro-nacional"],"acf":[],"yoast_head":"<!-- This site is optimized with the Yoast SEO plugin v27.3 - https:\/\/yoast.com\/product\/yoast-seo-wordpress\/ -->\n<title>Greve do Tesouro e da CGU afeta as opera\u00e7\u00f5es do Proex e do Pronaf e a auditoria de emendas Pix, segundo Unacon Sindical - Blog da Rosana Hessel<\/title>\n<meta name=\"description\" content=\"Com paralisa\u00e7\u00e3o de servidores do Tesouro Nacional e da CGU por 24 horas, foram afetadas, hoje, as opera\u00e7\u00f5es de cr\u00e9dito para agricultores e exportadores, assim como a auditoria das emendas Pix, segundo entidade\" \/>\n<meta name=\"robots\" content=\"index, follow, max-snippet:-1, max-image-preview:large, max-video-preview:-1\" \/>\n<link rel=\"canonical\" href=\"https:\/\/newblogs.correiobraziliense.com.br\/blog-da-rosana-hessel\/greve-de-servidores-do-tesouro-e-da-cgu-afeta-as-operacoes-do-proex-e-do-pronaf-e-a-auditoria-de-emendas-pix-segundo-unacon-sindical\/\" \/>\n<meta property=\"og:locale\" content=\"pt_BR\" \/>\n<meta property=\"og:type\" content=\"article\" \/>\n<meta property=\"og:title\" content=\"Greve do Tesouro e da CGU afeta as opera\u00e7\u00f5es do Proex e do Pronaf e a auditoria de emendas Pix, segundo Unacon Sindical - Blog da Rosana Hessel\" \/>\n<meta property=\"og:description\" content=\"Com paralisa\u00e7\u00e3o de servidores do Tesouro Nacional e da CGU por 24 horas, foram afetadas, hoje, as opera\u00e7\u00f5es de cr\u00e9dito para agricultores e exportadores, assim como a auditoria das emendas Pix, segundo entidade\" \/>\n<meta property=\"og:url\" content=\"https:\/\/newblogs.correiobraziliense.com.br\/blog-da-rosana-hessel\/greve-de-servidores-do-tesouro-e-da-cgu-afeta-as-operacoes-do-proex-e-do-pronaf-e-a-auditoria-de-emendas-pix-segundo-unacon-sindical\/\" \/>\n<meta property=\"og:site_name\" content=\"Blog da Rosana Hessel\" \/>\n<meta property=\"article:published_time\" content=\"2024-08-27T19:28:09+00:00\" \/>\n<meta property=\"article:modified_time\" content=\"2024-08-28T15:07:19+00:00\" \/>\n<meta property=\"og:image\" content=\"https:\/\/newblogs.correiobraziliense.com.br\/blog-da-rosana-hessel\/wp-content\/uploads\/sites\/5\/2024\/08\/ministerio_da_fazenda-34588013.jpg\" \/>\n\t<meta property=\"og:image:width\" content=\"1200\" \/>\n\t<meta property=\"og:image:height\" content=\"900\" \/>\n\t<meta property=\"og:image:type\" content=\"image\/jpeg\" \/>\n<meta name=\"author\" content=\"Rosana Hessel\" \/>\n<!-- \/ Yoast SEO plugin. -->","yoast_head_json":{"title":"Greve do Tesouro e da CGU afeta as opera\u00e7\u00f5es do Proex e do Pronaf e a auditoria de emendas Pix, segundo Unacon Sindical - Blog da Rosana Hessel","description":"Com paralisa\u00e7\u00e3o de servidores do Tesouro Nacional e da CGU por 24 horas, foram afetadas, hoje, as opera\u00e7\u00f5es de cr\u00e9dito para agricultores e exportadores, assim como a auditoria das emendas Pix, segundo entidade","robots":{"index":"index","follow":"follow","max-snippet":"max-snippet:-1","max-image-preview":"max-image-preview:large","max-video-preview":"max-video-preview:-1"},"canonical":"https:\/\/newblogs.correiobraziliense.com.br\/blog-da-rosana-hessel\/greve-de-servidores-do-tesouro-e-da-cgu-afeta-as-operacoes-do-proex-e-do-pronaf-e-a-auditoria-de-emendas-pix-segundo-unacon-sindical\/","og_locale":"pt_BR","og_type":"article","og_title":"Greve do Tesouro e da CGU afeta as opera\u00e7\u00f5es do Proex e do Pronaf e a auditoria de emendas Pix, segundo Unacon Sindical - Blog da Rosana Hessel","og_description":"Com paralisa\u00e7\u00e3o de servidores do Tesouro Nacional e da CGU por 24 horas, foram afetadas, hoje, as opera\u00e7\u00f5es de cr\u00e9dito para agricultores e exportadores, assim como a auditoria das emendas Pix, segundo entidade","og_url":"https:\/\/newblogs.correiobraziliense.com.br\/blog-da-rosana-hessel\/greve-de-servidores-do-tesouro-e-da-cgu-afeta-as-operacoes-do-proex-e-do-pronaf-e-a-auditoria-de-emendas-pix-segundo-unacon-sindical\/","og_site_name":"Blog da Rosana Hessel","article_published_time":"2024-08-27T19:28:09+00:00","article_modified_time":"2024-08-28T15:07:19+00:00","og_image":[{"width":1200,"height":900,"url":"https:\/\/newblogs.correiobraziliense.com.br\/blog-da-rosana-hessel\/wp-content\/uploads\/sites\/5\/2024\/08\/ministerio_da_fazenda-34588013.jpg","type":"image\/jpeg"}],"author":"Rosana Hessel","schema":{"@context":"https:\/\/schema.org","@graph":[{"@type":"Article","@id":"https:\/\/newblogs.correiobraziliense.com.br\/blog-da-rosana-hessel\/greve-de-servidores-do-tesouro-e-da-cgu-afeta-as-operacoes-do-proex-e-do-pronaf-e-a-auditoria-de-emendas-pix-segundo-unacon-sindical\/#article","isPartOf":{"@id":"https:\/\/newblogs.correiobraziliense.com.br\/blog-da-rosana-hessel\/greve-de-servidores-do-tesouro-e-da-cgu-afeta-as-operacoes-do-proex-e-do-pronaf-e-a-auditoria-de-emendas-pix-segundo-unacon-sindical\/"},"author":{"name":"Rosana Hessel","@id":"https:\/\/newblogs.correiobraziliense.com.br\/blog-da-rosana-hessel\/#\/schema\/person\/824cb3c631cf0d4056f75ca02599a930"},"headline":"Greve do Tesouro e da CGU afeta as opera\u00e7\u00f5es do Proex e do Pronaf e a auditoria de emendas Pix, segundo Unacon Sindical","datePublished":"2024-08-27T19:28:09+00:00","dateModified":"2024-08-28T15:07:19+00:00","mainEntityOfPage":{"@id":"https:\/\/newblogs.correiobraziliense.com.br\/blog-da-rosana-hessel\/greve-de-servidores-do-tesouro-e-da-cgu-afeta-as-operacoes-do-proex-e-do-pronaf-e-a-auditoria-de-emendas-pix-segundo-unacon-sindical\/"},"wordCount":1005,"image":{"@id":"https:\/\/newblogs.correiobraziliense.com.br\/blog-da-rosana-hessel\/greve-de-servidores-do-tesouro-e-da-cgu-afeta-as-operacoes-do-proex-e-do-pronaf-e-a-auditoria-de-emendas-pix-segundo-unacon-sindical\/#primaryimage"},"thumbnailUrl":"https:\/\/newblogs.correiobraziliense.com.br\/blog-da-rosana-hessel\/wp-content\/uploads\/sites\/5\/2024\/08\/ministerio_da_fazenda-34588013.jpg","keywords":["CGU","greve","mobiliza\u00e7\u00e3o","Or\u00e7amento de 2025","Ploa","Servidores","Tesouro Nacional"],"articleSection":["Gest\u00e3o","Macroeconomia","OR\u00c7AMENTO"],"inLanguage":"pt-BR"},{"@type":"WebPage","@id":"https:\/\/newblogs.correiobraziliense.com.br\/blog-da-rosana-hessel\/greve-de-servidores-do-tesouro-e-da-cgu-afeta-as-operacoes-do-proex-e-do-pronaf-e-a-auditoria-de-emendas-pix-segundo-unacon-sindical\/","url":"https:\/\/newblogs.correiobraziliense.com.br\/blog-da-rosana-hessel\/greve-de-servidores-do-tesouro-e-da-cgu-afeta-as-operacoes-do-proex-e-do-pronaf-e-a-auditoria-de-emendas-pix-segundo-unacon-sindical\/","name":"Greve do Tesouro e da CGU afeta as opera\u00e7\u00f5es do Proex e do Pronaf e a auditoria de emendas Pix, segundo Unacon Sindical - Blog da Rosana Hessel","isPartOf":{"@id":"https:\/\/newblogs.correiobraziliense.com.br\/blog-da-rosana-hessel\/#website"},"primaryImageOfPage":{"@id":"https:\/\/newblogs.correiobraziliense.com.br\/blog-da-rosana-hessel\/greve-de-servidores-do-tesouro-e-da-cgu-afeta-as-operacoes-do-proex-e-do-pronaf-e-a-auditoria-de-emendas-pix-segundo-unacon-sindical\/#primaryimage"},"image":{"@id":"https:\/\/newblogs.correiobraziliense.com.br\/blog-da-rosana-hessel\/greve-de-servidores-do-tesouro-e-da-cgu-afeta-as-operacoes-do-proex-e-do-pronaf-e-a-auditoria-de-emendas-pix-segundo-unacon-sindical\/#primaryimage"},"thumbnailUrl":"https:\/\/newblogs.correiobraziliense.com.br\/blog-da-rosana-hessel\/wp-content\/uploads\/sites\/5\/2024\/08\/ministerio_da_fazenda-34588013.jpg","datePublished":"2024-08-27T19:28:09+00:00","dateModified":"2024-08-28T15:07:19+00:00","author":{"@id":"https:\/\/newblogs.correiobraziliense.com.br\/blog-da-rosana-hessel\/#\/schema\/person\/824cb3c631cf0d4056f75ca02599a930"},"description":"Com paralisa\u00e7\u00e3o de servidores do Tesouro Nacional e da CGU por 24 horas, foram afetadas, hoje, as opera\u00e7\u00f5es de cr\u00e9dito para agricultores e exportadores, assim como a auditoria das emendas Pix, segundo entidade","breadcrumb":{"@id":"https:\/\/newblogs.correiobraziliense.com.br\/blog-da-rosana-hessel\/greve-de-servidores-do-tesouro-e-da-cgu-afeta-as-operacoes-do-proex-e-do-pronaf-e-a-auditoria-de-emendas-pix-segundo-unacon-sindical\/#breadcrumb"},"inLanguage":"pt-BR","potentialAction":[{"@type":"ReadAction","target":["https:\/\/newblogs.correiobraziliense.com.br\/blog-da-rosana-hessel\/greve-de-servidores-do-tesouro-e-da-cgu-afeta-as-operacoes-do-proex-e-do-pronaf-e-a-auditoria-de-emendas-pix-segundo-unacon-sindical\/"]}]},{"@type":"ImageObject","inLanguage":"pt-BR","@id":"https:\/\/newblogs.correiobraziliense.com.br\/blog-da-rosana-hessel\/greve-de-servidores-do-tesouro-e-da-cgu-afeta-as-operacoes-do-proex-e-do-pronaf-e-a-auditoria-de-emendas-pix-segundo-unacon-sindical\/#primaryimage","url":"https:\/\/newblogs.correiobraziliense.com.br\/blog-da-rosana-hessel\/wp-content\/uploads\/sites\/5\/2024\/08\/ministerio_da_fazenda-34588013.jpg","contentUrl":"https:\/\/newblogs.correiobraziliense.com.br\/blog-da-rosana-hessel\/wp-content\/uploads\/sites\/5\/2024\/08\/ministerio_da_fazenda-34588013.jpg","width":1200,"height":900},{"@type":"BreadcrumbList","@id":"https:\/\/newblogs.correiobraziliense.com.br\/blog-da-rosana-hessel\/greve-de-servidores-do-tesouro-e-da-cgu-afeta-as-operacoes-do-proex-e-do-pronaf-e-a-auditoria-de-emendas-pix-segundo-unacon-sindical\/#breadcrumb","itemListElement":[{"@type":"ListItem","position":1,"name":"In\u00edcio","item":"https:\/\/newblogs.correiobraziliense.com.br\/blog-da-rosana-hessel\/"},{"@type":"ListItem","position":2,"name":"Greve do Tesouro e da CGU afeta as opera\u00e7\u00f5es do Proex e do Pronaf e a auditoria de emendas Pix, segundo Unacon Sindical"}]},{"@type":"WebSite","@id":"https:\/\/newblogs.correiobraziliense.com.br\/blog-da-rosana-hessel\/#website","url":"https:\/\/newblogs.correiobraziliense.com.br\/blog-da-rosana-hessel\/","name":"Blog da Rosana Hessel","description":"Not\u00edcias atualizadas e an\u00e1lises sobre economia. Acompanhe-nos para entender as tend\u00eancias e os impactos econ\u00f4micos que influenciam o seu dia a dia, tanto no Brasil quanto no exterior.","potentialAction":[{"@type":"SearchAction","target":{"@type":"EntryPoint","urlTemplate":"https:\/\/newblogs.correiobraziliense.com.br\/blog-da-rosana-hessel\/?s={search_term_string}"},"query-input":{"@type":"PropertyValueSpecification","valueRequired":true,"valueName":"search_term_string"}}],"inLanguage":"pt-BR"},{"@type":"Person","@id":"https:\/\/newblogs.correiobraziliense.com.br\/blog-da-rosana-hessel\/#\/schema\/person\/824cb3c631cf0d4056f75ca02599a930","name":"Rosana Hessel","image":{"@type":"ImageObject","inLanguage":"pt-BR","@id":"https:\/\/secure.gravatar.com\/avatar\/fe780cf1839cf10cd6d682fb080611e0d2a459b64be8a8781778109777fbcfd3?s=96&d=mm&r=g","url":"https:\/\/secure.gravatar.com\/avatar\/fe780cf1839cf10cd6d682fb080611e0d2a459b64be8a8781778109777fbcfd3?s=96&d=mm&r=g","contentUrl":"https:\/\/secure.gravatar.com\/avatar\/fe780cf1839cf10cd6d682fb080611e0d2a459b64be8a8781778109777fbcfd3?s=96&d=mm&r=g","caption":"Rosana Hessel"},"description":"Formada pela Pontif\u00edcia Universidade Cat\u00f3lica de S\u00e3o Paulo (PUC-SP), \u00e9 jornalista de economia desde 1995, quando passou a integrar o time da Gazeta Mercantil. Est\u00e1 sempre atr\u00e1s da boa informa\u00e7\u00e3o. Possui especializa\u00e7\u00e3o em economia pela FGV e MBA em Finan\u00e7as pela FIA-USP. Trabalha no Correio Braziliense desde 2010. Ganhou o Pr\u00eamio Esso de Jornalismo Econ\u00f4mico em 2014 e em 2015 com a equipe do Correio. Foi finalista entre os 50 jornalistas +Admirados da Imprensa de Economia, Neg\u00f3cios e Finan\u00e7as 2024, promovido pela Jornalistas&amp;Cia.","url":"https:\/\/newblogs.correiobraziliense.com.br\/blog-da-rosana-hessel\/author\/rosanahessel\/"}]}},"_links":{"self":[{"href":"https:\/\/newblogs.correiobraziliense.com.br\/blog-da-rosana-hessel\/wp-json\/wp\/v2\/posts\/31437","targetHints":{"allow":["GET"]}}],"collection":[{"href":"https:\/\/newblogs.correiobraziliense.com.br\/blog-da-rosana-hessel\/wp-json\/wp\/v2\/posts"}],"about":[{"href":"https:\/\/newblogs.correiobraziliense.com.br\/blog-da-rosana-hessel\/wp-json\/wp\/v2\/types\/post"}],"author":[{"embeddable":true,"href":"https:\/\/newblogs.correiobraziliense.com.br\/blog-da-rosana-hessel\/wp-json\/wp\/v2\/users\/10"}],"replies":[{"embeddable":true,"href":"https:\/\/newblogs.correiobraziliense.com.br\/blog-da-rosana-hessel\/wp-json\/wp\/v2\/comments?post=31437"}],"version-history":[{"count":16,"href":"https:\/\/newblogs.correiobraziliense.com.br\/blog-da-rosana-hessel\/wp-json\/wp\/v2\/posts\/31437\/revisions"}],"predecessor-version":[{"id":31475,"href":"https:\/\/newblogs.correiobraziliense.com.br\/blog-da-rosana-hessel\/wp-json\/wp\/v2\/posts\/31437\/revisions\/31475"}],"wp:featuredmedia":[{"embeddable":true,"href":"https:\/\/newblogs.correiobraziliense.com.br\/blog-da-rosana-hessel\/wp-json\/wp\/v2\/media\/31443"}],"wp:attachment":[{"href":"https:\/\/newblogs.correiobraziliense.com.br\/blog-da-rosana-hessel\/wp-json\/wp\/v2\/media?parent=31437"}],"wp:term":[{"taxonomy":"category","embeddable":true,"href":"https:\/\/newblogs.correiobraziliense.com.br\/blog-da-rosana-hessel\/wp-json\/wp\/v2\/categories?post=31437"},{"taxonomy":"post_tag","embeddable":true,"href":"https:\/\/newblogs.correiobraziliense.com.br\/blog-da-rosana-hessel\/wp-json\/wp\/v2\/tags?post=31437"}],"curies":[{"name":"wp","href":"https:\/\/api.w.org\/{rel}","templated":true}]}}