{"id":31407,"date":"2024-08-26T19:02:14","date_gmt":"2024-08-26T22:02:14","guid":{"rendered":"https:\/\/newblogs.correiobraziliense.com.br\/blog-da-rosana-hessel\/?p=31407"},"modified":"2024-08-27T15:48:14","modified_gmt":"2024-08-27T18:48:14","slug":"funcionarios-do-tesouro-intensificam-operacao-padrao-nesta-semana-e-podem-atrasar-ploa-de-2025","status":"publish","type":"post","link":"https:\/\/newblogs.correiobraziliense.com.br\/blog-da-rosana-hessel\/funcionarios-do-tesouro-intensificam-operacao-padrao-nesta-semana-e-podem-atrasar-ploa-de-2025\/","title":{"rendered":"Funcion\u00e1rios do Tesouro intensificam opera\u00e7\u00e3o padr\u00e3o nesta semana e podem atrasar Ploa de 2025"},"content":{"rendered":"\n<p>Ap\u00f3s recusarem a proposta do Minist\u00e9rio da Gest\u00e3o e da Inova\u00e7\u00e3o em Servi\u00e7os P\u00fablicos (MGI), na \u00faltima sexta-feira (23\/8), servidores do Tesouro Nacional e da Controladoria-Geral da Uni\u00e3o (CGU), intensificaram a opera\u00e7\u00e3o padr\u00e3o, nesta segunda-feira (26\/8), na reta final do envio do Projeto de Lei Or\u00e7ament\u00e1ria Anual&nbsp;(Ploa) de 2025. A pe\u00e7a or\u00e7ament\u00e1ria precisa ser enviada pelo Executivo ao Congresso Nacional at\u00e9 o dia 31 deste m\u00eas.<\/p>\n\n\n\n<p>Por enquanto, um dos efeitos dessa opera\u00e7\u00e3o padr\u00e3o mais intensa dever\u00e1 ser o atraso na divulga\u00e7\u00e3o dos relat\u00f3rios do Tesouro Nacional que estavam previstos para esta semana, como os dados da d\u00edvida p\u00fablica e do resultado fiscal do governo central, previstos para esta semana. Fontes, contudo, n\u00e3o confirmaram se os c\u00e1lculos or\u00e7ament\u00e1rios que costumam ser feitos pelos t\u00e9cnicos do \u00f3rg\u00e3o podem atrasar o Ploa. A entrega e a divulga\u00e7\u00e3o do Or\u00e7amento de 2025 est\u00e1 prevista para sexta-feira (30\/8) e, por enquanto, o cronograma n\u00e3o foi alterado.<\/p>\n\n\n\n<p>Contudo, de acordo com o presidente da Unacom Sindical, Rudinei Marques, a delibera\u00e7\u00e3o, agora, \u00e9 opera\u00e7\u00e3o padr\u00e3o m\u00e1xima e greve intermitente. &#8220;O Tesouro Nacional vai atrasar o m\u00e1ximo poss\u00edvel o Ploa, mas o governo vai pressionar. Vamos&nbsp;ver&nbsp;no&nbsp;que&nbsp;d\u00e1&#8221;, informou o sindicalista ao <strong>Blog<\/strong>.<\/p>\n\n\n\n<p>Segundo ele, haver\u00e1 mobiliza\u00e7\u00e3o dos servidores do Tesouro e da CGU nesta semana. E, nos dias 27 e 28, o comando de mobiliza\u00e7\u00e3o e de greve da entidade orienta a interrup\u00e7\u00e3o das atividades, sendo que, no dia 27, dever\u00e1 ser registrada &#8220;greve&#8221; nos sistemas eletr\u00f4nicos e, no dia 28, ser\u00e1 realizada nova assembleia.<\/p>\n\n\n\n<p>De acordo com o comunicado do comando, todos os  servidores ativos do Tesouro e da CGU dever\u00e3o elevar &#8220;ao m\u00e1ximo as atividades de opera\u00e7\u00e3o padr\u00e3o, aumentando o escrut\u00ednio no desempenho de suas atividades, com eventual prorroga\u00e7\u00e3o dos prazos estabelecidos e culminando no replanejamento das tarefas.  Em rela\u00e7\u00e3o \u00e0s viagens, a orienta\u00e7\u00e3o \u00e9: informar antecipadamente a indisponibilidade para viajar por motivo de ades\u00e3o \u00e0 greve; ou  n\u00e3o viajar sem o pagamento antecipado das di\u00e1rias.<\/p>\n\n\n\n<p><strong>Assembleia<\/strong><\/p>\n\n\n\n<p>A Unacon Sindical, entidade que re\u00fane os servidores das carreiras de de Finan\u00e7as e Controle da Administra\u00e7\u00e3o Federal, realizou assembleia geral, na \u00faltima sexta-feira (23\/8), e encaminhou uma carta ao secret\u00e1rio de Rela\u00e7\u00f5es de Trabalho do MGI, Jos\u00e9 Lopez Feij\u00f3o, recusando a proposta final da pasta e deliberou pela intensifica\u00e7\u00e3o da mobiliza\u00e7\u00e3o, que envolve entrega de cargos, opera\u00e7\u00e3o padr\u00e3o m\u00e1xima e at\u00e9 greve. Participaram da assembleia 2.776 servidores e, desse total, 1.303 votaram pela aceita\u00e7\u00e3o e 1462, pela rejei\u00e7\u00e3o da proposta do Minist\u00e9rio da Gest\u00e3o. Houve 11 absten\u00e7\u00f5es.<\/p>\n\n\n\n<p>De acordo com o presidente da entidade, a negocia\u00e7\u00e3o com o MGI tem sido bastante dif\u00edcil. \u201cPelo documento que encaminhamos para eles, a partir da assembleia, destacamos o tratamento desrespeitoso do secret\u00e1rio. Eles nos receberam em janeiro e, seis meses depois, deram uma devolutiva e disseram que era a proposta final, cheio de amea\u00e7as, sem possibilidade de negocia\u00e7\u00e3o\u201d, lamentou Marques. <\/p>\n\n\n\n<p>Na avalia\u00e7\u00e3o do sindicalista, muitas categorias se submeteram aos acordos diante do ultimato que foi dado pelo minist\u00e9rio para eles n\u00e3o ficarem sem nada de reajuste em 2025 e em 2026. \u201cTemos plena consci\u00eancia da import\u00e2ncia das nossas atribui\u00e7\u00f5es e n\u00e3o vamos deixar um secret\u00e1rio desqualificado exigir que se submeta a uma avalia\u00e7\u00e3o tosca da realidade\u201d, afirmou.&nbsp;<\/p>\n\n\n\n<p>A carta da Unacon Sindical encaminhada ao MGI destacou ainda que as pautas hist\u00f3ricas da carreira, como a exig\u00eancia de n\u00edvel superior para ingresso no cargo de T\u00e9cnicos Federais de Finan\u00e7as e Controle (TFFC) foram ignoradas &#8220;com motivos que atestam desconhecimento dessa Secretaria das atribui\u00e7\u00f5es e complexidade do cargo, e representam o descumprimento do Termo de Acordo n\u00ba 25, firmado em 22\/12\/2015 entre este Sindicato e a Uni\u00e3o\u201d. <\/p>\n\n\n\n<p>Al\u00e9m disso, o documento informou que houve \u201cimposi\u00e7\u00e3o do alongamento das tabelas da carreira de 13 para 20 n\u00edveis\u201d e \u201cda falta de uma discuss\u00e3o mais profunda sobre assimetrias remunerat\u00f3rias entre a Carreira de Finan\u00e7as e Controle, que atua em \u00e1reas estrat\u00e9gicas e essenciais ao Estado brasileiro e tem um papel fundamental na melhoria da qualidade do gasto p\u00fablico e no combate \u00e0 corrup\u00e7\u00e3o, e outras de igual complexidade\u201d.<\/p>\n\n\n\n<p><strong>Proposta do MGI<\/strong><\/p>\n\n\n\n<p>Procurado, o MGI informou que as entidades representativas dos Auditores e T\u00e9cnicos Federais de Finan\u00e7as e Controle \u201cparticiparam da mesa de negocia\u00e7\u00e3o tempor\u00e1ria e espec\u00edfica do chamado Ciclo de Gest\u00e3o, na qual todas as demais carreiras j\u00e1 assinaram acordo com o governo\u201d. Desde julho, a pasta vem negociando com os servidores um acordo de reajuste escalonado entre 2025 e 2026 a fim de incluir alguma previs\u00e3o no Ploa. As categorias que n\u00e3o fecharem os acordos, n\u00e3o ter\u00e3o reajuste salarial no ano que vem.<\/p>\n\n\n\n<p>De acordo com a pasta, \u201cpela proposta, o ganho acumulado aos servidores varia de 19,49% a 23% para o per\u00edodo de 2025 a 2026\u201d. \u201cO governo comunicou a todas as categorias que ainda avaliam as propostas de reestrutura\u00e7\u00e3o remunerat\u00f3ria que podem ficar de fora da previs\u00e3o para reajuste das carreiras em 2025. dada a urg\u00eancia de envio ao Congresso Nacional dos projetos de lei em conson\u00e2ncia com o Ploa, que deve ser encaminhado ao Congresso Nacional at\u00e9 31 de agosto\u201d, complementou a nota do MGI.<\/p>\n\n\n\n<p><strong>Novos acordos em curso<\/strong><\/p>\n\n\n\n<p>O MGI informou ainda que assinou, nesta segunda-feira (26\/8), o acordo com os servidores da Funda\u00e7\u00e3o Oswaldo Cruz (Fiocruz), concluindo 40 acordos com as categorias da Administra\u00e7\u00e3o Federal.&nbsp;Outras categorias, como as do Instituto Nacional do Seguro social (INSS), ainda n\u00e3o foram fechadas e, de acordo com o \u00f3rg\u00e3o, at\u00e9 amanh\u00e3, ser\u00e3o firmados acordos com outros dois \u00f3rg\u00e3os: Instituto Nacional da Propriedade Industrial (INPI) e do Instituto Nacional de Metrologia, Qualidade e Tecnologia (Inmetro).<\/p>\n\n\n\n\n\n\n\n\n\n\n\n\n","protected":false},"excerpt":{"rendered":"<p>Ap\u00f3s recusarem proposta do MGI, servidores do Tesouro Nacional e da CGU deliberam por intensificar opera\u00e7\u00e3o padr\u00e3o e podem atrasar entrega do Ploa de 2025<\/p>\n","protected":false},"author":10,"featured_media":30826,"comment_status":"closed","ping_status":"open","sticky":false,"template":"","format":"standard","meta":{"_acf_changed":false,"inline_featured_image":false,"footnotes":""},"categories":[1871,1929],"tags":[590,756,1414,1927,1417,1246,1928],"class_list":["post-31407","post","type-post","status-publish","format-standard","has-post-thumbnail","hentry","category-gestao","category-orcamento","tag-acordos","tag-mgi","tag-operacao-padrao","tag-ploa","tag-servidores","tag-tesouro-nacional","tag-unacon-sindical"],"acf":[],"yoast_head":"<!-- This site is optimized with the Yoast SEO plugin v27.3 - https:\/\/yoast.com\/product\/yoast-seo-wordpress\/ -->\n<title>Funcion\u00e1rios do Tesouro intensificam opera\u00e7\u00e3o padr\u00e3o nesta semana e podem atrasar Ploa de 2025 - Blog da Rosana Hessel<\/title>\n<meta name=\"description\" content=\"Ap\u00f3s recusarem proposta do MGI, servidores do Tesouro Nacional e da CGU deliberam por intensificar opera\u00e7\u00e3o padr\u00e3o e podem atrasar entrega do Ploa de 2025\" \/>\n<meta name=\"robots\" content=\"index, follow, max-snippet:-1, max-image-preview:large, max-video-preview:-1\" \/>\n<link rel=\"canonical\" href=\"https:\/\/newblogs.correiobraziliense.com.br\/blog-da-rosana-hessel\/funcionarios-do-tesouro-intensificam-operacao-padrao-nesta-semana-e-podem-atrasar-ploa-de-2025\/\" \/>\n<meta property=\"og:locale\" content=\"pt_BR\" \/>\n<meta property=\"og:type\" content=\"article\" \/>\n<meta property=\"og:title\" content=\"Funcion\u00e1rios do Tesouro intensificam opera\u00e7\u00e3o padr\u00e3o nesta semana e podem atrasar Ploa de 2025 - Blog da Rosana Hessel\" \/>\n<meta property=\"og:description\" content=\"Ap\u00f3s recusarem proposta do MGI, servidores do Tesouro Nacional e da CGU deliberam por intensificar opera\u00e7\u00e3o padr\u00e3o e podem atrasar entrega do Ploa de 2025\" \/>\n<meta property=\"og:url\" content=\"https:\/\/newblogs.correiobraziliense.com.br\/blog-da-rosana-hessel\/funcionarios-do-tesouro-intensificam-operacao-padrao-nesta-semana-e-podem-atrasar-ploa-de-2025\/\" \/>\n<meta property=\"og:site_name\" content=\"Blog da Rosana Hessel\" \/>\n<meta property=\"article:published_time\" content=\"2024-08-26T22:02:14+00:00\" \/>\n<meta property=\"article:modified_time\" content=\"2024-08-27T18:48:14+00:00\" \/>\n<meta property=\"og:image\" content=\"http:\/\/newblogs.correiobraziliense.com.br\/blog-da-rosana-hessel\/wp-content\/uploads\/sites\/5\/2024\/06\/esplanada.jpg\" \/>\n\t<meta property=\"og:image:width\" content=\"800\" \/>\n\t<meta property=\"og:image:height\" content=\"374\" \/>\n\t<meta property=\"og:image:type\" content=\"image\/jpeg\" \/>\n<meta name=\"author\" content=\"Rosana Hessel\" \/>\n<!-- \/ Yoast SEO plugin. -->","yoast_head_json":{"title":"Funcion\u00e1rios do Tesouro intensificam opera\u00e7\u00e3o padr\u00e3o nesta semana e podem atrasar Ploa de 2025 - Blog da Rosana Hessel","description":"Ap\u00f3s recusarem proposta do MGI, servidores do Tesouro Nacional e da CGU deliberam por intensificar opera\u00e7\u00e3o padr\u00e3o e podem atrasar entrega do Ploa de 2025","robots":{"index":"index","follow":"follow","max-snippet":"max-snippet:-1","max-image-preview":"max-image-preview:large","max-video-preview":"max-video-preview:-1"},"canonical":"https:\/\/newblogs.correiobraziliense.com.br\/blog-da-rosana-hessel\/funcionarios-do-tesouro-intensificam-operacao-padrao-nesta-semana-e-podem-atrasar-ploa-de-2025\/","og_locale":"pt_BR","og_type":"article","og_title":"Funcion\u00e1rios do Tesouro intensificam opera\u00e7\u00e3o padr\u00e3o nesta semana e podem atrasar Ploa de 2025 - Blog da Rosana Hessel","og_description":"Ap\u00f3s recusarem proposta do MGI, servidores do Tesouro Nacional e da CGU deliberam por intensificar opera\u00e7\u00e3o padr\u00e3o e podem atrasar entrega do Ploa de 2025","og_url":"https:\/\/newblogs.correiobraziliense.com.br\/blog-da-rosana-hessel\/funcionarios-do-tesouro-intensificam-operacao-padrao-nesta-semana-e-podem-atrasar-ploa-de-2025\/","og_site_name":"Blog da Rosana Hessel","article_published_time":"2024-08-26T22:02:14+00:00","article_modified_time":"2024-08-27T18:48:14+00:00","og_image":[{"width":800,"height":374,"url":"http:\/\/newblogs.correiobraziliense.com.br\/blog-da-rosana-hessel\/wp-content\/uploads\/sites\/5\/2024\/06\/esplanada.jpg","type":"image\/jpeg"}],"author":"Rosana Hessel","schema":{"@context":"https:\/\/schema.org","@graph":[{"@type":"Article","@id":"https:\/\/newblogs.correiobraziliense.com.br\/blog-da-rosana-hessel\/funcionarios-do-tesouro-intensificam-operacao-padrao-nesta-semana-e-podem-atrasar-ploa-de-2025\/#article","isPartOf":{"@id":"https:\/\/newblogs.correiobraziliense.com.br\/blog-da-rosana-hessel\/funcionarios-do-tesouro-intensificam-operacao-padrao-nesta-semana-e-podem-atrasar-ploa-de-2025\/"},"author":{"name":"Rosana Hessel","@id":"https:\/\/newblogs.correiobraziliense.com.br\/blog-da-rosana-hessel\/#\/schema\/person\/824cb3c631cf0d4056f75ca02599a930"},"headline":"Funcion\u00e1rios do Tesouro intensificam opera\u00e7\u00e3o padr\u00e3o nesta semana e podem atrasar Ploa de 2025","datePublished":"2024-08-26T22:02:14+00:00","dateModified":"2024-08-27T18:48:14+00:00","mainEntityOfPage":{"@id":"https:\/\/newblogs.correiobraziliense.com.br\/blog-da-rosana-hessel\/funcionarios-do-tesouro-intensificam-operacao-padrao-nesta-semana-e-podem-atrasar-ploa-de-2025\/"},"wordCount":1024,"image":{"@id":"https:\/\/newblogs.correiobraziliense.com.br\/blog-da-rosana-hessel\/funcionarios-do-tesouro-intensificam-operacao-padrao-nesta-semana-e-podem-atrasar-ploa-de-2025\/#primaryimage"},"thumbnailUrl":"https:\/\/newblogs.correiobraziliense.com.br\/blog-da-rosana-hessel\/wp-content\/uploads\/sites\/5\/2024\/06\/esplanada.jpg","keywords":["acordos","MGI","opera\u00e7\u00e3o padr\u00e3o","Ploa","Servidores","Tesouro Nacional","Unacon sindical"],"articleSection":["Gest\u00e3o","OR\u00c7AMENTO"],"inLanguage":"pt-BR"},{"@type":"WebPage","@id":"https:\/\/newblogs.correiobraziliense.com.br\/blog-da-rosana-hessel\/funcionarios-do-tesouro-intensificam-operacao-padrao-nesta-semana-e-podem-atrasar-ploa-de-2025\/","url":"https:\/\/newblogs.correiobraziliense.com.br\/blog-da-rosana-hessel\/funcionarios-do-tesouro-intensificam-operacao-padrao-nesta-semana-e-podem-atrasar-ploa-de-2025\/","name":"Funcion\u00e1rios do Tesouro intensificam opera\u00e7\u00e3o padr\u00e3o nesta semana e podem atrasar Ploa de 2025 - Blog da Rosana Hessel","isPartOf":{"@id":"https:\/\/newblogs.correiobraziliense.com.br\/blog-da-rosana-hessel\/#website"},"primaryImageOfPage":{"@id":"https:\/\/newblogs.correiobraziliense.com.br\/blog-da-rosana-hessel\/funcionarios-do-tesouro-intensificam-operacao-padrao-nesta-semana-e-podem-atrasar-ploa-de-2025\/#primaryimage"},"image":{"@id":"https:\/\/newblogs.correiobraziliense.com.br\/blog-da-rosana-hessel\/funcionarios-do-tesouro-intensificam-operacao-padrao-nesta-semana-e-podem-atrasar-ploa-de-2025\/#primaryimage"},"thumbnailUrl":"https:\/\/newblogs.correiobraziliense.com.br\/blog-da-rosana-hessel\/wp-content\/uploads\/sites\/5\/2024\/06\/esplanada.jpg","datePublished":"2024-08-26T22:02:14+00:00","dateModified":"2024-08-27T18:48:14+00:00","author":{"@id":"https:\/\/newblogs.correiobraziliense.com.br\/blog-da-rosana-hessel\/#\/schema\/person\/824cb3c631cf0d4056f75ca02599a930"},"description":"Ap\u00f3s recusarem proposta do MGI, servidores do Tesouro Nacional e da CGU deliberam por intensificar opera\u00e7\u00e3o padr\u00e3o e podem atrasar entrega do Ploa de 2025","breadcrumb":{"@id":"https:\/\/newblogs.correiobraziliense.com.br\/blog-da-rosana-hessel\/funcionarios-do-tesouro-intensificam-operacao-padrao-nesta-semana-e-podem-atrasar-ploa-de-2025\/#breadcrumb"},"inLanguage":"pt-BR","potentialAction":[{"@type":"ReadAction","target":["https:\/\/newblogs.correiobraziliense.com.br\/blog-da-rosana-hessel\/funcionarios-do-tesouro-intensificam-operacao-padrao-nesta-semana-e-podem-atrasar-ploa-de-2025\/"]}]},{"@type":"ImageObject","inLanguage":"pt-BR","@id":"https:\/\/newblogs.correiobraziliense.com.br\/blog-da-rosana-hessel\/funcionarios-do-tesouro-intensificam-operacao-padrao-nesta-semana-e-podem-atrasar-ploa-de-2025\/#primaryimage","url":"https:\/\/newblogs.correiobraziliense.com.br\/blog-da-rosana-hessel\/wp-content\/uploads\/sites\/5\/2024\/06\/esplanada.jpg","contentUrl":"https:\/\/newblogs.correiobraziliense.com.br\/blog-da-rosana-hessel\/wp-content\/uploads\/sites\/5\/2024\/06\/esplanada.jpg","width":800,"height":374,"caption":"07\/04\/2018. Credito: Breno Fortes\/CB\/D.A. Press. Brasil. Foto a\u00e9rea feita de drone da Esplanada dos Minist\u00e9rios."},{"@type":"BreadcrumbList","@id":"https:\/\/newblogs.correiobraziliense.com.br\/blog-da-rosana-hessel\/funcionarios-do-tesouro-intensificam-operacao-padrao-nesta-semana-e-podem-atrasar-ploa-de-2025\/#breadcrumb","itemListElement":[{"@type":"ListItem","position":1,"name":"In\u00edcio","item":"https:\/\/newblogs.correiobraziliense.com.br\/blog-da-rosana-hessel\/"},{"@type":"ListItem","position":2,"name":"Funcion\u00e1rios do Tesouro intensificam opera\u00e7\u00e3o padr\u00e3o nesta semana e podem atrasar Ploa de 2025"}]},{"@type":"WebSite","@id":"https:\/\/newblogs.correiobraziliense.com.br\/blog-da-rosana-hessel\/#website","url":"https:\/\/newblogs.correiobraziliense.com.br\/blog-da-rosana-hessel\/","name":"Blog da Rosana Hessel","description":"Not\u00edcias atualizadas e an\u00e1lises sobre economia. Acompanhe-nos para entender as tend\u00eancias e os impactos econ\u00f4micos que influenciam o seu dia a dia, tanto no Brasil quanto no exterior.","potentialAction":[{"@type":"SearchAction","target":{"@type":"EntryPoint","urlTemplate":"https:\/\/newblogs.correiobraziliense.com.br\/blog-da-rosana-hessel\/?s={search_term_string}"},"query-input":{"@type":"PropertyValueSpecification","valueRequired":true,"valueName":"search_term_string"}}],"inLanguage":"pt-BR"},{"@type":"Person","@id":"https:\/\/newblogs.correiobraziliense.com.br\/blog-da-rosana-hessel\/#\/schema\/person\/824cb3c631cf0d4056f75ca02599a930","name":"Rosana Hessel","image":{"@type":"ImageObject","inLanguage":"pt-BR","@id":"https:\/\/secure.gravatar.com\/avatar\/fe780cf1839cf10cd6d682fb080611e0d2a459b64be8a8781778109777fbcfd3?s=96&d=mm&r=g","url":"https:\/\/secure.gravatar.com\/avatar\/fe780cf1839cf10cd6d682fb080611e0d2a459b64be8a8781778109777fbcfd3?s=96&d=mm&r=g","contentUrl":"https:\/\/secure.gravatar.com\/avatar\/fe780cf1839cf10cd6d682fb080611e0d2a459b64be8a8781778109777fbcfd3?s=96&d=mm&r=g","caption":"Rosana Hessel"},"description":"Formada pela Pontif\u00edcia Universidade Cat\u00f3lica de S\u00e3o Paulo (PUC-SP), \u00e9 jornalista de economia desde 1995, quando passou a integrar o time da Gazeta Mercantil. Est\u00e1 sempre atr\u00e1s da boa informa\u00e7\u00e3o. Possui especializa\u00e7\u00e3o em economia pela FGV e MBA em Finan\u00e7as pela FIA-USP. Trabalha no Correio Braziliense desde 2010. Ganhou o Pr\u00eamio Esso de Jornalismo Econ\u00f4mico em 2014 e em 2015 com a equipe do Correio. Foi finalista entre os 50 jornalistas +Admirados da Imprensa de Economia, Neg\u00f3cios e Finan\u00e7as 2024, promovido pela Jornalistas&amp;Cia.","url":"https:\/\/newblogs.correiobraziliense.com.br\/blog-da-rosana-hessel\/author\/rosanahessel\/"}]}},"_links":{"self":[{"href":"https:\/\/newblogs.correiobraziliense.com.br\/blog-da-rosana-hessel\/wp-json\/wp\/v2\/posts\/31407","targetHints":{"allow":["GET"]}}],"collection":[{"href":"https:\/\/newblogs.correiobraziliense.com.br\/blog-da-rosana-hessel\/wp-json\/wp\/v2\/posts"}],"about":[{"href":"https:\/\/newblogs.correiobraziliense.com.br\/blog-da-rosana-hessel\/wp-json\/wp\/v2\/types\/post"}],"author":[{"embeddable":true,"href":"https:\/\/newblogs.correiobraziliense.com.br\/blog-da-rosana-hessel\/wp-json\/wp\/v2\/users\/10"}],"replies":[{"embeddable":true,"href":"https:\/\/newblogs.correiobraziliense.com.br\/blog-da-rosana-hessel\/wp-json\/wp\/v2\/comments?post=31407"}],"version-history":[{"count":22,"href":"https:\/\/newblogs.correiobraziliense.com.br\/blog-da-rosana-hessel\/wp-json\/wp\/v2\/posts\/31407\/revisions"}],"predecessor-version":[{"id":31436,"href":"https:\/\/newblogs.correiobraziliense.com.br\/blog-da-rosana-hessel\/wp-json\/wp\/v2\/posts\/31407\/revisions\/31436"}],"wp:featuredmedia":[{"embeddable":true,"href":"https:\/\/newblogs.correiobraziliense.com.br\/blog-da-rosana-hessel\/wp-json\/wp\/v2\/media\/30826"}],"wp:attachment":[{"href":"https:\/\/newblogs.correiobraziliense.com.br\/blog-da-rosana-hessel\/wp-json\/wp\/v2\/media?parent=31407"}],"wp:term":[{"taxonomy":"category","embeddable":true,"href":"https:\/\/newblogs.correiobraziliense.com.br\/blog-da-rosana-hessel\/wp-json\/wp\/v2\/categories?post=31407"},{"taxonomy":"post_tag","embeddable":true,"href":"https:\/\/newblogs.correiobraziliense.com.br\/blog-da-rosana-hessel\/wp-json\/wp\/v2\/tags?post=31407"}],"curies":[{"name":"wp","href":"https:\/\/api.w.org\/{rel}","templated":true}]}}