{"id":31383,"date":"2024-08-12T16:23:09","date_gmt":"2024-08-12T19:23:09","guid":{"rendered":"https:\/\/newblogs.correiobraziliense.com.br\/blog-da-rosana-hessel\/?p=31383"},"modified":"2024-08-12T20:49:30","modified_gmt":"2024-08-12T23:49:30","slug":"31-mil-candidatos-desistiram-do-enem-dos-concursos-apos-o-adiamento-da-prova-para-dia-18-segundo-mgi","status":"publish","type":"post","link":"https:\/\/newblogs.correiobraziliense.com.br\/blog-da-rosana-hessel\/31-mil-candidatos-desistiram-do-enem-dos-concursos-apos-o-adiamento-da-prova-para-dia-18-segundo-mgi\/","title":{"rendered":"31 mil candidatos desistiram do Enem dos Concursos ap\u00f3s o adiamento da prova para dia 18, segundo MGI"},"content":{"rendered":"\n<p>O Concurso P\u00fablico Nacional Unificado (CNPU), tamb\u00e9m conhecido como Enem dos Concursos, est\u00e1 na reta final para a realiza\u00e7\u00e3o das provas, que est\u00e3o marcadas para domingo (18). O exame estava inicialmente previsto para maio, mas foi adiado devido \u00e0 trag\u00e9dia das enchentes no Rio Grande do Sul e, desde ent\u00e3o, 31 mil pessoas desistiram e pediram ressarcimento da matr\u00edcula, de acordo com dados do Minist\u00e9rio da Gest\u00e3o e da Inova\u00e7\u00e3o em Servi\u00e7os P\u00fablicos (MGI).&nbsp;<\/p>\n\n\n\n<p>Agora, pouco mais de 2,1 milh\u00f5es de candidatos e candidatas concorrem a 6.640 vagas em 21 \u00f3rg\u00e3os da administra\u00e7\u00e3o federal.  \u00c9 a primeira vez que o governo federal realiza uma \u00fanica prova para v\u00e1rios \u00f3rg\u00e3os. E, de acordo com o Minist\u00e9rio da Gest\u00e3o e da Inova\u00e7\u00e3o em Servi\u00e7os P\u00fablicos (MGI), est\u00e1 sendo preparada uma<a href=\"https:\/\/www.correiobraziliense.com.br\/euestudante\/concursos\/2024\/08\/6917772-conheca-toda-a-logistica-do-concurso-nacional-unificado.html\"> log\u00edstica de guerra para o transporte das provas para elas chegarem em todos os 3.647 locais de provas.<\/a>&nbsp; A estimativa da pasta \u00e9 de que 215 mil pessoas estar\u00e3o envolvidas na opera\u00e7\u00e3o, praticamente o mesmo n\u00famero de candidatos que far\u00e3o provas apenas na cidade do Rio de Janeiro.&nbsp;<\/p>\n\n\n\n<p>Coordenador-geral de log\u00edstica do CPNU do MGI, Alexandre Retamal informou, em entrevista ao <strong>Correio<\/strong> publicada no domingo (11\/8), que mais de 1,9 mil servidores estar\u00e3o empenhados na seguran\u00e7a do exame. \u201cO Enem tem mais participantes, mas ele \u00e9 mais pulverizado, com 1.700 cidades. E, no CNPU, ser\u00e3o 2,1 milh\u00f5es de participantes concentrados em 228 munic\u00edpios\u201d, comparou o t\u00e9cnico.&nbsp;&nbsp;<\/p>\n\n\n\n<p>Em oito estados \u2013 Rio de Janeiro, Rio Grande do Sul, Amazonas, Par\u00e1, Roraima, Mato Grosso, Mato Grosso do Sul e Maranh\u00e3o \u2013 haver\u00e1 o aux\u00edlio da For\u00e7a Nacional na seguran\u00e7a tamb\u00e9m. \u201c\u00c9 importante dizer que a For\u00e7a Nacional auxilia, mas a responsabilidade \u00e9 da Pol\u00edcia Rodovi\u00e1ria Federal (PRF) em todos os lugares. A PRF tem uma experi\u00eancia grande com isso e eles, inclusive, est\u00e3o fazendo um trabalho muito dedicado para garantir a seguran\u00e7a das provas\u201d, explicou.&nbsp;<\/p>\n\n\n\n<p>As provas ser\u00e3o aplicadas pela manh\u00e3 e na parte da tarde em 228 munic\u00edpios espalhados pelo pa\u00eds. A cidade de Bras\u00edlia \u00e9 que tem maior n\u00famero de inscritos, quase 200 mil. De acordo com o \u00f3rg\u00e3o \u00e9 importante que os candidatos e candidatas cheguem cedo ao local das provas, pois os port\u00f5es abrem \u00e0s 7h30 e fecham \u00e0s 8h30, meia hora antes do in\u00edcio da prova na parte da manh\u00e3, e, \u00e0 tarde, os port\u00f5es fecham \u00e0s 14h.  Veja mais <a href=\"https:\/\/www.correiobraziliense.com.br\/euestudante\/concursos\/2024\/08\/6917781-saiba-o-que-pode-e-o-que-nao-pode-no-concurso-nacional-unificado.html\">orienta\u00e7\u00f5es sobre o dia do exame<\/a>.<\/p>\n\n\n\n<p><strong>Atendimento especial<\/strong><\/p>\n\n\n\n<p>O MGI informou, nesta segunda-feira (12\/8), que est\u00e1 pronto para prestar ampla assist\u00eancia aos candidatos e candidatas que solicitaram atendimento especial para o dia da prova. Ao todo, 54.219 pessoas poder\u00e3o contar com apoio redobrado durante a prova conforme dos dados informados na inscri\u00e7\u00e3o.<\/p>\n\n\n\n<p>Segundo a pasta, o atendimento especial \u00e9 focado no p\u00fablico formado por Pessoas com Defici\u00eancia (PcD), autistas, gestantes e lactantes, al\u00e9m de outros candidatos que informaram limita\u00e7\u00f5es funcionais e necessidade de adapta\u00e7\u00f5es. Entre as principais solicita\u00e7\u00f5es est\u00e3o aux\u00edlio para leitura\/transcri\u00e7\u00e3o, tempo adicional, sala de f\u00e1cil acesso, mesa e cadeira separadas.<strong> <\/strong>O maior contingente, de 43.926 concurseiros, \u00e9 formado por PCD autodeclarados.<\/p>\n\n\n\n<p>O \u00f3rg\u00e3o informou tamb\u00e9m que, no momento da inscri\u00e7\u00e3o, foram identificados 1.551 pedidos de gestantes (em alguns casos, situa\u00e7\u00e3o associada a outra condi\u00e7\u00e3o\/necessidade especial). Os principais apoios solicitados para esse p\u00fablico foram presta\u00e7\u00e3o da prova em sala de f\u00e1cil acesso, apoio para perna e p\u00e9, al\u00e9m de mesa e cadeira separadas. Da mesma forma, foram registradas solicita\u00e7\u00f5es relativas a 1.874 lactantes, com pedidos de vi\u00e9s semelhante aos das gestantes.&nbsp;<\/p>\n\n\n\n<p>De acordo com o MGI, dos 54.219 candidatos, 47.093 (86,8%) contar\u00e3o mecanismos de apoio e aux\u00edlio, mas pediram acesso \u00e0 prova comum, como os demais concorrentes. J\u00e1 os outros 7.126 candidatos receber\u00e3o kits espec\u00edficos de provas, preparados principalmente para candidatos com baixa vis\u00e3o, cegueira e\/ou defici\u00eancia auditiva. Ao todo, 3.650 desses candidatos receber\u00e3o \u201cuma prova ampliada macrotipo 18 e uma prova do ledor \u2014 vidente\u201d. Em outros kits, tamb\u00e9m ser\u00e3o disponibilizadas provas em braile, prova ampliada \u2014 macrotipo 24, DVD com videoprova em libras, DVD com prova adaptada para leitor de tela, entre outros. Ao todo, ser\u00e3o 15 kits com tipos diferentes de provas, cada um em atendimento \u00e0s necessidades espec\u00edficas apontadas pelos candidatos.&nbsp;<\/p>\n\n\n\n<p>O CPNU reserva 5% das vagas dispon\u00edveis para PcD, conforme estabelecido nos editais de cada um dos oito blocos tem\u00e1ticos, em pol\u00edtica inclusiva e afirmativa alinhada \u00e0 legisla\u00e7\u00e3o brasileira. Entre 17 e 25 de outubro, os candidatos aprovados &#8220;passar\u00e3o pela per\u00edcia m\u00e9dica (avalia\u00e7\u00e3o biopsicossocial), realizada presencialmente por equipe multiprofissional, designada pela Funda\u00e7\u00e3o Cesgranrio, de acordo com o artigo 5\u00ba do Decreto n\u00ba 9.508\/2018, que emitir\u00e1 parecer conclusivo sobre o enquadramento ou n\u00e3o da sua defici\u00eancia \u00e0 luz da legisla\u00e7\u00e3o e sobre a compatibilidade das atribui\u00e7\u00f5es do cargo\/especialidade para o qual concorreu&#8221;.<\/p>\n\n\n\n<p><em><strong>Grandes n\u00fameros&nbsp;<\/strong><\/em><\/p>\n\n\n\n<p><em>Confira alguns dados de destaque do CNPU<\/em><\/p>\n\n\n\n<p><strong>2.144.128 <\/strong>participantes&nbsp;<\/p>\n\n\n\n<p><strong>6.640 <\/strong>vagas permanentes<\/p>\n\n\n\n<p><strong>21 <\/strong>\u00f3rg\u00e3os federais<\/p>\n\n\n\n<p><strong>228<\/strong> munic\u00edpios em que ser\u00e3o realizados os exames<\/p>\n\n\n\n<p><strong>3.647<\/strong> locais de aplica\u00e7\u00e3o de provas<\/p>\n\n\n\n<p><strong>72.041<\/strong> salas<\/p>\n\n\n\n<p><strong>925.741<\/strong> homens<\/p>\n\n\n\n<p><strong>1.117.404<\/strong> mulheres<\/p>\n\n\n\n<p><strong>415.496<\/strong> negros autodeclarados<\/p>\n\n\n\n<p><strong>43.926 <\/strong>PCD autodeclarados<\/p>\n\n\n\n<p><strong>10.394<\/strong> ind\u00edgenas autodeclarados<\/p>\n\n\n\n<p>Fonte: Minist\u00e9rio da Gest\u00e3o e da Inova\u00e7\u00e3o em Servi\u00e7os P\u00fablicos (MGI)<\/p>\n","protected":false},"excerpt":{"rendered":"<p>Minist\u00e9rio da Gest\u00e3o informa que 2,1 milh\u00f5es de pessoas far\u00e3o as provas no pr\u00f3ximo domingo (18\/8),  concorrendo a 6.640 vagas  em 21 \u00f3rg\u00e3os<\/p>\n","protected":false},"author":10,"featured_media":30826,"comment_status":"closed","ping_status":"open","sticky":false,"template":"","format":"standard","meta":{"_acf_changed":false,"inline_featured_image":false,"footnotes":""},"categories":[1919],"tags":[1920,575,1921,1923,756,1417],"class_list":["post-31383","post","type-post","status-publish","format-standard","has-post-thumbnail","hentry","category-concurso","tag-cnpu","tag-concurso","tag-enem-dos-concursos","tag-funcionalismo","tag-mgi","tag-servidores"],"acf":[],"yoast_head":"<!-- This site is optimized with the Yoast SEO plugin v27.3 - https:\/\/yoast.com\/product\/yoast-seo-wordpress\/ -->\n<title>31 mil candidatos desistiram do Enem dos Concursos ap\u00f3s o adiamento da prova para dia 18, segundo MGI - Blog da Rosana Hessel<\/title>\n<meta name=\"description\" content=\"Minist\u00e9rio da Gest\u00e3o informa que 2,1 milh\u00f5es de pessoas far\u00e3o as provas no pr\u00f3ximo domingo (18\/8), concorrendo a 6.640 vagas em 21 \u00f3rg\u00e3os\" \/>\n<meta name=\"robots\" content=\"index, follow, max-snippet:-1, max-image-preview:large, max-video-preview:-1\" \/>\n<link rel=\"canonical\" href=\"https:\/\/newblogs.correiobraziliense.com.br\/blog-da-rosana-hessel\/31-mil-candidatos-desistiram-do-enem-dos-concursos-apos-o-adiamento-da-prova-para-dia-18-segundo-mgi\/\" \/>\n<meta property=\"og:locale\" content=\"pt_BR\" \/>\n<meta property=\"og:type\" content=\"article\" \/>\n<meta property=\"og:title\" content=\"31 mil candidatos desistiram do Enem dos Concursos ap\u00f3s o adiamento da prova para dia 18, segundo MGI - Blog da Rosana Hessel\" \/>\n<meta property=\"og:description\" content=\"Minist\u00e9rio da Gest\u00e3o informa que 2,1 milh\u00f5es de pessoas far\u00e3o as provas no pr\u00f3ximo domingo (18\/8), concorrendo a 6.640 vagas em 21 \u00f3rg\u00e3os\" \/>\n<meta property=\"og:url\" content=\"https:\/\/newblogs.correiobraziliense.com.br\/blog-da-rosana-hessel\/31-mil-candidatos-desistiram-do-enem-dos-concursos-apos-o-adiamento-da-prova-para-dia-18-segundo-mgi\/\" \/>\n<meta property=\"og:site_name\" content=\"Blog da Rosana Hessel\" \/>\n<meta property=\"article:published_time\" content=\"2024-08-12T19:23:09+00:00\" \/>\n<meta property=\"article:modified_time\" content=\"2024-08-12T23:49:30+00:00\" \/>\n<meta property=\"og:image\" content=\"http:\/\/newblogs.correiobraziliense.com.br\/blog-da-rosana-hessel\/wp-content\/uploads\/sites\/5\/2024\/06\/esplanada.jpg\" \/>\n\t<meta property=\"og:image:width\" content=\"800\" \/>\n\t<meta property=\"og:image:height\" content=\"374\" \/>\n\t<meta property=\"og:image:type\" content=\"image\/jpeg\" \/>\n<meta name=\"author\" content=\"Rosana Hessel\" \/>\n<!-- \/ Yoast SEO plugin. -->","yoast_head_json":{"title":"31 mil candidatos desistiram do Enem dos Concursos ap\u00f3s o adiamento da prova para dia 18, segundo MGI - Blog da Rosana Hessel","description":"Minist\u00e9rio da Gest\u00e3o informa que 2,1 milh\u00f5es de pessoas far\u00e3o as provas no pr\u00f3ximo domingo (18\/8), concorrendo a 6.640 vagas em 21 \u00f3rg\u00e3os","robots":{"index":"index","follow":"follow","max-snippet":"max-snippet:-1","max-image-preview":"max-image-preview:large","max-video-preview":"max-video-preview:-1"},"canonical":"https:\/\/newblogs.correiobraziliense.com.br\/blog-da-rosana-hessel\/31-mil-candidatos-desistiram-do-enem-dos-concursos-apos-o-adiamento-da-prova-para-dia-18-segundo-mgi\/","og_locale":"pt_BR","og_type":"article","og_title":"31 mil candidatos desistiram do Enem dos Concursos ap\u00f3s o adiamento da prova para dia 18, segundo MGI - Blog da Rosana Hessel","og_description":"Minist\u00e9rio da Gest\u00e3o informa que 2,1 milh\u00f5es de pessoas far\u00e3o as provas no pr\u00f3ximo domingo (18\/8), concorrendo a 6.640 vagas em 21 \u00f3rg\u00e3os","og_url":"https:\/\/newblogs.correiobraziliense.com.br\/blog-da-rosana-hessel\/31-mil-candidatos-desistiram-do-enem-dos-concursos-apos-o-adiamento-da-prova-para-dia-18-segundo-mgi\/","og_site_name":"Blog da Rosana Hessel","article_published_time":"2024-08-12T19:23:09+00:00","article_modified_time":"2024-08-12T23:49:30+00:00","og_image":[{"width":800,"height":374,"url":"http:\/\/newblogs.correiobraziliense.com.br\/blog-da-rosana-hessel\/wp-content\/uploads\/sites\/5\/2024\/06\/esplanada.jpg","type":"image\/jpeg"}],"author":"Rosana Hessel","schema":{"@context":"https:\/\/schema.org","@graph":[{"@type":"Article","@id":"https:\/\/newblogs.correiobraziliense.com.br\/blog-da-rosana-hessel\/31-mil-candidatos-desistiram-do-enem-dos-concursos-apos-o-adiamento-da-prova-para-dia-18-segundo-mgi\/#article","isPartOf":{"@id":"https:\/\/newblogs.correiobraziliense.com.br\/blog-da-rosana-hessel\/31-mil-candidatos-desistiram-do-enem-dos-concursos-apos-o-adiamento-da-prova-para-dia-18-segundo-mgi\/"},"author":{"name":"Rosana Hessel","@id":"https:\/\/newblogs.correiobraziliense.com.br\/blog-da-rosana-hessel\/#\/schema\/person\/824cb3c631cf0d4056f75ca02599a930"},"headline":"31 mil candidatos desistiram do Enem dos Concursos ap\u00f3s o adiamento da prova para dia 18, segundo MGI","datePublished":"2024-08-12T19:23:09+00:00","dateModified":"2024-08-12T23:49:30+00:00","mainEntityOfPage":{"@id":"https:\/\/newblogs.correiobraziliense.com.br\/blog-da-rosana-hessel\/31-mil-candidatos-desistiram-do-enem-dos-concursos-apos-o-adiamento-da-prova-para-dia-18-segundo-mgi\/"},"wordCount":919,"image":{"@id":"https:\/\/newblogs.correiobraziliense.com.br\/blog-da-rosana-hessel\/31-mil-candidatos-desistiram-do-enem-dos-concursos-apos-o-adiamento-da-prova-para-dia-18-segundo-mgi\/#primaryimage"},"thumbnailUrl":"https:\/\/newblogs.correiobraziliense.com.br\/blog-da-rosana-hessel\/wp-content\/uploads\/sites\/5\/2024\/06\/esplanada.jpg","keywords":["CNPU","concurso","Enem dos concursos","funcionalismo","MGI","Servidores"],"articleSection":["CONCURSO"],"inLanguage":"pt-BR"},{"@type":"WebPage","@id":"https:\/\/newblogs.correiobraziliense.com.br\/blog-da-rosana-hessel\/31-mil-candidatos-desistiram-do-enem-dos-concursos-apos-o-adiamento-da-prova-para-dia-18-segundo-mgi\/","url":"https:\/\/newblogs.correiobraziliense.com.br\/blog-da-rosana-hessel\/31-mil-candidatos-desistiram-do-enem-dos-concursos-apos-o-adiamento-da-prova-para-dia-18-segundo-mgi\/","name":"31 mil candidatos desistiram do Enem dos Concursos ap\u00f3s o adiamento da prova para dia 18, segundo MGI - Blog da Rosana Hessel","isPartOf":{"@id":"https:\/\/newblogs.correiobraziliense.com.br\/blog-da-rosana-hessel\/#website"},"primaryImageOfPage":{"@id":"https:\/\/newblogs.correiobraziliense.com.br\/blog-da-rosana-hessel\/31-mil-candidatos-desistiram-do-enem-dos-concursos-apos-o-adiamento-da-prova-para-dia-18-segundo-mgi\/#primaryimage"},"image":{"@id":"https:\/\/newblogs.correiobraziliense.com.br\/blog-da-rosana-hessel\/31-mil-candidatos-desistiram-do-enem-dos-concursos-apos-o-adiamento-da-prova-para-dia-18-segundo-mgi\/#primaryimage"},"thumbnailUrl":"https:\/\/newblogs.correiobraziliense.com.br\/blog-da-rosana-hessel\/wp-content\/uploads\/sites\/5\/2024\/06\/esplanada.jpg","datePublished":"2024-08-12T19:23:09+00:00","dateModified":"2024-08-12T23:49:30+00:00","author":{"@id":"https:\/\/newblogs.correiobraziliense.com.br\/blog-da-rosana-hessel\/#\/schema\/person\/824cb3c631cf0d4056f75ca02599a930"},"description":"Minist\u00e9rio da Gest\u00e3o informa que 2,1 milh\u00f5es de pessoas far\u00e3o as provas no pr\u00f3ximo domingo (18\/8), concorrendo a 6.640 vagas em 21 \u00f3rg\u00e3os","breadcrumb":{"@id":"https:\/\/newblogs.correiobraziliense.com.br\/blog-da-rosana-hessel\/31-mil-candidatos-desistiram-do-enem-dos-concursos-apos-o-adiamento-da-prova-para-dia-18-segundo-mgi\/#breadcrumb"},"inLanguage":"pt-BR","potentialAction":[{"@type":"ReadAction","target":["https:\/\/newblogs.correiobraziliense.com.br\/blog-da-rosana-hessel\/31-mil-candidatos-desistiram-do-enem-dos-concursos-apos-o-adiamento-da-prova-para-dia-18-segundo-mgi\/"]}]},{"@type":"ImageObject","inLanguage":"pt-BR","@id":"https:\/\/newblogs.correiobraziliense.com.br\/blog-da-rosana-hessel\/31-mil-candidatos-desistiram-do-enem-dos-concursos-apos-o-adiamento-da-prova-para-dia-18-segundo-mgi\/#primaryimage","url":"https:\/\/newblogs.correiobraziliense.com.br\/blog-da-rosana-hessel\/wp-content\/uploads\/sites\/5\/2024\/06\/esplanada.jpg","contentUrl":"https:\/\/newblogs.correiobraziliense.com.br\/blog-da-rosana-hessel\/wp-content\/uploads\/sites\/5\/2024\/06\/esplanada.jpg","width":800,"height":374,"caption":"07\/04\/2018. Credito: Breno Fortes\/CB\/D.A. Press. Brasil. Foto a\u00e9rea feita de drone da Esplanada dos Minist\u00e9rios."},{"@type":"BreadcrumbList","@id":"https:\/\/newblogs.correiobraziliense.com.br\/blog-da-rosana-hessel\/31-mil-candidatos-desistiram-do-enem-dos-concursos-apos-o-adiamento-da-prova-para-dia-18-segundo-mgi\/#breadcrumb","itemListElement":[{"@type":"ListItem","position":1,"name":"In\u00edcio","item":"https:\/\/newblogs.correiobraziliense.com.br\/blog-da-rosana-hessel\/"},{"@type":"ListItem","position":2,"name":"31 mil candidatos desistiram do Enem dos Concursos ap\u00f3s o adiamento da prova para dia 18, segundo MGI"}]},{"@type":"WebSite","@id":"https:\/\/newblogs.correiobraziliense.com.br\/blog-da-rosana-hessel\/#website","url":"https:\/\/newblogs.correiobraziliense.com.br\/blog-da-rosana-hessel\/","name":"Blog da Rosana Hessel","description":"Not\u00edcias atualizadas e an\u00e1lises sobre economia. Acompanhe-nos para entender as tend\u00eancias e os impactos econ\u00f4micos que influenciam o seu dia a dia, tanto no Brasil quanto no exterior.","potentialAction":[{"@type":"SearchAction","target":{"@type":"EntryPoint","urlTemplate":"https:\/\/newblogs.correiobraziliense.com.br\/blog-da-rosana-hessel\/?s={search_term_string}"},"query-input":{"@type":"PropertyValueSpecification","valueRequired":true,"valueName":"search_term_string"}}],"inLanguage":"pt-BR"},{"@type":"Person","@id":"https:\/\/newblogs.correiobraziliense.com.br\/blog-da-rosana-hessel\/#\/schema\/person\/824cb3c631cf0d4056f75ca02599a930","name":"Rosana Hessel","image":{"@type":"ImageObject","inLanguage":"pt-BR","@id":"https:\/\/secure.gravatar.com\/avatar\/fe780cf1839cf10cd6d682fb080611e0d2a459b64be8a8781778109777fbcfd3?s=96&d=mm&r=g","url":"https:\/\/secure.gravatar.com\/avatar\/fe780cf1839cf10cd6d682fb080611e0d2a459b64be8a8781778109777fbcfd3?s=96&d=mm&r=g","contentUrl":"https:\/\/secure.gravatar.com\/avatar\/fe780cf1839cf10cd6d682fb080611e0d2a459b64be8a8781778109777fbcfd3?s=96&d=mm&r=g","caption":"Rosana Hessel"},"description":"Formada pela Pontif\u00edcia Universidade Cat\u00f3lica de S\u00e3o Paulo (PUC-SP), \u00e9 jornalista de economia desde 1995, quando passou a integrar o time da Gazeta Mercantil. Est\u00e1 sempre atr\u00e1s da boa informa\u00e7\u00e3o. Possui especializa\u00e7\u00e3o em economia pela FGV e MBA em Finan\u00e7as pela FIA-USP. Trabalha no Correio Braziliense desde 2010. Ganhou o Pr\u00eamio Esso de Jornalismo Econ\u00f4mico em 2014 e em 2015 com a equipe do Correio. Foi finalista entre os 50 jornalistas +Admirados da Imprensa de Economia, Neg\u00f3cios e Finan\u00e7as 2024, promovido pela Jornalistas&amp;Cia.","url":"https:\/\/newblogs.correiobraziliense.com.br\/blog-da-rosana-hessel\/author\/rosanahessel\/"}]}},"_links":{"self":[{"href":"https:\/\/newblogs.correiobraziliense.com.br\/blog-da-rosana-hessel\/wp-json\/wp\/v2\/posts\/31383","targetHints":{"allow":["GET"]}}],"collection":[{"href":"https:\/\/newblogs.correiobraziliense.com.br\/blog-da-rosana-hessel\/wp-json\/wp\/v2\/posts"}],"about":[{"href":"https:\/\/newblogs.correiobraziliense.com.br\/blog-da-rosana-hessel\/wp-json\/wp\/v2\/types\/post"}],"author":[{"embeddable":true,"href":"https:\/\/newblogs.correiobraziliense.com.br\/blog-da-rosana-hessel\/wp-json\/wp\/v2\/users\/10"}],"replies":[{"embeddable":true,"href":"https:\/\/newblogs.correiobraziliense.com.br\/blog-da-rosana-hessel\/wp-json\/wp\/v2\/comments?post=31383"}],"version-history":[{"count":14,"href":"https:\/\/newblogs.correiobraziliense.com.br\/blog-da-rosana-hessel\/wp-json\/wp\/v2\/posts\/31383\/revisions"}],"predecessor-version":[{"id":31397,"href":"https:\/\/newblogs.correiobraziliense.com.br\/blog-da-rosana-hessel\/wp-json\/wp\/v2\/posts\/31383\/revisions\/31397"}],"wp:featuredmedia":[{"embeddable":true,"href":"https:\/\/newblogs.correiobraziliense.com.br\/blog-da-rosana-hessel\/wp-json\/wp\/v2\/media\/30826"}],"wp:attachment":[{"href":"https:\/\/newblogs.correiobraziliense.com.br\/blog-da-rosana-hessel\/wp-json\/wp\/v2\/media?parent=31383"}],"wp:term":[{"taxonomy":"category","embeddable":true,"href":"https:\/\/newblogs.correiobraziliense.com.br\/blog-da-rosana-hessel\/wp-json\/wp\/v2\/categories?post=31383"},{"taxonomy":"post_tag","embeddable":true,"href":"https:\/\/newblogs.correiobraziliense.com.br\/blog-da-rosana-hessel\/wp-json\/wp\/v2\/tags?post=31383"}],"curies":[{"name":"wp","href":"https:\/\/api.w.org\/{rel}","templated":true}]}}