{"id":31319,"date":"2024-08-07T20:19:57","date_gmt":"2024-08-07T23:19:57","guid":{"rendered":"https:\/\/newblogs.correiobraziliense.com.br\/blog-da-rosana-hessel\/?p=31319"},"modified":"2024-08-07T20:24:22","modified_gmt":"2024-08-07T23:24:22","slug":"oxfam-brasil-completa-10-anos-e-promove-acao-com-dados-sobre-a-desigualdade-no-pais","status":"publish","type":"post","link":"https:\/\/newblogs.correiobraziliense.com.br\/blog-da-rosana-hessel\/oxfam-brasil-completa-10-anos-e-promove-acao-com-dados-sobre-a-desigualdade-no-pais\/","title":{"rendered":"Oxfam Brasil completa 10 anos e promove a\u00e7\u00e3o com dados sobre a desigualdade no pa\u00eds"},"content":{"rendered":"\n<p>No dia em que celebra 10 anos, a Oxfam Brasil preparou uma a\u00e7\u00e3o para chamar a aten\u00e7\u00e3o sobre dados atualizados sobre a desigualdade no pa\u00eds, apesar de a na\u00e7\u00e3o estar entre as maiores economias do mundo. Na noite desta quarta-feira (07\/8), foram feitas proje\u00e7\u00f5es simult\u00e2neas nas cidades de S\u00e3o Paulo e Bras\u00edlia com v\u00e1rias imagens mostrando como o fosso entre ricos e pobres continua profundo por aqui.<\/p>\n\n\n\n<p>Os lugares escolhidos pela entidade que foca no combate \u00e0s desigualdades s\u00e3o: na capital paulista, a esquina das ruas da Consola\u00e7\u00e3o e Caio Prado; na Consola\u00e7\u00e3o; e, na capital federal, o edif\u00edcio da Biblioteca Nacional, no Setor Cultural da Rep\u00fablica, na Esplanada dos Minist\u00e9rios.<\/p>\n\n\n\n<p>Oxfam Brasil atua em tr\u00eas \u00e1reas no pa\u00eds: justi\u00e7a social e econ\u00f4mica, justi\u00e7a racial e de g\u00eanero e justi\u00e7a rural e desenvolvimento.  E, de acordo com os levantados pela entidade junto a v\u00e1rias fontes de informa\u00e7\u00e3o, como institutos de pesquisas, 41,3% das mulheres negras brasileiras est\u00e3o abaixo da linha da pobreza, contra 21,3% das mulheres brancas; e todos os meses, tr\u00eas defensores e defensoras de direitos humanos s\u00e3o assassinados no pa\u00eds. Ind\u00edgenas e negros s\u00e3o os grupos em maior vulnerabilidade.&nbsp;<\/p>\n\n\n\n<p>Outro dado destacado pela Organiza\u00e7\u00e3o N\u00e3o-Governamental (ONG), revela que os 5% mais ricos da popula\u00e7\u00e3o brasileira ficam com o equivalente \u00e0 metade do crescimento econ\u00f4mico do pa\u00eds. Al\u00e9m disso, 90% dos brasileiros possuem renda mensal inferior a tr\u00eas sal\u00e1rios m\u00ednimos, e 70% ganham at\u00e9 dois sal\u00e1rios m\u00ednimos por m\u00eas. Conforme levantamento, atualmente, 85% do trabalho de cuidado no Brasil \u00e9 feito informalmente pelas mulheres. Em 2050, o Brasil ter\u00e1 cerca de 77 milh\u00f5es de pessoas dependentes de cuidado &#8212; pouco mais de um ter\u00e7o da popula\u00e7\u00e3o estimada &#8212; entre idosos e crian\u00e7as.<\/p>\n\n\n\n<p>Entre 2016 e 2020, mulheres eleitas assumiram o comando de 11,5% para 12,1% dos munic\u00edpios do pa\u00eds. E, nesse ritmo, levaremos 144 anos para alcan\u00e7ar a paridade de g\u00eanero nas prefeituras brasileiras, conforme as estimativas da ONG. Nas elei\u00e7\u00f5es estaduais e federal de 2022, enquanto homens brancos e amarelos acumularam o recebimento m\u00e9dio de R$ 323 mil, mulheres pretas, pardas e ind\u00edgenas receberam apenas R$ 135 mil. Ou seja, homens brancos e amarelos receberam, aproximadamente, 4,5 vezes mais dinheiro do que mulheres.<\/p>\n\n\n\n<p>Na avalia\u00e7\u00e3o da Oxfam, \u00e9 fundamental mudarmos os mecanismos pelos quais as desigualdades extremas operam, oferecendo igualdade de oportunidades e garantindo equidade de resultados. \u201cA Oxfam Brasil acredita que h\u00e1 muito o que se fazer para a redu\u00e7\u00e3o das desigualdades no pa\u00eds, sejam elas econ\u00f4micas, de patrim\u00f4nio, ra\u00e7a ou g\u00eanero. Listamos aqui algumas das a\u00e7\u00f5es que consideramos mais urgentes e importantes que podemos \u2013 e devemos \u2013 tomar para mudar essa situa\u00e7\u00e3o\u201d, destacou o comunicado da entidade. E, para combater a desigualdade, a institui\u00e7\u00e3o defende maior distribui\u00e7\u00e3o da carga tribut\u00e1ria brasileira, como diminui\u00e7\u00e3o dos impostos indiretos (sobre produtos e servi\u00e7os) que recaem,  principalmente, sobre os mais pobres e a classe m\u00e9dia e aumentando os impostos diretos relacionados aos super-ricos, al\u00e9m de combater os mecanismos de elis\u00e3o e evas\u00e3o fiscal e de reduzir as ren\u00fancias fiscais que viraram regra nos \u00faltimos anos.<\/p>\n\n\n\n<figure class=\"wp-block-image size-large\"><img loading=\"lazy\" decoding=\"async\" width=\"1024\" height=\"768\" src=\"https:\/\/newblogs.correiobraziliense.com.br\/blog-da-rosana-hessel\/wp-content\/uploads\/sites\/5\/2024\/08\/oxfampainel-1024x768.jpg\" alt=\"\" class=\"wp-image-31322\" srcset=\"https:\/\/newblogs.correiobraziliense.com.br\/blog-da-rosana-hessel\/wp-content\/uploads\/sites\/5\/2024\/08\/oxfampainel-1024x768.jpg 1024w, https:\/\/newblogs.correiobraziliense.com.br\/blog-da-rosana-hessel\/wp-content\/uploads\/sites\/5\/2024\/08\/oxfampainel-300x225.jpg 300w, https:\/\/newblogs.correiobraziliense.com.br\/blog-da-rosana-hessel\/wp-content\/uploads\/sites\/5\/2024\/08\/oxfampainel-768x576.jpg 768w, https:\/\/newblogs.correiobraziliense.com.br\/blog-da-rosana-hessel\/wp-content\/uploads\/sites\/5\/2024\/08\/oxfampainel-1536x1152.jpg 1536w, https:\/\/newblogs.correiobraziliense.com.br\/blog-da-rosana-hessel\/wp-content\/uploads\/sites\/5\/2024\/08\/oxfampainel-800x600.jpg 800w, https:\/\/newblogs.correiobraziliense.com.br\/blog-da-rosana-hessel\/wp-content\/uploads\/sites\/5\/2024\/08\/oxfampainel.jpg 1600w\" sizes=\"auto, (max-width: 1024px) 100vw, 1024px\" \/><\/figure>\n","protected":false},"excerpt":{"rendered":"<p>Ao completar uma d\u00e9cada, Oxfam Brasil realiza a\u00e7\u00e3o simult\u00e2nea em Bras\u00edlia e em S\u00e3o Paulo com n\u00fameros atualizados sobre a desigualdade no pa\u00eds<\/p>\n","protected":false},"author":10,"featured_media":31320,"comment_status":"closed","ping_status":"open","sticky":false,"template":"","format":"standard","meta":{"_acf_changed":false,"inline_featured_image":false,"footnotes":""},"categories":[1887],"tags":[1915,293,539,1914],"class_list":["post-31319","post","type-post","status-publish","format-standard","has-post-thumbnail","hentry","category-desigualdade","tag-10-anos","tag-alertas","tag-desigualdade","tag-oxfam-brasil"],"acf":[],"yoast_head":"<!-- This site is optimized with the Yoast SEO plugin v27.3 - https:\/\/yoast.com\/product\/yoast-seo-wordpress\/ -->\n<title>Oxfam Brasil completa 10 anos e promove a\u00e7\u00e3o com dados sobre a desigualdade no pa\u00eds - Blog da Rosana Hessel<\/title>\n<meta name=\"description\" content=\"Ao completar uma d\u00e9cada, Oxfam Brasil realiza a\u00e7\u00e3o simult\u00e2nea em Bras\u00edlia e em S\u00e3o Paulo com n\u00fameros atualizados sobre a desigualdade no pa\u00eds\" \/>\n<meta name=\"robots\" content=\"index, follow, max-snippet:-1, max-image-preview:large, max-video-preview:-1\" \/>\n<link rel=\"canonical\" href=\"https:\/\/newblogs.correiobraziliense.com.br\/blog-da-rosana-hessel\/oxfam-brasil-completa-10-anos-e-promove-acao-com-dados-sobre-a-desigualdade-no-pais\/\" \/>\n<meta property=\"og:locale\" content=\"pt_BR\" \/>\n<meta property=\"og:type\" content=\"article\" \/>\n<meta property=\"og:title\" content=\"Oxfam Brasil completa 10 anos e promove a\u00e7\u00e3o com dados sobre a desigualdade no pa\u00eds - Blog da Rosana Hessel\" \/>\n<meta property=\"og:description\" content=\"Ao completar uma d\u00e9cada, Oxfam Brasil realiza a\u00e7\u00e3o simult\u00e2nea em Bras\u00edlia e em S\u00e3o Paulo com n\u00fameros atualizados sobre a desigualdade no pa\u00eds\" \/>\n<meta property=\"og:url\" content=\"https:\/\/newblogs.correiobraziliense.com.br\/blog-da-rosana-hessel\/oxfam-brasil-completa-10-anos-e-promove-acao-com-dados-sobre-a-desigualdade-no-pais\/\" \/>\n<meta property=\"og:site_name\" content=\"Blog da Rosana Hessel\" \/>\n<meta property=\"article:published_time\" content=\"2024-08-07T23:19:57+00:00\" \/>\n<meta property=\"article:modified_time\" content=\"2024-08-07T23:24:22+00:00\" \/>\n<meta property=\"og:image\" content=\"http:\/\/newblogs.correiobraziliense.com.br\/blog-da-rosana-hessel\/wp-content\/uploads\/sites\/5\/2024\/08\/oxfampainelbsb-scaled.jpg\" \/>\n\t<meta property=\"og:image:width\" content=\"2560\" \/>\n\t<meta property=\"og:image:height\" content=\"1440\" \/>\n\t<meta property=\"og:image:type\" content=\"image\/jpeg\" \/>\n<meta name=\"author\" content=\"Rosana Hessel\" \/>\n<!-- \/ Yoast SEO plugin. -->","yoast_head_json":{"title":"Oxfam Brasil completa 10 anos e promove a\u00e7\u00e3o com dados sobre a desigualdade no pa\u00eds - Blog da Rosana Hessel","description":"Ao completar uma d\u00e9cada, Oxfam Brasil realiza a\u00e7\u00e3o simult\u00e2nea em Bras\u00edlia e em S\u00e3o Paulo com n\u00fameros atualizados sobre a desigualdade no pa\u00eds","robots":{"index":"index","follow":"follow","max-snippet":"max-snippet:-1","max-image-preview":"max-image-preview:large","max-video-preview":"max-video-preview:-1"},"canonical":"https:\/\/newblogs.correiobraziliense.com.br\/blog-da-rosana-hessel\/oxfam-brasil-completa-10-anos-e-promove-acao-com-dados-sobre-a-desigualdade-no-pais\/","og_locale":"pt_BR","og_type":"article","og_title":"Oxfam Brasil completa 10 anos e promove a\u00e7\u00e3o com dados sobre a desigualdade no pa\u00eds - Blog da Rosana Hessel","og_description":"Ao completar uma d\u00e9cada, Oxfam Brasil realiza a\u00e7\u00e3o simult\u00e2nea em Bras\u00edlia e em S\u00e3o Paulo com n\u00fameros atualizados sobre a desigualdade no pa\u00eds","og_url":"https:\/\/newblogs.correiobraziliense.com.br\/blog-da-rosana-hessel\/oxfam-brasil-completa-10-anos-e-promove-acao-com-dados-sobre-a-desigualdade-no-pais\/","og_site_name":"Blog da Rosana Hessel","article_published_time":"2024-08-07T23:19:57+00:00","article_modified_time":"2024-08-07T23:24:22+00:00","og_image":[{"width":2560,"height":1440,"url":"http:\/\/newblogs.correiobraziliense.com.br\/blog-da-rosana-hessel\/wp-content\/uploads\/sites\/5\/2024\/08\/oxfampainelbsb-scaled.jpg","type":"image\/jpeg"}],"author":"Rosana Hessel","schema":{"@context":"https:\/\/schema.org","@graph":[{"@type":"Article","@id":"https:\/\/newblogs.correiobraziliense.com.br\/blog-da-rosana-hessel\/oxfam-brasil-completa-10-anos-e-promove-acao-com-dados-sobre-a-desigualdade-no-pais\/#article","isPartOf":{"@id":"https:\/\/newblogs.correiobraziliense.com.br\/blog-da-rosana-hessel\/oxfam-brasil-completa-10-anos-e-promove-acao-com-dados-sobre-a-desigualdade-no-pais\/"},"author":{"name":"Rosana Hessel","@id":"https:\/\/newblogs.correiobraziliense.com.br\/blog-da-rosana-hessel\/#\/schema\/person\/824cb3c631cf0d4056f75ca02599a930"},"headline":"Oxfam Brasil completa 10 anos e promove a\u00e7\u00e3o com dados sobre a desigualdade no pa\u00eds","datePublished":"2024-08-07T23:19:57+00:00","dateModified":"2024-08-07T23:24:22+00:00","mainEntityOfPage":{"@id":"https:\/\/newblogs.correiobraziliense.com.br\/blog-da-rosana-hessel\/oxfam-brasil-completa-10-anos-e-promove-acao-com-dados-sobre-a-desigualdade-no-pais\/"},"wordCount":571,"image":{"@id":"https:\/\/newblogs.correiobraziliense.com.br\/blog-da-rosana-hessel\/oxfam-brasil-completa-10-anos-e-promove-acao-com-dados-sobre-a-desigualdade-no-pais\/#primaryimage"},"thumbnailUrl":"https:\/\/newblogs.correiobraziliense.com.br\/blog-da-rosana-hessel\/wp-content\/uploads\/sites\/5\/2024\/08\/oxfampainelbsb-scaled.jpg","keywords":["10 anos","alertas","desigualdade","Oxfam Brasil"],"articleSection":["Desigualdade"],"inLanguage":"pt-BR"},{"@type":"WebPage","@id":"https:\/\/newblogs.correiobraziliense.com.br\/blog-da-rosana-hessel\/oxfam-brasil-completa-10-anos-e-promove-acao-com-dados-sobre-a-desigualdade-no-pais\/","url":"https:\/\/newblogs.correiobraziliense.com.br\/blog-da-rosana-hessel\/oxfam-brasil-completa-10-anos-e-promove-acao-com-dados-sobre-a-desigualdade-no-pais\/","name":"Oxfam Brasil completa 10 anos e promove a\u00e7\u00e3o com dados sobre a desigualdade no pa\u00eds - Blog da Rosana Hessel","isPartOf":{"@id":"https:\/\/newblogs.correiobraziliense.com.br\/blog-da-rosana-hessel\/#website"},"primaryImageOfPage":{"@id":"https:\/\/newblogs.correiobraziliense.com.br\/blog-da-rosana-hessel\/oxfam-brasil-completa-10-anos-e-promove-acao-com-dados-sobre-a-desigualdade-no-pais\/#primaryimage"},"image":{"@id":"https:\/\/newblogs.correiobraziliense.com.br\/blog-da-rosana-hessel\/oxfam-brasil-completa-10-anos-e-promove-acao-com-dados-sobre-a-desigualdade-no-pais\/#primaryimage"},"thumbnailUrl":"https:\/\/newblogs.correiobraziliense.com.br\/blog-da-rosana-hessel\/wp-content\/uploads\/sites\/5\/2024\/08\/oxfampainelbsb-scaled.jpg","datePublished":"2024-08-07T23:19:57+00:00","dateModified":"2024-08-07T23:24:22+00:00","author":{"@id":"https:\/\/newblogs.correiobraziliense.com.br\/blog-da-rosana-hessel\/#\/schema\/person\/824cb3c631cf0d4056f75ca02599a930"},"description":"Ao completar uma d\u00e9cada, Oxfam Brasil realiza a\u00e7\u00e3o simult\u00e2nea em Bras\u00edlia e em S\u00e3o Paulo com n\u00fameros atualizados sobre a desigualdade no pa\u00eds","breadcrumb":{"@id":"https:\/\/newblogs.correiobraziliense.com.br\/blog-da-rosana-hessel\/oxfam-brasil-completa-10-anos-e-promove-acao-com-dados-sobre-a-desigualdade-no-pais\/#breadcrumb"},"inLanguage":"pt-BR","potentialAction":[{"@type":"ReadAction","target":["https:\/\/newblogs.correiobraziliense.com.br\/blog-da-rosana-hessel\/oxfam-brasil-completa-10-anos-e-promove-acao-com-dados-sobre-a-desigualdade-no-pais\/"]}]},{"@type":"ImageObject","inLanguage":"pt-BR","@id":"https:\/\/newblogs.correiobraziliense.com.br\/blog-da-rosana-hessel\/oxfam-brasil-completa-10-anos-e-promove-acao-com-dados-sobre-a-desigualdade-no-pais\/#primaryimage","url":"https:\/\/newblogs.correiobraziliense.com.br\/blog-da-rosana-hessel\/wp-content\/uploads\/sites\/5\/2024\/08\/oxfampainelbsb-scaled.jpg","contentUrl":"https:\/\/newblogs.correiobraziliense.com.br\/blog-da-rosana-hessel\/wp-content\/uploads\/sites\/5\/2024\/08\/oxfampainelbsb-scaled.jpg","width":2560,"height":1440,"caption":"reprodu\u00e7\u00e3o\/Oxfam"},{"@type":"BreadcrumbList","@id":"https:\/\/newblogs.correiobraziliense.com.br\/blog-da-rosana-hessel\/oxfam-brasil-completa-10-anos-e-promove-acao-com-dados-sobre-a-desigualdade-no-pais\/#breadcrumb","itemListElement":[{"@type":"ListItem","position":1,"name":"In\u00edcio","item":"https:\/\/newblogs.correiobraziliense.com.br\/blog-da-rosana-hessel\/"},{"@type":"ListItem","position":2,"name":"Oxfam Brasil completa 10 anos e promove a\u00e7\u00e3o com dados sobre a desigualdade no pa\u00eds"}]},{"@type":"WebSite","@id":"https:\/\/newblogs.correiobraziliense.com.br\/blog-da-rosana-hessel\/#website","url":"https:\/\/newblogs.correiobraziliense.com.br\/blog-da-rosana-hessel\/","name":"Blog da Rosana Hessel","description":"Not\u00edcias atualizadas e an\u00e1lises sobre economia. Acompanhe-nos para entender as tend\u00eancias e os impactos econ\u00f4micos que influenciam o seu dia a dia, tanto no Brasil quanto no exterior.","potentialAction":[{"@type":"SearchAction","target":{"@type":"EntryPoint","urlTemplate":"https:\/\/newblogs.correiobraziliense.com.br\/blog-da-rosana-hessel\/?s={search_term_string}"},"query-input":{"@type":"PropertyValueSpecification","valueRequired":true,"valueName":"search_term_string"}}],"inLanguage":"pt-BR"},{"@type":"Person","@id":"https:\/\/newblogs.correiobraziliense.com.br\/blog-da-rosana-hessel\/#\/schema\/person\/824cb3c631cf0d4056f75ca02599a930","name":"Rosana Hessel","image":{"@type":"ImageObject","inLanguage":"pt-BR","@id":"https:\/\/secure.gravatar.com\/avatar\/fe780cf1839cf10cd6d682fb080611e0d2a459b64be8a8781778109777fbcfd3?s=96&d=mm&r=g","url":"https:\/\/secure.gravatar.com\/avatar\/fe780cf1839cf10cd6d682fb080611e0d2a459b64be8a8781778109777fbcfd3?s=96&d=mm&r=g","contentUrl":"https:\/\/secure.gravatar.com\/avatar\/fe780cf1839cf10cd6d682fb080611e0d2a459b64be8a8781778109777fbcfd3?s=96&d=mm&r=g","caption":"Rosana Hessel"},"description":"Formada pela Pontif\u00edcia Universidade Cat\u00f3lica de S\u00e3o Paulo (PUC-SP), \u00e9 jornalista de economia desde 1995, quando passou a integrar o time da Gazeta Mercantil. Est\u00e1 sempre atr\u00e1s da boa informa\u00e7\u00e3o. Possui especializa\u00e7\u00e3o em economia pela FGV e MBA em Finan\u00e7as pela FIA-USP. Trabalha no Correio Braziliense desde 2010. Ganhou o Pr\u00eamio Esso de Jornalismo Econ\u00f4mico em 2014 e em 2015 com a equipe do Correio. Foi finalista entre os 50 jornalistas +Admirados da Imprensa de Economia, Neg\u00f3cios e Finan\u00e7as 2024, promovido pela Jornalistas&amp;Cia.","url":"https:\/\/newblogs.correiobraziliense.com.br\/blog-da-rosana-hessel\/author\/rosanahessel\/"}]}},"_links":{"self":[{"href":"https:\/\/newblogs.correiobraziliense.com.br\/blog-da-rosana-hessel\/wp-json\/wp\/v2\/posts\/31319","targetHints":{"allow":["GET"]}}],"collection":[{"href":"https:\/\/newblogs.correiobraziliense.com.br\/blog-da-rosana-hessel\/wp-json\/wp\/v2\/posts"}],"about":[{"href":"https:\/\/newblogs.correiobraziliense.com.br\/blog-da-rosana-hessel\/wp-json\/wp\/v2\/types\/post"}],"author":[{"embeddable":true,"href":"https:\/\/newblogs.correiobraziliense.com.br\/blog-da-rosana-hessel\/wp-json\/wp\/v2\/users\/10"}],"replies":[{"embeddable":true,"href":"https:\/\/newblogs.correiobraziliense.com.br\/blog-da-rosana-hessel\/wp-json\/wp\/v2\/comments?post=31319"}],"version-history":[{"count":11,"href":"https:\/\/newblogs.correiobraziliense.com.br\/blog-da-rosana-hessel\/wp-json\/wp\/v2\/posts\/31319\/revisions"}],"predecessor-version":[{"id":31332,"href":"https:\/\/newblogs.correiobraziliense.com.br\/blog-da-rosana-hessel\/wp-json\/wp\/v2\/posts\/31319\/revisions\/31332"}],"wp:featuredmedia":[{"embeddable":true,"href":"https:\/\/newblogs.correiobraziliense.com.br\/blog-da-rosana-hessel\/wp-json\/wp\/v2\/media\/31320"}],"wp:attachment":[{"href":"https:\/\/newblogs.correiobraziliense.com.br\/blog-da-rosana-hessel\/wp-json\/wp\/v2\/media?parent=31319"}],"wp:term":[{"taxonomy":"category","embeddable":true,"href":"https:\/\/newblogs.correiobraziliense.com.br\/blog-da-rosana-hessel\/wp-json\/wp\/v2\/categories?post=31319"},{"taxonomy":"post_tag","embeddable":true,"href":"https:\/\/newblogs.correiobraziliense.com.br\/blog-da-rosana-hessel\/wp-json\/wp\/v2\/tags?post=31319"}],"curies":[{"name":"wp","href":"https:\/\/api.w.org\/{rel}","templated":true}]}}