{"id":31296,"date":"2024-08-06T09:07:00","date_gmt":"2024-08-06T12:07:00","guid":{"rendered":"https:\/\/newblogs.correiobraziliense.com.br\/blog-da-rosana-hessel\/?p=31296"},"modified":"2024-08-06T13:58:59","modified_gmt":"2024-08-06T16:58:59","slug":"em-ata-do-copom-banco-central-aumenta-o-uso-da-palavra-risco-e-deixa-porta-aberta-para-alta-de-juros","status":"publish","type":"post","link":"https:\/\/newblogs.correiobraziliense.com.br\/blog-da-rosana-hessel\/em-ata-do-copom-banco-central-aumenta-o-uso-da-palavra-risco-e-deixa-porta-aberta-para-alta-de-juros\/","title":{"rendered":"Em ata do Copom, Banco Central aumenta o uso da palavra risco e deixa porta aberta para alta de juros"},"content":{"rendered":"\n<p>ROSANA HESSEL<\/p>\n\n\n\n<p>A ata do Comit\u00ea de Pol\u00edtica Monet\u00e1ria (Copom) do Banco Central sobre a reuni\u00e3o realizada nos dias 30 e 31 de julho, divulgada nesta ter\u00e7a-feira (6\/8), deixa claro a preocupa\u00e7\u00e3o dos diretores com a piora do cen\u00e1rio inflacion\u00e1rio. Por conta disso, o colegiado foi mais duro do que no comunicado da semana passada e deixou a porta aberta para aumento na taxa b\u00e1sica da economia (Selic), pois afirmou que &#8220;n\u00e3o hesitar\u00e1 em elevar a taxa de juros para assegurar a converg\u00eancia da infla\u00e7\u00e3o \u00e0 meta se julgar apropriado&#8221;.\u00a0<\/p>\n\n\n\n<p>A decis\u00e3o do Copom pela manuten\u00e7\u00e3o da taxa Selic em 10,50% foi un\u00e2nime e, na ata, com\u00a0sete par\u00e1grafos a mais do que a ata da reuni\u00e3o de junho, o Comit\u00ea reiterou que o processo desinflacion\u00e1rio est\u00e1 mais lento e, al\u00e9m disso, aumentou o uso da palavra risco, passando de seis para 11. O colegiado ressaltou na ata que \u201co momento corrente \u00e9 de ainda maior cautela e de acompanhamento diligente dos condicionantes da infla\u00e7\u00e3o, sem se comprometer com estrat\u00e9gias futuras\u201d. \u201c\u00c0 luz desse acompanhamento, o Comit\u00ea avaliar\u00e1 a melhor estrat\u00e9gia: de um lado, se a estrat\u00e9gia de manuten\u00e7\u00e3o da taxa de juros por um tempo suficientemente longo levar\u00e1 a infla\u00e7\u00e3o \u00e0 meta no horizonte relevante; de outro lado, o Comit\u00ea, unanimemente, refor\u00e7ou que n\u00e3o hesitar\u00e1 em elevar a taxa de juros para assegurar a converg\u00eancia da infla\u00e7\u00e3o \u00e0 meta se julgar apropriado\u201d, destacou o documento.<\/p>\n\n\n\n<p>\u201cComo usual, as estrat\u00e9gias adotadas pelo Comit\u00ea refletir\u00e3o o compromisso com o cumprimento da meta de infla\u00e7\u00e3o, visando tamb\u00e9m a reancoragem das expectativas de infla\u00e7\u00e3o de modo a minimizar o custo da desinfla\u00e7\u00e3o. O Comit\u00ea se manter\u00e1 vigilante e relembra que eventuais ajustes futuros na taxa de juros ser\u00e3o ditados pelo firme compromisso de converg\u00eancia da infla\u00e7\u00e3o \u00e0 meta\u201d, destacou o texto da ata.<\/p>\n\n\n\n<p>O Copom tamb\u00e9m refor\u00e7ou a preocupa\u00e7\u00e3o com a quest\u00e3o fiscal e destacou que a percep\u00e7\u00e3o dos agentes financeiros sobre o aumento dos gastos p\u00fablicos. De acordo com ata, \u201co esmorecimento no esfor\u00e7o de reformas estruturais e disciplina fiscal, o aumento de cr\u00e9dito direcionado e as incertezas sobre a estabiliza\u00e7\u00e3o da d\u00edvida p\u00fablica t\u00eam o potencial de elevar a taxa de juros neutra da economia, com impactos delet\u00e9rios sobre a pot\u00eancia da pol\u00edtica monet\u00e1ria e,\u00a0 consequentemente, sobre o custo de desinfla\u00e7\u00e3o em termos de atividade\u201d.\u00a0 \u201cO Comit\u00ea reafirma que uma pol\u00edtica fiscal cr\u00edvel e comprometida com a sustentabilidade da d\u00edvida contribui para a ancoragem das expectativas de infla\u00e7\u00e3o e para a redu\u00e7\u00e3o dos pr\u00eamios de risco dos ativos financeiros, consequentemente impactando a pol\u00edtica monet\u00e1ria\u201d, alertou. A ata repetiu o trecho que destaca o fato de que \u201cpol\u00edticas monet\u00e1ria e fiscal s\u00edncronas e contrac\u00edclicas contribuem para assegurar a estabilidade de pre\u00e7os e, sem preju\u00edzo de seu objetivo fundamental, suavizar as flutua\u00e7\u00f5es do n\u00edvel de atividade econ\u00f4mica e fomentar o pleno emprego\u201d.<\/p>\n\n\n\n<p><strong>Cen\u00e1rios<\/strong><\/p>\n\n\n\n<p>No cen\u00e1rio de refer\u00eancia para a trajet\u00f3ria da taxa de juros, o Comit\u00ea elevou a taxa de c\u00e2mbio para o d\u00f3lar de R$ 5,30 para R$ 5,55 e adotou a \u201chip\u00f3tese\u201d de volta da bandeira tarif\u00e1ria verde entre&nbsp; dezembro de 2024 e de 2025. O colegiado ainda destacou na ata que manteve o entendimento usual, sem qualquer altera\u00e7\u00e3o, &#8220;de que o horizonte relevante para a pol\u00edtica monet\u00e1ria \u00e9 de seis trimestres \u00e0 frente, correspondendo, agora, ao primeiro trimestre de 2026&#8221;, e reconheceu que a infla\u00e7\u00e3o segue acima do centro da meta, de 3%.&nbsp;&nbsp;<\/p>\n\n\n\n<p>\u201cEm ambos os cen\u00e1rios apresentados, de refer\u00eancia e alternativo, h\u00e1 um processo de desinfla\u00e7\u00e3o ao longo do horizonte, mas a proje\u00e7\u00e3o para o horizonte relevante est\u00e1 acima da meta de infla\u00e7\u00e3o de 3%\u201d, destacou o texto. No cen\u00e1rio de refer\u00eancia, a proje\u00e7\u00e3o da infla\u00e7\u00e3o acumulada em quatro trimestres para o primeiro trimestre de 2026 \u00e9 3,4% e, no cen\u00e1rio alternativo, a proje\u00e7\u00e3o \u00e9 de 3,2%. As proje\u00e7\u00f5es de infla\u00e7\u00e3o do Copom para o ano-calend\u00e1rio, no cen\u00e1rio de refer\u00eancia, situam-se em 4,2% para 2024 e 3,6% para 2025. Nesse cen\u00e1rio, as proje\u00e7\u00f5es para a infla\u00e7\u00e3o de pre\u00e7os administrados s\u00e3o de 5% em 2024 e 4% em 2025. No cen\u00e1rio alternativo, no qual a taxa Selic \u00e9 mantida constante ao longo do horizonte relevante, as proje\u00e7\u00f5es de infla\u00e7\u00e3o situam-se em 4,2% para 2024 e 3,4% para 2025.&nbsp;<\/p>\n\n\n\n<p>\u201cO Comit\u00ea avalia que o cen\u00e1rio externo se mant\u00e9m adverso. A menor sincronia nos ciclos de queda dos juros, j\u00e1 iniciados em alguns pa\u00edses avan\u00e7ados e ainda por iniciar em outros, contribui para a volatilidade de vari\u00e1veis de mercado\u201d, ressaltou o texto.<\/p>\n","protected":false},"excerpt":{"rendered":"<p>Banco Central amplia ata em sete par\u00e1grafos, para 29, usa palavra risco 11 vezes e reconhece piora do cen\u00e1rio. Al\u00e9m disso, afirma que &#8220;n\u00e3o hesitar\u00e1 em elevar a taxa de juros&#8221; se julgar apropriado<\/p>\n","protected":false},"author":10,"featured_media":31259,"comment_status":"closed","ping_status":"open","sticky":false,"template":"","format":"standard","meta":{"_acf_changed":false,"inline_featured_image":false,"footnotes":""},"categories":[1870],"tags":[689,82,83,32,39,1912,1719,84],"class_list":["post-31296","post","type-post","status-publish","format-standard","has-post-thumbnail","hentry","category-politica-monetaria","tag-ata","tag-banco-central","tag-copom","tag-inflacao","tag-juros","tag-meta","tag-riscos","tag-selic"],"acf":[],"yoast_head":"<!-- This site is optimized with the Yoast SEO plugin v27.3 - https:\/\/yoast.com\/product\/yoast-seo-wordpress\/ -->\n<title>Em ata do Copom, Banco Central aumenta o uso da palavra risco e deixa porta aberta para alta de juros - Blog da Rosana Hessel<\/title>\n<meta name=\"description\" content=\"Banco Central amplia ata em sete par\u00e1grafos, para 29, usa palavra risco 11 vezes e reconhece piora do cen\u00e1rio. Al\u00e9m disso, afirma que &quot;n\u00e3o hesitar\u00e1 em elevar a taxa de juros&quot; se julgar apropriado\" \/>\n<meta name=\"robots\" content=\"index, follow, max-snippet:-1, max-image-preview:large, max-video-preview:-1\" \/>\n<link rel=\"canonical\" href=\"https:\/\/newblogs.correiobraziliense.com.br\/blog-da-rosana-hessel\/em-ata-do-copom-banco-central-aumenta-o-uso-da-palavra-risco-e-deixa-porta-aberta-para-alta-de-juros\/\" \/>\n<meta property=\"og:locale\" content=\"pt_BR\" \/>\n<meta property=\"og:type\" content=\"article\" \/>\n<meta property=\"og:title\" content=\"Em ata do Copom, Banco Central aumenta o uso da palavra risco e deixa porta aberta para alta de juros - Blog da Rosana Hessel\" \/>\n<meta property=\"og:description\" content=\"Banco Central amplia ata em sete par\u00e1grafos, para 29, usa palavra risco 11 vezes e reconhece piora do cen\u00e1rio. Al\u00e9m disso, afirma que &quot;n\u00e3o hesitar\u00e1 em elevar a taxa de juros&quot; se julgar apropriado\" \/>\n<meta property=\"og:url\" content=\"https:\/\/newblogs.correiobraziliense.com.br\/blog-da-rosana-hessel\/em-ata-do-copom-banco-central-aumenta-o-uso-da-palavra-risco-e-deixa-porta-aberta-para-alta-de-juros\/\" \/>\n<meta property=\"og:site_name\" content=\"Blog da Rosana Hessel\" \/>\n<meta property=\"article:published_time\" content=\"2024-08-06T12:07:00+00:00\" \/>\n<meta property=\"article:modified_time\" content=\"2024-08-06T16:58:59+00:00\" \/>\n<meta property=\"og:image\" content=\"http:\/\/newblogs.correiobraziliense.com.br\/blog-da-rosana-hessel\/wp-content\/uploads\/sites\/5\/2024\/07\/bancocentralfachada2.jpg\" \/>\n\t<meta property=\"og:image:width\" content=\"2048\" \/>\n\t<meta property=\"og:image:height\" content=\"1308\" \/>\n\t<meta property=\"og:image:type\" content=\"image\/jpeg\" \/>\n<meta name=\"author\" content=\"Rosana Hessel\" \/>\n<!-- \/ Yoast SEO plugin. -->","yoast_head_json":{"title":"Em ata do Copom, Banco Central aumenta o uso da palavra risco e deixa porta aberta para alta de juros - Blog da Rosana Hessel","description":"Banco Central amplia ata em sete par\u00e1grafos, para 29, usa palavra risco 11 vezes e reconhece piora do cen\u00e1rio. Al\u00e9m disso, afirma que \"n\u00e3o hesitar\u00e1 em elevar a taxa de juros\" se julgar apropriado","robots":{"index":"index","follow":"follow","max-snippet":"max-snippet:-1","max-image-preview":"max-image-preview:large","max-video-preview":"max-video-preview:-1"},"canonical":"https:\/\/newblogs.correiobraziliense.com.br\/blog-da-rosana-hessel\/em-ata-do-copom-banco-central-aumenta-o-uso-da-palavra-risco-e-deixa-porta-aberta-para-alta-de-juros\/","og_locale":"pt_BR","og_type":"article","og_title":"Em ata do Copom, Banco Central aumenta o uso da palavra risco e deixa porta aberta para alta de juros - Blog da Rosana Hessel","og_description":"Banco Central amplia ata em sete par\u00e1grafos, para 29, usa palavra risco 11 vezes e reconhece piora do cen\u00e1rio. Al\u00e9m disso, afirma que \"n\u00e3o hesitar\u00e1 em elevar a taxa de juros\" se julgar apropriado","og_url":"https:\/\/newblogs.correiobraziliense.com.br\/blog-da-rosana-hessel\/em-ata-do-copom-banco-central-aumenta-o-uso-da-palavra-risco-e-deixa-porta-aberta-para-alta-de-juros\/","og_site_name":"Blog da Rosana Hessel","article_published_time":"2024-08-06T12:07:00+00:00","article_modified_time":"2024-08-06T16:58:59+00:00","og_image":[{"width":2048,"height":1308,"url":"http:\/\/newblogs.correiobraziliense.com.br\/blog-da-rosana-hessel\/wp-content\/uploads\/sites\/5\/2024\/07\/bancocentralfachada2.jpg","type":"image\/jpeg"}],"author":"Rosana Hessel","schema":{"@context":"https:\/\/schema.org","@graph":[{"@type":"Article","@id":"https:\/\/newblogs.correiobraziliense.com.br\/blog-da-rosana-hessel\/em-ata-do-copom-banco-central-aumenta-o-uso-da-palavra-risco-e-deixa-porta-aberta-para-alta-de-juros\/#article","isPartOf":{"@id":"https:\/\/newblogs.correiobraziliense.com.br\/blog-da-rosana-hessel\/em-ata-do-copom-banco-central-aumenta-o-uso-da-palavra-risco-e-deixa-porta-aberta-para-alta-de-juros\/"},"author":{"name":"Rosana Hessel","@id":"https:\/\/newblogs.correiobraziliense.com.br\/blog-da-rosana-hessel\/#\/schema\/person\/824cb3c631cf0d4056f75ca02599a930"},"headline":"Em ata do Copom, Banco Central aumenta o uso da palavra risco e deixa porta aberta para alta de juros","datePublished":"2024-08-06T12:07:00+00:00","dateModified":"2024-08-06T16:58:59+00:00","mainEntityOfPage":{"@id":"https:\/\/newblogs.correiobraziliense.com.br\/blog-da-rosana-hessel\/em-ata-do-copom-banco-central-aumenta-o-uso-da-palavra-risco-e-deixa-porta-aberta-para-alta-de-juros\/"},"wordCount":838,"image":{"@id":"https:\/\/newblogs.correiobraziliense.com.br\/blog-da-rosana-hessel\/em-ata-do-copom-banco-central-aumenta-o-uso-da-palavra-risco-e-deixa-porta-aberta-para-alta-de-juros\/#primaryimage"},"thumbnailUrl":"https:\/\/newblogs.correiobraziliense.com.br\/blog-da-rosana-hessel\/wp-content\/uploads\/sites\/5\/2024\/07\/bancocentralfachada2.jpg","keywords":["ata","Banco Central","Copom","infla\u00e7\u00e3o","juros","meta","riscos","Selic"],"articleSection":["Pol\u00edtica monet\u00e1ria"],"inLanguage":"pt-BR"},{"@type":"WebPage","@id":"https:\/\/newblogs.correiobraziliense.com.br\/blog-da-rosana-hessel\/em-ata-do-copom-banco-central-aumenta-o-uso-da-palavra-risco-e-deixa-porta-aberta-para-alta-de-juros\/","url":"https:\/\/newblogs.correiobraziliense.com.br\/blog-da-rosana-hessel\/em-ata-do-copom-banco-central-aumenta-o-uso-da-palavra-risco-e-deixa-porta-aberta-para-alta-de-juros\/","name":"Em ata do Copom, Banco Central aumenta o uso da palavra risco e deixa porta aberta para alta de juros - Blog da Rosana Hessel","isPartOf":{"@id":"https:\/\/newblogs.correiobraziliense.com.br\/blog-da-rosana-hessel\/#website"},"primaryImageOfPage":{"@id":"https:\/\/newblogs.correiobraziliense.com.br\/blog-da-rosana-hessel\/em-ata-do-copom-banco-central-aumenta-o-uso-da-palavra-risco-e-deixa-porta-aberta-para-alta-de-juros\/#primaryimage"},"image":{"@id":"https:\/\/newblogs.correiobraziliense.com.br\/blog-da-rosana-hessel\/em-ata-do-copom-banco-central-aumenta-o-uso-da-palavra-risco-e-deixa-porta-aberta-para-alta-de-juros\/#primaryimage"},"thumbnailUrl":"https:\/\/newblogs.correiobraziliense.com.br\/blog-da-rosana-hessel\/wp-content\/uploads\/sites\/5\/2024\/07\/bancocentralfachada2.jpg","datePublished":"2024-08-06T12:07:00+00:00","dateModified":"2024-08-06T16:58:59+00:00","author":{"@id":"https:\/\/newblogs.correiobraziliense.com.br\/blog-da-rosana-hessel\/#\/schema\/person\/824cb3c631cf0d4056f75ca02599a930"},"description":"Banco Central amplia ata em sete par\u00e1grafos, para 29, usa palavra risco 11 vezes e reconhece piora do cen\u00e1rio. Al\u00e9m disso, afirma que \"n\u00e3o hesitar\u00e1 em elevar a taxa de juros\" se julgar apropriado","breadcrumb":{"@id":"https:\/\/newblogs.correiobraziliense.com.br\/blog-da-rosana-hessel\/em-ata-do-copom-banco-central-aumenta-o-uso-da-palavra-risco-e-deixa-porta-aberta-para-alta-de-juros\/#breadcrumb"},"inLanguage":"pt-BR","potentialAction":[{"@type":"ReadAction","target":["https:\/\/newblogs.correiobraziliense.com.br\/blog-da-rosana-hessel\/em-ata-do-copom-banco-central-aumenta-o-uso-da-palavra-risco-e-deixa-porta-aberta-para-alta-de-juros\/"]}]},{"@type":"ImageObject","inLanguage":"pt-BR","@id":"https:\/\/newblogs.correiobraziliense.com.br\/blog-da-rosana-hessel\/em-ata-do-copom-banco-central-aumenta-o-uso-da-palavra-risco-e-deixa-porta-aberta-para-alta-de-juros\/#primaryimage","url":"https:\/\/newblogs.correiobraziliense.com.br\/blog-da-rosana-hessel\/wp-content\/uploads\/sites\/5\/2024\/07\/bancocentralfachada2.jpg","contentUrl":"https:\/\/newblogs.correiobraziliense.com.br\/blog-da-rosana-hessel\/wp-content\/uploads\/sites\/5\/2024\/07\/bancocentralfachada2.jpg","width":2048,"height":1308,"caption":"Banco Central do Brasil\/Foto: Raphael Ribeiro\/BCB"},{"@type":"BreadcrumbList","@id":"https:\/\/newblogs.correiobraziliense.com.br\/blog-da-rosana-hessel\/em-ata-do-copom-banco-central-aumenta-o-uso-da-palavra-risco-e-deixa-porta-aberta-para-alta-de-juros\/#breadcrumb","itemListElement":[{"@type":"ListItem","position":1,"name":"In\u00edcio","item":"https:\/\/newblogs.correiobraziliense.com.br\/blog-da-rosana-hessel\/"},{"@type":"ListItem","position":2,"name":"Em ata do Copom, Banco Central aumenta o uso da palavra risco e deixa porta aberta para alta de juros"}]},{"@type":"WebSite","@id":"https:\/\/newblogs.correiobraziliense.com.br\/blog-da-rosana-hessel\/#website","url":"https:\/\/newblogs.correiobraziliense.com.br\/blog-da-rosana-hessel\/","name":"Blog da Rosana Hessel","description":"Not\u00edcias atualizadas e an\u00e1lises sobre economia. Acompanhe-nos para entender as tend\u00eancias e os impactos econ\u00f4micos que influenciam o seu dia a dia, tanto no Brasil quanto no exterior.","potentialAction":[{"@type":"SearchAction","target":{"@type":"EntryPoint","urlTemplate":"https:\/\/newblogs.correiobraziliense.com.br\/blog-da-rosana-hessel\/?s={search_term_string}"},"query-input":{"@type":"PropertyValueSpecification","valueRequired":true,"valueName":"search_term_string"}}],"inLanguage":"pt-BR"},{"@type":"Person","@id":"https:\/\/newblogs.correiobraziliense.com.br\/blog-da-rosana-hessel\/#\/schema\/person\/824cb3c631cf0d4056f75ca02599a930","name":"Rosana Hessel","image":{"@type":"ImageObject","inLanguage":"pt-BR","@id":"https:\/\/secure.gravatar.com\/avatar\/fe780cf1839cf10cd6d682fb080611e0d2a459b64be8a8781778109777fbcfd3?s=96&d=mm&r=g","url":"https:\/\/secure.gravatar.com\/avatar\/fe780cf1839cf10cd6d682fb080611e0d2a459b64be8a8781778109777fbcfd3?s=96&d=mm&r=g","contentUrl":"https:\/\/secure.gravatar.com\/avatar\/fe780cf1839cf10cd6d682fb080611e0d2a459b64be8a8781778109777fbcfd3?s=96&d=mm&r=g","caption":"Rosana Hessel"},"description":"Formada pela Pontif\u00edcia Universidade Cat\u00f3lica de S\u00e3o Paulo (PUC-SP), \u00e9 jornalista de economia desde 1995, quando passou a integrar o time da Gazeta Mercantil. Est\u00e1 sempre atr\u00e1s da boa informa\u00e7\u00e3o. Possui especializa\u00e7\u00e3o em economia pela FGV e MBA em Finan\u00e7as pela FIA-USP. Trabalha no Correio Braziliense desde 2010. Ganhou o Pr\u00eamio Esso de Jornalismo Econ\u00f4mico em 2014 e em 2015 com a equipe do Correio. Foi finalista entre os 50 jornalistas +Admirados da Imprensa de Economia, Neg\u00f3cios e Finan\u00e7as 2024, promovido pela Jornalistas&amp;Cia.","url":"https:\/\/newblogs.correiobraziliense.com.br\/blog-da-rosana-hessel\/author\/rosanahessel\/"}]}},"_links":{"self":[{"href":"https:\/\/newblogs.correiobraziliense.com.br\/blog-da-rosana-hessel\/wp-json\/wp\/v2\/posts\/31296","targetHints":{"allow":["GET"]}}],"collection":[{"href":"https:\/\/newblogs.correiobraziliense.com.br\/blog-da-rosana-hessel\/wp-json\/wp\/v2\/posts"}],"about":[{"href":"https:\/\/newblogs.correiobraziliense.com.br\/blog-da-rosana-hessel\/wp-json\/wp\/v2\/types\/post"}],"author":[{"embeddable":true,"href":"https:\/\/newblogs.correiobraziliense.com.br\/blog-da-rosana-hessel\/wp-json\/wp\/v2\/users\/10"}],"replies":[{"embeddable":true,"href":"https:\/\/newblogs.correiobraziliense.com.br\/blog-da-rosana-hessel\/wp-json\/wp\/v2\/comments?post=31296"}],"version-history":[{"count":18,"href":"https:\/\/newblogs.correiobraziliense.com.br\/blog-da-rosana-hessel\/wp-json\/wp\/v2\/posts\/31296\/revisions"}],"predecessor-version":[{"id":31318,"href":"https:\/\/newblogs.correiobraziliense.com.br\/blog-da-rosana-hessel\/wp-json\/wp\/v2\/posts\/31296\/revisions\/31318"}],"wp:featuredmedia":[{"embeddable":true,"href":"https:\/\/newblogs.correiobraziliense.com.br\/blog-da-rosana-hessel\/wp-json\/wp\/v2\/media\/31259"}],"wp:attachment":[{"href":"https:\/\/newblogs.correiobraziliense.com.br\/blog-da-rosana-hessel\/wp-json\/wp\/v2\/media?parent=31296"}],"wp:term":[{"taxonomy":"category","embeddable":true,"href":"https:\/\/newblogs.correiobraziliense.com.br\/blog-da-rosana-hessel\/wp-json\/wp\/v2\/categories?post=31296"},{"taxonomy":"post_tag","embeddable":true,"href":"https:\/\/newblogs.correiobraziliense.com.br\/blog-da-rosana-hessel\/wp-json\/wp\/v2\/tags?post=31296"}],"curies":[{"name":"wp","href":"https:\/\/api.w.org\/{rel}","templated":true}]}}