{"id":31240,"date":"2024-07-31T15:34:28","date_gmt":"2024-07-31T18:34:28","guid":{"rendered":"https:\/\/newblogs.correiobraziliense.com.br\/blog-da-rosana-hessel\/?p=31240"},"modified":"2024-07-31T15:48:05","modified_gmt":"2024-07-31T18:48:05","slug":"em-dia-de-copom-fed-mantem-juros-entre-525-e-550-ao-ano-mas-nao-sinaliza-inicio-de-corte-em-setembro","status":"publish","type":"post","link":"https:\/\/newblogs.correiobraziliense.com.br\/blog-da-rosana-hessel\/em-dia-de-copom-fed-mantem-juros-entre-525-e-550-ao-ano-mas-nao-sinaliza-inicio-de-corte-em-setembro\/","title":{"rendered":"Em dia de Copom, Fed mant\u00e9m juros entre 5,25% e 5,50% ao ano, mas n\u00e3o sinaliza in\u00edcio de corte em setembro"},"content":{"rendered":"\n<p>Como o esperado pelo mercado, o Fomc \u2013 comit\u00ea de pol\u00edtica monet\u00e1ria do Federal Reserve (Fed, o banco central dos Estados Unidos \u2013 manteve, nesta quarta-feira (31\/7), a taxa b\u00e1sica norte-americana no intervalo de 5,25% a 5,50% ao ano e refor\u00e7ou que est\u00e1 \u201cest\u00e1 fortemente comprometido&#8221; em retornar a infla\u00e7\u00e3o ao seu objetivo de 2% anuais. Contudo, n\u00e3o houve sinaliza\u00e7\u00e3o de que o ciclo de corte dos juros come\u00e7ar\u00e1 em setembro.<\/p>\n\n\n\n<p>De acordo com o comunicado, a decis\u00e3o dos diretores do Fed, presidido por Jerome Powell, foi un\u00e2nime. No texto, eles informaram que os&nbsp; indicadores recentes sugerem que a atividade econ\u00f4mica continuou a se expandir em um ritmo s\u00f3lido. \u201cOs ganhos de empregos foram moderados e a taxa de desemprego aumentou, mas continua baixa. A infla\u00e7\u00e3o diminuiu no ano passado, mas continua um pouco elevada. Nos \u00faltimos meses, houve algum progresso em dire\u00e7\u00e3o \u00e0 meta de infla\u00e7\u00e3o de 2% do Comit\u00ea\u201d, destacou a nota.<\/p>\n\n\n\n<p>&#8220;A decis\u00e3o era esperada, e uma parte do mercado achava que, j\u00e1 no comunicado, aparecesse uma mensagem bem clara de que eles estariam projetando um corte de juros a partir de setembro. Mas essa nota n\u00e3o traz isso e repete bastante o anterior, com algumas mudan\u00e7as de palavras, e que continua analisando os riscos, o que leva a entender que, al\u00e9m da infla\u00e7\u00e3o, o Fed est\u00e1 olhando tamb\u00e9m para o mercado de trabalho, que poderia ser interpretado como uma prepara\u00e7\u00e3o do terreno para o novo ciclo de ajuste monet\u00e1rio na pr\u00f3xima reuni\u00e3o do Fomc&#8221;, afirmou o economista Gustavo Cruz, estrategista-chefe da RB Investimentos.<\/p>\n\n\n\n<p>Mais tarde, o Banco Central brasileiro divulgar\u00e1 o resultado da 5\u00aa reuni\u00e3o do Comit\u00ea de Pol\u00edtica Monet\u00e1ria (Copom). <a href=\"https:\/\/www.correiobraziliense.com.br\/economia\/2024\/07\/6908153-taxa-selic-analistas-apostam-em-manutencao-dos-juros.html\">O consenso entre analistas \u00e9 de que o comit\u00ea manter\u00e1 a taxa b\u00e1sica da economia (Selic) em 10,50% ao ano.<\/a><\/p>\n\n\n\n<p>A nota do Fed ainda informou que \u201cos riscos para atingir suas metas de emprego e infla\u00e7\u00e3o continuam a se mover para um melhor equil\u00edbrio\u201d. \u201cA perspectiva econ\u00f4mica \u00e9 incerta, e o Comit\u00ea est\u00e1 atento aos riscos para ambos os lados de seu mandato duplo\u201d, acrescentou o documento.&nbsp;<\/p>\n\n\n\n<p>O Fomc ainda destacou que n\u00e3o espera que seja apropriado reduzir a meta at\u00e9 que tenha adquirido maior confian\u00e7a de que a infla\u00e7\u00e3o est\u00e1 se movendo de forma sustent\u00e1vel em dire\u00e7\u00e3o a 2%. Al\u00e9m disso, o Comit\u00ea continuar\u00e1 reduzindo suas participa\u00e7\u00f5es em t\u00edtulos do Tesouro e t\u00edtulos de d\u00edvida de ag\u00eancia e lastreados em hipotecas de ag\u00eancia. O Comit\u00ea est\u00e1 fortemente comprometido em retornar a infla\u00e7\u00e3o ao seu objetivo de 2%.<\/p>\n\n\n\n<p>\u201cAo avaliar a postura apropriada da pol\u00edtica monet\u00e1ria, o Comit\u00ea continuar\u00e1 monitorando as implica\u00e7\u00f5es das informa\u00e7\u00f5es recebidas para a perspectiva econ\u00f4mica. O Comit\u00ea estaria preparado para ajustar a postura da pol\u00edtica monet\u00e1ria conforme apropriado se surgirem riscos que possam impedir a obten\u00e7\u00e3o das metas do Comit\u00ea\u201d, acrescentou o texto.&nbsp;<\/p>\n","protected":false},"excerpt":{"rendered":"<p>Federal Reserve mant\u00e9m os juros b\u00e1sicos no intervalo de 5,25% a  5,50% ao ano e refor\u00e7a comprometimento com a meta de infla\u00e7\u00e3o de 2%<\/p>\n","protected":false},"author":10,"featured_media":31247,"comment_status":"closed","ping_status":"open","sticky":false,"template":"","format":"standard","meta":{"_acf_changed":false,"inline_featured_image":false,"footnotes":""},"categories":[1,1870],"tags":[125,37,1572,38,39],"class_list":["post-31240","post","type-post","status-publish","format-standard","has-post-thumbnail","hentry","category-sem-categoria","category-politica-monetaria","tag-estados-unidos","tag-fed","tag-federal-reserve","tag-fomc","tag-juros"],"acf":[],"yoast_head":"<!-- This site is optimized with the Yoast SEO plugin v27.3 - https:\/\/yoast.com\/product\/yoast-seo-wordpress\/ -->\n<title>Em dia de Copom, Fed mant\u00e9m juros entre 5,25% e 5,50% ao ano, mas n\u00e3o sinaliza in\u00edcio de corte em setembro - Blog da Rosana Hessel<\/title>\n<meta name=\"description\" content=\"Federal Reserve mant\u00e9m os juros b\u00e1sicos no intervalo de 5,25% a 5,50% ao ano e refor\u00e7a comprometimento com a meta de infla\u00e7\u00e3o de 2%\" \/>\n<meta name=\"robots\" content=\"index, follow, max-snippet:-1, max-image-preview:large, max-video-preview:-1\" \/>\n<link rel=\"canonical\" href=\"https:\/\/newblogs.correiobraziliense.com.br\/blog-da-rosana-hessel\/em-dia-de-copom-fed-mantem-juros-entre-525-e-550-ao-ano-mas-nao-sinaliza-inicio-de-corte-em-setembro\/\" \/>\n<meta property=\"og:locale\" content=\"pt_BR\" \/>\n<meta property=\"og:type\" content=\"article\" \/>\n<meta property=\"og:title\" content=\"Em dia de Copom, Fed mant\u00e9m juros entre 5,25% e 5,50% ao ano, mas n\u00e3o sinaliza in\u00edcio de corte em setembro - Blog da Rosana Hessel\" \/>\n<meta property=\"og:description\" content=\"Federal Reserve mant\u00e9m os juros b\u00e1sicos no intervalo de 5,25% a 5,50% ao ano e refor\u00e7a comprometimento com a meta de infla\u00e7\u00e3o de 2%\" \/>\n<meta property=\"og:url\" content=\"https:\/\/newblogs.correiobraziliense.com.br\/blog-da-rosana-hessel\/em-dia-de-copom-fed-mantem-juros-entre-525-e-550-ao-ano-mas-nao-sinaliza-inicio-de-corte-em-setembro\/\" \/>\n<meta property=\"og:site_name\" content=\"Blog da Rosana Hessel\" \/>\n<meta property=\"article:published_time\" content=\"2024-07-31T18:34:28+00:00\" \/>\n<meta property=\"article:modified_time\" content=\"2024-07-31T18:48:05+00:00\" \/>\n<meta property=\"og:image\" content=\"http:\/\/newblogs.correiobraziliense.com.br\/blog-da-rosana-hessel\/wp-content\/uploads\/sites\/5\/2024\/07\/jeromepowellfedreproducaointernet.jpg\" \/>\n\t<meta property=\"og:image:width\" content=\"1170\" \/>\n\t<meta property=\"og:image:height\" content=\"1393\" \/>\n\t<meta property=\"og:image:type\" content=\"image\/jpeg\" \/>\n<meta name=\"author\" content=\"Rosana Hessel\" \/>\n<!-- \/ Yoast SEO plugin. -->","yoast_head_json":{"title":"Em dia de Copom, Fed mant\u00e9m juros entre 5,25% e 5,50% ao ano, mas n\u00e3o sinaliza in\u00edcio de corte em setembro - Blog da Rosana Hessel","description":"Federal Reserve mant\u00e9m os juros b\u00e1sicos no intervalo de 5,25% a 5,50% ao ano e refor\u00e7a comprometimento com a meta de infla\u00e7\u00e3o de 2%","robots":{"index":"index","follow":"follow","max-snippet":"max-snippet:-1","max-image-preview":"max-image-preview:large","max-video-preview":"max-video-preview:-1"},"canonical":"https:\/\/newblogs.correiobraziliense.com.br\/blog-da-rosana-hessel\/em-dia-de-copom-fed-mantem-juros-entre-525-e-550-ao-ano-mas-nao-sinaliza-inicio-de-corte-em-setembro\/","og_locale":"pt_BR","og_type":"article","og_title":"Em dia de Copom, Fed mant\u00e9m juros entre 5,25% e 5,50% ao ano, mas n\u00e3o sinaliza in\u00edcio de corte em setembro - Blog da Rosana Hessel","og_description":"Federal Reserve mant\u00e9m os juros b\u00e1sicos no intervalo de 5,25% a 5,50% ao ano e refor\u00e7a comprometimento com a meta de infla\u00e7\u00e3o de 2%","og_url":"https:\/\/newblogs.correiobraziliense.com.br\/blog-da-rosana-hessel\/em-dia-de-copom-fed-mantem-juros-entre-525-e-550-ao-ano-mas-nao-sinaliza-inicio-de-corte-em-setembro\/","og_site_name":"Blog da Rosana Hessel","article_published_time":"2024-07-31T18:34:28+00:00","article_modified_time":"2024-07-31T18:48:05+00:00","og_image":[{"width":1170,"height":1393,"url":"http:\/\/newblogs.correiobraziliense.com.br\/blog-da-rosana-hessel\/wp-content\/uploads\/sites\/5\/2024\/07\/jeromepowellfedreproducaointernet.jpg","type":"image\/jpeg"}],"author":"Rosana Hessel","schema":{"@context":"https:\/\/schema.org","@graph":[{"@type":"Article","@id":"https:\/\/newblogs.correiobraziliense.com.br\/blog-da-rosana-hessel\/em-dia-de-copom-fed-mantem-juros-entre-525-e-550-ao-ano-mas-nao-sinaliza-inicio-de-corte-em-setembro\/#article","isPartOf":{"@id":"https:\/\/newblogs.correiobraziliense.com.br\/blog-da-rosana-hessel\/em-dia-de-copom-fed-mantem-juros-entre-525-e-550-ao-ano-mas-nao-sinaliza-inicio-de-corte-em-setembro\/"},"author":{"name":"Rosana Hessel","@id":"https:\/\/newblogs.correiobraziliense.com.br\/blog-da-rosana-hessel\/#\/schema\/person\/824cb3c631cf0d4056f75ca02599a930"},"headline":"Em dia de Copom, Fed mant\u00e9m juros entre 5,25% e 5,50% ao ano, mas n\u00e3o sinaliza in\u00edcio de corte em setembro","datePublished":"2024-07-31T18:34:28+00:00","dateModified":"2024-07-31T18:48:05+00:00","mainEntityOfPage":{"@id":"https:\/\/newblogs.correiobraziliense.com.br\/blog-da-rosana-hessel\/em-dia-de-copom-fed-mantem-juros-entre-525-e-550-ao-ano-mas-nao-sinaliza-inicio-de-corte-em-setembro\/"},"wordCount":527,"image":{"@id":"https:\/\/newblogs.correiobraziliense.com.br\/blog-da-rosana-hessel\/em-dia-de-copom-fed-mantem-juros-entre-525-e-550-ao-ano-mas-nao-sinaliza-inicio-de-corte-em-setembro\/#primaryimage"},"thumbnailUrl":"https:\/\/newblogs.correiobraziliense.com.br\/blog-da-rosana-hessel\/wp-content\/uploads\/sites\/5\/2024\/07\/jeromepowellfedreproducaointernet.jpg","keywords":["Estados Unidos","Fed","Federal Reserve","Fomc","juros"],"articleSection":["Macroeconomia","Pol\u00edtica monet\u00e1ria"],"inLanguage":"pt-BR"},{"@type":"WebPage","@id":"https:\/\/newblogs.correiobraziliense.com.br\/blog-da-rosana-hessel\/em-dia-de-copom-fed-mantem-juros-entre-525-e-550-ao-ano-mas-nao-sinaliza-inicio-de-corte-em-setembro\/","url":"https:\/\/newblogs.correiobraziliense.com.br\/blog-da-rosana-hessel\/em-dia-de-copom-fed-mantem-juros-entre-525-e-550-ao-ano-mas-nao-sinaliza-inicio-de-corte-em-setembro\/","name":"Em dia de Copom, Fed mant\u00e9m juros entre 5,25% e 5,50% ao ano, mas n\u00e3o sinaliza in\u00edcio de corte em setembro - Blog da Rosana Hessel","isPartOf":{"@id":"https:\/\/newblogs.correiobraziliense.com.br\/blog-da-rosana-hessel\/#website"},"primaryImageOfPage":{"@id":"https:\/\/newblogs.correiobraziliense.com.br\/blog-da-rosana-hessel\/em-dia-de-copom-fed-mantem-juros-entre-525-e-550-ao-ano-mas-nao-sinaliza-inicio-de-corte-em-setembro\/#primaryimage"},"image":{"@id":"https:\/\/newblogs.correiobraziliense.com.br\/blog-da-rosana-hessel\/em-dia-de-copom-fed-mantem-juros-entre-525-e-550-ao-ano-mas-nao-sinaliza-inicio-de-corte-em-setembro\/#primaryimage"},"thumbnailUrl":"https:\/\/newblogs.correiobraziliense.com.br\/blog-da-rosana-hessel\/wp-content\/uploads\/sites\/5\/2024\/07\/jeromepowellfedreproducaointernet.jpg","datePublished":"2024-07-31T18:34:28+00:00","dateModified":"2024-07-31T18:48:05+00:00","author":{"@id":"https:\/\/newblogs.correiobraziliense.com.br\/blog-da-rosana-hessel\/#\/schema\/person\/824cb3c631cf0d4056f75ca02599a930"},"description":"Federal Reserve mant\u00e9m os juros b\u00e1sicos no intervalo de 5,25% a 5,50% ao ano e refor\u00e7a comprometimento com a meta de infla\u00e7\u00e3o de 2%","breadcrumb":{"@id":"https:\/\/newblogs.correiobraziliense.com.br\/blog-da-rosana-hessel\/em-dia-de-copom-fed-mantem-juros-entre-525-e-550-ao-ano-mas-nao-sinaliza-inicio-de-corte-em-setembro\/#breadcrumb"},"inLanguage":"pt-BR","potentialAction":[{"@type":"ReadAction","target":["https:\/\/newblogs.correiobraziliense.com.br\/blog-da-rosana-hessel\/em-dia-de-copom-fed-mantem-juros-entre-525-e-550-ao-ano-mas-nao-sinaliza-inicio-de-corte-em-setembro\/"]}]},{"@type":"ImageObject","inLanguage":"pt-BR","@id":"https:\/\/newblogs.correiobraziliense.com.br\/blog-da-rosana-hessel\/em-dia-de-copom-fed-mantem-juros-entre-525-e-550-ao-ano-mas-nao-sinaliza-inicio-de-corte-em-setembro\/#primaryimage","url":"https:\/\/newblogs.correiobraziliense.com.br\/blog-da-rosana-hessel\/wp-content\/uploads\/sites\/5\/2024\/07\/jeromepowellfedreproducaointernet.jpg","contentUrl":"https:\/\/newblogs.correiobraziliense.com.br\/blog-da-rosana-hessel\/wp-content\/uploads\/sites\/5\/2024\/07\/jeromepowellfedreproducaointernet.jpg","width":1170,"height":1393},{"@type":"BreadcrumbList","@id":"https:\/\/newblogs.correiobraziliense.com.br\/blog-da-rosana-hessel\/em-dia-de-copom-fed-mantem-juros-entre-525-e-550-ao-ano-mas-nao-sinaliza-inicio-de-corte-em-setembro\/#breadcrumb","itemListElement":[{"@type":"ListItem","position":1,"name":"In\u00edcio","item":"https:\/\/newblogs.correiobraziliense.com.br\/blog-da-rosana-hessel\/"},{"@type":"ListItem","position":2,"name":"Em dia de Copom, Fed mant\u00e9m juros entre 5,25% e 5,50% ao ano, mas n\u00e3o sinaliza in\u00edcio de corte em setembro"}]},{"@type":"WebSite","@id":"https:\/\/newblogs.correiobraziliense.com.br\/blog-da-rosana-hessel\/#website","url":"https:\/\/newblogs.correiobraziliense.com.br\/blog-da-rosana-hessel\/","name":"Blog da Rosana Hessel","description":"Not\u00edcias atualizadas e an\u00e1lises sobre economia. Acompanhe-nos para entender as tend\u00eancias e os impactos econ\u00f4micos que influenciam o seu dia a dia, tanto no Brasil quanto no exterior.","potentialAction":[{"@type":"SearchAction","target":{"@type":"EntryPoint","urlTemplate":"https:\/\/newblogs.correiobraziliense.com.br\/blog-da-rosana-hessel\/?s={search_term_string}"},"query-input":{"@type":"PropertyValueSpecification","valueRequired":true,"valueName":"search_term_string"}}],"inLanguage":"pt-BR"},{"@type":"Person","@id":"https:\/\/newblogs.correiobraziliense.com.br\/blog-da-rosana-hessel\/#\/schema\/person\/824cb3c631cf0d4056f75ca02599a930","name":"Rosana Hessel","image":{"@type":"ImageObject","inLanguage":"pt-BR","@id":"https:\/\/secure.gravatar.com\/avatar\/fe780cf1839cf10cd6d682fb080611e0d2a459b64be8a8781778109777fbcfd3?s=96&d=mm&r=g","url":"https:\/\/secure.gravatar.com\/avatar\/fe780cf1839cf10cd6d682fb080611e0d2a459b64be8a8781778109777fbcfd3?s=96&d=mm&r=g","contentUrl":"https:\/\/secure.gravatar.com\/avatar\/fe780cf1839cf10cd6d682fb080611e0d2a459b64be8a8781778109777fbcfd3?s=96&d=mm&r=g","caption":"Rosana Hessel"},"description":"Formada pela Pontif\u00edcia Universidade Cat\u00f3lica de S\u00e3o Paulo (PUC-SP), \u00e9 jornalista de economia desde 1995, quando passou a integrar o time da Gazeta Mercantil. Est\u00e1 sempre atr\u00e1s da boa informa\u00e7\u00e3o. Possui especializa\u00e7\u00e3o em economia pela FGV e MBA em Finan\u00e7as pela FIA-USP. Trabalha no Correio Braziliense desde 2010. Ganhou o Pr\u00eamio Esso de Jornalismo Econ\u00f4mico em 2014 e em 2015 com a equipe do Correio. Foi finalista entre os 50 jornalistas +Admirados da Imprensa de Economia, Neg\u00f3cios e Finan\u00e7as 2024, promovido pela Jornalistas&amp;Cia.","url":"https:\/\/newblogs.correiobraziliense.com.br\/blog-da-rosana-hessel\/author\/rosanahessel\/"}]}},"_links":{"self":[{"href":"https:\/\/newblogs.correiobraziliense.com.br\/blog-da-rosana-hessel\/wp-json\/wp\/v2\/posts\/31240","targetHints":{"allow":["GET"]}}],"collection":[{"href":"https:\/\/newblogs.correiobraziliense.com.br\/blog-da-rosana-hessel\/wp-json\/wp\/v2\/posts"}],"about":[{"href":"https:\/\/newblogs.correiobraziliense.com.br\/blog-da-rosana-hessel\/wp-json\/wp\/v2\/types\/post"}],"author":[{"embeddable":true,"href":"https:\/\/newblogs.correiobraziliense.com.br\/blog-da-rosana-hessel\/wp-json\/wp\/v2\/users\/10"}],"replies":[{"embeddable":true,"href":"https:\/\/newblogs.correiobraziliense.com.br\/blog-da-rosana-hessel\/wp-json\/wp\/v2\/comments?post=31240"}],"version-history":[{"count":11,"href":"https:\/\/newblogs.correiobraziliense.com.br\/blog-da-rosana-hessel\/wp-json\/wp\/v2\/posts\/31240\/revisions"}],"predecessor-version":[{"id":31253,"href":"https:\/\/newblogs.correiobraziliense.com.br\/blog-da-rosana-hessel\/wp-json\/wp\/v2\/posts\/31240\/revisions\/31253"}],"wp:featuredmedia":[{"embeddable":true,"href":"https:\/\/newblogs.correiobraziliense.com.br\/blog-da-rosana-hessel\/wp-json\/wp\/v2\/media\/31247"}],"wp:attachment":[{"href":"https:\/\/newblogs.correiobraziliense.com.br\/blog-da-rosana-hessel\/wp-json\/wp\/v2\/media?parent=31240"}],"wp:term":[{"taxonomy":"category","embeddable":true,"href":"https:\/\/newblogs.correiobraziliense.com.br\/blog-da-rosana-hessel\/wp-json\/wp\/v2\/categories?post=31240"},{"taxonomy":"post_tag","embeddable":true,"href":"https:\/\/newblogs.correiobraziliense.com.br\/blog-da-rosana-hessel\/wp-json\/wp\/v2\/tags?post=31240"}],"curies":[{"name":"wp","href":"https:\/\/api.w.org\/{rel}","templated":true}]}}