{"id":31138,"date":"2024-07-25T09:15:30","date_gmt":"2024-07-25T12:15:30","guid":{"rendered":"https:\/\/newblogs.correiobraziliense.com.br\/blog-da-rosana-hessel\/?p=31138"},"modified":"2024-07-25T17:34:12","modified_gmt":"2024-07-25T20:34:12","slug":"previa-da-inflacao-de-julho-desacelera-no-mes-mas-taxa-anual-acelera-e-fica-perto-de-teto-da-meta","status":"publish","type":"post","link":"https:\/\/newblogs.correiobraziliense.com.br\/blog-da-rosana-hessel\/previa-da-inflacao-de-julho-desacelera-no-mes-mas-taxa-anual-acelera-e-fica-perto-de-teto-da-meta\/","title":{"rendered":"Pr\u00e9via da infla\u00e7\u00e3o de julho desacelera no m\u00eas, mas taxa anualizada avan\u00e7a e fica perto de teto da meta"},"content":{"rendered":"\n<p>A pr\u00e9via da infla\u00e7\u00e3o oficial, o \u00cdndice Nacional de Pre\u00e7os ao Consumidor Amplo 15 (IPCA-15), desacelerou em julho, na compara\u00e7\u00e3o mensal, mas avan\u00e7ou no acumulado em 12 meses e ficou bem perto do teto da meta, de 4,5% ao ano, conforme dados do Instituto Brasileiro de Geografia e Estat\u00edstica (IBGE) divulgados nesta quinta-feira (25\/7).<\/p>\n\n\n\n<p>O <a href=\"https:\/\/agenciadenoticias.ibge.gov.br\/agencia-sala-de-imprensa\/2013-agencia-de-noticias\/releases\/40759-ipca-15-foi-de-0-30-em-julho\">indicador registrou alta de 0,30% em julho<\/a>, dado 0,09 ponto percentual abaixo da taxa de junho, de 0,39%, mas na contram\u00e3o da defla\u00e7\u00e3o de julho de 2023, mas acima das expectativas do mercado, de 0,24%. No mesmo m\u00eas do ano passado, a taxa foi negativa em 0,07%. De janeiro a julho, o IPCA-15 acumula alta de 2,82%, e, no acumulado em 12 meses, e registra eleva\u00e7\u00e3o de 4,45% &#8212; dado acima dos 4,06% registrados nos 12 meses encerrados em junho.&nbsp;<\/p>\n\n\n\n<p>Dos nove grupos de produtos e servi\u00e7os pesquisados pelo IBGE, sete tiveram alta em julho. A maior varia\u00e7\u00e3o e o maior impacto positivo vieram do grupo de Transportes, de 1,12% e de 0,23 ponto percentual (p.p.), respectivamente, refletindo o reajuste da gasolina anunciado pela Petrobras no in\u00edcio do m\u00eas e tamb\u00e9m pelo aumento dos pre\u00e7os das passagens a\u00e9reas, que subiram 19,21% e contribu\u00edram para a alta do indicador em 0,12 ponto percentual no m\u00eas de julho.<\/p>\n\n\n\n<p>Em rela\u00e7\u00e3o aos combust\u00edveis, que subiram 1,39%, gasolina (1,43%), etanol (1,78%) e \u00f3leo diesel (0,09%) tiveram alta nos pre\u00e7os, enquanto g\u00e1s veicular registrou queda de 0,25%. Em seguida, o grupo Habita\u00e7\u00e3o registrou varia\u00e7\u00e3o de 0,49% e impacto de 0,07 ponto percentual na infla\u00e7\u00e3o at\u00e9 a primeira metade de julho.<\/p>\n\n\n\n<p>O grupo Alimenta\u00e7\u00e3o e bebidas, na contram\u00e3o, registrou recuo de 0,44%, ap\u00f3s oito meses consecutivos de alta.&nbsp; Os demais grupos registraram varia\u00e7\u00f5es de -0,08%, para o grupo de Vestu\u00e1rio, e&nbsp;de 0,33%, para o de Sa\u00fade e cuidados pessoais, conforme os dados do IBGE.<\/p>\n","protected":false},"excerpt":{"rendered":"<p>O IPCA-15, indicador que \u00e9 considerado a pr\u00e9via da infla\u00e7\u00e3o oficial, registrou alta de 0,30%, em julho, e acumula eleva\u00e7\u00e3o de 4,45% em 12 meses, perto do teto da meta, de 4,5% <\/p>\n","protected":false},"author":10,"featured_media":30994,"comment_status":"closed","ping_status":"open","sticky":false,"template":"","format":"standard","meta":{"_acf_changed":false,"inline_featured_image":false,"footnotes":""},"categories":[1],"tags":[],"class_list":["post-31138","post","type-post","status-publish","format-standard","has-post-thumbnail","hentry","category-sem-categoria"],"acf":[],"yoast_head":"<!-- This site is optimized with the Yoast SEO plugin v27.3 - https:\/\/yoast.com\/product\/yoast-seo-wordpress\/ -->\n<title>Pr\u00e9via da infla\u00e7\u00e3o de julho desacelera no m\u00eas, mas taxa anualizada avan\u00e7a e fica perto de teto da meta - Blog da Rosana Hessel<\/title>\n<meta name=\"description\" content=\"O IPCA-15, indicador que \u00e9 considerado a pr\u00e9via da infla\u00e7\u00e3o oficial, registrou alta de 0,30%, em julho, e acumula eleva\u00e7\u00e3o de 4,45% em 12 meses, perto do teto da meta, de 4,5%\" \/>\n<meta name=\"robots\" content=\"index, follow, max-snippet:-1, max-image-preview:large, max-video-preview:-1\" \/>\n<link rel=\"canonical\" href=\"https:\/\/newblogs.correiobraziliense.com.br\/blog-da-rosana-hessel\/previa-da-inflacao-de-julho-desacelera-no-mes-mas-taxa-anual-acelera-e-fica-perto-de-teto-da-meta\/\" \/>\n<meta property=\"og:locale\" content=\"pt_BR\" \/>\n<meta property=\"og:type\" content=\"article\" \/>\n<meta property=\"og:title\" content=\"Pr\u00e9via da infla\u00e7\u00e3o de julho desacelera no m\u00eas, mas taxa anualizada avan\u00e7a e fica perto de teto da meta - Blog da Rosana Hessel\" \/>\n<meta property=\"og:description\" content=\"O IPCA-15, indicador que \u00e9 considerado a pr\u00e9via da infla\u00e7\u00e3o oficial, registrou alta de 0,30%, em julho, e acumula eleva\u00e7\u00e3o de 4,45% em 12 meses, perto do teto da meta, de 4,5%\" \/>\n<meta property=\"og:url\" content=\"https:\/\/newblogs.correiobraziliense.com.br\/blog-da-rosana-hessel\/previa-da-inflacao-de-julho-desacelera-no-mes-mas-taxa-anual-acelera-e-fica-perto-de-teto-da-meta\/\" \/>\n<meta property=\"og:site_name\" content=\"Blog da Rosana Hessel\" \/>\n<meta property=\"article:published_time\" content=\"2024-07-25T12:15:30+00:00\" \/>\n<meta property=\"article:modified_time\" content=\"2024-07-25T20:34:12+00:00\" \/>\n<meta property=\"og:image\" content=\"http:\/\/newblogs.correiobraziliense.com.br\/blog-da-rosana-hessel\/wp-content\/uploads\/sites\/5\/2024\/07\/arteinflacao.jpeg\" \/>\n\t<meta property=\"og:image:width\" content=\"800\" \/>\n\t<meta property=\"og:image:height\" content=\"665\" \/>\n\t<meta property=\"og:image:type\" content=\"image\/jpeg\" \/>\n<meta name=\"author\" content=\"Rosana Hessel\" \/>\n<!-- \/ Yoast SEO plugin. -->","yoast_head_json":{"title":"Pr\u00e9via da infla\u00e7\u00e3o de julho desacelera no m\u00eas, mas taxa anualizada avan\u00e7a e fica perto de teto da meta - Blog da Rosana Hessel","description":"O IPCA-15, indicador que \u00e9 considerado a pr\u00e9via da infla\u00e7\u00e3o oficial, registrou alta de 0,30%, em julho, e acumula eleva\u00e7\u00e3o de 4,45% em 12 meses, perto do teto da meta, de 4,5%","robots":{"index":"index","follow":"follow","max-snippet":"max-snippet:-1","max-image-preview":"max-image-preview:large","max-video-preview":"max-video-preview:-1"},"canonical":"https:\/\/newblogs.correiobraziliense.com.br\/blog-da-rosana-hessel\/previa-da-inflacao-de-julho-desacelera-no-mes-mas-taxa-anual-acelera-e-fica-perto-de-teto-da-meta\/","og_locale":"pt_BR","og_type":"article","og_title":"Pr\u00e9via da infla\u00e7\u00e3o de julho desacelera no m\u00eas, mas taxa anualizada avan\u00e7a e fica perto de teto da meta - Blog da Rosana Hessel","og_description":"O IPCA-15, indicador que \u00e9 considerado a pr\u00e9via da infla\u00e7\u00e3o oficial, registrou alta de 0,30%, em julho, e acumula eleva\u00e7\u00e3o de 4,45% em 12 meses, perto do teto da meta, de 4,5%","og_url":"https:\/\/newblogs.correiobraziliense.com.br\/blog-da-rosana-hessel\/previa-da-inflacao-de-julho-desacelera-no-mes-mas-taxa-anual-acelera-e-fica-perto-de-teto-da-meta\/","og_site_name":"Blog da Rosana Hessel","article_published_time":"2024-07-25T12:15:30+00:00","article_modified_time":"2024-07-25T20:34:12+00:00","og_image":[{"width":800,"height":665,"url":"http:\/\/newblogs.correiobraziliense.com.br\/blog-da-rosana-hessel\/wp-content\/uploads\/sites\/5\/2024\/07\/arteinflacao.jpeg","type":"image\/jpeg"}],"author":"Rosana Hessel","schema":{"@context":"https:\/\/schema.org","@graph":[{"@type":"Article","@id":"https:\/\/newblogs.correiobraziliense.com.br\/blog-da-rosana-hessel\/previa-da-inflacao-de-julho-desacelera-no-mes-mas-taxa-anual-acelera-e-fica-perto-de-teto-da-meta\/#article","isPartOf":{"@id":"https:\/\/newblogs.correiobraziliense.com.br\/blog-da-rosana-hessel\/previa-da-inflacao-de-julho-desacelera-no-mes-mas-taxa-anual-acelera-e-fica-perto-de-teto-da-meta\/"},"author":{"name":"Rosana Hessel","@id":"https:\/\/newblogs.correiobraziliense.com.br\/blog-da-rosana-hessel\/#\/schema\/person\/824cb3c631cf0d4056f75ca02599a930"},"headline":"Pr\u00e9via da infla\u00e7\u00e3o de julho desacelera no m\u00eas, mas taxa anualizada avan\u00e7a e fica perto de teto da meta","datePublished":"2024-07-25T12:15:30+00:00","dateModified":"2024-07-25T20:34:12+00:00","mainEntityOfPage":{"@id":"https:\/\/newblogs.correiobraziliense.com.br\/blog-da-rosana-hessel\/previa-da-inflacao-de-julho-desacelera-no-mes-mas-taxa-anual-acelera-e-fica-perto-de-teto-da-meta\/"},"wordCount":335,"image":{"@id":"https:\/\/newblogs.correiobraziliense.com.br\/blog-da-rosana-hessel\/previa-da-inflacao-de-julho-desacelera-no-mes-mas-taxa-anual-acelera-e-fica-perto-de-teto-da-meta\/#primaryimage"},"thumbnailUrl":"https:\/\/newblogs.correiobraziliense.com.br\/blog-da-rosana-hessel\/wp-content\/uploads\/sites\/5\/2024\/07\/arteinflacao.jpeg","articleSection":["Macroeconomia"],"inLanguage":"pt-BR"},{"@type":"WebPage","@id":"https:\/\/newblogs.correiobraziliense.com.br\/blog-da-rosana-hessel\/previa-da-inflacao-de-julho-desacelera-no-mes-mas-taxa-anual-acelera-e-fica-perto-de-teto-da-meta\/","url":"https:\/\/newblogs.correiobraziliense.com.br\/blog-da-rosana-hessel\/previa-da-inflacao-de-julho-desacelera-no-mes-mas-taxa-anual-acelera-e-fica-perto-de-teto-da-meta\/","name":"Pr\u00e9via da infla\u00e7\u00e3o de julho desacelera no m\u00eas, mas taxa anualizada avan\u00e7a e fica perto de teto da meta - Blog da Rosana Hessel","isPartOf":{"@id":"https:\/\/newblogs.correiobraziliense.com.br\/blog-da-rosana-hessel\/#website"},"primaryImageOfPage":{"@id":"https:\/\/newblogs.correiobraziliense.com.br\/blog-da-rosana-hessel\/previa-da-inflacao-de-julho-desacelera-no-mes-mas-taxa-anual-acelera-e-fica-perto-de-teto-da-meta\/#primaryimage"},"image":{"@id":"https:\/\/newblogs.correiobraziliense.com.br\/blog-da-rosana-hessel\/previa-da-inflacao-de-julho-desacelera-no-mes-mas-taxa-anual-acelera-e-fica-perto-de-teto-da-meta\/#primaryimage"},"thumbnailUrl":"https:\/\/newblogs.correiobraziliense.com.br\/blog-da-rosana-hessel\/wp-content\/uploads\/sites\/5\/2024\/07\/arteinflacao.jpeg","datePublished":"2024-07-25T12:15:30+00:00","dateModified":"2024-07-25T20:34:12+00:00","author":{"@id":"https:\/\/newblogs.correiobraziliense.com.br\/blog-da-rosana-hessel\/#\/schema\/person\/824cb3c631cf0d4056f75ca02599a930"},"description":"O IPCA-15, indicador que \u00e9 considerado a pr\u00e9via da infla\u00e7\u00e3o oficial, registrou alta de 0,30%, em julho, e acumula eleva\u00e7\u00e3o de 4,45% em 12 meses, perto do teto da meta, de 4,5%","breadcrumb":{"@id":"https:\/\/newblogs.correiobraziliense.com.br\/blog-da-rosana-hessel\/previa-da-inflacao-de-julho-desacelera-no-mes-mas-taxa-anual-acelera-e-fica-perto-de-teto-da-meta\/#breadcrumb"},"inLanguage":"pt-BR","potentialAction":[{"@type":"ReadAction","target":["https:\/\/newblogs.correiobraziliense.com.br\/blog-da-rosana-hessel\/previa-da-inflacao-de-julho-desacelera-no-mes-mas-taxa-anual-acelera-e-fica-perto-de-teto-da-meta\/"]}]},{"@type":"ImageObject","inLanguage":"pt-BR","@id":"https:\/\/newblogs.correiobraziliense.com.br\/blog-da-rosana-hessel\/previa-da-inflacao-de-julho-desacelera-no-mes-mas-taxa-anual-acelera-e-fica-perto-de-teto-da-meta\/#primaryimage","url":"https:\/\/newblogs.correiobraziliense.com.br\/blog-da-rosana-hessel\/wp-content\/uploads\/sites\/5\/2024\/07\/arteinflacao.jpeg","contentUrl":"https:\/\/newblogs.correiobraziliense.com.br\/blog-da-rosana-hessel\/wp-content\/uploads\/sites\/5\/2024\/07\/arteinflacao.jpeg","width":800,"height":665},{"@type":"BreadcrumbList","@id":"https:\/\/newblogs.correiobraziliense.com.br\/blog-da-rosana-hessel\/previa-da-inflacao-de-julho-desacelera-no-mes-mas-taxa-anual-acelera-e-fica-perto-de-teto-da-meta\/#breadcrumb","itemListElement":[{"@type":"ListItem","position":1,"name":"In\u00edcio","item":"https:\/\/newblogs.correiobraziliense.com.br\/blog-da-rosana-hessel\/"},{"@type":"ListItem","position":2,"name":"Pr\u00e9via da infla\u00e7\u00e3o de julho desacelera no m\u00eas, mas taxa anualizada avan\u00e7a e fica perto de teto da meta"}]},{"@type":"WebSite","@id":"https:\/\/newblogs.correiobraziliense.com.br\/blog-da-rosana-hessel\/#website","url":"https:\/\/newblogs.correiobraziliense.com.br\/blog-da-rosana-hessel\/","name":"Blog da Rosana Hessel","description":"Not\u00edcias atualizadas e an\u00e1lises sobre economia. Acompanhe-nos para entender as tend\u00eancias e os impactos econ\u00f4micos que influenciam o seu dia a dia, tanto no Brasil quanto no exterior.","potentialAction":[{"@type":"SearchAction","target":{"@type":"EntryPoint","urlTemplate":"https:\/\/newblogs.correiobraziliense.com.br\/blog-da-rosana-hessel\/?s={search_term_string}"},"query-input":{"@type":"PropertyValueSpecification","valueRequired":true,"valueName":"search_term_string"}}],"inLanguage":"pt-BR"},{"@type":"Person","@id":"https:\/\/newblogs.correiobraziliense.com.br\/blog-da-rosana-hessel\/#\/schema\/person\/824cb3c631cf0d4056f75ca02599a930","name":"Rosana Hessel","image":{"@type":"ImageObject","inLanguage":"pt-BR","@id":"https:\/\/secure.gravatar.com\/avatar\/fe780cf1839cf10cd6d682fb080611e0d2a459b64be8a8781778109777fbcfd3?s=96&d=mm&r=g","url":"https:\/\/secure.gravatar.com\/avatar\/fe780cf1839cf10cd6d682fb080611e0d2a459b64be8a8781778109777fbcfd3?s=96&d=mm&r=g","contentUrl":"https:\/\/secure.gravatar.com\/avatar\/fe780cf1839cf10cd6d682fb080611e0d2a459b64be8a8781778109777fbcfd3?s=96&d=mm&r=g","caption":"Rosana Hessel"},"description":"Formada pela Pontif\u00edcia Universidade Cat\u00f3lica de S\u00e3o Paulo (PUC-SP), \u00e9 jornalista de economia desde 1995, quando passou a integrar o time da Gazeta Mercantil. Est\u00e1 sempre atr\u00e1s da boa informa\u00e7\u00e3o. Possui especializa\u00e7\u00e3o em economia pela FGV e MBA em Finan\u00e7as pela FIA-USP. Trabalha no Correio Braziliense desde 2010. Ganhou o Pr\u00eamio Esso de Jornalismo Econ\u00f4mico em 2014 e em 2015 com a equipe do Correio. Foi finalista entre os 50 jornalistas +Admirados da Imprensa de Economia, Neg\u00f3cios e Finan\u00e7as 2024, promovido pela Jornalistas&amp;Cia.","url":"https:\/\/newblogs.correiobraziliense.com.br\/blog-da-rosana-hessel\/author\/rosanahessel\/"}]}},"_links":{"self":[{"href":"https:\/\/newblogs.correiobraziliense.com.br\/blog-da-rosana-hessel\/wp-json\/wp\/v2\/posts\/31138","targetHints":{"allow":["GET"]}}],"collection":[{"href":"https:\/\/newblogs.correiobraziliense.com.br\/blog-da-rosana-hessel\/wp-json\/wp\/v2\/posts"}],"about":[{"href":"https:\/\/newblogs.correiobraziliense.com.br\/blog-da-rosana-hessel\/wp-json\/wp\/v2\/types\/post"}],"author":[{"embeddable":true,"href":"https:\/\/newblogs.correiobraziliense.com.br\/blog-da-rosana-hessel\/wp-json\/wp\/v2\/users\/10"}],"replies":[{"embeddable":true,"href":"https:\/\/newblogs.correiobraziliense.com.br\/blog-da-rosana-hessel\/wp-json\/wp\/v2\/comments?post=31138"}],"version-history":[{"count":21,"href":"https:\/\/newblogs.correiobraziliense.com.br\/blog-da-rosana-hessel\/wp-json\/wp\/v2\/posts\/31138\/revisions"}],"predecessor-version":[{"id":31172,"href":"https:\/\/newblogs.correiobraziliense.com.br\/blog-da-rosana-hessel\/wp-json\/wp\/v2\/posts\/31138\/revisions\/31172"}],"wp:featuredmedia":[{"embeddable":true,"href":"https:\/\/newblogs.correiobraziliense.com.br\/blog-da-rosana-hessel\/wp-json\/wp\/v2\/media\/30994"}],"wp:attachment":[{"href":"https:\/\/newblogs.correiobraziliense.com.br\/blog-da-rosana-hessel\/wp-json\/wp\/v2\/media?parent=31138"}],"wp:term":[{"taxonomy":"category","embeddable":true,"href":"https:\/\/newblogs.correiobraziliense.com.br\/blog-da-rosana-hessel\/wp-json\/wp\/v2\/categories?post=31138"},{"taxonomy":"post_tag","embeddable":true,"href":"https:\/\/newblogs.correiobraziliense.com.br\/blog-da-rosana-hessel\/wp-json\/wp\/v2\/tags?post=31138"}],"curies":[{"name":"wp","href":"https:\/\/api.w.org\/{rel}","templated":true}]}}