{"id":31117,"date":"2024-07-22T15:58:23","date_gmt":"2024-07-22T18:58:23","guid":{"rendered":"https:\/\/newblogs.correiobraziliense.com.br\/blog-da-rosana-hessel\/?p=31117"},"modified":"2024-07-22T17:55:33","modified_gmt":"2024-07-22T20:55:33","slug":"governo-preve-aumento-de-r-207-bilhoes-nas-despesas-deste-ano","status":"publish","type":"post","link":"https:\/\/newblogs.correiobraziliense.com.br\/blog-da-rosana-hessel\/governo-preve-aumento-de-r-207-bilhoes-nas-despesas-deste-ano\/","title":{"rendered":"Governo prev\u00ea aumento de R$ 20,7 bilh\u00f5es nas despesas do Or\u00e7amento deste ano"},"content":{"rendered":"\n<p>O Minist\u00e9rio do Planejamento e Or\u00e7amento (MPO) e o Minist\u00e9rio da Fazenda divulgaram, nesta segunda-feira (22\/7), o relat\u00f3rio de avalia\u00e7\u00e3o de receitas e despesas do terceiro bimestre de 2024, confirmando a conten\u00e7\u00e3o de R$ 15 bilh\u00f5es em gastos or\u00e7ament\u00e1rios e prevendo aumento de R$ 20,7 bilh\u00f5es na previs\u00e3o de despesas neste ano.<\/p>\n\n\n\n<p>Os par\u00e2metros macroecon\u00f4micos foram atualizados e a previs\u00e3o de crescimento do Produto Interno Bruto (PIB) passou de 2,45% para 2,54%. Esse ajuste mais conservador na previs\u00e3o de expans\u00e3o da atividade econ\u00f4mica reflete as incertezas em rela\u00e7\u00e3o \u00e0 concretiza\u00e7\u00e3o de um avan\u00e7o maior no PIB neste ano e, portanto, n\u00e3o foi suficiente para melhorar a estimativa de receitas, pois o relat\u00f3rio prev\u00ea salto de R$ 20,7 bilh\u00f5es nas despesas em rela\u00e7\u00e3o \u00e0 proje\u00e7\u00e3o do segundo bimestre, para R$ 2,229 trilh\u00f5es. Um dos maiores gastos nessa rubrica \u00e9 com benef\u00edcios previdenci\u00e1rios, cuja previs\u00e3o financeira aumentou R$ 5,3 bilh\u00f5es, entre o relat\u00f3rio mar\u00e7o e abril para o de maio e junho, para R$ 923,1 bilh\u00f5es, o equivalente a 8% do PIB. Outra despesa que aumentou de forma expressiva foram cr\u00e9ditos extraordin\u00e1rios, especialmente para o socorro do Rio Grande do Sul, que cresceram R$ 14,2 bilh\u00f5es, somando R$ 28 bilh\u00f5es. <\/p>\n\n\n\n<p>Enquanto isso, a receita l\u00edquida encolheu R$ 13,2 bilh\u00f5es, para R$ 2,168 trilh\u00f5es, apesar de a Receita Federal prever R$ 87 bilh\u00f5es em arrecada\u00e7\u00e3o adicional neste ano, incluindo R$ 12 bilh\u00f5es em restri\u00e7\u00e3o de compensa\u00e7\u00f5es tribut\u00e1rias previstas na Medida Provis\u00f3ria da reonera\u00e7\u00e3o da folha &#8212; que foi devolvida pelo Congresso. Com esses n\u00fameros, o governo passa a prever um um deficit prim\u00e1rio de R$ 32,6 bilh\u00f5es nas contas deste ano, dado acima do limite inferior da meta fiscal, que permite um rombo de at\u00e9 R$ 28,8 bilh\u00f5es.<\/p>\n\n\n\n<p>E, para adequar a programa\u00e7\u00e3o or\u00e7ament\u00e1ria ao novo arcabou\u00e7o fiscal, o governo precisar\u00e1 fazer um bloqueio de R$ 11,2 bilh\u00f5es em decorr\u00eancia do aumento de despesas obrigat\u00f3rias (Benef\u00edcios de Presta\u00e7\u00e3o Continuada (BPC) e benef\u00edcios previdenci\u00e1rios, de acordo com os \u00f3rg\u00e3os. Al\u00e9m disso, o governo ainda prev\u00ea um contingenciamento de R$ 3,8 bilh\u00f5es para o cumprimento do limite da meta fiscal. <a href=\"https:\/\/www.correiobraziliense.com.br\/economia\/2024\/07\/6902621-corte-de-rs-15-bilhoes-e-insuficiente-para-governo-cumprir-meta.html\">Analistas ouvidos pelo <strong>Correio<\/strong>, contudo, j\u00e1 alertaram que o valor total do corte, de R$ 15 bilh\u00f5es, \u00e9 insuficiente para o cumprimento da meta fiscal<\/a>. Pelas proje\u00e7\u00f5es de especialistas, o governo precisar\u00e1 fazer um corte adicional de despesas nos pr\u00f3ximos meses de, pelo menos, R$ 10 bilh\u00f5es, mas podendo ultrapassar R$ 21 bilh\u00f5es, nas proje\u00e7\u00f5es mais pessimistas.<\/p>\n\n\n\n<p>O detalhamento da conten\u00e7\u00e3o, por \u00f3rg\u00e3o, constar\u00e1 de anexo ao Decreto de Programa\u00e7\u00e3o Or\u00e7ament\u00e1ria e Financeira que ser\u00e1 publicado no pr\u00f3ximo dia 30, no Di\u00e1rio Oficial da Uni\u00e3o (DOU). Ap\u00f3s a publica\u00e7\u00e3o do decreto, os \u00f3rg\u00e3os ter\u00e3o cinco dias \u00fateis para indicar as programa\u00e7\u00f5es a serem bloqueadas ou contingenciadas. A ministra do Planejamento, Simone Tebet, em entrevistas recentes, garantiu que os investimentos em sa\u00fade e educa\u00e7\u00e3o ser\u00e3o preservados, assim como as obras do Programa de Acelera\u00e7\u00e3o do Crescimento (PAC) j\u00e1 iniciadas.<\/p>\n\n\n\n<p>Na quinta-feira passada, ap\u00f3s reuni\u00e3o da Junta de Execu\u00e7\u00e3o Or\u00e7ament\u00e1ria (JEO) com o presidente Luiz In\u00e1cio Lula da Silva (PT) no Pal\u00e1cio do Planalto, o ministro da Fazenda, Fernando Haddad, a conten\u00e7\u00e3o de R$ 15 bilh\u00f5es de gastos, como medida para o cumprimento da meta fiscal deste ano, que permite um rombo de at\u00e9 0,25% no PIB, e do limite de crescimento das despesas de 70% da expans\u00e3o das receitas previsto no novo arcabou\u00e7o fiscal &#8212; com limite de 2,5% de aumento real (descontada a infla\u00e7\u00e3o).<\/p>\n","protected":false},"excerpt":{"rendered":"<p>Minist\u00e9rios do Planejamento e Or\u00e7amento e da Fazenda divulgam relat\u00f3rio bimestral de avalia\u00e7\u00e3o de receitas e despesas com conten\u00e7\u00e3o de R$ 15 bilh\u00f5es  em gastos neste ano e aumento de R$ 20,7 bilh\u00f5es nas despesas<\/p>\n","protected":false},"author":10,"featured_media":31123,"comment_status":"closed","ping_status":"open","sticky":false,"template":"","format":"standard","meta":{"_acf_changed":false,"inline_featured_image":false,"footnotes":""},"categories":[1869],"tags":[313,1760,1340,833,1897,315,1896],"class_list":["post-31117","post","type-post","status-publish","format-standard","has-post-thumbnail","hentry","category-contas-publicas","tag-contas-publicas","tag-contingenciamento","tag-corte","tag-ministerio-da-fazenda","tag-ministerio-do-planejamento-e-orcamento","tag-orcamento","tag-relatorio-de-avaliacao-de-receitas-e-despesas"],"acf":[],"yoast_head":"<!-- This site is optimized with the Yoast SEO plugin v27.3 - https:\/\/yoast.com\/product\/yoast-seo-wordpress\/ -->\n<title>Governo prev\u00ea aumento de R$ 20,7 bilh\u00f5es nas despesas do Or\u00e7amento deste ano - Blog da Rosana Hessel<\/title>\n<meta name=\"description\" content=\"Minist\u00e9rios do Planejamento e Or\u00e7amento e da Fazenda divulgam relat\u00f3rio bimestral de avalia\u00e7\u00e3o de receitas e despesas com conten\u00e7\u00e3o de R$ 15 bilh\u00f5es em gastos neste ano e aumento de R$ 20,7 bilh\u00f5es nas despesas\" \/>\n<meta name=\"robots\" content=\"index, follow, max-snippet:-1, max-image-preview:large, max-video-preview:-1\" \/>\n<link rel=\"canonical\" href=\"https:\/\/newblogs.correiobraziliense.com.br\/blog-da-rosana-hessel\/governo-preve-aumento-de-r-207-bilhoes-nas-despesas-deste-ano\/\" \/>\n<meta property=\"og:locale\" content=\"pt_BR\" \/>\n<meta property=\"og:type\" content=\"article\" \/>\n<meta property=\"og:title\" content=\"Governo prev\u00ea aumento de R$ 20,7 bilh\u00f5es nas despesas do Or\u00e7amento deste ano - Blog da Rosana Hessel\" \/>\n<meta property=\"og:description\" content=\"Minist\u00e9rios do Planejamento e Or\u00e7amento e da Fazenda divulgam relat\u00f3rio bimestral de avalia\u00e7\u00e3o de receitas e despesas com conten\u00e7\u00e3o de R$ 15 bilh\u00f5es em gastos neste ano e aumento de R$ 20,7 bilh\u00f5es nas despesas\" \/>\n<meta property=\"og:url\" content=\"https:\/\/newblogs.correiobraziliense.com.br\/blog-da-rosana-hessel\/governo-preve-aumento-de-r-207-bilhoes-nas-despesas-deste-ano\/\" \/>\n<meta property=\"og:site_name\" content=\"Blog da Rosana Hessel\" \/>\n<meta property=\"article:published_time\" content=\"2024-07-22T18:58:23+00:00\" \/>\n<meta property=\"article:modified_time\" content=\"2024-07-22T20:55:33+00:00\" \/>\n<meta property=\"og:image\" content=\"http:\/\/newblogs.correiobraziliense.com.br\/blog-da-rosana-hessel\/wp-content\/uploads\/sites\/5\/2024\/07\/fachada-mpo-e-mgi.jpg\" \/>\n\t<meta property=\"og:image:width\" content=\"1280\" \/>\n\t<meta property=\"og:image:height\" content=\"762\" \/>\n\t<meta property=\"og:image:type\" content=\"image\/jpeg\" \/>\n<meta name=\"author\" content=\"Rosana Hessel\" \/>\n<!-- \/ Yoast SEO plugin. -->","yoast_head_json":{"title":"Governo prev\u00ea aumento de R$ 20,7 bilh\u00f5es nas despesas do Or\u00e7amento deste ano - Blog da Rosana Hessel","description":"Minist\u00e9rios do Planejamento e Or\u00e7amento e da Fazenda divulgam relat\u00f3rio bimestral de avalia\u00e7\u00e3o de receitas e despesas com conten\u00e7\u00e3o de R$ 15 bilh\u00f5es em gastos neste ano e aumento de R$ 20,7 bilh\u00f5es nas despesas","robots":{"index":"index","follow":"follow","max-snippet":"max-snippet:-1","max-image-preview":"max-image-preview:large","max-video-preview":"max-video-preview:-1"},"canonical":"https:\/\/newblogs.correiobraziliense.com.br\/blog-da-rosana-hessel\/governo-preve-aumento-de-r-207-bilhoes-nas-despesas-deste-ano\/","og_locale":"pt_BR","og_type":"article","og_title":"Governo prev\u00ea aumento de R$ 20,7 bilh\u00f5es nas despesas do Or\u00e7amento deste ano - Blog da Rosana Hessel","og_description":"Minist\u00e9rios do Planejamento e Or\u00e7amento e da Fazenda divulgam relat\u00f3rio bimestral de avalia\u00e7\u00e3o de receitas e despesas com conten\u00e7\u00e3o de R$ 15 bilh\u00f5es em gastos neste ano e aumento de R$ 20,7 bilh\u00f5es nas despesas","og_url":"https:\/\/newblogs.correiobraziliense.com.br\/blog-da-rosana-hessel\/governo-preve-aumento-de-r-207-bilhoes-nas-despesas-deste-ano\/","og_site_name":"Blog da Rosana Hessel","article_published_time":"2024-07-22T18:58:23+00:00","article_modified_time":"2024-07-22T20:55:33+00:00","og_image":[{"width":1280,"height":762,"url":"http:\/\/newblogs.correiobraziliense.com.br\/blog-da-rosana-hessel\/wp-content\/uploads\/sites\/5\/2024\/07\/fachada-mpo-e-mgi.jpg","type":"image\/jpeg"}],"author":"Rosana Hessel","schema":{"@context":"https:\/\/schema.org","@graph":[{"@type":"Article","@id":"https:\/\/newblogs.correiobraziliense.com.br\/blog-da-rosana-hessel\/governo-preve-aumento-de-r-207-bilhoes-nas-despesas-deste-ano\/#article","isPartOf":{"@id":"https:\/\/newblogs.correiobraziliense.com.br\/blog-da-rosana-hessel\/governo-preve-aumento-de-r-207-bilhoes-nas-despesas-deste-ano\/"},"author":{"name":"Rosana Hessel","@id":"https:\/\/newblogs.correiobraziliense.com.br\/blog-da-rosana-hessel\/#\/schema\/person\/824cb3c631cf0d4056f75ca02599a930"},"headline":"Governo prev\u00ea aumento de R$ 20,7 bilh\u00f5es nas despesas do Or\u00e7amento deste ano","datePublished":"2024-07-22T18:58:23+00:00","dateModified":"2024-07-22T20:55:33+00:00","mainEntityOfPage":{"@id":"https:\/\/newblogs.correiobraziliense.com.br\/blog-da-rosana-hessel\/governo-preve-aumento-de-r-207-bilhoes-nas-despesas-deste-ano\/"},"wordCount":651,"image":{"@id":"https:\/\/newblogs.correiobraziliense.com.br\/blog-da-rosana-hessel\/governo-preve-aumento-de-r-207-bilhoes-nas-despesas-deste-ano\/#primaryimage"},"thumbnailUrl":"https:\/\/newblogs.correiobraziliense.com.br\/blog-da-rosana-hessel\/wp-content\/uploads\/sites\/5\/2024\/07\/fachada-mpo-e-mgi.jpg","keywords":["contas p\u00fablicas","contingenciamento","corte","Minist\u00e9rio da Fazenda","Minist\u00e9rio do Planejamento e Or\u00e7amento","or\u00e7amento","relat\u00f3rio de avalia\u00e7\u00e3o de receitas e despesas"],"articleSection":["Contas p\u00fablicas"],"inLanguage":"pt-BR"},{"@type":"WebPage","@id":"https:\/\/newblogs.correiobraziliense.com.br\/blog-da-rosana-hessel\/governo-preve-aumento-de-r-207-bilhoes-nas-despesas-deste-ano\/","url":"https:\/\/newblogs.correiobraziliense.com.br\/blog-da-rosana-hessel\/governo-preve-aumento-de-r-207-bilhoes-nas-despesas-deste-ano\/","name":"Governo prev\u00ea aumento de R$ 20,7 bilh\u00f5es nas despesas do Or\u00e7amento deste ano - Blog da Rosana Hessel","isPartOf":{"@id":"https:\/\/newblogs.correiobraziliense.com.br\/blog-da-rosana-hessel\/#website"},"primaryImageOfPage":{"@id":"https:\/\/newblogs.correiobraziliense.com.br\/blog-da-rosana-hessel\/governo-preve-aumento-de-r-207-bilhoes-nas-despesas-deste-ano\/#primaryimage"},"image":{"@id":"https:\/\/newblogs.correiobraziliense.com.br\/blog-da-rosana-hessel\/governo-preve-aumento-de-r-207-bilhoes-nas-despesas-deste-ano\/#primaryimage"},"thumbnailUrl":"https:\/\/newblogs.correiobraziliense.com.br\/blog-da-rosana-hessel\/wp-content\/uploads\/sites\/5\/2024\/07\/fachada-mpo-e-mgi.jpg","datePublished":"2024-07-22T18:58:23+00:00","dateModified":"2024-07-22T20:55:33+00:00","author":{"@id":"https:\/\/newblogs.correiobraziliense.com.br\/blog-da-rosana-hessel\/#\/schema\/person\/824cb3c631cf0d4056f75ca02599a930"},"description":"Minist\u00e9rios do Planejamento e Or\u00e7amento e da Fazenda divulgam relat\u00f3rio bimestral de avalia\u00e7\u00e3o de receitas e despesas com conten\u00e7\u00e3o de R$ 15 bilh\u00f5es em gastos neste ano e aumento de R$ 20,7 bilh\u00f5es nas despesas","breadcrumb":{"@id":"https:\/\/newblogs.correiobraziliense.com.br\/blog-da-rosana-hessel\/governo-preve-aumento-de-r-207-bilhoes-nas-despesas-deste-ano\/#breadcrumb"},"inLanguage":"pt-BR","potentialAction":[{"@type":"ReadAction","target":["https:\/\/newblogs.correiobraziliense.com.br\/blog-da-rosana-hessel\/governo-preve-aumento-de-r-207-bilhoes-nas-despesas-deste-ano\/"]}]},{"@type":"ImageObject","inLanguage":"pt-BR","@id":"https:\/\/newblogs.correiobraziliense.com.br\/blog-da-rosana-hessel\/governo-preve-aumento-de-r-207-bilhoes-nas-despesas-deste-ano\/#primaryimage","url":"https:\/\/newblogs.correiobraziliense.com.br\/blog-da-rosana-hessel\/wp-content\/uploads\/sites\/5\/2024\/07\/fachada-mpo-e-mgi.jpg","contentUrl":"https:\/\/newblogs.correiobraziliense.com.br\/blog-da-rosana-hessel\/wp-content\/uploads\/sites\/5\/2024\/07\/fachada-mpo-e-mgi.jpg","width":1280,"height":762},{"@type":"BreadcrumbList","@id":"https:\/\/newblogs.correiobraziliense.com.br\/blog-da-rosana-hessel\/governo-preve-aumento-de-r-207-bilhoes-nas-despesas-deste-ano\/#breadcrumb","itemListElement":[{"@type":"ListItem","position":1,"name":"In\u00edcio","item":"https:\/\/newblogs.correiobraziliense.com.br\/blog-da-rosana-hessel\/"},{"@type":"ListItem","position":2,"name":"Governo prev\u00ea aumento de R$ 20,7 bilh\u00f5es nas despesas do Or\u00e7amento deste ano"}]},{"@type":"WebSite","@id":"https:\/\/newblogs.correiobraziliense.com.br\/blog-da-rosana-hessel\/#website","url":"https:\/\/newblogs.correiobraziliense.com.br\/blog-da-rosana-hessel\/","name":"Blog da Rosana Hessel","description":"Not\u00edcias atualizadas e an\u00e1lises sobre economia. Acompanhe-nos para entender as tend\u00eancias e os impactos econ\u00f4micos que influenciam o seu dia a dia, tanto no Brasil quanto no exterior.","potentialAction":[{"@type":"SearchAction","target":{"@type":"EntryPoint","urlTemplate":"https:\/\/newblogs.correiobraziliense.com.br\/blog-da-rosana-hessel\/?s={search_term_string}"},"query-input":{"@type":"PropertyValueSpecification","valueRequired":true,"valueName":"search_term_string"}}],"inLanguage":"pt-BR"},{"@type":"Person","@id":"https:\/\/newblogs.correiobraziliense.com.br\/blog-da-rosana-hessel\/#\/schema\/person\/824cb3c631cf0d4056f75ca02599a930","name":"Rosana Hessel","image":{"@type":"ImageObject","inLanguage":"pt-BR","@id":"https:\/\/secure.gravatar.com\/avatar\/fe780cf1839cf10cd6d682fb080611e0d2a459b64be8a8781778109777fbcfd3?s=96&d=mm&r=g","url":"https:\/\/secure.gravatar.com\/avatar\/fe780cf1839cf10cd6d682fb080611e0d2a459b64be8a8781778109777fbcfd3?s=96&d=mm&r=g","contentUrl":"https:\/\/secure.gravatar.com\/avatar\/fe780cf1839cf10cd6d682fb080611e0d2a459b64be8a8781778109777fbcfd3?s=96&d=mm&r=g","caption":"Rosana Hessel"},"description":"Formada pela Pontif\u00edcia Universidade Cat\u00f3lica de S\u00e3o Paulo (PUC-SP), \u00e9 jornalista de economia desde 1995, quando passou a integrar o time da Gazeta Mercantil. Est\u00e1 sempre atr\u00e1s da boa informa\u00e7\u00e3o. Possui especializa\u00e7\u00e3o em economia pela FGV e MBA em Finan\u00e7as pela FIA-USP. Trabalha no Correio Braziliense desde 2010. Ganhou o Pr\u00eamio Esso de Jornalismo Econ\u00f4mico em 2014 e em 2015 com a equipe do Correio. Foi finalista entre os 50 jornalistas +Admirados da Imprensa de Economia, Neg\u00f3cios e Finan\u00e7as 2024, promovido pela Jornalistas&amp;Cia.","url":"https:\/\/newblogs.correiobraziliense.com.br\/blog-da-rosana-hessel\/author\/rosanahessel\/"}]}},"_links":{"self":[{"href":"https:\/\/newblogs.correiobraziliense.com.br\/blog-da-rosana-hessel\/wp-json\/wp\/v2\/posts\/31117","targetHints":{"allow":["GET"]}}],"collection":[{"href":"https:\/\/newblogs.correiobraziliense.com.br\/blog-da-rosana-hessel\/wp-json\/wp\/v2\/posts"}],"about":[{"href":"https:\/\/newblogs.correiobraziliense.com.br\/blog-da-rosana-hessel\/wp-json\/wp\/v2\/types\/post"}],"author":[{"embeddable":true,"href":"https:\/\/newblogs.correiobraziliense.com.br\/blog-da-rosana-hessel\/wp-json\/wp\/v2\/users\/10"}],"replies":[{"embeddable":true,"href":"https:\/\/newblogs.correiobraziliense.com.br\/blog-da-rosana-hessel\/wp-json\/wp\/v2\/comments?post=31117"}],"version-history":[{"count":15,"href":"https:\/\/newblogs.correiobraziliense.com.br\/blog-da-rosana-hessel\/wp-json\/wp\/v2\/posts\/31117\/revisions"}],"predecessor-version":[{"id":31137,"href":"https:\/\/newblogs.correiobraziliense.com.br\/blog-da-rosana-hessel\/wp-json\/wp\/v2\/posts\/31117\/revisions\/31137"}],"wp:featuredmedia":[{"embeddable":true,"href":"https:\/\/newblogs.correiobraziliense.com.br\/blog-da-rosana-hessel\/wp-json\/wp\/v2\/media\/31123"}],"wp:attachment":[{"href":"https:\/\/newblogs.correiobraziliense.com.br\/blog-da-rosana-hessel\/wp-json\/wp\/v2\/media?parent=31117"}],"wp:term":[{"taxonomy":"category","embeddable":true,"href":"https:\/\/newblogs.correiobraziliense.com.br\/blog-da-rosana-hessel\/wp-json\/wp\/v2\/categories?post=31117"},{"taxonomy":"post_tag","embeddable":true,"href":"https:\/\/newblogs.correiobraziliense.com.br\/blog-da-rosana-hessel\/wp-json\/wp\/v2\/tags?post=31117"}],"curies":[{"name":"wp","href":"https:\/\/api.w.org\/{rel}","templated":true}]}}