{"id":31008,"date":"2024-07-09T17:56:55","date_gmt":"2024-07-09T20:56:55","guid":{"rendered":"https:\/\/newblogs.correiobraziliense.com.br\/blog-da-rosana-hessel\/?p=31008"},"modified":"2024-07-09T17:56:56","modified_gmt":"2024-07-09T20:56:56","slug":"especialista-em-contas-publicas-alerta-para-mais-uma-bomba-fiscal-de-pl-que-beneficia-os-estados","status":"publish","type":"post","link":"https:\/\/newblogs.correiobraziliense.com.br\/blog-da-rosana-hessel\/especialista-em-contas-publicas-alerta-para-mais-uma-bomba-fiscal-de-pl-que-beneficia-os-estados\/","title":{"rendered":"Especialista em contas p\u00fablicas alerta para mais uma bomba fiscal de PL que beneficia os estados"},"content":{"rendered":"\n<p>No desespero para tentar recuperar popularidade a qualquer custo, o presidente do Senado Federal, Rodrigo Pacheco (PSD-MG), est\u00e1 criando uma bomba fiscal gigantesca com a proposta para, de certa forma, perdoar a d\u00edvida dos estados junto \u00e0 Uni\u00e3o e que todos os contribuintes v\u00e3o ter que pagar. O parlamentar protocolou, nesta ter\u00e7a-feira (9\/7), <a href=\"https:\/\/www.correiobraziliense.com.br\/politica\/2024\/07\/6894714-pacheco-atende-a-governadores-em-projeto-de-divida-dos-estados.html\">um projeto de lei atendendo pedidos de governadores para mudar os juros da d\u00edvida dos saldos devedores<\/a>, podendo at\u00e9 zerar, em alguns casos, segundo especialistas em contas p\u00fablicas.<\/p>\n\n\n\n<p>O projeto de lei complementar de Pacheco cria o Programa de Pleno Pagamento de D\u00edvidas dos Estados (Propag), destinado a promover a revis\u00e3o dos termos das d\u00edvidas dos Estados e do Distrito<br \/>Federal com a Uni\u00e3o, e prev\u00ea institui\u00e7\u00e3o de fundo de equaliza\u00e7\u00e3o federativa. A mat\u00e9ria dever\u00e1 fazer um estrago e tanto no Or\u00e7amento federal que est\u00e1 desequilibrado, com rombos crescentes e que \u00e9 engessado em mais de 95% com despesas obrigat\u00f3rias que precisam ser revistas. <\/p>\n\n\n\n<p>&#8220;Entendo que o PL \u00e9 um p\u00e9ssimo caminho para endere\u00e7ar a quest\u00e3o da d\u00edvida dos estados. Na pr\u00e1tica, poder\u00e1 reduzir os juros reais a zero. O efeito sobre a din\u00e2mica da d\u00edvida\u00a0ser\u00e1\u00a0grande&#8221;, afirmou o economista-chefe da Warren Investimentos, Felipe Salto, ao <strong>Blog<\/strong>. Nas redes sociais, Salto classificou o PL como uma &#8220;bomba fiscal ambulante&#8221; e defendeu o bloqueio da proposta &#8220;o quanto antes&#8221;.<\/p>\n\n\n\n<p>De acordo com o especialista em contas p\u00fablicas, a proposta ainda cria um fundo de equaliza\u00e7\u00e3o de investimentos &#8220;para partilhar um peda\u00e7o da folga fiscal criada para estados que n\u00e3o t\u00eam nem d\u00edvida&#8221;. &#8220;O Congresso est\u00e1 se especializando cada vez mais em aprovar bombas\u00a0fiscais&#8221;, lamentou Salto. Ele ainda n\u00e3o precisou o impacto fiscal dessa medida, porque ainda est\u00e1 finalizando os c\u00e1lculos.<\/p>\n\n\n\n<p><strong>Quase R$ 70 bilh\u00f5es em calotes<\/strong><\/p>\n\n\n\n<p>Vale lembrar que o Tesouro Nacional pagou, somente de janeiro a maio deste ano, R$ 4,2 bilh\u00f5es em d\u00edvidas n\u00e3o honradas pelos estados e, desse montante, Rio de Janeiro e Minas Gerais, que est\u00e3o no Regime de Recupera\u00e7\u00e3o Fiscal (RRF), foram respons\u00e1veis por 73% desse montante, ou seja, R$ 3,1 bilh\u00f5es, conforme dados do Relat\u00f3rio Garantias Honradas pela Uni\u00e3o em Opera\u00e7\u00f5es de Cr\u00e9dito e Recupera\u00e7\u00e3o de Contragarantias divulgado no m\u00eas passado pelo \u00f3rg\u00e3o subordinado ao Minist\u00e9rio da Fazenda.<\/p>\n\n\n\n<p>No total, desde 2016, a Uni\u00e3o j\u00e1 desembolsou R$ 68,2 bilh\u00f5es com o objetivo de honrar garantias concedidas a opera\u00e7\u00f5es de cr\u00e9dito das unidades federativas, ou seja, quase R$ 70 bilh\u00f5es de impostos pagos pelos contribuintes que foram destinados para cobrir calotes de governadores. <\/p>\n\n\n\n\n","protected":false},"excerpt":{"rendered":"<p>Projeto de lei protocolado pelo presidente do Senado, Rodrigo Pacheco (PSD-MG), pode zerar juros da d\u00edvida dos estados e \u00e9 &#8220;uma bomba fiscal ambulante&#8221;, segundo o economista Felipe Salto<\/p>\n","protected":false},"author":10,"featured_media":31010,"comment_status":"closed","ping_status":"open","sticky":false,"template":"","format":"standard","meta":{"_acf_changed":false,"inline_featured_image":false,"footnotes":""},"categories":[1],"tags":[1884,237,1881,1883,315,1882],"class_list":["post-31008","post","type-post","status-publish","format-standard","has-post-thumbnail","hentry","category-sem-categoria","tag-bombas-fiscais","tag-congresso","tag-divida-dos-estados","tag-felipe-salto","tag-orcamento","tag-pacheco"],"acf":[],"yoast_head":"<!-- This site is optimized with the Yoast SEO plugin v27.3 - https:\/\/yoast.com\/product\/yoast-seo-wordpress\/ -->\n<title>Especialista em contas p\u00fablicas alerta para mais uma bomba fiscal de PL que beneficia os estados - Blog da Rosana Hessel<\/title>\n<meta name=\"description\" content=\"Projeto de lei protocolado pelo presidente do Senado, Rodrigo Pacheco (PSD-MG), pode zerar juros da d\u00edvida dos estados e \u00e9 &quot;uma bomba fiscal ambulante&quot;, segundo o economista Felipe Salto\" \/>\n<meta name=\"robots\" content=\"index, follow, max-snippet:-1, max-image-preview:large, max-video-preview:-1\" \/>\n<link rel=\"canonical\" href=\"https:\/\/newblogs.correiobraziliense.com.br\/blog-da-rosana-hessel\/especialista-em-contas-publicas-alerta-para-mais-uma-bomba-fiscal-de-pl-que-beneficia-os-estados\/\" \/>\n<meta property=\"og:locale\" content=\"pt_BR\" \/>\n<meta property=\"og:type\" content=\"article\" \/>\n<meta property=\"og:title\" content=\"Especialista em contas p\u00fablicas alerta para mais uma bomba fiscal de PL que beneficia os estados - Blog da Rosana Hessel\" \/>\n<meta property=\"og:description\" content=\"Projeto de lei protocolado pelo presidente do Senado, Rodrigo Pacheco (PSD-MG), pode zerar juros da d\u00edvida dos estados e \u00e9 &quot;uma bomba fiscal ambulante&quot;, segundo o economista Felipe Salto\" \/>\n<meta property=\"og:url\" content=\"https:\/\/newblogs.correiobraziliense.com.br\/blog-da-rosana-hessel\/especialista-em-contas-publicas-alerta-para-mais-uma-bomba-fiscal-de-pl-que-beneficia-os-estados\/\" \/>\n<meta property=\"og:site_name\" content=\"Blog da Rosana Hessel\" \/>\n<meta property=\"article:published_time\" content=\"2024-07-09T20:56:55+00:00\" \/>\n<meta property=\"article:modified_time\" content=\"2024-07-09T20:56:56+00:00\" \/>\n<meta property=\"og:image\" content=\"http:\/\/newblogs.correiobraziliense.com.br\/blog-da-rosana-hessel\/wp-content\/uploads\/sites\/5\/2024\/07\/1_53845717661_36c6a84c3d_o-38794352.jpg\" \/>\n\t<meta property=\"og:image:width\" content=\"675\" \/>\n\t<meta property=\"og:image:height\" content=\"450\" \/>\n\t<meta property=\"og:image:type\" content=\"image\/jpeg\" \/>\n<meta name=\"author\" content=\"Rosana Hessel\" \/>\n<!-- \/ Yoast SEO plugin. -->","yoast_head_json":{"title":"Especialista em contas p\u00fablicas alerta para mais uma bomba fiscal de PL que beneficia os estados - Blog da Rosana Hessel","description":"Projeto de lei protocolado pelo presidente do Senado, Rodrigo Pacheco (PSD-MG), pode zerar juros da d\u00edvida dos estados e \u00e9 \"uma bomba fiscal ambulante\", segundo o economista Felipe Salto","robots":{"index":"index","follow":"follow","max-snippet":"max-snippet:-1","max-image-preview":"max-image-preview:large","max-video-preview":"max-video-preview:-1"},"canonical":"https:\/\/newblogs.correiobraziliense.com.br\/blog-da-rosana-hessel\/especialista-em-contas-publicas-alerta-para-mais-uma-bomba-fiscal-de-pl-que-beneficia-os-estados\/","og_locale":"pt_BR","og_type":"article","og_title":"Especialista em contas p\u00fablicas alerta para mais uma bomba fiscal de PL que beneficia os estados - Blog da Rosana Hessel","og_description":"Projeto de lei protocolado pelo presidente do Senado, Rodrigo Pacheco (PSD-MG), pode zerar juros da d\u00edvida dos estados e \u00e9 \"uma bomba fiscal ambulante\", segundo o economista Felipe Salto","og_url":"https:\/\/newblogs.correiobraziliense.com.br\/blog-da-rosana-hessel\/especialista-em-contas-publicas-alerta-para-mais-uma-bomba-fiscal-de-pl-que-beneficia-os-estados\/","og_site_name":"Blog da Rosana Hessel","article_published_time":"2024-07-09T20:56:55+00:00","article_modified_time":"2024-07-09T20:56:56+00:00","og_image":[{"width":675,"height":450,"url":"http:\/\/newblogs.correiobraziliense.com.br\/blog-da-rosana-hessel\/wp-content\/uploads\/sites\/5\/2024\/07\/1_53845717661_36c6a84c3d_o-38794352.jpg","type":"image\/jpeg"}],"author":"Rosana Hessel","schema":{"@context":"https:\/\/schema.org","@graph":[{"@type":"Article","@id":"https:\/\/newblogs.correiobraziliense.com.br\/blog-da-rosana-hessel\/especialista-em-contas-publicas-alerta-para-mais-uma-bomba-fiscal-de-pl-que-beneficia-os-estados\/#article","isPartOf":{"@id":"https:\/\/newblogs.correiobraziliense.com.br\/blog-da-rosana-hessel\/especialista-em-contas-publicas-alerta-para-mais-uma-bomba-fiscal-de-pl-que-beneficia-os-estados\/"},"author":{"name":"Rosana Hessel","@id":"https:\/\/newblogs.correiobraziliense.com.br\/blog-da-rosana-hessel\/#\/schema\/person\/824cb3c631cf0d4056f75ca02599a930"},"headline":"Especialista em contas p\u00fablicas alerta para mais uma bomba fiscal de PL que beneficia os estados","datePublished":"2024-07-09T20:56:55+00:00","dateModified":"2024-07-09T20:56:56+00:00","mainEntityOfPage":{"@id":"https:\/\/newblogs.correiobraziliense.com.br\/blog-da-rosana-hessel\/especialista-em-contas-publicas-alerta-para-mais-uma-bomba-fiscal-de-pl-que-beneficia-os-estados\/"},"wordCount":467,"image":{"@id":"https:\/\/newblogs.correiobraziliense.com.br\/blog-da-rosana-hessel\/especialista-em-contas-publicas-alerta-para-mais-uma-bomba-fiscal-de-pl-que-beneficia-os-estados\/#primaryimage"},"thumbnailUrl":"https:\/\/newblogs.correiobraziliense.com.br\/blog-da-rosana-hessel\/wp-content\/uploads\/sites\/5\/2024\/07\/1_53845717661_36c6a84c3d_o-38794352.jpg","keywords":["bombas fiscais","Congresso","d\u00edvida dos estados","Felipe Salto","or\u00e7amento","Pacheco"],"articleSection":["Macroeconomia"],"inLanguage":"pt-BR"},{"@type":"WebPage","@id":"https:\/\/newblogs.correiobraziliense.com.br\/blog-da-rosana-hessel\/especialista-em-contas-publicas-alerta-para-mais-uma-bomba-fiscal-de-pl-que-beneficia-os-estados\/","url":"https:\/\/newblogs.correiobraziliense.com.br\/blog-da-rosana-hessel\/especialista-em-contas-publicas-alerta-para-mais-uma-bomba-fiscal-de-pl-que-beneficia-os-estados\/","name":"Especialista em contas p\u00fablicas alerta para mais uma bomba fiscal de PL que beneficia os estados - Blog da Rosana Hessel","isPartOf":{"@id":"https:\/\/newblogs.correiobraziliense.com.br\/blog-da-rosana-hessel\/#website"},"primaryImageOfPage":{"@id":"https:\/\/newblogs.correiobraziliense.com.br\/blog-da-rosana-hessel\/especialista-em-contas-publicas-alerta-para-mais-uma-bomba-fiscal-de-pl-que-beneficia-os-estados\/#primaryimage"},"image":{"@id":"https:\/\/newblogs.correiobraziliense.com.br\/blog-da-rosana-hessel\/especialista-em-contas-publicas-alerta-para-mais-uma-bomba-fiscal-de-pl-que-beneficia-os-estados\/#primaryimage"},"thumbnailUrl":"https:\/\/newblogs.correiobraziliense.com.br\/blog-da-rosana-hessel\/wp-content\/uploads\/sites\/5\/2024\/07\/1_53845717661_36c6a84c3d_o-38794352.jpg","datePublished":"2024-07-09T20:56:55+00:00","dateModified":"2024-07-09T20:56:56+00:00","author":{"@id":"https:\/\/newblogs.correiobraziliense.com.br\/blog-da-rosana-hessel\/#\/schema\/person\/824cb3c631cf0d4056f75ca02599a930"},"description":"Projeto de lei protocolado pelo presidente do Senado, Rodrigo Pacheco (PSD-MG), pode zerar juros da d\u00edvida dos estados e \u00e9 \"uma bomba fiscal ambulante\", segundo o economista Felipe Salto","breadcrumb":{"@id":"https:\/\/newblogs.correiobraziliense.com.br\/blog-da-rosana-hessel\/especialista-em-contas-publicas-alerta-para-mais-uma-bomba-fiscal-de-pl-que-beneficia-os-estados\/#breadcrumb"},"inLanguage":"pt-BR","potentialAction":[{"@type":"ReadAction","target":["https:\/\/newblogs.correiobraziliense.com.br\/blog-da-rosana-hessel\/especialista-em-contas-publicas-alerta-para-mais-uma-bomba-fiscal-de-pl-que-beneficia-os-estados\/"]}]},{"@type":"ImageObject","inLanguage":"pt-BR","@id":"https:\/\/newblogs.correiobraziliense.com.br\/blog-da-rosana-hessel\/especialista-em-contas-publicas-alerta-para-mais-uma-bomba-fiscal-de-pl-que-beneficia-os-estados\/#primaryimage","url":"https:\/\/newblogs.correiobraziliense.com.br\/blog-da-rosana-hessel\/wp-content\/uploads\/sites\/5\/2024\/07\/1_53845717661_36c6a84c3d_o-38794352.jpg","contentUrl":"https:\/\/newblogs.correiobraziliense.com.br\/blog-da-rosana-hessel\/wp-content\/uploads\/sites\/5\/2024\/07\/1_53845717661_36c6a84c3d_o-38794352.jpg","width":675,"height":450},{"@type":"BreadcrumbList","@id":"https:\/\/newblogs.correiobraziliense.com.br\/blog-da-rosana-hessel\/especialista-em-contas-publicas-alerta-para-mais-uma-bomba-fiscal-de-pl-que-beneficia-os-estados\/#breadcrumb","itemListElement":[{"@type":"ListItem","position":1,"name":"In\u00edcio","item":"https:\/\/newblogs.correiobraziliense.com.br\/blog-da-rosana-hessel\/"},{"@type":"ListItem","position":2,"name":"Especialista em contas p\u00fablicas alerta para mais uma bomba fiscal de PL que beneficia os estados"}]},{"@type":"WebSite","@id":"https:\/\/newblogs.correiobraziliense.com.br\/blog-da-rosana-hessel\/#website","url":"https:\/\/newblogs.correiobraziliense.com.br\/blog-da-rosana-hessel\/","name":"Blog da Rosana Hessel","description":"Not\u00edcias atualizadas e an\u00e1lises sobre economia. Acompanhe-nos para entender as tend\u00eancias e os impactos econ\u00f4micos que influenciam o seu dia a dia, tanto no Brasil quanto no exterior.","potentialAction":[{"@type":"SearchAction","target":{"@type":"EntryPoint","urlTemplate":"https:\/\/newblogs.correiobraziliense.com.br\/blog-da-rosana-hessel\/?s={search_term_string}"},"query-input":{"@type":"PropertyValueSpecification","valueRequired":true,"valueName":"search_term_string"}}],"inLanguage":"pt-BR"},{"@type":"Person","@id":"https:\/\/newblogs.correiobraziliense.com.br\/blog-da-rosana-hessel\/#\/schema\/person\/824cb3c631cf0d4056f75ca02599a930","name":"Rosana Hessel","image":{"@type":"ImageObject","inLanguage":"pt-BR","@id":"https:\/\/secure.gravatar.com\/avatar\/fe780cf1839cf10cd6d682fb080611e0d2a459b64be8a8781778109777fbcfd3?s=96&d=mm&r=g","url":"https:\/\/secure.gravatar.com\/avatar\/fe780cf1839cf10cd6d682fb080611e0d2a459b64be8a8781778109777fbcfd3?s=96&d=mm&r=g","contentUrl":"https:\/\/secure.gravatar.com\/avatar\/fe780cf1839cf10cd6d682fb080611e0d2a459b64be8a8781778109777fbcfd3?s=96&d=mm&r=g","caption":"Rosana Hessel"},"description":"Formada pela Pontif\u00edcia Universidade Cat\u00f3lica de S\u00e3o Paulo (PUC-SP), \u00e9 jornalista de economia desde 1995, quando passou a integrar o time da Gazeta Mercantil. Est\u00e1 sempre atr\u00e1s da boa informa\u00e7\u00e3o. Possui especializa\u00e7\u00e3o em economia pela FGV e MBA em Finan\u00e7as pela FIA-USP. Trabalha no Correio Braziliense desde 2010. Ganhou o Pr\u00eamio Esso de Jornalismo Econ\u00f4mico em 2014 e em 2015 com a equipe do Correio. Foi finalista entre os 50 jornalistas +Admirados da Imprensa de Economia, Neg\u00f3cios e Finan\u00e7as 2024, promovido pela Jornalistas&amp;Cia.","url":"https:\/\/newblogs.correiobraziliense.com.br\/blog-da-rosana-hessel\/author\/rosanahessel\/"}]}},"_links":{"self":[{"href":"https:\/\/newblogs.correiobraziliense.com.br\/blog-da-rosana-hessel\/wp-json\/wp\/v2\/posts\/31008","targetHints":{"allow":["GET"]}}],"collection":[{"href":"https:\/\/newblogs.correiobraziliense.com.br\/blog-da-rosana-hessel\/wp-json\/wp\/v2\/posts"}],"about":[{"href":"https:\/\/newblogs.correiobraziliense.com.br\/blog-da-rosana-hessel\/wp-json\/wp\/v2\/types\/post"}],"author":[{"embeddable":true,"href":"https:\/\/newblogs.correiobraziliense.com.br\/blog-da-rosana-hessel\/wp-json\/wp\/v2\/users\/10"}],"replies":[{"embeddable":true,"href":"https:\/\/newblogs.correiobraziliense.com.br\/blog-da-rosana-hessel\/wp-json\/wp\/v2\/comments?post=31008"}],"version-history":[{"count":10,"href":"https:\/\/newblogs.correiobraziliense.com.br\/blog-da-rosana-hessel\/wp-json\/wp\/v2\/posts\/31008\/revisions"}],"predecessor-version":[{"id":31019,"href":"https:\/\/newblogs.correiobraziliense.com.br\/blog-da-rosana-hessel\/wp-json\/wp\/v2\/posts\/31008\/revisions\/31019"}],"wp:featuredmedia":[{"embeddable":true,"href":"https:\/\/newblogs.correiobraziliense.com.br\/blog-da-rosana-hessel\/wp-json\/wp\/v2\/media\/31010"}],"wp:attachment":[{"href":"https:\/\/newblogs.correiobraziliense.com.br\/blog-da-rosana-hessel\/wp-json\/wp\/v2\/media?parent=31008"}],"wp:term":[{"taxonomy":"category","embeddable":true,"href":"https:\/\/newblogs.correiobraziliense.com.br\/blog-da-rosana-hessel\/wp-json\/wp\/v2\/categories?post=31008"},{"taxonomy":"post_tag","embeddable":true,"href":"https:\/\/newblogs.correiobraziliense.com.br\/blog-da-rosana-hessel\/wp-json\/wp\/v2\/tags?post=31008"}],"curies":[{"name":"wp","href":"https:\/\/api.w.org\/{rel}","templated":true}]}}