{"id":30895,"date":"2024-06-27T08:52:26","date_gmt":"2024-06-27T11:52:26","guid":{"rendered":"https:\/\/newblogs.correiobraziliense.com.br\/blog-da-rosana-hessel\/?p=30895"},"modified":"2024-06-27T11:14:39","modified_gmt":"2024-06-27T14:14:39","slug":"banco-central-eleva-projecoes-do-pib-e-de-inflacao-em-relatorio-trimestral","status":"publish","type":"post","link":"https:\/\/newblogs.correiobraziliense.com.br\/blog-da-rosana-hessel\/banco-central-eleva-projecoes-do-pib-e-de-inflacao-em-relatorio-trimestral\/","title":{"rendered":"Banco Central eleva proje\u00e7\u00f5es do PIB e de infla\u00e7\u00e3o em relat\u00f3rio trimestral"},"content":{"rendered":"\n<p>O Banco Central revisou a proje\u00e7\u00e3o de crescimento do Produto Interno Bruto (PIB) de 2024, de 1,9% para 2,3%. Al\u00e9m disso, a autoridade monet\u00e1ria elevou as previs\u00f5es para a infla\u00e7\u00e3o oficial deste ano, de 3,5% para 4% e do pr\u00f3ximo, de 3,2% para 3,4%, ambas acima do centro da meta, de 3%, conforme dados que j\u00e1 constavam <a href=\"https:\/\/newblogs.correiobraziliense.com.br\/blog-da-rosana-hessel\/ata-do-copom-reforca-alertas-sobre-fiscal-e-eleva-a-taxa-de-juros-neutra-para-475\/]\">na ata do Comit\u00ea de Pol\u00edtica Monet\u00e1ria (Copom)<\/a>, divulgada nesta semana. <\/p>\n\n\n\n<p>As novas estimativas est\u00e3o no <a href=\"https:\/\/www.bcb.gov.br\/publicacoes\/ri\/202403\">Relat\u00f3rio de Infla\u00e7\u00e3o (RTI) de junho<\/a>, divulgado, nesta quinta-feira (27\/6), em novo formato, mais alinhado aos bancos centrais das principais economias globais. De acordo com o documento, a probabilidade de a infla\u00e7\u00e3o oficial ultrapassar o teto da meta em 2024 e em 2025 aumentou. J\u00e1 as estimativas para o \u00cdndice de Pre\u00e7os ao Consumidor Amplo (IPCA) de 2026 foram mantidas em 3,2%.<\/p>\n\n\n\n<p>Conforme os dados do RTI, o aumento da proje\u00e7\u00e3o de infla\u00e7\u00e3o no horizonte relevante \u201cresultou principalmente da atividade econ\u00f4mica mais forte que o esperado, que levou a uma eleva\u00e7\u00e3o no hiato do produto estimado, mas foi contido pela subida da taxa de juros real\u201d. \u201cContribu\u00edram ainda para a eleva\u00e7\u00e3o da proje\u00e7\u00e3o o aumento das expectativas de infla\u00e7\u00e3o, a deprecia\u00e7\u00e3o cambial, a in\u00e9rcia do aumento da proje\u00e7\u00e3o de curto prazo e a utiliza\u00e7\u00e3o de taxa de juros neutra maior\u201d, acrescentou o texto.<\/p>\n\n\n\n<p>De acordo com o RTI, o aumento da taxa de juros real \u201cfoi fundamental para evitar um aumento mais significativo na proje\u00e7\u00e3o\u201d, mas a institui\u00e7\u00e3o reconheceu que o cen\u00e1rio segue \u201cmais desafiador\u201d. De acordo com o texto, o Copom, ao manter a taxa b\u00e1sica da economia (Selic) em 10,50% ao ano, analisou e comunicou um cen\u00e1rio alternativo com a Selic constante ao longo do horizonte relevante, as proje\u00e7\u00f5es para a infla\u00e7\u00e3o situam-se em 4,0% e 3,1% para 2024 e 2025, respectivamente.&nbsp;<\/p>\n\n\n\n<p>&#8220;Refletindo a eleva\u00e7\u00e3o da proje\u00e7\u00e3o, a probabilidade de a infla\u00e7\u00e3o ultrapassar o limite superior do intervalo<br \/>de toler\u00e2ncia aumentou para 2024 e 2025&#8243;, alertou o RTI. Segundo o texto, a probabilidade estimada, constru\u00edda a partir dos intervalos de probabilidade, passou de 19% para 28%, no caso de 2024, e de 17% para 21%, no caso de 2025. A revis\u00e3o do PIB, segundo o documento, \u201cfoi bastante afetada por surpresas positivas no primeiro trimestre, notadamente em impostos, nos componentes mais c\u00edclicos da oferta, no consumo das fam\u00edlias e na Forma\u00e7\u00e3o Bruta de Capital Fixo (FBCF)\u201d .&nbsp; <\/p>\n\n\n\n<p>A institui\u00e7\u00e3o informou que a proje\u00e7\u00e3o tamb\u00e9m incorpora os indicadores mensais dispon\u00edveis para o segundo trimestre, que apontam, de modo geral, para desacelera\u00e7\u00e3o da atividade econ\u00f4mica , inclusive pelo impacto das enchentes no Rio Grande do Sul. \u201cEspera-se que os esfor\u00e7os para a reconstru\u00e7\u00e3o do RS contribuam positivamente para o crescimento do PIB no segundo semestre, somando-se ao impacto defasado da redu\u00e7\u00e3o do grau de aperto monet\u00e1rio ocorrido ao longo do \u00faltimo ano\u201d, destacou o documento.<\/p>\n\n\n\n<p>Na avalia\u00e7\u00e3o do BC, o&nbsp; impacto l\u00edquido das enchentes no RS resultado do PIB do ano tende a ser negativo em alguns setores, como na agropecu\u00e1ria e em outros servi\u00e7os (que inclui servi\u00e7os prestados \u00e0s fam\u00edlias, como alojamento e alimenta\u00e7\u00e3o fora de casa e atividades de lazer) e positivo para a constru\u00e7\u00e3o e para a produ\u00e7\u00e3o de alguns tipos de bens que podem ter sido perdidos. <\/p>\n\n\n\n<p>A proje\u00e7\u00e3o da autoridade monet\u00e1ria para o desempenho da agropecu\u00e1ria passou de -1% para -2%, refletindo, principalmente, a piora nos progn\u00f3sticos para a produ\u00e7\u00e3o agr\u00edcola do Instituto Brasileiro de Geografia e Estat\u00edstica (IBGE), principalmente a de soja e a de milho. Na ind\u00fastria, a perspectiva de crescimento foi elevada de 2,2% para 2,7%. E, para o o setor de servi\u00e7os as previs\u00e3o de alta aumentou de 2% para 2,4%. \u201cAs principais contribui\u00e7\u00f5es para a alta vieram de previs\u00f5es mais favor\u00e1veis para com\u00e9rcio e para \u2018outros servi\u00e7os\u2019, bastante influenciadas pela perspectiva de crescimento mais forte do consumo das fam\u00edlias\u201d, destacou.<\/p>\n\n\n\n<p>De acordo com o documento, a trag\u00e9dia no RS  ainda deve pressionar o resultado prim\u00e1rio do governo neste ano. \u201cO governo federal j\u00e1 adotou uma s\u00e9rie de medidas para ajudar na reconstru\u00e7\u00e3o do estado e dar suporte a empresas e fam\u00edlias. Algumas dessas medidas t\u00eam impacto no resultado prim\u00e1rio, enquanto outras afetam apenas a d\u00edvida p\u00fablica federal\u201d, informou o texto. Segundo o relat\u00f3rio, a estimativa mediana dos analistas para o impacto da calamidade sobre o resultado prim\u00e1rio do governo central \u00e9 de R$ 25 bilh\u00f5es, dos quais R$ 20 bilh\u00f5es j\u00e1 estariam incorporados nas proje\u00e7\u00f5es.&nbsp;<\/p>\n","protected":false},"excerpt":{"rendered":"<p>Banco Central eleva para 2,3% a previs\u00e3o de crescimento do PIB de 2024 e piora proje\u00e7\u00f5es de infla\u00e7\u00e3o para este ano e o pr\u00f3ximo, alertando para aumento da probabilidade de estouro do teto da meta<\/p>\n","protected":false},"author":10,"featured_media":30530,"comment_status":"closed","ping_status":"open","sticky":false,"template":"","format":"standard","meta":{"_acf_changed":false,"inline_featured_image":false,"footnotes":""},"categories":[1],"tags":[82,7,1680,1317,1318],"class_list":["post-30895","post","type-post","status-publish","format-standard","has-post-thumbnail","hentry","category-sem-categoria","tag-banco-central","tag-pib","tag-projecoes","tag-relatorio-de-inflacao","tag-rti"],"acf":[],"yoast_head":"<!-- This site is optimized with the Yoast SEO plugin v27.3 - https:\/\/yoast.com\/product\/yoast-seo-wordpress\/ -->\n<title>Banco Central eleva proje\u00e7\u00f5es do PIB e de infla\u00e7\u00e3o em relat\u00f3rio trimestral - Blog da Rosana Hessel<\/title>\n<meta name=\"description\" content=\"Banco Central eleva para 2,3% a previs\u00e3o de crescimento do PIB de 2024 e piora proje\u00e7\u00f5es de infla\u00e7\u00e3o para este ano e o pr\u00f3ximo, alertando para aumento da probabilidade de estouro do teto da meta\" \/>\n<meta name=\"robots\" content=\"index, follow, max-snippet:-1, max-image-preview:large, max-video-preview:-1\" \/>\n<link rel=\"canonical\" href=\"https:\/\/newblogs.correiobraziliense.com.br\/blog-da-rosana-hessel\/banco-central-eleva-projecoes-do-pib-e-de-inflacao-em-relatorio-trimestral\/\" \/>\n<meta property=\"og:locale\" content=\"pt_BR\" \/>\n<meta property=\"og:type\" content=\"article\" \/>\n<meta property=\"og:title\" content=\"Banco Central eleva proje\u00e7\u00f5es do PIB e de infla\u00e7\u00e3o em relat\u00f3rio trimestral - Blog da Rosana Hessel\" \/>\n<meta property=\"og:description\" content=\"Banco Central eleva para 2,3% a previs\u00e3o de crescimento do PIB de 2024 e piora proje\u00e7\u00f5es de infla\u00e7\u00e3o para este ano e o pr\u00f3ximo, alertando para aumento da probabilidade de estouro do teto da meta\" \/>\n<meta property=\"og:url\" content=\"https:\/\/newblogs.correiobraziliense.com.br\/blog-da-rosana-hessel\/banco-central-eleva-projecoes-do-pib-e-de-inflacao-em-relatorio-trimestral\/\" \/>\n<meta property=\"og:site_name\" content=\"Blog da Rosana Hessel\" \/>\n<meta property=\"article:published_time\" content=\"2024-06-27T11:52:26+00:00\" \/>\n<meta property=\"article:modified_time\" content=\"2024-06-27T14:14:39+00:00\" \/>\n<meta property=\"og:image\" content=\"http:\/\/newblogs.correiobraziliense.com.br\/blog-da-rosana-hessel\/wp-content\/uploads\/sites\/5\/2024\/06\/bc-breno.cbpressjpg.jpg\" \/>\n\t<meta property=\"og:image:width\" content=\"800\" \/>\n\t<meta property=\"og:image:height\" content=\"532\" \/>\n\t<meta property=\"og:image:type\" content=\"image\/jpeg\" \/>\n<meta name=\"author\" content=\"Rosana Hessel\" \/>\n<!-- \/ Yoast SEO plugin. -->","yoast_head_json":{"title":"Banco Central eleva proje\u00e7\u00f5es do PIB e de infla\u00e7\u00e3o em relat\u00f3rio trimestral - Blog da Rosana Hessel","description":"Banco Central eleva para 2,3% a previs\u00e3o de crescimento do PIB de 2024 e piora proje\u00e7\u00f5es de infla\u00e7\u00e3o para este ano e o pr\u00f3ximo, alertando para aumento da probabilidade de estouro do teto da meta","robots":{"index":"index","follow":"follow","max-snippet":"max-snippet:-1","max-image-preview":"max-image-preview:large","max-video-preview":"max-video-preview:-1"},"canonical":"https:\/\/newblogs.correiobraziliense.com.br\/blog-da-rosana-hessel\/banco-central-eleva-projecoes-do-pib-e-de-inflacao-em-relatorio-trimestral\/","og_locale":"pt_BR","og_type":"article","og_title":"Banco Central eleva proje\u00e7\u00f5es do PIB e de infla\u00e7\u00e3o em relat\u00f3rio trimestral - Blog da Rosana Hessel","og_description":"Banco Central eleva para 2,3% a previs\u00e3o de crescimento do PIB de 2024 e piora proje\u00e7\u00f5es de infla\u00e7\u00e3o para este ano e o pr\u00f3ximo, alertando para aumento da probabilidade de estouro do teto da meta","og_url":"https:\/\/newblogs.correiobraziliense.com.br\/blog-da-rosana-hessel\/banco-central-eleva-projecoes-do-pib-e-de-inflacao-em-relatorio-trimestral\/","og_site_name":"Blog da Rosana Hessel","article_published_time":"2024-06-27T11:52:26+00:00","article_modified_time":"2024-06-27T14:14:39+00:00","og_image":[{"width":800,"height":532,"url":"http:\/\/newblogs.correiobraziliense.com.br\/blog-da-rosana-hessel\/wp-content\/uploads\/sites\/5\/2024\/06\/bc-breno.cbpressjpg.jpg","type":"image\/jpeg"}],"author":"Rosana Hessel","schema":{"@context":"https:\/\/schema.org","@graph":[{"@type":"Article","@id":"https:\/\/newblogs.correiobraziliense.com.br\/blog-da-rosana-hessel\/banco-central-eleva-projecoes-do-pib-e-de-inflacao-em-relatorio-trimestral\/#article","isPartOf":{"@id":"https:\/\/newblogs.correiobraziliense.com.br\/blog-da-rosana-hessel\/banco-central-eleva-projecoes-do-pib-e-de-inflacao-em-relatorio-trimestral\/"},"author":{"name":"Rosana Hessel","@id":"https:\/\/newblogs.correiobraziliense.com.br\/blog-da-rosana-hessel\/#\/schema\/person\/824cb3c631cf0d4056f75ca02599a930"},"headline":"Banco Central eleva proje\u00e7\u00f5es do PIB e de infla\u00e7\u00e3o em relat\u00f3rio trimestral","datePublished":"2024-06-27T11:52:26+00:00","dateModified":"2024-06-27T14:14:39+00:00","mainEntityOfPage":{"@id":"https:\/\/newblogs.correiobraziliense.com.br\/blog-da-rosana-hessel\/banco-central-eleva-projecoes-do-pib-e-de-inflacao-em-relatorio-trimestral\/"},"wordCount":801,"image":{"@id":"https:\/\/newblogs.correiobraziliense.com.br\/blog-da-rosana-hessel\/banco-central-eleva-projecoes-do-pib-e-de-inflacao-em-relatorio-trimestral\/#primaryimage"},"thumbnailUrl":"https:\/\/newblogs.correiobraziliense.com.br\/blog-da-rosana-hessel\/wp-content\/uploads\/sites\/5\/2024\/06\/bc-breno.cbpressjpg.jpg","keywords":["Banco Central","PIB","proje\u00e7\u00f5es","relat\u00f3rio de infla\u00e7\u00e3o","RTI"],"articleSection":["Macroeconomia"],"inLanguage":"pt-BR"},{"@type":"WebPage","@id":"https:\/\/newblogs.correiobraziliense.com.br\/blog-da-rosana-hessel\/banco-central-eleva-projecoes-do-pib-e-de-inflacao-em-relatorio-trimestral\/","url":"https:\/\/newblogs.correiobraziliense.com.br\/blog-da-rosana-hessel\/banco-central-eleva-projecoes-do-pib-e-de-inflacao-em-relatorio-trimestral\/","name":"Banco Central eleva proje\u00e7\u00f5es do PIB e de infla\u00e7\u00e3o em relat\u00f3rio trimestral - Blog da Rosana Hessel","isPartOf":{"@id":"https:\/\/newblogs.correiobraziliense.com.br\/blog-da-rosana-hessel\/#website"},"primaryImageOfPage":{"@id":"https:\/\/newblogs.correiobraziliense.com.br\/blog-da-rosana-hessel\/banco-central-eleva-projecoes-do-pib-e-de-inflacao-em-relatorio-trimestral\/#primaryimage"},"image":{"@id":"https:\/\/newblogs.correiobraziliense.com.br\/blog-da-rosana-hessel\/banco-central-eleva-projecoes-do-pib-e-de-inflacao-em-relatorio-trimestral\/#primaryimage"},"thumbnailUrl":"https:\/\/newblogs.correiobraziliense.com.br\/blog-da-rosana-hessel\/wp-content\/uploads\/sites\/5\/2024\/06\/bc-breno.cbpressjpg.jpg","datePublished":"2024-06-27T11:52:26+00:00","dateModified":"2024-06-27T14:14:39+00:00","author":{"@id":"https:\/\/newblogs.correiobraziliense.com.br\/blog-da-rosana-hessel\/#\/schema\/person\/824cb3c631cf0d4056f75ca02599a930"},"description":"Banco Central eleva para 2,3% a previs\u00e3o de crescimento do PIB de 2024 e piora proje\u00e7\u00f5es de infla\u00e7\u00e3o para este ano e o pr\u00f3ximo, alertando para aumento da probabilidade de estouro do teto da meta","breadcrumb":{"@id":"https:\/\/newblogs.correiobraziliense.com.br\/blog-da-rosana-hessel\/banco-central-eleva-projecoes-do-pib-e-de-inflacao-em-relatorio-trimestral\/#breadcrumb"},"inLanguage":"pt-BR","potentialAction":[{"@type":"ReadAction","target":["https:\/\/newblogs.correiobraziliense.com.br\/blog-da-rosana-hessel\/banco-central-eleva-projecoes-do-pib-e-de-inflacao-em-relatorio-trimestral\/"]}]},{"@type":"ImageObject","inLanguage":"pt-BR","@id":"https:\/\/newblogs.correiobraziliense.com.br\/blog-da-rosana-hessel\/banco-central-eleva-projecoes-do-pib-e-de-inflacao-em-relatorio-trimestral\/#primaryimage","url":"https:\/\/newblogs.correiobraziliense.com.br\/blog-da-rosana-hessel\/wp-content\/uploads\/sites\/5\/2024\/06\/bc-breno.cbpressjpg.jpg","contentUrl":"https:\/\/newblogs.correiobraziliense.com.br\/blog-da-rosana-hessel\/wp-content\/uploads\/sites\/5\/2024\/06\/bc-breno.cbpressjpg.jpg","width":800,"height":532,"caption":"22\/08\/2014. Cr\u00e9dito: Breno Fortes\/CB\/D.A Press. Brasil. Bras\u00edlia - DF. Ip\u00eas amarelos floridos no Eix\u00e3o pr\u00f3ximo ao Banco Central."},{"@type":"BreadcrumbList","@id":"https:\/\/newblogs.correiobraziliense.com.br\/blog-da-rosana-hessel\/banco-central-eleva-projecoes-do-pib-e-de-inflacao-em-relatorio-trimestral\/#breadcrumb","itemListElement":[{"@type":"ListItem","position":1,"name":"In\u00edcio","item":"https:\/\/newblogs.correiobraziliense.com.br\/blog-da-rosana-hessel\/"},{"@type":"ListItem","position":2,"name":"Banco Central eleva proje\u00e7\u00f5es do PIB e de infla\u00e7\u00e3o em relat\u00f3rio trimestral"}]},{"@type":"WebSite","@id":"https:\/\/newblogs.correiobraziliense.com.br\/blog-da-rosana-hessel\/#website","url":"https:\/\/newblogs.correiobraziliense.com.br\/blog-da-rosana-hessel\/","name":"Blog da Rosana Hessel","description":"Not\u00edcias atualizadas e an\u00e1lises sobre economia. Acompanhe-nos para entender as tend\u00eancias e os impactos econ\u00f4micos que influenciam o seu dia a dia, tanto no Brasil quanto no exterior.","potentialAction":[{"@type":"SearchAction","target":{"@type":"EntryPoint","urlTemplate":"https:\/\/newblogs.correiobraziliense.com.br\/blog-da-rosana-hessel\/?s={search_term_string}"},"query-input":{"@type":"PropertyValueSpecification","valueRequired":true,"valueName":"search_term_string"}}],"inLanguage":"pt-BR"},{"@type":"Person","@id":"https:\/\/newblogs.correiobraziliense.com.br\/blog-da-rosana-hessel\/#\/schema\/person\/824cb3c631cf0d4056f75ca02599a930","name":"Rosana Hessel","image":{"@type":"ImageObject","inLanguage":"pt-BR","@id":"https:\/\/secure.gravatar.com\/avatar\/fe780cf1839cf10cd6d682fb080611e0d2a459b64be8a8781778109777fbcfd3?s=96&d=mm&r=g","url":"https:\/\/secure.gravatar.com\/avatar\/fe780cf1839cf10cd6d682fb080611e0d2a459b64be8a8781778109777fbcfd3?s=96&d=mm&r=g","contentUrl":"https:\/\/secure.gravatar.com\/avatar\/fe780cf1839cf10cd6d682fb080611e0d2a459b64be8a8781778109777fbcfd3?s=96&d=mm&r=g","caption":"Rosana Hessel"},"description":"Formada pela Pontif\u00edcia Universidade Cat\u00f3lica de S\u00e3o Paulo (PUC-SP), \u00e9 jornalista de economia desde 1995, quando passou a integrar o time da Gazeta Mercantil. Est\u00e1 sempre atr\u00e1s da boa informa\u00e7\u00e3o. Possui especializa\u00e7\u00e3o em economia pela FGV e MBA em Finan\u00e7as pela FIA-USP. Trabalha no Correio Braziliense desde 2010. Ganhou o Pr\u00eamio Esso de Jornalismo Econ\u00f4mico em 2014 e em 2015 com a equipe do Correio. Foi finalista entre os 50 jornalistas +Admirados da Imprensa de Economia, Neg\u00f3cios e Finan\u00e7as 2024, promovido pela Jornalistas&amp;Cia.","url":"https:\/\/newblogs.correiobraziliense.com.br\/blog-da-rosana-hessel\/author\/rosanahessel\/"}]}},"_links":{"self":[{"href":"https:\/\/newblogs.correiobraziliense.com.br\/blog-da-rosana-hessel\/wp-json\/wp\/v2\/posts\/30895","targetHints":{"allow":["GET"]}}],"collection":[{"href":"https:\/\/newblogs.correiobraziliense.com.br\/blog-da-rosana-hessel\/wp-json\/wp\/v2\/posts"}],"about":[{"href":"https:\/\/newblogs.correiobraziliense.com.br\/blog-da-rosana-hessel\/wp-json\/wp\/v2\/types\/post"}],"author":[{"embeddable":true,"href":"https:\/\/newblogs.correiobraziliense.com.br\/blog-da-rosana-hessel\/wp-json\/wp\/v2\/users\/10"}],"replies":[{"embeddable":true,"href":"https:\/\/newblogs.correiobraziliense.com.br\/blog-da-rosana-hessel\/wp-json\/wp\/v2\/comments?post=30895"}],"version-history":[{"count":7,"href":"https:\/\/newblogs.correiobraziliense.com.br\/blog-da-rosana-hessel\/wp-json\/wp\/v2\/posts\/30895\/revisions"}],"predecessor-version":[{"id":30913,"href":"https:\/\/newblogs.correiobraziliense.com.br\/blog-da-rosana-hessel\/wp-json\/wp\/v2\/posts\/30895\/revisions\/30913"}],"wp:featuredmedia":[{"embeddable":true,"href":"https:\/\/newblogs.correiobraziliense.com.br\/blog-da-rosana-hessel\/wp-json\/wp\/v2\/media\/30530"}],"wp:attachment":[{"href":"https:\/\/newblogs.correiobraziliense.com.br\/blog-da-rosana-hessel\/wp-json\/wp\/v2\/media?parent=30895"}],"wp:term":[{"taxonomy":"category","embeddable":true,"href":"https:\/\/newblogs.correiobraziliense.com.br\/blog-da-rosana-hessel\/wp-json\/wp\/v2\/categories?post=30895"},{"taxonomy":"post_tag","embeddable":true,"href":"https:\/\/newblogs.correiobraziliense.com.br\/blog-da-rosana-hessel\/wp-json\/wp\/v2\/tags?post=30895"}],"curies":[{"name":"wp","href":"https:\/\/api.w.org\/{rel}","templated":true}]}}