{"id":30864,"date":"2024-06-26T18:42:03","date_gmt":"2024-06-26T21:42:03","guid":{"rendered":"https:\/\/newblogs.correiobraziliense.com.br\/blog-da-rosana-hessel\/?p=30864"},"modified":"2024-06-27T09:57:49","modified_gmt":"2024-06-27T12:57:49","slug":"rombo-fiscal-acumulado-em-12-meses-ate-maio-soma-24-do-pib","status":"publish","type":"post","link":"https:\/\/newblogs.correiobraziliense.com.br\/blog-da-rosana-hessel\/rombo-fiscal-acumulado-em-12-meses-ate-maio-soma-24-do-pib\/","title":{"rendered":"Rombo fiscal acumulado em 12 meses at\u00e9 maio soma 2,4% do PIB"},"content":{"rendered":"\n<p>O Tesouro Nacional divulgou, nesta quarta-feira (26\/6), um rombo fiscal de R$ 60,9 bilh\u00f5es nas contas do governo central, em maio, resultado do descompasso entre o aumento das despesas, que cresceu 14%, em termos reais (descontada a infla\u00e7\u00e3o), no m\u00eas passado, e a receita l\u00edquida, que aumentou 9%, na mesma base de compara\u00e7\u00e3o. <a href=\"https:\/\/www.correiobraziliense.com.br\/economia\/2024\/06\/6885922-governo-central-tem-deficit-de-rs-60983-bilhoes-em-maio.html\">Conforme dados apresentados aos jornalistas pelo secret\u00e1rio do Tesouro, Rog\u00e9rio Ceron, o saldo foi o pior desempenho em termos reais para o m\u00eas desde 2020<\/a>.<\/p>\n\n\n\n<p>No acumulado em 12 meses at\u00e9 maio, o deficit prim\u00e1rio do governo central segue muito acima da meta fiscal, pois o saldo negativo chegou a R$ 268,4 bilh\u00f5es, o equivalente a 2,4% do Produto Interno Bruto (PIB), a pre\u00e7os corrigidos pela infla\u00e7\u00e3o. Esse dado est\u00e1 bem distante da promessa do ministro da Fazenda, Fernando Haddad, de zerar deficit das contas p\u00fablicas. <\/p>\n\n\n\n<p>Ap\u00f3s a mudan\u00e7a da meta, a previs\u00e3o de saldo negativo permite um rombo fiscal de at\u00e9 R$ 27,5 bilh\u00f5es. Essa marca, contudo j\u00e1 foi superada de janeiro a maio, ao somar um deficit de R$ 30 bilh\u00f5es, e, portanto, o sinal de alerta est\u00e1 aceso e, por isso, tanto mercado quanto Banco Central est\u00e3o atentos com a piora vis\u00edvel das contas p\u00fablicas.  <\/p>\n\n\n\n<p>O governo central engloba o Tesouro, o Banco Central e a Previd\u00eancia Social e, esta \u00faltima, apresentou, sozinha, um deficit maior do que o total, de R$ 61 bilh\u00f5es, apenas no quinto m\u00eas do ano. E, no acumulado de janeiro a maio, esse rombo somou R$ R$ 153,3 bilh\u00f5es &#8212; aumento real de 29,9% em rela\u00e7\u00e3o ao mesmo per\u00edodo de 2023. Os benef\u00edcios previdenci\u00e1rios seguem sendo s\u00e3o as maiores despesas obrigat\u00f3rias das contas do governo federal, mesmo ap\u00f3s a reforma da Previd\u00eancia, em 2019.<\/p>\n\n\n\n<p>E, com o presidente Luiz In\u00e1cio Lula da Silva (PT) dando sinais de que pretende continuar gastando muito mais do que a arrecada &#8212; o que s\u00f3 aumenta o endividamento p\u00fablico se n\u00e3o houver revis\u00e3o de gastos &#8212; ser\u00e1 dif\u00edcil conseguir reequilibrar as contas p\u00fablicas. Analistas do mercado s\u00e3o un\u00e2nimes em afirmar que a quest\u00e3o fiscal \u00e9 um dos principais motivos para que o fim do ciclo de corte da taxa b\u00e1sica da economia (Selic). Est\u00e1 vis\u00edvel que, mesmo com receitas extraordin\u00e1rias turbinando a arrecada\u00e7\u00e3o, que bateu novo recorde em maio, o governo federal n\u00e3o consegue recursos suficientes para fazer frente \u00e0s despesas que n\u00e3o param de crescer. Com elei\u00e7\u00f5es chegando,as torneiras ser\u00e3o abertas novamente em todos os n\u00edveis da federa\u00e7\u00e3o, infelizmente.<\/p>\n\n\n\n<p><strong>Incoer\u00eancias<\/strong><\/p>\n\n\n\n<p>Como  dinheiro n\u00e3o nasce em \u00e1rvore, est\u00e1 cada vez mais urgente a necessidade de se discutir o Or\u00e7amento e rever despesas e benef\u00edcios que n\u00e3o impactam na atividade, assim como privil\u00e9gios para uma casta de pessoas que n\u00e3o querem abrir m\u00e3o de mordomias. Igrejas que viraram neg\u00f3cio e n\u00e3o pagam impostos pipocam pelo pa\u00eds, contribuintes fieis e n\u00e3o fieis financiam essa farra.<\/p>\n\n\n\n<p>Na Inglaterra, por exemplo, parlamentares andam de metr\u00f4 e n\u00e3o possuem motoristas e ve\u00edculos particulares.  Na Noruega, primeiro-ministro ia para o escrit\u00f3rio de bicicleta. Cenas inimagin\u00e1veis no Brasil. <\/p>\n\n\n\n<p>Enquanto isso, o Brasil segue condenado a ser um pa\u00eds pobre e subdesenvolvido apesar das riquezas naturais porque n\u00e3o h\u00e1 uma pol\u00edtica de verdade para a distribui\u00e7\u00e3o de renda. E com isso, a popula\u00e7\u00e3o segue passiva e arcando com custos de penduricalhos excessivos que fazem com que o teto do funcionalismo, de R$ 44 mil por m\u00eas, seja ultrapassado mais de uma vez, precisa chegar. <\/p>\n\n\n\n<p>E ainda sequer ficam perplexos com o fato de que pens\u00f5es de vi\u00favas e de filhas de militares gordas e vital\u00edcias n\u00e3o existe em nenhum lugar do mundo. E como a carga tribut\u00e1ria est\u00e1 no seu limite, o governo precisar\u00e1 achar recursos para financiar esse Estado paquid\u00e9rmico e ineficiente cheio de jabuticabas custosas. <\/p>\n\n\n\n\n\n\n\n\n","protected":false},"excerpt":{"rendered":"<p>Ap\u00f3s registrar rombo fiscal de R$ 60,9 bilh\u00f5es em maio, contas p\u00fablicas do governo central chega a R$ 268,4 bilh\u00f5es no acumulado em 12 meses <\/p>\n","protected":false},"author":10,"featured_media":30865,"comment_status":"closed","ping_status":"open","sticky":false,"template":"","format":"standard","meta":{"_acf_changed":false,"inline_featured_image":false,"footnotes":""},"categories":[1869],"tags":[313,1761,1861,7,28,719,1246],"class_list":["post-30864","post","type-post","status-publish","format-standard","has-post-thumbnail","hentry","category-contas-publicas","tag-contas-publicas","tag-deficit","tag-despesas","tag-pib","tag-previdencia","tag-rombo-fiscal","tag-tesouro-nacional"],"acf":[],"yoast_head":"<!-- This site is optimized with the Yoast SEO plugin v27.3 - https:\/\/yoast.com\/product\/yoast-seo-wordpress\/ -->\n<title>Rombo fiscal acumulado em 12 meses at\u00e9 maio soma 2,4% do PIB - Blog da Rosana Hessel<\/title>\n<meta name=\"description\" content=\"Ap\u00f3s registrar rombo fiscal de R$ 60,9 bilh\u00f5es em maio, contas p\u00fablicas do governo central chega a R$ 268,4 bilh\u00f5es no acumulado em 12 meses\" \/>\n<meta name=\"robots\" content=\"index, follow, max-snippet:-1, max-image-preview:large, max-video-preview:-1\" \/>\n<link rel=\"canonical\" href=\"https:\/\/newblogs.correiobraziliense.com.br\/blog-da-rosana-hessel\/rombo-fiscal-acumulado-em-12-meses-ate-maio-soma-24-do-pib\/\" \/>\n<meta property=\"og:locale\" content=\"pt_BR\" \/>\n<meta property=\"og:type\" content=\"article\" \/>\n<meta property=\"og:title\" content=\"Rombo fiscal acumulado em 12 meses at\u00e9 maio soma 2,4% do PIB - Blog da Rosana Hessel\" \/>\n<meta property=\"og:description\" content=\"Ap\u00f3s registrar rombo fiscal de R$ 60,9 bilh\u00f5es em maio, contas p\u00fablicas do governo central chega a R$ 268,4 bilh\u00f5es no acumulado em 12 meses\" \/>\n<meta property=\"og:url\" content=\"https:\/\/newblogs.correiobraziliense.com.br\/blog-da-rosana-hessel\/rombo-fiscal-acumulado-em-12-meses-ate-maio-soma-24-do-pib\/\" \/>\n<meta property=\"og:site_name\" content=\"Blog da Rosana Hessel\" \/>\n<meta property=\"article:published_time\" content=\"2024-06-26T21:42:03+00:00\" \/>\n<meta property=\"article:modified_time\" content=\"2024-06-27T12:57:49+00:00\" \/>\n<meta property=\"og:image\" content=\"http:\/\/newblogs.correiobraziliense.com.br\/blog-da-rosana-hessel\/wp-content\/uploads\/sites\/5\/2024\/06\/53818151394_3372b54357_w.jpg\" \/>\n\t<meta property=\"og:image:width\" content=\"400\" \/>\n\t<meta property=\"og:image:height\" content=\"267\" \/>\n\t<meta property=\"og:image:type\" content=\"image\/jpeg\" \/>\n<meta name=\"author\" content=\"Rosana Hessel\" \/>\n<!-- \/ Yoast SEO plugin. -->","yoast_head_json":{"title":"Rombo fiscal acumulado em 12 meses at\u00e9 maio soma 2,4% do PIB - Blog da Rosana Hessel","description":"Ap\u00f3s registrar rombo fiscal de R$ 60,9 bilh\u00f5es em maio, contas p\u00fablicas do governo central chega a R$ 268,4 bilh\u00f5es no acumulado em 12 meses","robots":{"index":"index","follow":"follow","max-snippet":"max-snippet:-1","max-image-preview":"max-image-preview:large","max-video-preview":"max-video-preview:-1"},"canonical":"https:\/\/newblogs.correiobraziliense.com.br\/blog-da-rosana-hessel\/rombo-fiscal-acumulado-em-12-meses-ate-maio-soma-24-do-pib\/","og_locale":"pt_BR","og_type":"article","og_title":"Rombo fiscal acumulado em 12 meses at\u00e9 maio soma 2,4% do PIB - Blog da Rosana Hessel","og_description":"Ap\u00f3s registrar rombo fiscal de R$ 60,9 bilh\u00f5es em maio, contas p\u00fablicas do governo central chega a R$ 268,4 bilh\u00f5es no acumulado em 12 meses","og_url":"https:\/\/newblogs.correiobraziliense.com.br\/blog-da-rosana-hessel\/rombo-fiscal-acumulado-em-12-meses-ate-maio-soma-24-do-pib\/","og_site_name":"Blog da Rosana Hessel","article_published_time":"2024-06-26T21:42:03+00:00","article_modified_time":"2024-06-27T12:57:49+00:00","og_image":[{"width":400,"height":267,"url":"http:\/\/newblogs.correiobraziliense.com.br\/blog-da-rosana-hessel\/wp-content\/uploads\/sites\/5\/2024\/06\/53818151394_3372b54357_w.jpg","type":"image\/jpeg"}],"author":"Rosana Hessel","schema":{"@context":"https:\/\/schema.org","@graph":[{"@type":"Article","@id":"https:\/\/newblogs.correiobraziliense.com.br\/blog-da-rosana-hessel\/rombo-fiscal-acumulado-em-12-meses-ate-maio-soma-24-do-pib\/#article","isPartOf":{"@id":"https:\/\/newblogs.correiobraziliense.com.br\/blog-da-rosana-hessel\/rombo-fiscal-acumulado-em-12-meses-ate-maio-soma-24-do-pib\/"},"author":{"name":"Rosana Hessel","@id":"https:\/\/newblogs.correiobraziliense.com.br\/blog-da-rosana-hessel\/#\/schema\/person\/824cb3c631cf0d4056f75ca02599a930"},"headline":"Rombo fiscal acumulado em 12 meses at\u00e9 maio soma 2,4% do PIB","datePublished":"2024-06-26T21:42:03+00:00","dateModified":"2024-06-27T12:57:49+00:00","mainEntityOfPage":{"@id":"https:\/\/newblogs.correiobraziliense.com.br\/blog-da-rosana-hessel\/rombo-fiscal-acumulado-em-12-meses-ate-maio-soma-24-do-pib\/"},"wordCount":690,"image":{"@id":"https:\/\/newblogs.correiobraziliense.com.br\/blog-da-rosana-hessel\/rombo-fiscal-acumulado-em-12-meses-ate-maio-soma-24-do-pib\/#primaryimage"},"thumbnailUrl":"https:\/\/newblogs.correiobraziliense.com.br\/blog-da-rosana-hessel\/wp-content\/uploads\/sites\/5\/2024\/06\/53818151394_3372b54357_w.jpg","keywords":["contas p\u00fablicas","deficit","despesas","PIB","Previd\u00eancia","Rombo fiscal","Tesouro Nacional"],"articleSection":["Contas p\u00fablicas"],"inLanguage":"pt-BR"},{"@type":"WebPage","@id":"https:\/\/newblogs.correiobraziliense.com.br\/blog-da-rosana-hessel\/rombo-fiscal-acumulado-em-12-meses-ate-maio-soma-24-do-pib\/","url":"https:\/\/newblogs.correiobraziliense.com.br\/blog-da-rosana-hessel\/rombo-fiscal-acumulado-em-12-meses-ate-maio-soma-24-do-pib\/","name":"Rombo fiscal acumulado em 12 meses at\u00e9 maio soma 2,4% do PIB - Blog da Rosana Hessel","isPartOf":{"@id":"https:\/\/newblogs.correiobraziliense.com.br\/blog-da-rosana-hessel\/#website"},"primaryImageOfPage":{"@id":"https:\/\/newblogs.correiobraziliense.com.br\/blog-da-rosana-hessel\/rombo-fiscal-acumulado-em-12-meses-ate-maio-soma-24-do-pib\/#primaryimage"},"image":{"@id":"https:\/\/newblogs.correiobraziliense.com.br\/blog-da-rosana-hessel\/rombo-fiscal-acumulado-em-12-meses-ate-maio-soma-24-do-pib\/#primaryimage"},"thumbnailUrl":"https:\/\/newblogs.correiobraziliense.com.br\/blog-da-rosana-hessel\/wp-content\/uploads\/sites\/5\/2024\/06\/53818151394_3372b54357_w.jpg","datePublished":"2024-06-26T21:42:03+00:00","dateModified":"2024-06-27T12:57:49+00:00","author":{"@id":"https:\/\/newblogs.correiobraziliense.com.br\/blog-da-rosana-hessel\/#\/schema\/person\/824cb3c631cf0d4056f75ca02599a930"},"description":"Ap\u00f3s registrar rombo fiscal de R$ 60,9 bilh\u00f5es em maio, contas p\u00fablicas do governo central chega a R$ 268,4 bilh\u00f5es no acumulado em 12 meses","breadcrumb":{"@id":"https:\/\/newblogs.correiobraziliense.com.br\/blog-da-rosana-hessel\/rombo-fiscal-acumulado-em-12-meses-ate-maio-soma-24-do-pib\/#breadcrumb"},"inLanguage":"pt-BR","potentialAction":[{"@type":"ReadAction","target":["https:\/\/newblogs.correiobraziliense.com.br\/blog-da-rosana-hessel\/rombo-fiscal-acumulado-em-12-meses-ate-maio-soma-24-do-pib\/"]}]},{"@type":"ImageObject","inLanguage":"pt-BR","@id":"https:\/\/newblogs.correiobraziliense.com.br\/blog-da-rosana-hessel\/rombo-fiscal-acumulado-em-12-meses-ate-maio-soma-24-do-pib\/#primaryimage","url":"https:\/\/newblogs.correiobraziliense.com.br\/blog-da-rosana-hessel\/wp-content\/uploads\/sites\/5\/2024\/06\/53818151394_3372b54357_w.jpg","contentUrl":"https:\/\/newblogs.correiobraziliense.com.br\/blog-da-rosana-hessel\/wp-content\/uploads\/sites\/5\/2024\/06\/53818151394_3372b54357_w.jpg","width":400,"height":267,"caption":"Coletiva Resultado do Tesouro Nacional Foto: Washington Costa\/MF"},{"@type":"BreadcrumbList","@id":"https:\/\/newblogs.correiobraziliense.com.br\/blog-da-rosana-hessel\/rombo-fiscal-acumulado-em-12-meses-ate-maio-soma-24-do-pib\/#breadcrumb","itemListElement":[{"@type":"ListItem","position":1,"name":"In\u00edcio","item":"https:\/\/newblogs.correiobraziliense.com.br\/blog-da-rosana-hessel\/"},{"@type":"ListItem","position":2,"name":"Rombo fiscal acumulado em 12 meses at\u00e9 maio soma 2,4% do PIB"}]},{"@type":"WebSite","@id":"https:\/\/newblogs.correiobraziliense.com.br\/blog-da-rosana-hessel\/#website","url":"https:\/\/newblogs.correiobraziliense.com.br\/blog-da-rosana-hessel\/","name":"Blog da Rosana Hessel","description":"Not\u00edcias atualizadas e an\u00e1lises sobre economia. Acompanhe-nos para entender as tend\u00eancias e os impactos econ\u00f4micos que influenciam o seu dia a dia, tanto no Brasil quanto no exterior.","potentialAction":[{"@type":"SearchAction","target":{"@type":"EntryPoint","urlTemplate":"https:\/\/newblogs.correiobraziliense.com.br\/blog-da-rosana-hessel\/?s={search_term_string}"},"query-input":{"@type":"PropertyValueSpecification","valueRequired":true,"valueName":"search_term_string"}}],"inLanguage":"pt-BR"},{"@type":"Person","@id":"https:\/\/newblogs.correiobraziliense.com.br\/blog-da-rosana-hessel\/#\/schema\/person\/824cb3c631cf0d4056f75ca02599a930","name":"Rosana Hessel","image":{"@type":"ImageObject","inLanguage":"pt-BR","@id":"https:\/\/secure.gravatar.com\/avatar\/fe780cf1839cf10cd6d682fb080611e0d2a459b64be8a8781778109777fbcfd3?s=96&d=mm&r=g","url":"https:\/\/secure.gravatar.com\/avatar\/fe780cf1839cf10cd6d682fb080611e0d2a459b64be8a8781778109777fbcfd3?s=96&d=mm&r=g","contentUrl":"https:\/\/secure.gravatar.com\/avatar\/fe780cf1839cf10cd6d682fb080611e0d2a459b64be8a8781778109777fbcfd3?s=96&d=mm&r=g","caption":"Rosana Hessel"},"description":"Formada pela Pontif\u00edcia Universidade Cat\u00f3lica de S\u00e3o Paulo (PUC-SP), \u00e9 jornalista de economia desde 1995, quando passou a integrar o time da Gazeta Mercantil. Est\u00e1 sempre atr\u00e1s da boa informa\u00e7\u00e3o. Possui especializa\u00e7\u00e3o em economia pela FGV e MBA em Finan\u00e7as pela FIA-USP. Trabalha no Correio Braziliense desde 2010. Ganhou o Pr\u00eamio Esso de Jornalismo Econ\u00f4mico em 2014 e em 2015 com a equipe do Correio. Foi finalista entre os 50 jornalistas +Admirados da Imprensa de Economia, Neg\u00f3cios e Finan\u00e7as 2024, promovido pela Jornalistas&amp;Cia.","url":"https:\/\/newblogs.correiobraziliense.com.br\/blog-da-rosana-hessel\/author\/rosanahessel\/"}]}},"_links":{"self":[{"href":"https:\/\/newblogs.correiobraziliense.com.br\/blog-da-rosana-hessel\/wp-json\/wp\/v2\/posts\/30864","targetHints":{"allow":["GET"]}}],"collection":[{"href":"https:\/\/newblogs.correiobraziliense.com.br\/blog-da-rosana-hessel\/wp-json\/wp\/v2\/posts"}],"about":[{"href":"https:\/\/newblogs.correiobraziliense.com.br\/blog-da-rosana-hessel\/wp-json\/wp\/v2\/types\/post"}],"author":[{"embeddable":true,"href":"https:\/\/newblogs.correiobraziliense.com.br\/blog-da-rosana-hessel\/wp-json\/wp\/v2\/users\/10"}],"replies":[{"embeddable":true,"href":"https:\/\/newblogs.correiobraziliense.com.br\/blog-da-rosana-hessel\/wp-json\/wp\/v2\/comments?post=30864"}],"version-history":[{"count":6,"href":"https:\/\/newblogs.correiobraziliense.com.br\/blog-da-rosana-hessel\/wp-json\/wp\/v2\/posts\/30864\/revisions"}],"predecessor-version":[{"id":30871,"href":"https:\/\/newblogs.correiobraziliense.com.br\/blog-da-rosana-hessel\/wp-json\/wp\/v2\/posts\/30864\/revisions\/30871"}],"wp:featuredmedia":[{"embeddable":true,"href":"https:\/\/newblogs.correiobraziliense.com.br\/blog-da-rosana-hessel\/wp-json\/wp\/v2\/media\/30865"}],"wp:attachment":[{"href":"https:\/\/newblogs.correiobraziliense.com.br\/blog-da-rosana-hessel\/wp-json\/wp\/v2\/media?parent=30864"}],"wp:term":[{"taxonomy":"category","embeddable":true,"href":"https:\/\/newblogs.correiobraziliense.com.br\/blog-da-rosana-hessel\/wp-json\/wp\/v2\/categories?post=30864"},{"taxonomy":"post_tag","embeddable":true,"href":"https:\/\/newblogs.correiobraziliense.com.br\/blog-da-rosana-hessel\/wp-json\/wp\/v2\/tags?post=30864"}],"curies":[{"name":"wp","href":"https:\/\/api.w.org\/{rel}","templated":true}]}}