{"id":30825,"date":"2024-06-25T09:56:40","date_gmt":"2024-06-25T12:56:40","guid":{"rendered":"https:\/\/newblogs.correiobraziliense.com.br\/blog-da-rosana-hessel\/?p=30825"},"modified":"2024-06-27T10:00:55","modified_gmt":"2024-06-27T13:00:55","slug":"acordo-entre-governo-e-servidores-da-educacao-fica-para-quinta-feira-27","status":"publish","type":"post","link":"https:\/\/newblogs.correiobraziliense.com.br\/blog-da-rosana-hessel\/acordo-entre-governo-e-servidores-da-educacao-fica-para-quinta-feira-27\/","title":{"rendered":"Acordo entre governo e servidores da Educa\u00e7\u00e3o fica para quinta-feira (27)"},"content":{"rendered":"\n<p>O Minist\u00e9rio da Gest\u00e3o e da Inova\u00e7\u00e3o em Servi\u00e7os P\u00fablicos (MGI) informou, nesta ter\u00e7a-feira (25\/6), que, a pedido das entidades representativas dos servidores, &#8220;a assinatura dos acordos das mesas de negocia\u00e7\u00e3o com as categorias da Educa\u00e7\u00e3o foi transferida para a tarde de quinta-feira (27\/6), \u00e0s 17h, no Bloco C da Esplanada dos Minist\u00e9rios, em Bras\u00edlia. <\/p>\n\n\n\n<p>No fim de semana, os professores das universidades federais anunciaram o fim da greve e a pasta marcou a assinatura dos acordos com os docentes e os t\u00e9cnicos administrativos da Educa\u00e7\u00e3o (TAEs) para quarta-feira (26\/06).\u00a0<\/p>\n\n\n\n<p>Com isso, a pasta completar\u00e1 17 acordos assinados entre o governo do presidente Luiz In\u00e1cio Lula da Silva (PT) e as carreiras espec\u00edficas desde 2023. E, pelo menos, h\u00e1 23 acordos que podem ser fechados com as mesas de negocia\u00e7\u00e3o abertas e as que ainda devem ser iniciadas. <\/p>\n\n\n\n<p>Como uma das tr\u00eas entidades representante dos professores havia assinado acordo com o governo, o Proifes-Federa\u00e7\u00e3o, que re\u00fane 11 sindicatos, em 27 de maio, ser\u00e1 assinado um aditivo com o Proifes que antecipa para o m\u00eas de abril o reajuste que estava previsto para maio de 2026. \u201cAl\u00e9m da antecipa\u00e7\u00e3o, o termo aditivo prev\u00ea a cria\u00e7\u00e3o de grupos de trabalho que t\u00eam como objetivo debater o reenquadramento dos aposentados na nova estrutura de carreira, as quest\u00f5es ligadas \u00e0 entrada lateral e a revoga\u00e7\u00e3o da Instru\u00e7\u00e3o Normativa 15, que trata da insalubridade\u201d, de acordo com nota da entidade.\u00a0<\/p>\n\n\n\n<p>Assim como as demais docentes, o acordo j\u00e1 assinado pelo Proifes-Federa\u00e7\u00e3o, prev\u00ea reajustes de 9%, em janeiro de 2025, e de 3,5%, a partir de abril de 2026.&nbsp; Levando em considera\u00e7\u00e3o os reajustes acumulados de 2023 a 2026, a base da carreira obter\u00e1 ganho de 43% no per\u00edodo. J\u00e1 o professor titular ter\u00e1 um reajuste acumulado de 28,2% na mesma base de compara\u00e7\u00e3o.<\/p>\n\n\n\n<p>As negocia\u00e7\u00f5es s\u00e3o consideradas pelos t\u00e9cnicos da Esplanada dos Minist\u00e9rios como bem-sucedidas. \u201cConseguimos fechar com os professores um acordo com reajuste s\u00f3 a partir do ano que vem, igual ao dos servidores do Banco Central e de outras categorias. Isso dar\u00e1 um al\u00edvio fiscal para o governo neste ano\u201d, disse uma fonte do governo. \u201cConseguimos fechar com as maiores categorias, incluindo os docentes e os TAEs. Agora, faltam, as carreiras de meio ambiente e das ag\u00eancias, as que est\u00e3o mais mobilizadas\u201d, acrescentou a mesma fonte.<\/p>\n\n\n\n<p>Na semana passada, o MGI fechou acordo com os servidores ligados ao Plano Geral de Cargos do Poder Executivo (PGPE) e Planos Correlatos, o carreir\u00e3o, e da Previd\u00eancia Sa\u00fade e Trabalho (PST), que inclui os agentes de endemias e servidores do Departamento Nacional de Auditoria do Sistema \u00danico de Sa\u00fade (Denasus), que somam os maiores contingentes do funcionalismo, totalizando 345 mil trabalhadores.<\/p>\n\n\n\n<p>De acordo com dados do MGI, os acordos incluem reajustes m\u00e9dios acumulados em quatro anos de 28%, para os docentes, e de 31%, para os t\u00e9cnicos, al\u00e9m da reestrutura\u00e7\u00e3o das carreiras.\u00a0 Os reajustes que ser\u00e3o concedidos em 2025 e 2026, somados aos 9% de aumento linear concedido em 2023, representam ganhos acima da infla\u00e7\u00e3o projetada para todo per\u00edodo da atual gest\u00e3o, que varia de 15% a 18%. Em alguns casos, a corre\u00e7\u00e3o salarial poder\u00e1 chegar a 46,5% ao longo desses quatro anos, dependendo da faixa de remunera\u00e7\u00e3o, <a href=\"https:\/\/www.correiobraziliense.com.br\/economia\/2024\/06\/6878953-o-governo-e-intermediario-o-patrao-e-a-sociedade-diz-feijoo.html\">de acordo com o secret\u00e1rio de Rela\u00e7\u00f5es de Trabalho do MGI, Jos\u00e9 Lopez Feij\u00f3o, em recente entrevista ao <strong>Correio<\/strong><\/a>. (Ver quadro). De acordo com o t\u00e9cnico, apenas os reajustes para os docentes e TAEs, devem ter um impacto anual de R$ 10,3 bilh\u00f5es a partir de 2026.<\/p>\n\n\n\n\n","protected":false},"excerpt":{"rendered":"<p>A pedido das entidades, MGI adiou de amanh\u00e3 para quinta-feira a assinatura de acordos com docentes <\/p>\n","protected":false},"author":10,"featured_media":30826,"comment_status":"closed","ping_status":"open","sticky":false,"template":"","format":"standard","meta":{"_acf_changed":false,"inline_featured_image":false,"footnotes":""},"categories":[1871],"tags":[323,1855,600,756,1417],"class_list":["post-30825","post","type-post","status-publish","format-standard","has-post-thumbnail","hentry","category-gestao","tag-acordo","tag-assinatura","tag-educacao","tag-mgi","tag-servidores"],"acf":[],"yoast_head":"<!-- This site is optimized with the Yoast SEO plugin v27.3 - https:\/\/yoast.com\/product\/yoast-seo-wordpress\/ -->\n<title>Acordo entre governo e servidores da Educa\u00e7\u00e3o fica para quinta-feira (27) - Blog da Rosana Hessel<\/title>\n<meta name=\"description\" content=\"A pedido das entidades, MGI adiou de amanh\u00e3 para quinta-feira a assinatura de acordos com docentes\" \/>\n<meta name=\"robots\" content=\"index, follow, max-snippet:-1, max-image-preview:large, max-video-preview:-1\" \/>\n<link rel=\"canonical\" href=\"https:\/\/newblogs.correiobraziliense.com.br\/blog-da-rosana-hessel\/acordo-entre-governo-e-servidores-da-educacao-fica-para-quinta-feira-27\/\" \/>\n<meta property=\"og:locale\" content=\"pt_BR\" \/>\n<meta property=\"og:type\" content=\"article\" \/>\n<meta property=\"og:title\" content=\"Acordo entre governo e servidores da Educa\u00e7\u00e3o fica para quinta-feira (27) - Blog da Rosana Hessel\" \/>\n<meta property=\"og:description\" content=\"A pedido das entidades, MGI adiou de amanh\u00e3 para quinta-feira a assinatura de acordos com docentes\" \/>\n<meta property=\"og:url\" content=\"https:\/\/newblogs.correiobraziliense.com.br\/blog-da-rosana-hessel\/acordo-entre-governo-e-servidores-da-educacao-fica-para-quinta-feira-27\/\" \/>\n<meta property=\"og:site_name\" content=\"Blog da Rosana Hessel\" \/>\n<meta property=\"article:published_time\" content=\"2024-06-25T12:56:40+00:00\" \/>\n<meta property=\"article:modified_time\" content=\"2024-06-27T13:00:55+00:00\" \/>\n<meta property=\"og:image\" content=\"http:\/\/newblogs.correiobraziliense.com.br\/blog-da-rosana-hessel\/wp-content\/uploads\/sites\/5\/2024\/06\/esplanada.jpg\" \/>\n\t<meta property=\"og:image:width\" content=\"800\" \/>\n\t<meta property=\"og:image:height\" content=\"374\" \/>\n\t<meta property=\"og:image:type\" content=\"image\/jpeg\" \/>\n<meta name=\"author\" content=\"Rosana Hessel\" \/>\n<!-- \/ Yoast SEO plugin. -->","yoast_head_json":{"title":"Acordo entre governo e servidores da Educa\u00e7\u00e3o fica para quinta-feira (27) - Blog da Rosana Hessel","description":"A pedido das entidades, MGI adiou de amanh\u00e3 para quinta-feira a assinatura de acordos com docentes","robots":{"index":"index","follow":"follow","max-snippet":"max-snippet:-1","max-image-preview":"max-image-preview:large","max-video-preview":"max-video-preview:-1"},"canonical":"https:\/\/newblogs.correiobraziliense.com.br\/blog-da-rosana-hessel\/acordo-entre-governo-e-servidores-da-educacao-fica-para-quinta-feira-27\/","og_locale":"pt_BR","og_type":"article","og_title":"Acordo entre governo e servidores da Educa\u00e7\u00e3o fica para quinta-feira (27) - Blog da Rosana Hessel","og_description":"A pedido das entidades, MGI adiou de amanh\u00e3 para quinta-feira a assinatura de acordos com docentes","og_url":"https:\/\/newblogs.correiobraziliense.com.br\/blog-da-rosana-hessel\/acordo-entre-governo-e-servidores-da-educacao-fica-para-quinta-feira-27\/","og_site_name":"Blog da Rosana Hessel","article_published_time":"2024-06-25T12:56:40+00:00","article_modified_time":"2024-06-27T13:00:55+00:00","og_image":[{"width":800,"height":374,"url":"http:\/\/newblogs.correiobraziliense.com.br\/blog-da-rosana-hessel\/wp-content\/uploads\/sites\/5\/2024\/06\/esplanada.jpg","type":"image\/jpeg"}],"author":"Rosana Hessel","schema":{"@context":"https:\/\/schema.org","@graph":[{"@type":"Article","@id":"https:\/\/newblogs.correiobraziliense.com.br\/blog-da-rosana-hessel\/acordo-entre-governo-e-servidores-da-educacao-fica-para-quinta-feira-27\/#article","isPartOf":{"@id":"https:\/\/newblogs.correiobraziliense.com.br\/blog-da-rosana-hessel\/acordo-entre-governo-e-servidores-da-educacao-fica-para-quinta-feira-27\/"},"author":{"name":"Rosana Hessel","@id":"https:\/\/newblogs.correiobraziliense.com.br\/blog-da-rosana-hessel\/#\/schema\/person\/824cb3c631cf0d4056f75ca02599a930"},"headline":"Acordo entre governo e servidores da Educa\u00e7\u00e3o fica para quinta-feira (27)","datePublished":"2024-06-25T12:56:40+00:00","dateModified":"2024-06-27T13:00:55+00:00","mainEntityOfPage":{"@id":"https:\/\/newblogs.correiobraziliense.com.br\/blog-da-rosana-hessel\/acordo-entre-governo-e-servidores-da-educacao-fica-para-quinta-feira-27\/"},"wordCount":616,"image":{"@id":"https:\/\/newblogs.correiobraziliense.com.br\/blog-da-rosana-hessel\/acordo-entre-governo-e-servidores-da-educacao-fica-para-quinta-feira-27\/#primaryimage"},"thumbnailUrl":"https:\/\/newblogs.correiobraziliense.com.br\/blog-da-rosana-hessel\/wp-content\/uploads\/sites\/5\/2024\/06\/esplanada.jpg","keywords":["acordo","assinatura","educa\u00e7\u00e3o","MGI","Servidores"],"articleSection":["Gest\u00e3o"],"inLanguage":"pt-BR"},{"@type":"WebPage","@id":"https:\/\/newblogs.correiobraziliense.com.br\/blog-da-rosana-hessel\/acordo-entre-governo-e-servidores-da-educacao-fica-para-quinta-feira-27\/","url":"https:\/\/newblogs.correiobraziliense.com.br\/blog-da-rosana-hessel\/acordo-entre-governo-e-servidores-da-educacao-fica-para-quinta-feira-27\/","name":"Acordo entre governo e servidores da Educa\u00e7\u00e3o fica para quinta-feira (27) - Blog da Rosana Hessel","isPartOf":{"@id":"https:\/\/newblogs.correiobraziliense.com.br\/blog-da-rosana-hessel\/#website"},"primaryImageOfPage":{"@id":"https:\/\/newblogs.correiobraziliense.com.br\/blog-da-rosana-hessel\/acordo-entre-governo-e-servidores-da-educacao-fica-para-quinta-feira-27\/#primaryimage"},"image":{"@id":"https:\/\/newblogs.correiobraziliense.com.br\/blog-da-rosana-hessel\/acordo-entre-governo-e-servidores-da-educacao-fica-para-quinta-feira-27\/#primaryimage"},"thumbnailUrl":"https:\/\/newblogs.correiobraziliense.com.br\/blog-da-rosana-hessel\/wp-content\/uploads\/sites\/5\/2024\/06\/esplanada.jpg","datePublished":"2024-06-25T12:56:40+00:00","dateModified":"2024-06-27T13:00:55+00:00","author":{"@id":"https:\/\/newblogs.correiobraziliense.com.br\/blog-da-rosana-hessel\/#\/schema\/person\/824cb3c631cf0d4056f75ca02599a930"},"description":"A pedido das entidades, MGI adiou de amanh\u00e3 para quinta-feira a assinatura de acordos com docentes","breadcrumb":{"@id":"https:\/\/newblogs.correiobraziliense.com.br\/blog-da-rosana-hessel\/acordo-entre-governo-e-servidores-da-educacao-fica-para-quinta-feira-27\/#breadcrumb"},"inLanguage":"pt-BR","potentialAction":[{"@type":"ReadAction","target":["https:\/\/newblogs.correiobraziliense.com.br\/blog-da-rosana-hessel\/acordo-entre-governo-e-servidores-da-educacao-fica-para-quinta-feira-27\/"]}]},{"@type":"ImageObject","inLanguage":"pt-BR","@id":"https:\/\/newblogs.correiobraziliense.com.br\/blog-da-rosana-hessel\/acordo-entre-governo-e-servidores-da-educacao-fica-para-quinta-feira-27\/#primaryimage","url":"https:\/\/newblogs.correiobraziliense.com.br\/blog-da-rosana-hessel\/wp-content\/uploads\/sites\/5\/2024\/06\/esplanada.jpg","contentUrl":"https:\/\/newblogs.correiobraziliense.com.br\/blog-da-rosana-hessel\/wp-content\/uploads\/sites\/5\/2024\/06\/esplanada.jpg","width":800,"height":374,"caption":"07\/04\/2018. Credito: Breno Fortes\/CB\/D.A. Press. Brasil. Foto a\u00e9rea feita de drone da Esplanada dos Minist\u00e9rios."},{"@type":"BreadcrumbList","@id":"https:\/\/newblogs.correiobraziliense.com.br\/blog-da-rosana-hessel\/acordo-entre-governo-e-servidores-da-educacao-fica-para-quinta-feira-27\/#breadcrumb","itemListElement":[{"@type":"ListItem","position":1,"name":"In\u00edcio","item":"https:\/\/newblogs.correiobraziliense.com.br\/blog-da-rosana-hessel\/"},{"@type":"ListItem","position":2,"name":"Acordo entre governo e servidores da Educa\u00e7\u00e3o fica para quinta-feira (27)"}]},{"@type":"WebSite","@id":"https:\/\/newblogs.correiobraziliense.com.br\/blog-da-rosana-hessel\/#website","url":"https:\/\/newblogs.correiobraziliense.com.br\/blog-da-rosana-hessel\/","name":"Blog da Rosana Hessel","description":"Not\u00edcias atualizadas e an\u00e1lises sobre economia. Acompanhe-nos para entender as tend\u00eancias e os impactos econ\u00f4micos que influenciam o seu dia a dia, tanto no Brasil quanto no exterior.","potentialAction":[{"@type":"SearchAction","target":{"@type":"EntryPoint","urlTemplate":"https:\/\/newblogs.correiobraziliense.com.br\/blog-da-rosana-hessel\/?s={search_term_string}"},"query-input":{"@type":"PropertyValueSpecification","valueRequired":true,"valueName":"search_term_string"}}],"inLanguage":"pt-BR"},{"@type":"Person","@id":"https:\/\/newblogs.correiobraziliense.com.br\/blog-da-rosana-hessel\/#\/schema\/person\/824cb3c631cf0d4056f75ca02599a930","name":"Rosana Hessel","image":{"@type":"ImageObject","inLanguage":"pt-BR","@id":"https:\/\/secure.gravatar.com\/avatar\/fe780cf1839cf10cd6d682fb080611e0d2a459b64be8a8781778109777fbcfd3?s=96&d=mm&r=g","url":"https:\/\/secure.gravatar.com\/avatar\/fe780cf1839cf10cd6d682fb080611e0d2a459b64be8a8781778109777fbcfd3?s=96&d=mm&r=g","contentUrl":"https:\/\/secure.gravatar.com\/avatar\/fe780cf1839cf10cd6d682fb080611e0d2a459b64be8a8781778109777fbcfd3?s=96&d=mm&r=g","caption":"Rosana Hessel"},"description":"Formada pela Pontif\u00edcia Universidade Cat\u00f3lica de S\u00e3o Paulo (PUC-SP), \u00e9 jornalista de economia desde 1995, quando passou a integrar o time da Gazeta Mercantil. Est\u00e1 sempre atr\u00e1s da boa informa\u00e7\u00e3o. Possui especializa\u00e7\u00e3o em economia pela FGV e MBA em Finan\u00e7as pela FIA-USP. Trabalha no Correio Braziliense desde 2010. Ganhou o Pr\u00eamio Esso de Jornalismo Econ\u00f4mico em 2014 e em 2015 com a equipe do Correio. Foi finalista entre os 50 jornalistas +Admirados da Imprensa de Economia, Neg\u00f3cios e Finan\u00e7as 2024, promovido pela Jornalistas&amp;Cia.","url":"https:\/\/newblogs.correiobraziliense.com.br\/blog-da-rosana-hessel\/author\/rosanahessel\/"}]}},"_links":{"self":[{"href":"https:\/\/newblogs.correiobraziliense.com.br\/blog-da-rosana-hessel\/wp-json\/wp\/v2\/posts\/30825","targetHints":{"allow":["GET"]}}],"collection":[{"href":"https:\/\/newblogs.correiobraziliense.com.br\/blog-da-rosana-hessel\/wp-json\/wp\/v2\/posts"}],"about":[{"href":"https:\/\/newblogs.correiobraziliense.com.br\/blog-da-rosana-hessel\/wp-json\/wp\/v2\/types\/post"}],"author":[{"embeddable":true,"href":"https:\/\/newblogs.correiobraziliense.com.br\/blog-da-rosana-hessel\/wp-json\/wp\/v2\/users\/10"}],"replies":[{"embeddable":true,"href":"https:\/\/newblogs.correiobraziliense.com.br\/blog-da-rosana-hessel\/wp-json\/wp\/v2\/comments?post=30825"}],"version-history":[{"count":2,"href":"https:\/\/newblogs.correiobraziliense.com.br\/blog-da-rosana-hessel\/wp-json\/wp\/v2\/posts\/30825\/revisions"}],"predecessor-version":[{"id":30828,"href":"https:\/\/newblogs.correiobraziliense.com.br\/blog-da-rosana-hessel\/wp-json\/wp\/v2\/posts\/30825\/revisions\/30828"}],"wp:featuredmedia":[{"embeddable":true,"href":"https:\/\/newblogs.correiobraziliense.com.br\/blog-da-rosana-hessel\/wp-json\/wp\/v2\/media\/30826"}],"wp:attachment":[{"href":"https:\/\/newblogs.correiobraziliense.com.br\/blog-da-rosana-hessel\/wp-json\/wp\/v2\/media?parent=30825"}],"wp:term":[{"taxonomy":"category","embeddable":true,"href":"https:\/\/newblogs.correiobraziliense.com.br\/blog-da-rosana-hessel\/wp-json\/wp\/v2\/categories?post=30825"},{"taxonomy":"post_tag","embeddable":true,"href":"https:\/\/newblogs.correiobraziliense.com.br\/blog-da-rosana-hessel\/wp-json\/wp\/v2\/tags?post=30825"}],"curies":[{"name":"wp","href":"https:\/\/api.w.org\/{rel}","templated":true}]}}