{"id":30536,"date":"2024-06-19T18:46:50","date_gmt":"2024-06-19T21:46:50","guid":{"rendered":"https:\/\/newblogs.correiobraziliense.com.br\/blog-da-rosana-hessel\/?p=30536"},"modified":"2024-06-27T10:04:06","modified_gmt":"2024-06-27T13:04:06","slug":"banco-central-mantem-taxa-de-juros-em-1050-ao-ano-em-decisao-unanime","status":"publish","type":"post","link":"https:\/\/newblogs.correiobraziliense.com.br\/blog-da-rosana-hessel\/banco-central-mantem-taxa-de-juros-em-1050-ao-ano-em-decisao-unanime\/","title":{"rendered":"Banco Central mant\u00e9m taxa de juros em 10,50% ao ano em decis\u00e3o un\u00e2nime"},"content":{"rendered":"\n<p>Em mais um dia tenso no mercado financeiro, com o d\u00f3lar em disparada, o Comit\u00ea de Pol\u00edtica Monet\u00e1ria (Copom), decidiu manter a taxa b\u00e1sica da economia (Selic), nesta quarta-feira (19\/6), interrompendo o ciclo de corte dos juros. A resolu\u00e7\u00e3o era esperada pelos analistas, um dia ap\u00f3s as desastrosas declara\u00e7\u00f5es do presidente Luiz In\u00e1cio Lula da Silva (PT) criticando o Banco Central.<\/p>\n\n\n\n<p>A decis\u00e3o foi un\u00e2nime, e, de acordo com o comunicado do colegiado, o que para os especialistas \u00e9 um sinal que pode tranquilizar mais os agentes financeiros, pois havia uma expectativa de nervosismo para quinta-feira se houvesse divis\u00e3o na decis\u00e3o entre os cinco diretores indicados pelo ex-presidente Jair Bolsonaro (PL), incluindo o presidente do BC, Roberto Campos Neto, e os quatro nomeados pelo presidente Luiz In\u00e1cio Lula da Silva (PT).<\/p>\n\n\n\n<p>&#8220;O Comit\u00ea, unanimemente, optou por interromper o ciclo de queda de juros, destacando que o cen\u00e1rio global incerto e o cen\u00e1rio dom\u00e9stico marcado por resili\u00eancia na atividade, eleva\u00e7\u00e3o das proje\u00e7\u00f5es de infla\u00e7\u00e3o e expectativas desancoradas demandam maior cautela&#8221;, informou a nota do colegiado, sem dar nova sinaliza\u00e7\u00e3o para a pr\u00f3xima reuni\u00e3o do Copom, que ocorrer\u00e1 nos dias 30 e 31 de julho.  <\/p>\n\n\n\n<p>O texto ressaltou ainda que &#8220;a pol\u00edtica monet\u00e1ria deve se manter contracionista por tempo suficiente em patamar que consolide n\u00e3o apenas o processo de desinfla\u00e7\u00e3o como tamb\u00e9m a ancoragem das expectativas em torno de suas metas&#8221;. &#8220;O Comit\u00ea se manter\u00e1 vigilante e relembra, como usual, que eventuais ajustes futuros na taxa de juros ser\u00e3o ditados pelo firme compromisso de converg\u00eancia da infla\u00e7\u00e3o \u00e0 meta&#8221;, acrescentou o comunicado.<\/p>\n\n\n\n<p>&#8220;O comit\u00ea entende que essa decis\u00e3o \u00e9 compat\u00edvel com a estrat\u00e9gia de converg\u00eancia da infla\u00e7\u00e3o para o redor da meta ao longo do horizonte relevante, que inclui o ano de 2025. Sem preju\u00edzo de seu objetivo fundamental de assegurar a estabilidade de pre\u00e7os, essa decis\u00e3o tamb\u00e9m implica suaviza\u00e7\u00e3o das flutua\u00e7\u00f5es do n\u00edvel de atividade econ\u00f4mica e fomento do pleno emprego&#8221;, destacou o comunicado.<\/p>\n\n\n\n<p>De acordo com o documento, &#8220;a conjuntura atual, caracterizada por um est\u00e1gio do processo desinflacion\u00e1rio que tende a ser mais lento, amplia\u00e7\u00e3o da desancoragem das expectativas de infla\u00e7\u00e3o e um cen\u00e1rio global desafiador, demanda serenidade e modera\u00e7\u00e3o na condu\u00e7\u00e3o da pol\u00edtica monet\u00e1ria&#8221;.<\/p>\n\n\n\n<p><strong>Veja a \u00edntegra da nota do Copom divulgada h\u00e1 pouco:<\/strong><\/p>\n\n\n\n<div class=\"wp-block-group is-vertical is-layout-flex wp-container-core-group-is-layout-8cf370e7 wp-block-group-is-layout-flex\">\n<p>O ambiente externo mant\u00e9m-se adverso, em fun\u00e7\u00e3o da incerteza elevada e persistente sobre a flexibiliza\u00e7\u00e3o da pol\u00edtica monet\u00e1ria nos Estados Unidos e quanto \u00e0 velocidade com que se observar\u00e1 a queda da infla\u00e7\u00e3o de forma sustentada em diversos pa\u00edses. Os bancos centrais das principais economias permanecem determinados em promover a converg\u00eancia das taxas de infla\u00e7\u00e3o para suas metas em um ambiente marcado por press\u00f5es nos mercados de trabalho. O Comit\u00ea avalia que o cen\u00e1rio segue exigindo cautela por parte de pa\u00edses emergentes.<\/p>\n\n\n\n<p>Em rela\u00e7\u00e3o ao cen\u00e1rio dom\u00e9stico, o conjunto dos indicadores de atividade econ\u00f4mica e do mercado de trabalho segue apresentando dinamismo maior do que o esperado. A infla\u00e7\u00e3o cheia ao consumidor tem apresentado trajet\u00f3ria de desinfla\u00e7\u00e3o, enquanto medidas de infla\u00e7\u00e3o subjacente se situaram acima da meta para a infla\u00e7\u00e3o nas divulga\u00e7\u00f5es mais recentes.<\/p>\n\n\n\n<p>As expectativas de infla\u00e7\u00e3o para 2024 e 2025 apuradas pela pesquisa Focus encontram-se em torno de 4,0% e 3,8%, respectivamente.<\/p>\n\n\n\n<p>As proje\u00e7\u00f5es de infla\u00e7\u00e3o do Copom em seu cen\u00e1rio de refer\u00eancia* situam-se em 4,0% em 2024 e 3,4% em 2025. As proje\u00e7\u00f5es para a infla\u00e7\u00e3o de pre\u00e7os administrados s\u00e3o de 4,4% em 2024 e 4,0% em 2025. Em cen\u00e1rio alternativo, no qual a taxa Selic \u00e9 mantida constante ao longo do horizonte relevante, as proje\u00e7\u00f5es de infla\u00e7\u00e3o situam-se em 4,0% para 2024 e 3,1% para 2025.<\/p>\n\n\n\n<p>O Comit\u00ea ressalta que, em seus cen\u00e1rios para a infla\u00e7\u00e3o, permanecem fatores de risco em ambas as dire\u00e7\u00f5es. Entre os riscos de alta para o cen\u00e1rio inflacion\u00e1rio e as expectativas de infla\u00e7\u00e3o, destacam-se (i) uma maior persist\u00eancia das press\u00f5es inflacion\u00e1rias globais; e (ii) uma maior resili\u00eancia na infla\u00e7\u00e3o de servi\u00e7os do que a projetada em fun\u00e7\u00e3o de um hiato do produto mais apertado. Entre os riscos de baixa, ressaltam-se (i) uma desacelera\u00e7\u00e3o da atividade econ\u00f4mica global mais acentuada do que a projetada; e (ii) os impactos do aperto monet\u00e1rio sincronizado sobre a desinfla\u00e7\u00e3o global se mostrarem mais fortes do que o esperado. &nbsp;O Comit\u00ea avalia que as conjunturas dom\u00e9stica e internacional seguem mais incertas, exigindo maior cautela na condu\u00e7\u00e3o da pol\u00edtica monet\u00e1ria.<\/p>\n\n\n\n<p>O Comit\u00ea monitora com aten\u00e7\u00e3o como os desenvolvimentos recentes da pol\u00edtica fiscal impactam a pol\u00edtica monet\u00e1ria e os ativos financeiros. O Comit\u00ea reafirma que uma pol\u00edtica fiscal cr\u00edvel e comprometida com a sustentabilidade da d\u00edvida contribui para a ancoragem das expectativas de infla\u00e7\u00e3o e para a redu\u00e7\u00e3o dos pr\u00eamios de risco dos ativos financeiros, consequentemente impactando a pol\u00edtica monet\u00e1ria.&nbsp;<\/p>\n\n\n\n<p>Considerando a evolu\u00e7\u00e3o do processo de desinfla\u00e7\u00e3o, os cen\u00e1rios avaliados, o balan\u00e7o de riscos e o amplo conjunto de informa\u00e7\u00f5es dispon\u00edveis, o Copom decidiu manter a taxa b\u00e1sica de juros em 10,50% a.a. e entende que essa decis\u00e3o \u00e9 compat\u00edvel com a estrat\u00e9gia de converg\u00eancia da infla\u00e7\u00e3o para o redor da meta ao longo do horizonte relevante, que inclui o ano de 2025. Sem preju\u00edzo de seu objetivo fundamental de assegurar a estabilidade de pre\u00e7os, essa decis\u00e3o tamb\u00e9m implica suaviza\u00e7\u00e3o das flutua\u00e7\u00f5es do n\u00edvel de atividade econ\u00f4mica e fomento do pleno emprego.<\/p>\n\n\n\n<p>A conjuntura atual, caracterizada por um est\u00e1gio do processo desinflacion\u00e1rio que tende a ser mais lento, amplia\u00e7\u00e3o da desancoragem das expectativas de infla\u00e7\u00e3o e um cen\u00e1rio global desafiador, demanda serenidade e modera\u00e7\u00e3o na condu\u00e7\u00e3o da pol\u00edtica monet\u00e1ria.<\/p>\n\n\n\n<p>O Comit\u00ea, unanimemente, optou por interromper o ciclo de queda de juros, destacando que o cen\u00e1rio global incerto e o cen\u00e1rio dom\u00e9stico marcado por resili\u00eancia na atividade, eleva\u00e7\u00e3o das proje\u00e7\u00f5es de infla\u00e7\u00e3o e expectativas desancoradas demandam maior cautela. Ressalta, ademais, que a pol\u00edtica monet\u00e1ria deve se manter contracionista por tempo suficiente em patamar que consolide n\u00e3o apenas o processo de desinfla\u00e7\u00e3o como tamb\u00e9m a ancoragem das expectativas em torno de suas metas. O Comit\u00ea se manter\u00e1 vigilante e relembra, como usual, que eventuais ajustes futuros na taxa de juros ser\u00e3o ditados pelo firme compromisso de converg\u00eancia da infla\u00e7\u00e3o \u00e0 meta.<\/p>\n\n\n\n<p>Votaram por essa decis\u00e3o os seguintes membros do Comit\u00ea: Roberto de Oliveira Campos Neto (presidente), Ailton de Aquino Santos, Carolina de Assis Barros, Diogo Abry Guillen, Gabriel Muricca Gal\u00edpolo, Ot\u00e1vio Ribeiro Damaso, Paulo Picchetti, Renato Dias de Brito Gomes e Rodrigo Alves Teixeira.<\/p>\n<\/div>\n","protected":false},"excerpt":{"rendered":"<p>Ap\u00f3s um dia tenso no mercado, com d\u00f3lar pressionado, Banco Central decide, por unanimidade, manter os juros b\u00e1sicos em 10,50% ao ano.<\/p>\n","protected":false},"author":10,"featured_media":30537,"comment_status":"closed","ping_status":"open","sticky":false,"template":"","format":"standard","meta":{"_acf_changed":false,"inline_featured_image":false,"footnotes":""},"categories":[1870],"tags":[82,83,39,84],"class_list":["post-30536","post","type-post","status-publish","format-standard","has-post-thumbnail","hentry","category-politica-monetaria","tag-banco-central","tag-copom","tag-juros","tag-selic"],"acf":[],"yoast_head":"<!-- This site is optimized with the Yoast SEO plugin v27.3 - https:\/\/yoast.com\/product\/yoast-seo-wordpress\/ -->\n<title>Banco Central mant\u00e9m taxa de juros em 10,50% ao ano em decis\u00e3o un\u00e2nime - Blog da Rosana Hessel<\/title>\n<meta name=\"description\" content=\"Ap\u00f3s um dia tenso no mercado, com d\u00f3lar pressionado, Banco Central decide, por unanimidade, manter os juros b\u00e1sicos em 10,50% ao ano.\" \/>\n<meta name=\"robots\" content=\"index, follow, max-snippet:-1, max-image-preview:large, max-video-preview:-1\" \/>\n<link rel=\"canonical\" href=\"https:\/\/newblogs.correiobraziliense.com.br\/blog-da-rosana-hessel\/banco-central-mantem-taxa-de-juros-em-1050-ao-ano-em-decisao-unanime\/\" \/>\n<meta property=\"og:locale\" content=\"pt_BR\" \/>\n<meta property=\"og:type\" content=\"article\" \/>\n<meta property=\"og:title\" content=\"Banco Central mant\u00e9m taxa de juros em 10,50% ao ano em decis\u00e3o un\u00e2nime - Blog da Rosana Hessel\" \/>\n<meta property=\"og:description\" content=\"Ap\u00f3s um dia tenso no mercado, com d\u00f3lar pressionado, Banco Central decide, por unanimidade, manter os juros b\u00e1sicos em 10,50% ao ano.\" \/>\n<meta property=\"og:url\" content=\"https:\/\/newblogs.correiobraziliense.com.br\/blog-da-rosana-hessel\/banco-central-mantem-taxa-de-juros-em-1050-ao-ano-em-decisao-unanime\/\" \/>\n<meta property=\"og:site_name\" content=\"Blog da Rosana Hessel\" \/>\n<meta property=\"article:published_time\" content=\"2024-06-19T21:46:50+00:00\" \/>\n<meta property=\"article:modified_time\" content=\"2024-06-27T13:04:06+00:00\" \/>\n<meta property=\"og:image\" content=\"http:\/\/newblogs.correiobraziliense.com.br\/blog-da-rosana-hessel\/wp-content\/uploads\/sites\/5\/2024\/06\/bancocentralfachada.jpg\" \/>\n\t<meta property=\"og:image:width\" content=\"2048\" \/>\n\t<meta property=\"og:image:height\" content=\"1365\" \/>\n\t<meta property=\"og:image:type\" content=\"image\/jpeg\" \/>\n<meta name=\"author\" content=\"Rosana Hessel\" \/>\n<!-- \/ Yoast SEO plugin. -->","yoast_head_json":{"title":"Banco Central mant\u00e9m taxa de juros em 10,50% ao ano em decis\u00e3o un\u00e2nime - Blog da Rosana Hessel","description":"Ap\u00f3s um dia tenso no mercado, com d\u00f3lar pressionado, Banco Central decide, por unanimidade, manter os juros b\u00e1sicos em 10,50% ao ano.","robots":{"index":"index","follow":"follow","max-snippet":"max-snippet:-1","max-image-preview":"max-image-preview:large","max-video-preview":"max-video-preview:-1"},"canonical":"https:\/\/newblogs.correiobraziliense.com.br\/blog-da-rosana-hessel\/banco-central-mantem-taxa-de-juros-em-1050-ao-ano-em-decisao-unanime\/","og_locale":"pt_BR","og_type":"article","og_title":"Banco Central mant\u00e9m taxa de juros em 10,50% ao ano em decis\u00e3o un\u00e2nime - Blog da Rosana Hessel","og_description":"Ap\u00f3s um dia tenso no mercado, com d\u00f3lar pressionado, Banco Central decide, por unanimidade, manter os juros b\u00e1sicos em 10,50% ao ano.","og_url":"https:\/\/newblogs.correiobraziliense.com.br\/blog-da-rosana-hessel\/banco-central-mantem-taxa-de-juros-em-1050-ao-ano-em-decisao-unanime\/","og_site_name":"Blog da Rosana Hessel","article_published_time":"2024-06-19T21:46:50+00:00","article_modified_time":"2024-06-27T13:04:06+00:00","og_image":[{"width":2048,"height":1365,"url":"http:\/\/newblogs.correiobraziliense.com.br\/blog-da-rosana-hessel\/wp-content\/uploads\/sites\/5\/2024\/06\/bancocentralfachada.jpg","type":"image\/jpeg"}],"author":"Rosana Hessel","schema":{"@context":"https:\/\/schema.org","@graph":[{"@type":"Article","@id":"https:\/\/newblogs.correiobraziliense.com.br\/blog-da-rosana-hessel\/banco-central-mantem-taxa-de-juros-em-1050-ao-ano-em-decisao-unanime\/#article","isPartOf":{"@id":"https:\/\/newblogs.correiobraziliense.com.br\/blog-da-rosana-hessel\/banco-central-mantem-taxa-de-juros-em-1050-ao-ano-em-decisao-unanime\/"},"author":{"name":"Rosana Hessel","@id":"https:\/\/newblogs.correiobraziliense.com.br\/blog-da-rosana-hessel\/#\/schema\/person\/824cb3c631cf0d4056f75ca02599a930"},"headline":"Banco Central mant\u00e9m taxa de juros em 10,50% ao ano em decis\u00e3o un\u00e2nime","datePublished":"2024-06-19T21:46:50+00:00","dateModified":"2024-06-27T13:04:06+00:00","mainEntityOfPage":{"@id":"https:\/\/newblogs.correiobraziliense.com.br\/blog-da-rosana-hessel\/banco-central-mantem-taxa-de-juros-em-1050-ao-ano-em-decisao-unanime\/"},"wordCount":1204,"image":{"@id":"https:\/\/newblogs.correiobraziliense.com.br\/blog-da-rosana-hessel\/banco-central-mantem-taxa-de-juros-em-1050-ao-ano-em-decisao-unanime\/#primaryimage"},"thumbnailUrl":"https:\/\/newblogs.correiobraziliense.com.br\/blog-da-rosana-hessel\/wp-content\/uploads\/sites\/5\/2024\/06\/bancocentralfachada.jpg","keywords":["Banco Central","Copom","juros","Selic"],"articleSection":["Pol\u00edtica monet\u00e1ria"],"inLanguage":"pt-BR"},{"@type":"WebPage","@id":"https:\/\/newblogs.correiobraziliense.com.br\/blog-da-rosana-hessel\/banco-central-mantem-taxa-de-juros-em-1050-ao-ano-em-decisao-unanime\/","url":"https:\/\/newblogs.correiobraziliense.com.br\/blog-da-rosana-hessel\/banco-central-mantem-taxa-de-juros-em-1050-ao-ano-em-decisao-unanime\/","name":"Banco Central mant\u00e9m taxa de juros em 10,50% ao ano em decis\u00e3o un\u00e2nime - Blog da Rosana Hessel","isPartOf":{"@id":"https:\/\/newblogs.correiobraziliense.com.br\/blog-da-rosana-hessel\/#website"},"primaryImageOfPage":{"@id":"https:\/\/newblogs.correiobraziliense.com.br\/blog-da-rosana-hessel\/banco-central-mantem-taxa-de-juros-em-1050-ao-ano-em-decisao-unanime\/#primaryimage"},"image":{"@id":"https:\/\/newblogs.correiobraziliense.com.br\/blog-da-rosana-hessel\/banco-central-mantem-taxa-de-juros-em-1050-ao-ano-em-decisao-unanime\/#primaryimage"},"thumbnailUrl":"https:\/\/newblogs.correiobraziliense.com.br\/blog-da-rosana-hessel\/wp-content\/uploads\/sites\/5\/2024\/06\/bancocentralfachada.jpg","datePublished":"2024-06-19T21:46:50+00:00","dateModified":"2024-06-27T13:04:06+00:00","author":{"@id":"https:\/\/newblogs.correiobraziliense.com.br\/blog-da-rosana-hessel\/#\/schema\/person\/824cb3c631cf0d4056f75ca02599a930"},"description":"Ap\u00f3s um dia tenso no mercado, com d\u00f3lar pressionado, Banco Central decide, por unanimidade, manter os juros b\u00e1sicos em 10,50% ao ano.","breadcrumb":{"@id":"https:\/\/newblogs.correiobraziliense.com.br\/blog-da-rosana-hessel\/banco-central-mantem-taxa-de-juros-em-1050-ao-ano-em-decisao-unanime\/#breadcrumb"},"inLanguage":"pt-BR","potentialAction":[{"@type":"ReadAction","target":["https:\/\/newblogs.correiobraziliense.com.br\/blog-da-rosana-hessel\/banco-central-mantem-taxa-de-juros-em-1050-ao-ano-em-decisao-unanime\/"]}]},{"@type":"ImageObject","inLanguage":"pt-BR","@id":"https:\/\/newblogs.correiobraziliense.com.br\/blog-da-rosana-hessel\/banco-central-mantem-taxa-de-juros-em-1050-ao-ano-em-decisao-unanime\/#primaryimage","url":"https:\/\/newblogs.correiobraziliense.com.br\/blog-da-rosana-hessel\/wp-content\/uploads\/sites\/5\/2024\/06\/bancocentralfachada.jpg","contentUrl":"https:\/\/newblogs.correiobraziliense.com.br\/blog-da-rosana-hessel\/wp-content\/uploads\/sites\/5\/2024\/06\/bancocentralfachada.jpg","width":2048,"height":1365,"caption":"Cr\u00e9dito: Raphael Ribeiro\/BC divulga\u00e7\u00e3o"},{"@type":"BreadcrumbList","@id":"https:\/\/newblogs.correiobraziliense.com.br\/blog-da-rosana-hessel\/banco-central-mantem-taxa-de-juros-em-1050-ao-ano-em-decisao-unanime\/#breadcrumb","itemListElement":[{"@type":"ListItem","position":1,"name":"In\u00edcio","item":"https:\/\/newblogs.correiobraziliense.com.br\/blog-da-rosana-hessel\/"},{"@type":"ListItem","position":2,"name":"Banco Central mant\u00e9m taxa de juros em 10,50% ao ano em decis\u00e3o un\u00e2nime"}]},{"@type":"WebSite","@id":"https:\/\/newblogs.correiobraziliense.com.br\/blog-da-rosana-hessel\/#website","url":"https:\/\/newblogs.correiobraziliense.com.br\/blog-da-rosana-hessel\/","name":"Blog da Rosana Hessel","description":"Not\u00edcias atualizadas e an\u00e1lises sobre economia. Acompanhe-nos para entender as tend\u00eancias e os impactos econ\u00f4micos que influenciam o seu dia a dia, tanto no Brasil quanto no exterior.","potentialAction":[{"@type":"SearchAction","target":{"@type":"EntryPoint","urlTemplate":"https:\/\/newblogs.correiobraziliense.com.br\/blog-da-rosana-hessel\/?s={search_term_string}"},"query-input":{"@type":"PropertyValueSpecification","valueRequired":true,"valueName":"search_term_string"}}],"inLanguage":"pt-BR"},{"@type":"Person","@id":"https:\/\/newblogs.correiobraziliense.com.br\/blog-da-rosana-hessel\/#\/schema\/person\/824cb3c631cf0d4056f75ca02599a930","name":"Rosana Hessel","image":{"@type":"ImageObject","inLanguage":"pt-BR","@id":"https:\/\/secure.gravatar.com\/avatar\/fe780cf1839cf10cd6d682fb080611e0d2a459b64be8a8781778109777fbcfd3?s=96&d=mm&r=g","url":"https:\/\/secure.gravatar.com\/avatar\/fe780cf1839cf10cd6d682fb080611e0d2a459b64be8a8781778109777fbcfd3?s=96&d=mm&r=g","contentUrl":"https:\/\/secure.gravatar.com\/avatar\/fe780cf1839cf10cd6d682fb080611e0d2a459b64be8a8781778109777fbcfd3?s=96&d=mm&r=g","caption":"Rosana Hessel"},"description":"Formada pela Pontif\u00edcia Universidade Cat\u00f3lica de S\u00e3o Paulo (PUC-SP), \u00e9 jornalista de economia desde 1995, quando passou a integrar o time da Gazeta Mercantil. Est\u00e1 sempre atr\u00e1s da boa informa\u00e7\u00e3o. Possui especializa\u00e7\u00e3o em economia pela FGV e MBA em Finan\u00e7as pela FIA-USP. Trabalha no Correio Braziliense desde 2010. Ganhou o Pr\u00eamio Esso de Jornalismo Econ\u00f4mico em 2014 e em 2015 com a equipe do Correio. Foi finalista entre os 50 jornalistas +Admirados da Imprensa de Economia, Neg\u00f3cios e Finan\u00e7as 2024, promovido pela Jornalistas&amp;Cia.","url":"https:\/\/newblogs.correiobraziliense.com.br\/blog-da-rosana-hessel\/author\/rosanahessel\/"}]}},"_links":{"self":[{"href":"https:\/\/newblogs.correiobraziliense.com.br\/blog-da-rosana-hessel\/wp-json\/wp\/v2\/posts\/30536","targetHints":{"allow":["GET"]}}],"collection":[{"href":"https:\/\/newblogs.correiobraziliense.com.br\/blog-da-rosana-hessel\/wp-json\/wp\/v2\/posts"}],"about":[{"href":"https:\/\/newblogs.correiobraziliense.com.br\/blog-da-rosana-hessel\/wp-json\/wp\/v2\/types\/post"}],"author":[{"embeddable":true,"href":"https:\/\/newblogs.correiobraziliense.com.br\/blog-da-rosana-hessel\/wp-json\/wp\/v2\/users\/10"}],"replies":[{"embeddable":true,"href":"https:\/\/newblogs.correiobraziliense.com.br\/blog-da-rosana-hessel\/wp-json\/wp\/v2\/comments?post=30536"}],"version-history":[{"count":9,"href":"https:\/\/newblogs.correiobraziliense.com.br\/blog-da-rosana-hessel\/wp-json\/wp\/v2\/posts\/30536\/revisions"}],"predecessor-version":[{"id":30548,"href":"https:\/\/newblogs.correiobraziliense.com.br\/blog-da-rosana-hessel\/wp-json\/wp\/v2\/posts\/30536\/revisions\/30548"}],"wp:featuredmedia":[{"embeddable":true,"href":"https:\/\/newblogs.correiobraziliense.com.br\/blog-da-rosana-hessel\/wp-json\/wp\/v2\/media\/30537"}],"wp:attachment":[{"href":"https:\/\/newblogs.correiobraziliense.com.br\/blog-da-rosana-hessel\/wp-json\/wp\/v2\/media?parent=30536"}],"wp:term":[{"taxonomy":"category","embeddable":true,"href":"https:\/\/newblogs.correiobraziliense.com.br\/blog-da-rosana-hessel\/wp-json\/wp\/v2\/categories?post=30536"},{"taxonomy":"post_tag","embeddable":true,"href":"https:\/\/newblogs.correiobraziliense.com.br\/blog-da-rosana-hessel\/wp-json\/wp\/v2\/tags?post=30536"}],"curies":[{"name":"wp","href":"https:\/\/api.w.org\/{rel}","templated":true}]}}