{"id":30483,"date":"2024-06-11T09:19:56","date_gmt":"2024-06-11T12:19:56","guid":{"rendered":"https:\/\/blogs.correiobraziliense.com.br\/vicente\/?p=30483"},"modified":"2024-06-24T20:29:32","modified_gmt":"2024-06-24T23:29:32","slug":"ipca-acelera-em-maio-e-sobe-046-puxado-por-alimentos","status":"publish","type":"post","link":"https:\/\/newblogs.correiobraziliense.com.br\/blog-da-rosana-hessel\/ipca-acelera-em-maio-e-sobe-046-puxado-por-alimentos\/","title":{"rendered":"IPCA acelera em maio e sobe 0,46%, puxado por alimentos"},"content":{"rendered":"<p>ROSANA HESSEL<\/p>\n<p>&nbsp;<\/p>\n<p>O \u00cdndice de Pre\u00e7os ao Consumidor Amplo (IPCA), que mede a infla\u00e7\u00e3o oficial, acelerou em maio, em rela\u00e7\u00e3o a abril, e registrou alta de 0,46%, conforme dados do Instituto Brasileiro de Geografia e Estat\u00edstica (IBGE) divulgados nesta ter\u00e7a-feira (11\/6). O dado ficou acima da varia\u00e7\u00e3o de 0,38% de abril e acima da mediana das proje\u00e7\u00f5es do mercado, coletadas pelo Banco Central no boletim Focus, de 0,40%, e que refor\u00e7am as explica\u00e7\u00f5es da cautela do BC na condu\u00e7\u00e3o da pol\u00edtica monet\u00e1ria.<\/p>\n<p>&nbsp;<\/p>\n<p>De acordo com o \u00f3rg\u00e3o, essa varia\u00e7\u00e3o foi impulsionada pelos pre\u00e7os de alimentos e bebidas, que subiram\u00a00,62%, em rela\u00e7\u00e3o ao m\u00eas anterior, e com impacto de 0,13 ponto percentual no indicador. A alta dos pre\u00e7os de tub\u00e9rculos, ra\u00edzes e legumes, de 6,33%, foi o destaque no grupo e o vil\u00e3o da vez foi a batata inglesa, cujo pre\u00e7o disparou 20,61%, no m\u00eas, &#8212; o maior impacto individual sobre o \u00edndice geral.<\/p>\n<p>&nbsp;<\/p>\n<p>No ano, o indicador acumulou alta de 2,27% e, nos 12 meses encerrados em maio, avan\u00e7ou 3,93% &#8212; acima dos 3,69% contabilizados no mesmo per\u00edodo at\u00e9 abril.\u00a0Em maio do ano passado, a varia\u00e7\u00e3o foi bem menor, de 0,23%. Dos nove grupos pesquisados, oito registraram alta e a exce\u00e7\u00e3o foi com o do grupo de artigos de resid\u00eancia, que recuou 0,53% no m\u00eas.<\/p>\n<p>&nbsp;<\/p>\n<p>O economista e consultor Andr\u00e9 Perfeito, ex-economista-chefe da Necton Investimentos, destacou que os dados do IPCA refor\u00e7am\u00a0a tese mais cautelosa na condi\u00e7\u00e3o dos juros no pa\u00eds uma vez que servi\u00e7os aceleraram mais uma vez, saindo de 0,05% ao m\u00eas para 0,40%, e n\u00facleos seguem pressionados.<\/p>\n<p>&nbsp;<\/p>\n<p>&#8220;O destaque para a infla\u00e7\u00e3o de Porto Alegre que variou 0,87%, no m\u00eas, influenciando pela batata inglesa, pelo botij\u00e3o de g\u00e1s e pela gasolina.\u00a0A primeira leitura dos dados refor\u00e7am a perspectiva mais hawkish (mais duro em rela\u00e7\u00e3o \u00e0 infla\u00e7\u00e3o) do Banco Central e devem aumentar as apostas para apenas mais um corte da taxa b\u00e1sica da economia (Selic)&#8221;, afirmou.<\/p>\n<p>&nbsp;<\/p>\n<p>Igor Cadilhac, economista do banco PicPay, destacou que a leitura do IPCA foi &#8220;bem pior do o esperado&#8221;, mas segue com um cen\u00e1rio desinflacion\u00e1rio consistente no curto prazo. &#8220;Quando olhamos diferentes m\u00e9tricas, boa parte tem oscilado pr\u00f3ximo \u00e0 meta de 3%, na m\u00e9dia, dos \u00faltimos tr\u00eas meses. A exce\u00e7\u00e3o fica com os itens mais sens\u00edveis \u00e0 for\u00e7a da economia e, portanto, relevantes para o Comit\u00ea de Pol\u00edtica Monet\u00e1ria (Copom), que t\u00eam oscilado ao redor de 5%. Dito isso, aos olhos dos juros, fica claro que o nosso desafio n\u00e3o \u00e9 a infla\u00e7\u00e3o corrente, mas as expectativas \u00e0 frente&#8221;, afirmou.<\/p>\n<p>&nbsp;<\/p>\n<p><strong>INPC registra\u00a0 alta de 0,46%<\/strong><\/p>\n<p>&nbsp;<\/p>\n<p>Conforme dados do IBGE, o \u00cdndice Nacional de Pre\u00e7os ao Consumidor (INPC) registrou a mesma varia\u00e7\u00e3o do IPCA, de\u00a00,46%, em maio.<\/p>\n<p>&nbsp;<\/p>\n<p>O INPC \u00e9 o indicador da infla\u00e7\u00e3o das fam\u00edlias mais pobres, com renda mensal de at\u00e9 cinco sal\u00e1rios m\u00ednimos, e o indexador da corre\u00e7\u00e3o do piso salarial.\u00a0 O \u00edndice acelerou em rela\u00e7\u00e3o ao m\u00eas de abril, quando subiu 0,37%, em grande parte, tamb\u00e9m puxado pela alta dos pre\u00e7os dos alimentos, que passou de 0,57%, em abril, para 0,64%, em maio.<\/p>\n<p>&nbsp;<\/p>\n<p>No ano, o INPC acumulou alta de 2,42%, e, nos 12 meses encerrados em maio, avan\u00e7ou 3,34%, acima dos 3,23% contabilizados no mesmo per\u00edodo at\u00e9 abril.\u00a0 Em maio de 2023, a taxa foi de 0,36%.<\/p>\n<p>&nbsp;<\/p>\n","protected":false},"excerpt":{"rendered":"<p>Infla\u00e7\u00e3o oficial de maio acelera em rela\u00e7\u00e3o a abril e fica acima do esperado pelo mercado, puxada por alimentos <\/p>\n","protected":false},"author":10,"featured_media":30813,"comment_status":"open","ping_status":"closed","sticky":false,"template":"","format":"standard","meta":{"_acf_changed":false,"inline_featured_image":false,"footnotes":""},"categories":[4],"tags":[5,32,33,34],"class_list":["post-30483","post","type-post","status-publish","format-standard","has-post-thumbnail","hentry","category-economia","tag-ibge","tag-inflacao","tag-ipca","tag-precos"],"acf":[],"yoast_head":"<!-- This site is optimized with the Yoast SEO plugin v27.3 - https:\/\/yoast.com\/product\/yoast-seo-wordpress\/ -->\n<title>IPCA acelera em maio e sobe 0,46%, puxado por alimentos<\/title>\n<meta name=\"description\" content=\"Infla\u00e7\u00e3o dos alimentos puxa alta do IPCA de maio, que acelera de 0,38%, em abril, para 0,46%, no m\u00eas passado, acima das estimativas do mercado, de 0,40%.\" \/>\n<meta name=\"robots\" content=\"index, follow, max-snippet:-1, max-image-preview:large, max-video-preview:-1\" \/>\n<link rel=\"canonical\" href=\"https:\/\/newblogs.correiobraziliense.com.br\/blog-da-rosana-hessel\/ipca-acelera-em-maio-e-sobe-046-puxado-por-alimentos\/\" \/>\n<meta property=\"og:locale\" content=\"pt_BR\" \/>\n<meta property=\"og:type\" content=\"article\" \/>\n<meta property=\"og:title\" content=\"IPCA acelera em maio e sobe 0,46%, puxado por alimentos\" \/>\n<meta property=\"og:description\" content=\"Infla\u00e7\u00e3o dos alimentos puxa alta do IPCA de maio, que acelera de 0,38%, em abril, para 0,46%, no m\u00eas passado, acima das estimativas do mercado, de 0,40%.\" \/>\n<meta property=\"og:url\" content=\"https:\/\/newblogs.correiobraziliense.com.br\/blog-da-rosana-hessel\/ipca-acelera-em-maio-e-sobe-046-puxado-por-alimentos\/\" \/>\n<meta property=\"og:site_name\" content=\"Blog da Rosana Hessel\" \/>\n<meta property=\"article:published_time\" content=\"2024-06-11T12:19:56+00:00\" \/>\n<meta property=\"article:modified_time\" content=\"2024-06-24T23:29:32+00:00\" \/>\n<meta property=\"og:image\" content=\"http:\/\/newblogs.correiobraziliense.com.br\/blog-da-rosana-hessel\/wp-content\/uploads\/sites\/5\/2024\/06\/Cesta-basicaz.jpg\" \/>\n\t<meta property=\"og:image:width\" content=\"1280\" \/>\n\t<meta property=\"og:image:height\" content=\"777\" \/>\n\t<meta property=\"og:image:type\" content=\"image\/jpeg\" \/>\n<meta name=\"author\" content=\"Rosana Hessel\" \/>\n<!-- \/ Yoast SEO plugin. -->","yoast_head_json":{"title":"IPCA acelera em maio e sobe 0,46%, puxado por alimentos","description":"Infla\u00e7\u00e3o dos alimentos puxa alta do IPCA de maio, que acelera de 0,38%, em abril, para 0,46%, no m\u00eas passado, acima das estimativas do mercado, de 0,40%.","robots":{"index":"index","follow":"follow","max-snippet":"max-snippet:-1","max-image-preview":"max-image-preview:large","max-video-preview":"max-video-preview:-1"},"canonical":"https:\/\/newblogs.correiobraziliense.com.br\/blog-da-rosana-hessel\/ipca-acelera-em-maio-e-sobe-046-puxado-por-alimentos\/","og_locale":"pt_BR","og_type":"article","og_title":"IPCA acelera em maio e sobe 0,46%, puxado por alimentos","og_description":"Infla\u00e7\u00e3o dos alimentos puxa alta do IPCA de maio, que acelera de 0,38%, em abril, para 0,46%, no m\u00eas passado, acima das estimativas do mercado, de 0,40%.","og_url":"https:\/\/newblogs.correiobraziliense.com.br\/blog-da-rosana-hessel\/ipca-acelera-em-maio-e-sobe-046-puxado-por-alimentos\/","og_site_name":"Blog da Rosana Hessel","article_published_time":"2024-06-11T12:19:56+00:00","article_modified_time":"2024-06-24T23:29:32+00:00","og_image":[{"width":1280,"height":777,"url":"http:\/\/newblogs.correiobraziliense.com.br\/blog-da-rosana-hessel\/wp-content\/uploads\/sites\/5\/2024\/06\/Cesta-basicaz.jpg","type":"image\/jpeg"}],"author":"Rosana Hessel","schema":{"@context":"https:\/\/schema.org","@graph":[{"@type":"Article","@id":"https:\/\/newblogs.correiobraziliense.com.br\/blog-da-rosana-hessel\/ipca-acelera-em-maio-e-sobe-046-puxado-por-alimentos\/#article","isPartOf":{"@id":"https:\/\/newblogs.correiobraziliense.com.br\/blog-da-rosana-hessel\/ipca-acelera-em-maio-e-sobe-046-puxado-por-alimentos\/"},"author":{"name":"Rosana Hessel","@id":"https:\/\/newblogs.correiobraziliense.com.br\/blog-da-rosana-hessel\/#\/schema\/person\/824cb3c631cf0d4056f75ca02599a930"},"headline":"IPCA acelera em maio e sobe 0,46%, puxado por alimentos","datePublished":"2024-06-11T12:19:56+00:00","dateModified":"2024-06-24T23:29:32+00:00","mainEntityOfPage":{"@id":"https:\/\/newblogs.correiobraziliense.com.br\/blog-da-rosana-hessel\/ipca-acelera-em-maio-e-sobe-046-puxado-por-alimentos\/"},"wordCount":598,"commentCount":0,"image":{"@id":"https:\/\/newblogs.correiobraziliense.com.br\/blog-da-rosana-hessel\/ipca-acelera-em-maio-e-sobe-046-puxado-por-alimentos\/#primaryimage"},"thumbnailUrl":"https:\/\/newblogs.correiobraziliense.com.br\/blog-da-rosana-hessel\/wp-content\/uploads\/sites\/5\/2024\/06\/Cesta-basicaz.jpg","keywords":["IBGE","infla\u00e7\u00e3o","IPCA","pre\u00e7os"],"articleSection":["Economia"],"inLanguage":"pt-BR"},{"@type":"WebPage","@id":"https:\/\/newblogs.correiobraziliense.com.br\/blog-da-rosana-hessel\/ipca-acelera-em-maio-e-sobe-046-puxado-por-alimentos\/","url":"https:\/\/newblogs.correiobraziliense.com.br\/blog-da-rosana-hessel\/ipca-acelera-em-maio-e-sobe-046-puxado-por-alimentos\/","name":"IPCA acelera em maio e sobe 0,46%, puxado por alimentos","isPartOf":{"@id":"https:\/\/newblogs.correiobraziliense.com.br\/blog-da-rosana-hessel\/#website"},"primaryImageOfPage":{"@id":"https:\/\/newblogs.correiobraziliense.com.br\/blog-da-rosana-hessel\/ipca-acelera-em-maio-e-sobe-046-puxado-por-alimentos\/#primaryimage"},"image":{"@id":"https:\/\/newblogs.correiobraziliense.com.br\/blog-da-rosana-hessel\/ipca-acelera-em-maio-e-sobe-046-puxado-por-alimentos\/#primaryimage"},"thumbnailUrl":"https:\/\/newblogs.correiobraziliense.com.br\/blog-da-rosana-hessel\/wp-content\/uploads\/sites\/5\/2024\/06\/Cesta-basicaz.jpg","datePublished":"2024-06-11T12:19:56+00:00","dateModified":"2024-06-24T23:29:32+00:00","author":{"@id":"https:\/\/newblogs.correiobraziliense.com.br\/blog-da-rosana-hessel\/#\/schema\/person\/824cb3c631cf0d4056f75ca02599a930"},"description":"Infla\u00e7\u00e3o dos alimentos puxa alta do IPCA de maio, que acelera de 0,38%, em abril, para 0,46%, no m\u00eas passado, acima das estimativas do mercado, de 0,40%.","breadcrumb":{"@id":"https:\/\/newblogs.correiobraziliense.com.br\/blog-da-rosana-hessel\/ipca-acelera-em-maio-e-sobe-046-puxado-por-alimentos\/#breadcrumb"},"inLanguage":"pt-BR","potentialAction":[{"@type":"ReadAction","target":["https:\/\/newblogs.correiobraziliense.com.br\/blog-da-rosana-hessel\/ipca-acelera-em-maio-e-sobe-046-puxado-por-alimentos\/"]}]},{"@type":"ImageObject","inLanguage":"pt-BR","@id":"https:\/\/newblogs.correiobraziliense.com.br\/blog-da-rosana-hessel\/ipca-acelera-em-maio-e-sobe-046-puxado-por-alimentos\/#primaryimage","url":"https:\/\/newblogs.correiobraziliense.com.br\/blog-da-rosana-hessel\/wp-content\/uploads\/sites\/5\/2024\/06\/Cesta-basicaz.jpg","contentUrl":"https:\/\/newblogs.correiobraziliense.com.br\/blog-da-rosana-hessel\/wp-content\/uploads\/sites\/5\/2024\/06\/Cesta-basicaz.jpg","width":1280,"height":777},{"@type":"BreadcrumbList","@id":"https:\/\/newblogs.correiobraziliense.com.br\/blog-da-rosana-hessel\/ipca-acelera-em-maio-e-sobe-046-puxado-por-alimentos\/#breadcrumb","itemListElement":[{"@type":"ListItem","position":1,"name":"In\u00edcio","item":"https:\/\/newblogs.correiobraziliense.com.br\/blog-da-rosana-hessel\/"},{"@type":"ListItem","position":2,"name":"IPCA acelera em maio e sobe 0,46%, puxado por alimentos"}]},{"@type":"WebSite","@id":"https:\/\/newblogs.correiobraziliense.com.br\/blog-da-rosana-hessel\/#website","url":"https:\/\/newblogs.correiobraziliense.com.br\/blog-da-rosana-hessel\/","name":"Blog da Rosana Hessel","description":"Not\u00edcias atualizadas e an\u00e1lises sobre economia. Acompanhe-nos para entender as tend\u00eancias e os impactos econ\u00f4micos que influenciam o seu dia a dia, tanto no Brasil quanto no exterior.","potentialAction":[{"@type":"SearchAction","target":{"@type":"EntryPoint","urlTemplate":"https:\/\/newblogs.correiobraziliense.com.br\/blog-da-rosana-hessel\/?s={search_term_string}"},"query-input":{"@type":"PropertyValueSpecification","valueRequired":true,"valueName":"search_term_string"}}],"inLanguage":"pt-BR"},{"@type":"Person","@id":"https:\/\/newblogs.correiobraziliense.com.br\/blog-da-rosana-hessel\/#\/schema\/person\/824cb3c631cf0d4056f75ca02599a930","name":"Rosana Hessel","image":{"@type":"ImageObject","inLanguage":"pt-BR","@id":"https:\/\/secure.gravatar.com\/avatar\/fe780cf1839cf10cd6d682fb080611e0d2a459b64be8a8781778109777fbcfd3?s=96&d=mm&r=g","url":"https:\/\/secure.gravatar.com\/avatar\/fe780cf1839cf10cd6d682fb080611e0d2a459b64be8a8781778109777fbcfd3?s=96&d=mm&r=g","contentUrl":"https:\/\/secure.gravatar.com\/avatar\/fe780cf1839cf10cd6d682fb080611e0d2a459b64be8a8781778109777fbcfd3?s=96&d=mm&r=g","caption":"Rosana Hessel"},"description":"Formada pela Pontif\u00edcia Universidade Cat\u00f3lica de S\u00e3o Paulo (PUC-SP), \u00e9 jornalista de economia desde 1995, quando passou a integrar o time da Gazeta Mercantil. Est\u00e1 sempre atr\u00e1s da boa informa\u00e7\u00e3o. Possui especializa\u00e7\u00e3o em economia pela FGV e MBA em Finan\u00e7as pela FIA-USP. Trabalha no Correio Braziliense desde 2010. Ganhou o Pr\u00eamio Esso de Jornalismo Econ\u00f4mico em 2014 e em 2015 com a equipe do Correio. Foi finalista entre os 50 jornalistas +Admirados da Imprensa de Economia, Neg\u00f3cios e Finan\u00e7as 2024, promovido pela Jornalistas&amp;Cia.","url":"https:\/\/newblogs.correiobraziliense.com.br\/blog-da-rosana-hessel\/author\/rosanahessel\/"}]}},"_links":{"self":[{"href":"https:\/\/newblogs.correiobraziliense.com.br\/blog-da-rosana-hessel\/wp-json\/wp\/v2\/posts\/30483","targetHints":{"allow":["GET"]}}],"collection":[{"href":"https:\/\/newblogs.correiobraziliense.com.br\/blog-da-rosana-hessel\/wp-json\/wp\/v2\/posts"}],"about":[{"href":"https:\/\/newblogs.correiobraziliense.com.br\/blog-da-rosana-hessel\/wp-json\/wp\/v2\/types\/post"}],"author":[{"embeddable":true,"href":"https:\/\/newblogs.correiobraziliense.com.br\/blog-da-rosana-hessel\/wp-json\/wp\/v2\/users\/10"}],"replies":[{"embeddable":true,"href":"https:\/\/newblogs.correiobraziliense.com.br\/blog-da-rosana-hessel\/wp-json\/wp\/v2\/comments?post=30483"}],"version-history":[{"count":1,"href":"https:\/\/newblogs.correiobraziliense.com.br\/blog-da-rosana-hessel\/wp-json\/wp\/v2\/posts\/30483\/revisions"}],"predecessor-version":[{"id":30814,"href":"https:\/\/newblogs.correiobraziliense.com.br\/blog-da-rosana-hessel\/wp-json\/wp\/v2\/posts\/30483\/revisions\/30814"}],"wp:featuredmedia":[{"embeddable":true,"href":"https:\/\/newblogs.correiobraziliense.com.br\/blog-da-rosana-hessel\/wp-json\/wp\/v2\/media\/30813"}],"wp:attachment":[{"href":"https:\/\/newblogs.correiobraziliense.com.br\/blog-da-rosana-hessel\/wp-json\/wp\/v2\/media?parent=30483"}],"wp:term":[{"taxonomy":"category","embeddable":true,"href":"https:\/\/newblogs.correiobraziliense.com.br\/blog-da-rosana-hessel\/wp-json\/wp\/v2\/categories?post=30483"},{"taxonomy":"post_tag","embeddable":true,"href":"https:\/\/newblogs.correiobraziliense.com.br\/blog-da-rosana-hessel\/wp-json\/wp\/v2\/tags?post=30483"}],"curies":[{"name":"wp","href":"https:\/\/api.w.org\/{rel}","templated":true}]}}