{"id":30312,"date":"2024-04-30T21:00:33","date_gmt":"2024-05-01T00:00:33","guid":{"rendered":"https:\/\/blogs.correiobraziliense.com.br\/vicente\/?p=30312"},"modified":"2024-04-30T21:00:33","modified_gmt":"2024-05-01T00:00:33","slug":"oxfam-pagamento-de-dividendos-cresce-45-e-salarios-apenas-3","status":"publish","type":"post","link":"https:\/\/newblogs.correiobraziliense.com.br\/blog-da-rosana-hessel\/oxfam-pagamento-de-dividendos-cresce-45-e-salarios-apenas-3\/","title":{"rendered":"Oxfam: pagamento de dividendos cresce 45% e sal\u00e1rios, apenas 3%"},"content":{"rendered":"<p>ROSANA HESSEL<\/p>\n<p>&nbsp;<\/p>\n<p>Na v\u00e9spera do Dia Internacional dos Trabalhadores, a Oxfam divulga, na noite desta ter\u00e7a-feira (30\/4) um relat\u00f3rio nada animador para os pobres assalariados e bastante positivo para os s\u00f3cios ou acionistas que recebem lucros e dividendos sem precisarem trabalhar.<\/p>\n<p>&nbsp;<\/p>\n<p>Conforme levantamento feito pela entidade em 31 pa\u00edses, entre 2020 e 2023, a desigualdade salarial s\u00f3 aumentou, pois os pagamentos de dividendos cresceram 15 vezes mais do que os sal\u00e1rios dos trabalhadores.<\/p>\n<p>&nbsp;<\/p>\n<p>De acordo com a an\u00e1lise da Oxfam, sobre os dados da Global Living Wage Coalition (GLWC) de pa\u00edses da \u00c1frica, \u00c1sia e Am\u00e9rica Latina revela que,\u00a0ap\u00f3s o ajuste pela infla\u00e7\u00e3o, os pagamentos totais de dividendos aumentaram 45% (US$ 195 bilh\u00f5es) em 31 pa\u00edses entre 2020 e 2023, enquanto os sal\u00e1rios cresceram apenas 3% no mesmo per\u00edodo. Pelo c\u00e1lculo da entidade,<\/p>\n<p>&nbsp;<\/p>\n<p>Segundo a GLWC, apenas dois pa\u00edses pesquisados t\u00eam um sal\u00e1rio m\u00ednimo acima de um sal\u00e1rio digno &#8211; uma remunera\u00e7\u00e3o que, segundo a entidade, permite que os trabalhadores supram suas necessidades b\u00e1sicas, como moradia, alimenta\u00e7\u00e3o, sa\u00fade, vestu\u00e1rio e transporte.<\/p>\n<p>&nbsp;<\/p>\n<p>Os sal\u00e1rios m\u00ednimos, em m\u00e9dia, fornecem apenas 38% do sal\u00e1rio necess\u00e1rio para um sal\u00e1rio digno. O sal\u00e1rio m\u00ednimo de Bangladesh fornece apenas 6% de um sal\u00e1rio digno e, em Gana, fornece apenas 12%, conforme o estudo.<\/p>\n<p>&nbsp;<\/p>\n<p>O estudo ainda mostra que um em cada cinco trabalhadores no mundo recebe um sal\u00e1rio abaixo da linha de pobreza de US$ 3,65 por dia.\u00a0 Al\u00e9m disso, 66% dos trabalhadores em pa\u00edses de baixa renda recebem sal\u00e1rios de mis\u00e9ria, n\u00edvel que n\u00e3o ultrapassa essa linha de pobreza . Isso representa um aumento de 1% desde 2020, quando houve a revers\u00e3o de um longo per\u00edodo de decl\u00ednio. O\u00a0Afeganist\u00e3o (22%) e o Sri Lanka (9%) registraram alguns dos maiores aumentos na taxa de subemprego atingindo a linha de pobreza de US$ 6,85 por dia.<\/p>\n<p>&nbsp;<\/p>\n<p>O estudo da Oxfam estima que o 1% mais rico, que atualmente det\u00e9m 43% dos ativos financeiros globais, recebeu, em m\u00e9dia, US$ 9 mil por ano em forma de dividendos, no ano passado. Para que um trabalhador comum ganhasse esse mesmo valor em sal\u00e1rio seriam necess\u00e1rios oito meses de jornada.<\/p>\n<p>&nbsp;<\/p>\n<p>Nesse intervalo pesquisado, a remunera\u00e7\u00e3o nesses pa\u00edses teve uma queda de 3%, com exce\u00e7\u00e3o da China, onde ocorreu a maior parte do crescimento salarial, segundo o relat\u00f3rio da organiza\u00e7\u00e3o n\u00e3o-governamental.<\/p>\n<p>&nbsp;<\/p>\n<p>&#8220;Os lucros das empresas e os pagamentos aos acionistas aumentaram exponencialmente, enquanto os sal\u00e1rios permanecem baixos. Milh\u00f5es de pessoas t\u00eam empregos que as mant\u00eam em um ritmo de trabalho intenso, mas que n\u00e3o garantem recursos suficientes para alimenta\u00e7\u00e3o, rem\u00e9dios e outros itens b\u00e1sicos. Os super-ricos n\u00e3o ganham suas mega-fortunas &#8216;trabalhando&#8217; &#8212; eles tiram esse dinheiro das pessoas que trabalham&#8221;, disse o diretor executivo interino da Oxfam International, Amitabh Behar, em nota divulgada \u00e0 imprensa.<\/p>\n<p>&nbsp;<\/p>\n<p>Behar defendeu que nenhuma empresa deveria pagar dividendos aos acionistas ricos &#8220;a menos que esteja remunerando todos os seus trabalhadores com um sal\u00e1rio digno&#8221;. &#8220;Os governos devem limitar os pagamentos aos acionistas, apoiar os sindicatos e estabelecer leis que garantam sal\u00e1rios dignos. Dever\u00edamos estar recompensando o trabalho, n\u00e3o a riqueza&#8221;, acrescentou.<\/p>\n<p>&nbsp;<\/p>\n<p>&nbsp;<\/p>\n<p>A Oxfam utiliza como base de dados o Janus Henderson Global Dividend Index, \u00edndice que analisa as 1.200 maiores empresas do mundo, representando 90% dos dividendos totais pagos no planeta. De acordo com indicador, os lucros totais das empresas est\u00e3o \u00e0 beira de ultrapassar o recorde hist\u00f3rico de US$ 1,66 trilh\u00e3o alcan\u00e7ado no ano passado. A Janus Henderson prev\u00ea que os dividendos atingir\u00e3o um novo recorde de US$ 1,72 trilh\u00e3o em 2024, aumento de 3,6%\u00a0As\u00a01,8 mil empresas restantes representam os outros 10%.<\/p>\n<p>&nbsp;<\/p>\n<p>&nbsp;<\/p>\n<p>&nbsp;<\/p>\n","protected":false},"excerpt":{"rendered":"<p>ROSANA HESSEL &nbsp; Na v\u00e9spera do Dia Internacional dos Trabalhadores, a Oxfam divulga, na noite desta ter\u00e7a-feira (30\/4) um relat\u00f3rio nada animador para os pobres assalariados e bastante positivo para os s\u00f3cios ou acionistas que recebem lucros e dividendos sem precisarem trabalhar. &nbsp; Conforme levantamento feito pela entidade em 31 pa\u00edses, entre 2020 e 2023, [&hellip;]<\/p>\n","protected":false},"author":10,"featured_media":14173,"comment_status":"open","ping_status":"closed","sticky":false,"template":"","format":"standard","meta":{"_acf_changed":false,"inline_featured_image":false,"footnotes":""},"categories":[4],"tags":[539,540,541,542,543,544],"class_list":["post-30312","post","type-post","status-publish","format-standard","has-post-thumbnail","hentry","category-economia","tag-desigualdade","tag-dia-do-trabalhador","tag-dividendos","tag-oxfam","tag-pesquisa","tag-salario"],"acf":[],"yoast_head":"<!-- This site is optimized with the Yoast SEO plugin v27.3 - https:\/\/yoast.com\/product\/yoast-seo-wordpress\/ -->\n<title>Oxfam: pagamento de dividendos cresce 45% e sal\u00e1rios, apenas 3% - Blog da Rosana Hessel<\/title>\n<meta name=\"description\" content=\"ROSANA HESSEL &nbsp; Na v\u00e9spera do Dia Internacional dos Trabalhadores, a Oxfam divulga, na noite desta ter\u00e7a-feira (30\/4) um relat\u00f3rio nada animador para\" \/>\n<meta name=\"robots\" content=\"index, follow, max-snippet:-1, max-image-preview:large, max-video-preview:-1\" \/>\n<link rel=\"canonical\" href=\"https:\/\/newblogs.correiobraziliense.com.br\/blog-da-rosana-hessel\/oxfam-pagamento-de-dividendos-cresce-45-e-salarios-apenas-3\/\" \/>\n<meta property=\"og:locale\" content=\"pt_BR\" \/>\n<meta property=\"og:type\" content=\"article\" \/>\n<meta property=\"og:title\" content=\"Oxfam: pagamento de dividendos cresce 45% e sal\u00e1rios, apenas 3% - Blog da Rosana Hessel\" \/>\n<meta property=\"og:description\" content=\"ROSANA HESSEL &nbsp; Na v\u00e9spera do Dia Internacional dos Trabalhadores, a Oxfam divulga, na noite desta ter\u00e7a-feira (30\/4) um relat\u00f3rio nada animador para\" \/>\n<meta property=\"og:url\" content=\"https:\/\/newblogs.correiobraziliense.com.br\/blog-da-rosana-hessel\/oxfam-pagamento-de-dividendos-cresce-45-e-salarios-apenas-3\/\" \/>\n<meta property=\"og:site_name\" content=\"Blog da Rosana Hessel\" \/>\n<meta property=\"article:published_time\" content=\"2024-05-01T00:00:33+00:00\" \/>\n<meta property=\"og:image\" content=\"https:\/\/newblogs.correiobraziliense.com.br\/blog-da-rosana-hessel\/wp-content\/uploads\/sites\/5\/2024\/06\/IMG_7392-1.png\" \/>\n\t<meta property=\"og:image:width\" content=\"1200\" \/>\n\t<meta property=\"og:image:height\" content=\"675\" \/>\n\t<meta property=\"og:image:type\" content=\"image\/png\" \/>\n<meta name=\"author\" content=\"Rosana Hessel\" \/>\n<!-- \/ Yoast SEO plugin. -->","yoast_head_json":{"title":"Oxfam: pagamento de dividendos cresce 45% e sal\u00e1rios, apenas 3% - Blog da Rosana Hessel","description":"ROSANA HESSEL &nbsp; Na v\u00e9spera do Dia Internacional dos Trabalhadores, a Oxfam divulga, na noite desta ter\u00e7a-feira (30\/4) um relat\u00f3rio nada animador para","robots":{"index":"index","follow":"follow","max-snippet":"max-snippet:-1","max-image-preview":"max-image-preview:large","max-video-preview":"max-video-preview:-1"},"canonical":"https:\/\/newblogs.correiobraziliense.com.br\/blog-da-rosana-hessel\/oxfam-pagamento-de-dividendos-cresce-45-e-salarios-apenas-3\/","og_locale":"pt_BR","og_type":"article","og_title":"Oxfam: pagamento de dividendos cresce 45% e sal\u00e1rios, apenas 3% - Blog da Rosana Hessel","og_description":"ROSANA HESSEL &nbsp; Na v\u00e9spera do Dia Internacional dos Trabalhadores, a Oxfam divulga, na noite desta ter\u00e7a-feira (30\/4) um relat\u00f3rio nada animador para","og_url":"https:\/\/newblogs.correiobraziliense.com.br\/blog-da-rosana-hessel\/oxfam-pagamento-de-dividendos-cresce-45-e-salarios-apenas-3\/","og_site_name":"Blog da Rosana Hessel","article_published_time":"2024-05-01T00:00:33+00:00","og_image":[{"width":1200,"height":675,"url":"https:\/\/newblogs.correiobraziliense.com.br\/blog-da-rosana-hessel\/wp-content\/uploads\/sites\/5\/2024\/06\/IMG_7392-1.png","type":"image\/png"}],"author":"Rosana Hessel","schema":{"@context":"https:\/\/schema.org","@graph":[{"@type":"Article","@id":"https:\/\/newblogs.correiobraziliense.com.br\/blog-da-rosana-hessel\/oxfam-pagamento-de-dividendos-cresce-45-e-salarios-apenas-3\/#article","isPartOf":{"@id":"https:\/\/newblogs.correiobraziliense.com.br\/blog-da-rosana-hessel\/oxfam-pagamento-de-dividendos-cresce-45-e-salarios-apenas-3\/"},"author":{"name":"Rosana Hessel","@id":"https:\/\/newblogs.correiobraziliense.com.br\/blog-da-rosana-hessel\/#\/schema\/person\/824cb3c631cf0d4056f75ca02599a930"},"headline":"Oxfam: pagamento de dividendos cresce 45% e sal\u00e1rios, apenas 3%","datePublished":"2024-05-01T00:00:33+00:00","mainEntityOfPage":{"@id":"https:\/\/newblogs.correiobraziliense.com.br\/blog-da-rosana-hessel\/oxfam-pagamento-de-dividendos-cresce-45-e-salarios-apenas-3\/"},"wordCount":653,"commentCount":0,"image":{"@id":"https:\/\/newblogs.correiobraziliense.com.br\/blog-da-rosana-hessel\/oxfam-pagamento-de-dividendos-cresce-45-e-salarios-apenas-3\/#primaryimage"},"thumbnailUrl":"","keywords":["desigualdade","Dia do Trabalhador","dividendos","Oxfam","pesquisa","sal\u00e1rio"],"articleSection":["Economia"],"inLanguage":"pt-BR"},{"@type":"WebPage","@id":"https:\/\/newblogs.correiobraziliense.com.br\/blog-da-rosana-hessel\/oxfam-pagamento-de-dividendos-cresce-45-e-salarios-apenas-3\/","url":"https:\/\/newblogs.correiobraziliense.com.br\/blog-da-rosana-hessel\/oxfam-pagamento-de-dividendos-cresce-45-e-salarios-apenas-3\/","name":"Oxfam: pagamento de dividendos cresce 45% e sal\u00e1rios, apenas 3% - Blog da Rosana Hessel","isPartOf":{"@id":"https:\/\/newblogs.correiobraziliense.com.br\/blog-da-rosana-hessel\/#website"},"primaryImageOfPage":{"@id":"https:\/\/newblogs.correiobraziliense.com.br\/blog-da-rosana-hessel\/oxfam-pagamento-de-dividendos-cresce-45-e-salarios-apenas-3\/#primaryimage"},"image":{"@id":"https:\/\/newblogs.correiobraziliense.com.br\/blog-da-rosana-hessel\/oxfam-pagamento-de-dividendos-cresce-45-e-salarios-apenas-3\/#primaryimage"},"thumbnailUrl":"","datePublished":"2024-05-01T00:00:33+00:00","author":{"@id":"https:\/\/newblogs.correiobraziliense.com.br\/blog-da-rosana-hessel\/#\/schema\/person\/824cb3c631cf0d4056f75ca02599a930"},"description":"ROSANA HESSEL &nbsp; Na v\u00e9spera do Dia Internacional dos Trabalhadores, a Oxfam divulga, na noite desta ter\u00e7a-feira (30\/4) um relat\u00f3rio nada animador para","breadcrumb":{"@id":"https:\/\/newblogs.correiobraziliense.com.br\/blog-da-rosana-hessel\/oxfam-pagamento-de-dividendos-cresce-45-e-salarios-apenas-3\/#breadcrumb"},"inLanguage":"pt-BR","potentialAction":[{"@type":"ReadAction","target":["https:\/\/newblogs.correiobraziliense.com.br\/blog-da-rosana-hessel\/oxfam-pagamento-de-dividendos-cresce-45-e-salarios-apenas-3\/"]}]},{"@type":"ImageObject","inLanguage":"pt-BR","@id":"https:\/\/newblogs.correiobraziliense.com.br\/blog-da-rosana-hessel\/oxfam-pagamento-de-dividendos-cresce-45-e-salarios-apenas-3\/#primaryimage","url":"","contentUrl":""},{"@type":"BreadcrumbList","@id":"https:\/\/newblogs.correiobraziliense.com.br\/blog-da-rosana-hessel\/oxfam-pagamento-de-dividendos-cresce-45-e-salarios-apenas-3\/#breadcrumb","itemListElement":[{"@type":"ListItem","position":1,"name":"In\u00edcio","item":"https:\/\/newblogs.correiobraziliense.com.br\/blog-da-rosana-hessel\/"},{"@type":"ListItem","position":2,"name":"Oxfam: pagamento de dividendos cresce 45% e sal\u00e1rios, apenas 3%"}]},{"@type":"WebSite","@id":"https:\/\/newblogs.correiobraziliense.com.br\/blog-da-rosana-hessel\/#website","url":"https:\/\/newblogs.correiobraziliense.com.br\/blog-da-rosana-hessel\/","name":"Blog da Rosana Hessel","description":"Not\u00edcias atualizadas e an\u00e1lises sobre economia. Acompanhe-nos para entender as tend\u00eancias e os impactos econ\u00f4micos que influenciam o seu dia a dia, tanto no Brasil quanto no exterior.","potentialAction":[{"@type":"SearchAction","target":{"@type":"EntryPoint","urlTemplate":"https:\/\/newblogs.correiobraziliense.com.br\/blog-da-rosana-hessel\/?s={search_term_string}"},"query-input":{"@type":"PropertyValueSpecification","valueRequired":true,"valueName":"search_term_string"}}],"inLanguage":"pt-BR"},{"@type":"Person","@id":"https:\/\/newblogs.correiobraziliense.com.br\/blog-da-rosana-hessel\/#\/schema\/person\/824cb3c631cf0d4056f75ca02599a930","name":"Rosana Hessel","image":{"@type":"ImageObject","inLanguage":"pt-BR","@id":"https:\/\/secure.gravatar.com\/avatar\/fe780cf1839cf10cd6d682fb080611e0d2a459b64be8a8781778109777fbcfd3?s=96&d=mm&r=g","url":"https:\/\/secure.gravatar.com\/avatar\/fe780cf1839cf10cd6d682fb080611e0d2a459b64be8a8781778109777fbcfd3?s=96&d=mm&r=g","contentUrl":"https:\/\/secure.gravatar.com\/avatar\/fe780cf1839cf10cd6d682fb080611e0d2a459b64be8a8781778109777fbcfd3?s=96&d=mm&r=g","caption":"Rosana Hessel"},"description":"Formada pela Pontif\u00edcia Universidade Cat\u00f3lica de S\u00e3o Paulo (PUC-SP), \u00e9 jornalista de economia desde 1995, quando passou a integrar o time da Gazeta Mercantil. Est\u00e1 sempre atr\u00e1s da boa informa\u00e7\u00e3o. Possui especializa\u00e7\u00e3o em economia pela FGV e MBA em Finan\u00e7as pela FIA-USP. Trabalha no Correio Braziliense desde 2010. Ganhou o Pr\u00eamio Esso de Jornalismo Econ\u00f4mico em 2014 e em 2015 com a equipe do Correio. Foi finalista entre os 50 jornalistas +Admirados da Imprensa de Economia, Neg\u00f3cios e Finan\u00e7as 2024, promovido pela Jornalistas&amp;Cia.","url":"https:\/\/newblogs.correiobraziliense.com.br\/blog-da-rosana-hessel\/author\/rosanahessel\/"}]}},"_links":{"self":[{"href":"https:\/\/newblogs.correiobraziliense.com.br\/blog-da-rosana-hessel\/wp-json\/wp\/v2\/posts\/30312","targetHints":{"allow":["GET"]}}],"collection":[{"href":"https:\/\/newblogs.correiobraziliense.com.br\/blog-da-rosana-hessel\/wp-json\/wp\/v2\/posts"}],"about":[{"href":"https:\/\/newblogs.correiobraziliense.com.br\/blog-da-rosana-hessel\/wp-json\/wp\/v2\/types\/post"}],"author":[{"embeddable":true,"href":"https:\/\/newblogs.correiobraziliense.com.br\/blog-da-rosana-hessel\/wp-json\/wp\/v2\/users\/10"}],"replies":[{"embeddable":true,"href":"https:\/\/newblogs.correiobraziliense.com.br\/blog-da-rosana-hessel\/wp-json\/wp\/v2\/comments?post=30312"}],"version-history":[{"count":0,"href":"https:\/\/newblogs.correiobraziliense.com.br\/blog-da-rosana-hessel\/wp-json\/wp\/v2\/posts\/30312\/revisions"}],"wp:featuredmedia":[{"embeddable":true,"href":"https:\/\/newblogs.correiobraziliense.com.br\/blog-da-rosana-hessel\/wp-json\/"}],"wp:attachment":[{"href":"https:\/\/newblogs.correiobraziliense.com.br\/blog-da-rosana-hessel\/wp-json\/wp\/v2\/media?parent=30312"}],"wp:term":[{"taxonomy":"category","embeddable":true,"href":"https:\/\/newblogs.correiobraziliense.com.br\/blog-da-rosana-hessel\/wp-json\/wp\/v2\/categories?post=30312"},{"taxonomy":"post_tag","embeddable":true,"href":"https:\/\/newblogs.correiobraziliense.com.br\/blog-da-rosana-hessel\/wp-json\/wp\/v2\/tags?post=30312"}],"curies":[{"name":"wp","href":"https:\/\/api.w.org\/{rel}","templated":true}]}}