{"id":30113,"date":"2024-03-26T09:21:36","date_gmt":"2024-03-26T12:21:36","guid":{"rendered":"https:\/\/blogs.correiobraziliense.com.br\/vicente\/?p=30113"},"modified":"2024-03-26T09:21:36","modified_gmt":"2024-03-26T12:21:36","slug":"banco-central-reforca-em-ata-reducao-do-ritmo-de-cortes-dos-juros","status":"publish","type":"post","link":"https:\/\/newblogs.correiobraziliense.com.br\/blog-da-rosana-hessel\/banco-central-reforca-em-ata-reducao-do-ritmo-de-cortes-dos-juros\/","title":{"rendered":"Banco Central refor\u00e7a, em ata, redu\u00e7\u00e3o do ritmo de corte dos juros"},"content":{"rendered":"<p>ROSANA HESSEL<\/p>\n<p>&nbsp;<\/p>\n<p>A ata do Comit\u00ea de Pol\u00edtica Monet\u00e1ria (Copom), do Banco Central, publicada nesta ter\u00e7a-feira (26\/3), refor\u00e7ou o comunicado da reuni\u00e3o do colegiado, nos dias 19 e 20 deste m\u00eas, a redu\u00e7\u00e3o do ritmo de corte dos juros. Nos dois documentos, o Comit\u00ea retirou o &#8220;forward guidance&#8221; (sinaliza\u00e7\u00e3o futura) para as pr\u00f3ximas reuni\u00f5es, devido ao aumento das incertezas e sinalizado a redu\u00e7\u00e3o do ritmo de corte dos juros. Na ata, o colegiado voltou a sinalizar a manuten\u00e7\u00e3o do ritmo de corte apenas o pr\u00f3ximo Copom, em maio, no singular.<\/p>\n<p>&nbsp;<\/p>\n<p>O documento de oito p\u00e1ginas &#8212; duas a mais do que o anterior, de janeiro &#8211;, ganhou cinco par\u00e1grafos, totalizando 29, e demonstrou maior preocupa\u00e7\u00e3o com a disciplina fiscal e o zelo com as contas p\u00fablicas. N\u00e3o \u00e0 toa, a palavra fiscal foi citada sete vezes&#8211; duas a mais do que na ata da primeira reuni\u00e3o do ano do Copom, quando o colegiado fez mais um corte de 0,50 ponto percentual na taxa b\u00e1sica da economia (Selic), para 10,75% ao ano.<\/p>\n<p>&nbsp;<\/p>\n<p>&#8220;O cen\u00e1rio mais incerto reduzia o benef\u00edcio da\u00a0sinaliza\u00e7\u00e3o futura e elevava seus custos. Tal avalia\u00e7\u00e3o levou o Comit\u00ea a comunicar que\u00a0antecipava uma redu\u00e7\u00e3o de mesma magnitude na pr\u00f3xima reuni\u00e3o, refor\u00e7ando que a\u00a0altera\u00e7\u00e3o na comunica\u00e7\u00e3o se dava por uma mudan\u00e7a na incerteza e n\u00e3o no cen\u00e1rio-base&#8221;, destacou o texto acrescentando que tal altera\u00e7\u00e3o &#8220;reflete t\u00e3o somente uma an\u00e1lise de custo-benef\u00edcio da utiliza\u00e7\u00e3o desse\u00a0instrumento adicional de pol\u00edtica monet\u00e1ria&#8221;.\u00a0 Ao justificar essa mudan\u00e7a, o colegiado refor\u00e7ou que &#8220;seria um equ\u00edvoco\u00a0interpretar a mudan\u00e7a na sinaliza\u00e7\u00e3o futura como uma indica\u00e7\u00e3o de altera\u00e7\u00e3o do ciclo\u00a0de pol\u00edtica monet\u00e1ria compat\u00edvel com o cen\u00e1rio-base&#8221;.<\/p>\n<p>&nbsp;<\/p>\n<p>E, com rela\u00e7\u00e3o ao cen\u00e1rio fiscal, o Copom ressaltou novamente a import\u00e2ncia\u00a0da execu\u00e7\u00e3o das metas\u00a0fiscais &#8220;j\u00e1 estabelecidas para a ancoragem das expectativas de infla\u00e7\u00e3o e,\u00a0consequentemente, para a condu\u00e7\u00e3o da pol\u00edtica monet\u00e1ria&#8221;. &#8220;O Comit\u00ea reafirma a\u00a0import\u00e2ncia da firme persecu\u00e7\u00e3o dessas metas&#8221;, frisou.<\/p>\n<p>&nbsp;<\/p>\n<p>O Copom tamb\u00e9m demonstrou maior preocupa\u00e7\u00e3o com o cen\u00e1rio externo, que vem se demonstrado mais vol\u00e1til, &#8220;marcado pelos debates sobre o in\u00edcio do processo\u00a0de flexibiliza\u00e7\u00e3o da pol\u00edtica monet\u00e1ria nas principais economias e a velocidade com que\u00a0se observar\u00e1 a queda da infla\u00e7\u00e3o de forma sustentada em diversos pa\u00edses&#8221;. Al\u00e9m dos conflitos geopol\u00edticos, &#8220;a velocidade da desinfla\u00e7\u00e3o em um\u00a0cen\u00e1rio de atividade forte e mercado de trabalho resiliente voltou a ser tema de grande\u00a0debate&#8221;, de acordo com o documento.<\/p>\n<p>&nbsp;<\/p>\n<p>Apesar de afirmar que o cen\u00e1rio-base &#8220;n\u00e3o se alterou substancialmente&#8221;, o Comit\u00ea ainda refor\u00e7ou que avalia que essa \u00e9 a condu\u00e7\u00e3o apropriada para\u00a0manter a pol\u00edtica monet\u00e1ria contracionista necess\u00e1ria para o processo desinflacion\u00e1rio&#8221;.<\/p>\n<p>&nbsp;<\/p>\n<p>Na avalia\u00e7\u00e3o do economista e consultor Andr\u00e9 Perfeito, ex-economista-chefe da Necton Investimentos, a ata confirmou que o Copom retirou a\u00a0perspectiva de cortes continuados na taxa Selic de forma autom\u00e1tica, ferramenta conhecida como o forward guidance.<\/p>\n<p>&nbsp;<\/p>\n<p>&#8220;A diretoria do Banco Central acertou ao usar o instrumento, mas mesmo vendo que n\u00e3o h\u00e1 altera\u00e7\u00e3o ao cen\u00e1rio base da institui\u00e7\u00e3o achou por bem iniciar o fim do instrumento dado o aumento da volatilidade&#8221;, afirmou Perfeito. Ele manteve em 9,75% a previs\u00e3o para a Selic no t\u00e9rmino do ciclo de afrouxamento monet\u00e1rio, iniciado em agosto de 2023.\u00a0 &#8220;Isso implica dizer mais dois cortes de 50 pontos percentuais na taxa b\u00e1sica. Acreditamos que isso vai ancorar ainda mais as expectativas e satisfazer tamb\u00e9m a percep\u00e7\u00e3o do BCB que a taxa deve ficar no campo contracionista&#8221;, acrescentou.<\/p>\n<p>&nbsp;<\/p>\n<p>O economista destacou trecho do par\u00e1grafo 24 no qual o colegiado que afirmou que \u201co Comit\u00ea percebe a necessidade de se manter uma pol\u00edtica monet\u00e1ria ainda contracionista pelo horizonte relevante para que se consolide a converg\u00eancia da infla\u00e7\u00e3o para a meta e a ancoragem das expectativas\u201c.<\/p>\n<p>&nbsp;<\/p>\n<p>&nbsp;<\/p>\n<p>&nbsp;<\/p>\n","protected":false},"excerpt":{"rendered":"<p>ROSANA HESSEL &nbsp; A ata do Comit\u00ea de Pol\u00edtica Monet\u00e1ria (Copom), do Banco Central, publicada nesta ter\u00e7a-feira (26\/3), refor\u00e7ou o comunicado da reuni\u00e3o do colegiado, nos dias 19 e 20 deste m\u00eas, a redu\u00e7\u00e3o do ritmo de corte dos juros. Nos dois documentos, o Comit\u00ea retirou o &#8220;forward guidance&#8221; (sinaliza\u00e7\u00e3o futura) para as pr\u00f3ximas reuni\u00f5es, [&hellip;]<\/p>\n","protected":false},"author":10,"featured_media":11505,"comment_status":"open","ping_status":"closed","sticky":false,"template":"","format":"standard","meta":{"_acf_changed":false,"inline_featured_image":false,"footnotes":""},"categories":[4],"tags":[689,82,83,39],"class_list":["post-30113","post","type-post","status-publish","format-standard","has-post-thumbnail","hentry","category-economia","tag-ata","tag-banco-central","tag-copom","tag-juros"],"acf":[],"yoast_head":"<!-- This site is optimized with the Yoast SEO plugin v27.3 - https:\/\/yoast.com\/product\/yoast-seo-wordpress\/ -->\n<title>Banco Central refor\u00e7a, em ata, redu\u00e7\u00e3o do ritmo de corte dos juros<\/title>\n<meta name=\"description\" content=\"Na ata do Copom da semana passada, Banco Central refor\u00e7a que reduzir\u00e1 a taxa Selic em 0,50 ponto percentual apenas na pr\u00f3xima reuni\u00e3o, de maio.\" \/>\n<meta name=\"robots\" content=\"index, follow, max-snippet:-1, max-image-preview:large, max-video-preview:-1\" \/>\n<link rel=\"canonical\" href=\"https:\/\/newblogs.correiobraziliense.com.br\/blog-da-rosana-hessel\/banco-central-reforca-em-ata-reducao-do-ritmo-de-cortes-dos-juros\/\" \/>\n<meta property=\"og:locale\" content=\"pt_BR\" \/>\n<meta property=\"og:type\" content=\"article\" \/>\n<meta property=\"og:title\" content=\"Banco Central refor\u00e7a, em ata, redu\u00e7\u00e3o do ritmo de corte dos juros\" \/>\n<meta property=\"og:description\" content=\"Na ata do Copom da semana passada, Banco Central refor\u00e7a que reduzir\u00e1 a taxa Selic em 0,50 ponto percentual apenas na pr\u00f3xima reuni\u00e3o, de maio.\" \/>\n<meta property=\"og:url\" content=\"https:\/\/newblogs.correiobraziliense.com.br\/blog-da-rosana-hessel\/banco-central-reforca-em-ata-reducao-do-ritmo-de-cortes-dos-juros\/\" \/>\n<meta property=\"og:site_name\" content=\"Blog da Rosana Hessel\" \/>\n<meta property=\"article:published_time\" content=\"2024-03-26T12:21:36+00:00\" \/>\n<meta property=\"og:image\" content=\"https:\/\/newblogs.correiobraziliense.com.br\/blog-da-rosana-hessel\/wp-content\/uploads\/sites\/5\/2024\/06\/IMG_7392-1.png\" \/>\n\t<meta property=\"og:image:width\" content=\"1200\" \/>\n\t<meta property=\"og:image:height\" content=\"675\" \/>\n\t<meta property=\"og:image:type\" content=\"image\/png\" \/>\n<meta name=\"author\" content=\"Rosana Hessel\" \/>\n<!-- \/ Yoast SEO plugin. -->","yoast_head_json":{"title":"Banco Central refor\u00e7a, em ata, redu\u00e7\u00e3o do ritmo de corte dos juros","description":"Na ata do Copom da semana passada, Banco Central refor\u00e7a que reduzir\u00e1 a taxa Selic em 0,50 ponto percentual apenas na pr\u00f3xima reuni\u00e3o, de maio.","robots":{"index":"index","follow":"follow","max-snippet":"max-snippet:-1","max-image-preview":"max-image-preview:large","max-video-preview":"max-video-preview:-1"},"canonical":"https:\/\/newblogs.correiobraziliense.com.br\/blog-da-rosana-hessel\/banco-central-reforca-em-ata-reducao-do-ritmo-de-cortes-dos-juros\/","og_locale":"pt_BR","og_type":"article","og_title":"Banco Central refor\u00e7a, em ata, redu\u00e7\u00e3o do ritmo de corte dos juros","og_description":"Na ata do Copom da semana passada, Banco Central refor\u00e7a que reduzir\u00e1 a taxa Selic em 0,50 ponto percentual apenas na pr\u00f3xima reuni\u00e3o, de maio.","og_url":"https:\/\/newblogs.correiobraziliense.com.br\/blog-da-rosana-hessel\/banco-central-reforca-em-ata-reducao-do-ritmo-de-cortes-dos-juros\/","og_site_name":"Blog da Rosana Hessel","article_published_time":"2024-03-26T12:21:36+00:00","og_image":[{"width":1200,"height":675,"url":"https:\/\/newblogs.correiobraziliense.com.br\/blog-da-rosana-hessel\/wp-content\/uploads\/sites\/5\/2024\/06\/IMG_7392-1.png","type":"image\/png"}],"author":"Rosana Hessel","schema":{"@context":"https:\/\/schema.org","@graph":[{"@type":"Article","@id":"https:\/\/newblogs.correiobraziliense.com.br\/blog-da-rosana-hessel\/banco-central-reforca-em-ata-reducao-do-ritmo-de-cortes-dos-juros\/#article","isPartOf":{"@id":"https:\/\/newblogs.correiobraziliense.com.br\/blog-da-rosana-hessel\/banco-central-reforca-em-ata-reducao-do-ritmo-de-cortes-dos-juros\/"},"author":{"name":"Rosana Hessel","@id":"https:\/\/newblogs.correiobraziliense.com.br\/blog-da-rosana-hessel\/#\/schema\/person\/824cb3c631cf0d4056f75ca02599a930"},"headline":"Banco Central refor\u00e7a, em ata, redu\u00e7\u00e3o do ritmo de corte dos juros","datePublished":"2024-03-26T12:21:36+00:00","mainEntityOfPage":{"@id":"https:\/\/newblogs.correiobraziliense.com.br\/blog-da-rosana-hessel\/banco-central-reforca-em-ata-reducao-do-ritmo-de-cortes-dos-juros\/"},"wordCount":722,"commentCount":0,"image":{"@id":"https:\/\/newblogs.correiobraziliense.com.br\/blog-da-rosana-hessel\/banco-central-reforca-em-ata-reducao-do-ritmo-de-cortes-dos-juros\/#primaryimage"},"thumbnailUrl":"","keywords":["ata","Banco Central","Copom","juros"],"articleSection":["Economia"],"inLanguage":"pt-BR"},{"@type":"WebPage","@id":"https:\/\/newblogs.correiobraziliense.com.br\/blog-da-rosana-hessel\/banco-central-reforca-em-ata-reducao-do-ritmo-de-cortes-dos-juros\/","url":"https:\/\/newblogs.correiobraziliense.com.br\/blog-da-rosana-hessel\/banco-central-reforca-em-ata-reducao-do-ritmo-de-cortes-dos-juros\/","name":"Banco Central refor\u00e7a, em ata, redu\u00e7\u00e3o do ritmo de corte dos juros","isPartOf":{"@id":"https:\/\/newblogs.correiobraziliense.com.br\/blog-da-rosana-hessel\/#website"},"primaryImageOfPage":{"@id":"https:\/\/newblogs.correiobraziliense.com.br\/blog-da-rosana-hessel\/banco-central-reforca-em-ata-reducao-do-ritmo-de-cortes-dos-juros\/#primaryimage"},"image":{"@id":"https:\/\/newblogs.correiobraziliense.com.br\/blog-da-rosana-hessel\/banco-central-reforca-em-ata-reducao-do-ritmo-de-cortes-dos-juros\/#primaryimage"},"thumbnailUrl":"","datePublished":"2024-03-26T12:21:36+00:00","author":{"@id":"https:\/\/newblogs.correiobraziliense.com.br\/blog-da-rosana-hessel\/#\/schema\/person\/824cb3c631cf0d4056f75ca02599a930"},"description":"Na ata do Copom da semana passada, Banco Central refor\u00e7a que reduzir\u00e1 a taxa Selic em 0,50 ponto percentual apenas na pr\u00f3xima reuni\u00e3o, de maio.","breadcrumb":{"@id":"https:\/\/newblogs.correiobraziliense.com.br\/blog-da-rosana-hessel\/banco-central-reforca-em-ata-reducao-do-ritmo-de-cortes-dos-juros\/#breadcrumb"},"inLanguage":"pt-BR","potentialAction":[{"@type":"ReadAction","target":["https:\/\/newblogs.correiobraziliense.com.br\/blog-da-rosana-hessel\/banco-central-reforca-em-ata-reducao-do-ritmo-de-cortes-dos-juros\/"]}]},{"@type":"ImageObject","inLanguage":"pt-BR","@id":"https:\/\/newblogs.correiobraziliense.com.br\/blog-da-rosana-hessel\/banco-central-reforca-em-ata-reducao-do-ritmo-de-cortes-dos-juros\/#primaryimage","url":"","contentUrl":""},{"@type":"BreadcrumbList","@id":"https:\/\/newblogs.correiobraziliense.com.br\/blog-da-rosana-hessel\/banco-central-reforca-em-ata-reducao-do-ritmo-de-cortes-dos-juros\/#breadcrumb","itemListElement":[{"@type":"ListItem","position":1,"name":"In\u00edcio","item":"https:\/\/newblogs.correiobraziliense.com.br\/blog-da-rosana-hessel\/"},{"@type":"ListItem","position":2,"name":"Banco Central refor\u00e7a, em ata, redu\u00e7\u00e3o do ritmo de corte dos juros"}]},{"@type":"WebSite","@id":"https:\/\/newblogs.correiobraziliense.com.br\/blog-da-rosana-hessel\/#website","url":"https:\/\/newblogs.correiobraziliense.com.br\/blog-da-rosana-hessel\/","name":"Blog da Rosana Hessel","description":"Not\u00edcias atualizadas e an\u00e1lises sobre economia. Acompanhe-nos para entender as tend\u00eancias e os impactos econ\u00f4micos que influenciam o seu dia a dia, tanto no Brasil quanto no exterior.","potentialAction":[{"@type":"SearchAction","target":{"@type":"EntryPoint","urlTemplate":"https:\/\/newblogs.correiobraziliense.com.br\/blog-da-rosana-hessel\/?s={search_term_string}"},"query-input":{"@type":"PropertyValueSpecification","valueRequired":true,"valueName":"search_term_string"}}],"inLanguage":"pt-BR"},{"@type":"Person","@id":"https:\/\/newblogs.correiobraziliense.com.br\/blog-da-rosana-hessel\/#\/schema\/person\/824cb3c631cf0d4056f75ca02599a930","name":"Rosana Hessel","image":{"@type":"ImageObject","inLanguage":"pt-BR","@id":"https:\/\/secure.gravatar.com\/avatar\/fe780cf1839cf10cd6d682fb080611e0d2a459b64be8a8781778109777fbcfd3?s=96&d=mm&r=g","url":"https:\/\/secure.gravatar.com\/avatar\/fe780cf1839cf10cd6d682fb080611e0d2a459b64be8a8781778109777fbcfd3?s=96&d=mm&r=g","contentUrl":"https:\/\/secure.gravatar.com\/avatar\/fe780cf1839cf10cd6d682fb080611e0d2a459b64be8a8781778109777fbcfd3?s=96&d=mm&r=g","caption":"Rosana Hessel"},"description":"Formada pela Pontif\u00edcia Universidade Cat\u00f3lica de S\u00e3o Paulo (PUC-SP), \u00e9 jornalista de economia desde 1995, quando passou a integrar o time da Gazeta Mercantil. Est\u00e1 sempre atr\u00e1s da boa informa\u00e7\u00e3o. Possui especializa\u00e7\u00e3o em economia pela FGV e MBA em Finan\u00e7as pela FIA-USP. Trabalha no Correio Braziliense desde 2010. Ganhou o Pr\u00eamio Esso de Jornalismo Econ\u00f4mico em 2014 e em 2015 com a equipe do Correio. Foi finalista entre os 50 jornalistas +Admirados da Imprensa de Economia, Neg\u00f3cios e Finan\u00e7as 2024, promovido pela Jornalistas&amp;Cia.","url":"https:\/\/newblogs.correiobraziliense.com.br\/blog-da-rosana-hessel\/author\/rosanahessel\/"}]}},"_links":{"self":[{"href":"https:\/\/newblogs.correiobraziliense.com.br\/blog-da-rosana-hessel\/wp-json\/wp\/v2\/posts\/30113","targetHints":{"allow":["GET"]}}],"collection":[{"href":"https:\/\/newblogs.correiobraziliense.com.br\/blog-da-rosana-hessel\/wp-json\/wp\/v2\/posts"}],"about":[{"href":"https:\/\/newblogs.correiobraziliense.com.br\/blog-da-rosana-hessel\/wp-json\/wp\/v2\/types\/post"}],"author":[{"embeddable":true,"href":"https:\/\/newblogs.correiobraziliense.com.br\/blog-da-rosana-hessel\/wp-json\/wp\/v2\/users\/10"}],"replies":[{"embeddable":true,"href":"https:\/\/newblogs.correiobraziliense.com.br\/blog-da-rosana-hessel\/wp-json\/wp\/v2\/comments?post=30113"}],"version-history":[{"count":0,"href":"https:\/\/newblogs.correiobraziliense.com.br\/blog-da-rosana-hessel\/wp-json\/wp\/v2\/posts\/30113\/revisions"}],"wp:featuredmedia":[{"embeddable":true,"href":"https:\/\/newblogs.correiobraziliense.com.br\/blog-da-rosana-hessel\/wp-json\/"}],"wp:attachment":[{"href":"https:\/\/newblogs.correiobraziliense.com.br\/blog-da-rosana-hessel\/wp-json\/wp\/v2\/media?parent=30113"}],"wp:term":[{"taxonomy":"category","embeddable":true,"href":"https:\/\/newblogs.correiobraziliense.com.br\/blog-da-rosana-hessel\/wp-json\/wp\/v2\/categories?post=30113"},{"taxonomy":"post_tag","embeddable":true,"href":"https:\/\/newblogs.correiobraziliense.com.br\/blog-da-rosana-hessel\/wp-json\/wp\/v2\/tags?post=30113"}],"curies":[{"name":"wp","href":"https:\/\/api.w.org\/{rel}","templated":true}]}}