{"id":29862,"date":"2024-02-09T09:18:08","date_gmt":"2024-02-09T12:18:08","guid":{"rendered":"https:\/\/blogs.correiobraziliense.com.br\/vicente\/?p=29862"},"modified":"2024-02-09T09:18:08","modified_gmt":"2024-02-09T12:18:08","slug":"setor-de-servicos-desacelera-e-cresce-23-no-acumulado-de-2023","status":"publish","type":"post","link":"https:\/\/newblogs.correiobraziliense.com.br\/blog-da-rosana-hessel\/setor-de-servicos-desacelera-e-cresce-23-no-acumulado-de-2023\/","title":{"rendered":"Setor de servi\u00e7os desacelera e cresce 2,3% no acumulado de 2023"},"content":{"rendered":"<p>ROSANA HESSEL<\/p>\n<p>&nbsp;<\/p>\n<p>Apesar de registrar novo crescimento em 2023, o setor de servi\u00e7os mostrou perda de dinamismo em 2023 ao perder for\u00e7a na taxa acumulada nos 12 meses at\u00e9 novembro, de 3,1%, para 2,3%, no mesmo per\u00edodo at\u00e9 dezembro de 2023.<\/p>\n<p>&nbsp;<\/p>\n<p>No \u00faltimo m\u00eas do ano,\u00a0volume de servi\u00e7os apresentou leve alta de 0,3%, em rela\u00e7\u00e3o a novembro, na s\u00e9rie com ajuste sazonal divulgada, nesta sexta-feira (9\/2), pelo Instituto Brasileiro de Geografia e Estat\u00edstica (IBGE). O dado veio abaixo do esperado pelo mercado e, em receita nominal, n\u00e3o houve varia\u00e7\u00e3o na mesma base de compara\u00e7\u00e3o.<\/p>\n<p>&nbsp;<\/p>\n<p>De acordo com o IBGE, esse foi o segundo resultado positivo consecutivo da Pesquisa Mensal de Servi\u00e7os (PMS), acumulando um ganho de 1,2% nos dois \u00faltimos meses do ano. Na compara\u00e7\u00e3o com dezembro de 2022, houve queda de 2% no volume de servi\u00e7os, mas, em receita, o crescimento foi de 2,8%.<\/p>\n<p>&nbsp;<\/p>\n<p>Com o resultado da PMS de dezembro, o acumulado do desempenho do setor de servi\u00e7os &#8212; que \u00e9 o que mais emprega e tem maior peso no Produto Interno Bruto (PIB) &#8212; registrou expans\u00e3o de 2,3% em 2023 na compara\u00e7\u00e3o com 2022. Foi o terceiro ano seguido de expans\u00e3o, algo que n\u00e3o acontecia desde o per\u00edodo de 2012 a 2014, quando o setor acumulou alta de 11,3%.<\/p>\n<p>&nbsp;<\/p>\n<p>De acordo os dados do IBGE,\u00a0 com a varia\u00e7\u00e3o de 0,3% no m\u00eas de dezembro de 2023, o setor de servi\u00e7os est\u00e1 11,7% acima do n\u00edvel de pr\u00e9-pandemia, de fevereiro de 2020,\u00a0 e 1,7% abaixo do ponto mais alto da s\u00e9rie hist\u00f3rica, registrado em dezembro de 2022.<\/p>\n<p>&nbsp;<\/p>\n<p>&nbsp;<\/p>\n","protected":false},"excerpt":{"rendered":"<p>ROSANA HESSEL &nbsp; Apesar de registrar novo crescimento em 2023, o setor de servi\u00e7os mostrou perda de dinamismo em 2023 ao perder for\u00e7a na taxa acumulada nos 12 meses at\u00e9 novembro, de 3,1%, para 2,3%, no mesmo per\u00edodo at\u00e9 dezembro de 2023. &nbsp; No \u00faltimo m\u00eas do ano,\u00a0volume de servi\u00e7os apresentou leve alta de 0,3%, [&hellip;]<\/p>\n","protected":false},"author":10,"featured_media":11038,"comment_status":"open","ping_status":"closed","sticky":false,"template":"","format":"standard","meta":{"_acf_changed":false,"inline_featured_image":false,"footnotes":""},"categories":[4],"tags":[3,750,5,543,751,752],"class_list":["post-29862","post","type-post","status-publish","format-standard","has-post-thumbnail","hentry","category-economia","tag-atividade-economica","tag-dezembro-2023","tag-ibge","tag-pesquisa","tag-pms","tag-setor-de-servicos"],"acf":[],"yoast_head":"<!-- This site is optimized with the Yoast SEO plugin v27.3 - https:\/\/yoast.com\/product\/yoast-seo-wordpress\/ -->\n<title>Setor de servi\u00e7os desacelera em rela\u00e7\u00e3o a 2022 e cresce 2,3% em 2023<\/title>\n<meta name=\"description\" content=\"Em dezembro volume de servi\u00e7os cresce 0,3% em dezembro, mas perde for\u00e7a no acumulado em 12 meses, passando de 3,1%, em novembro, para 2,3%, segundo o IBGE.\" \/>\n<meta name=\"robots\" content=\"index, follow, max-snippet:-1, max-image-preview:large, max-video-preview:-1\" \/>\n<link rel=\"canonical\" href=\"https:\/\/newblogs.correiobraziliense.com.br\/blog-da-rosana-hessel\/setor-de-servicos-desacelera-e-cresce-23-no-acumulado-de-2023\/\" \/>\n<meta property=\"og:locale\" content=\"pt_BR\" \/>\n<meta property=\"og:type\" content=\"article\" \/>\n<meta property=\"og:title\" content=\"Setor de servi\u00e7os desacelera em rela\u00e7\u00e3o a 2022 e cresce 2,3% em 2023\" \/>\n<meta property=\"og:description\" content=\"Em dezembro volume de servi\u00e7os cresce 0,3% em dezembro, mas perde for\u00e7a no acumulado em 12 meses, passando de 3,1%, em novembro, para 2,3%, segundo o IBGE.\" \/>\n<meta property=\"og:url\" content=\"https:\/\/newblogs.correiobraziliense.com.br\/blog-da-rosana-hessel\/setor-de-servicos-desacelera-e-cresce-23-no-acumulado-de-2023\/\" \/>\n<meta property=\"og:site_name\" content=\"Blog da Rosana Hessel\" \/>\n<meta property=\"article:published_time\" content=\"2024-02-09T12:18:08+00:00\" \/>\n<meta property=\"og:image\" content=\"https:\/\/newblogs.correiobraziliense.com.br\/blog-da-rosana-hessel\/wp-content\/uploads\/sites\/5\/2024\/06\/IMG_7392-1.png\" \/>\n\t<meta property=\"og:image:width\" content=\"1200\" \/>\n\t<meta property=\"og:image:height\" content=\"675\" \/>\n\t<meta property=\"og:image:type\" content=\"image\/png\" \/>\n<meta name=\"author\" content=\"Rosana Hessel\" \/>\n<!-- \/ Yoast SEO plugin. -->","yoast_head_json":{"title":"Setor de servi\u00e7os desacelera em rela\u00e7\u00e3o a 2022 e cresce 2,3% em 2023","description":"Em dezembro volume de servi\u00e7os cresce 0,3% em dezembro, mas perde for\u00e7a no acumulado em 12 meses, passando de 3,1%, em novembro, para 2,3%, segundo o IBGE.","robots":{"index":"index","follow":"follow","max-snippet":"max-snippet:-1","max-image-preview":"max-image-preview:large","max-video-preview":"max-video-preview:-1"},"canonical":"https:\/\/newblogs.correiobraziliense.com.br\/blog-da-rosana-hessel\/setor-de-servicos-desacelera-e-cresce-23-no-acumulado-de-2023\/","og_locale":"pt_BR","og_type":"article","og_title":"Setor de servi\u00e7os desacelera em rela\u00e7\u00e3o a 2022 e cresce 2,3% em 2023","og_description":"Em dezembro volume de servi\u00e7os cresce 0,3% em dezembro, mas perde for\u00e7a no acumulado em 12 meses, passando de 3,1%, em novembro, para 2,3%, segundo o IBGE.","og_url":"https:\/\/newblogs.correiobraziliense.com.br\/blog-da-rosana-hessel\/setor-de-servicos-desacelera-e-cresce-23-no-acumulado-de-2023\/","og_site_name":"Blog da Rosana Hessel","article_published_time":"2024-02-09T12:18:08+00:00","og_image":[{"width":1200,"height":675,"url":"https:\/\/newblogs.correiobraziliense.com.br\/blog-da-rosana-hessel\/wp-content\/uploads\/sites\/5\/2024\/06\/IMG_7392-1.png","type":"image\/png"}],"author":"Rosana Hessel","schema":{"@context":"https:\/\/schema.org","@graph":[{"@type":"Article","@id":"https:\/\/newblogs.correiobraziliense.com.br\/blog-da-rosana-hessel\/setor-de-servicos-desacelera-e-cresce-23-no-acumulado-de-2023\/#article","isPartOf":{"@id":"https:\/\/newblogs.correiobraziliense.com.br\/blog-da-rosana-hessel\/setor-de-servicos-desacelera-e-cresce-23-no-acumulado-de-2023\/"},"author":{"name":"Rosana Hessel","@id":"https:\/\/newblogs.correiobraziliense.com.br\/blog-da-rosana-hessel\/#\/schema\/person\/824cb3c631cf0d4056f75ca02599a930"},"headline":"Setor de servi\u00e7os desacelera e cresce 2,3% no acumulado de 2023","datePublished":"2024-02-09T12:18:08+00:00","mainEntityOfPage":{"@id":"https:\/\/newblogs.correiobraziliense.com.br\/blog-da-rosana-hessel\/setor-de-servicos-desacelera-e-cresce-23-no-acumulado-de-2023\/"},"wordCount":279,"commentCount":0,"image":{"@id":"https:\/\/newblogs.correiobraziliense.com.br\/blog-da-rosana-hessel\/setor-de-servicos-desacelera-e-cresce-23-no-acumulado-de-2023\/#primaryimage"},"thumbnailUrl":"","keywords":["atividade econ\u00f4mica","dezembro 2023","IBGE","pesquisa","PMs","setor de servi\u00e7os"],"articleSection":["Economia"],"inLanguage":"pt-BR"},{"@type":"WebPage","@id":"https:\/\/newblogs.correiobraziliense.com.br\/blog-da-rosana-hessel\/setor-de-servicos-desacelera-e-cresce-23-no-acumulado-de-2023\/","url":"https:\/\/newblogs.correiobraziliense.com.br\/blog-da-rosana-hessel\/setor-de-servicos-desacelera-e-cresce-23-no-acumulado-de-2023\/","name":"Setor de servi\u00e7os desacelera em rela\u00e7\u00e3o a 2022 e cresce 2,3% em 2023","isPartOf":{"@id":"https:\/\/newblogs.correiobraziliense.com.br\/blog-da-rosana-hessel\/#website"},"primaryImageOfPage":{"@id":"https:\/\/newblogs.correiobraziliense.com.br\/blog-da-rosana-hessel\/setor-de-servicos-desacelera-e-cresce-23-no-acumulado-de-2023\/#primaryimage"},"image":{"@id":"https:\/\/newblogs.correiobraziliense.com.br\/blog-da-rosana-hessel\/setor-de-servicos-desacelera-e-cresce-23-no-acumulado-de-2023\/#primaryimage"},"thumbnailUrl":"","datePublished":"2024-02-09T12:18:08+00:00","author":{"@id":"https:\/\/newblogs.correiobraziliense.com.br\/blog-da-rosana-hessel\/#\/schema\/person\/824cb3c631cf0d4056f75ca02599a930"},"description":"Em dezembro volume de servi\u00e7os cresce 0,3% em dezembro, mas perde for\u00e7a no acumulado em 12 meses, passando de 3,1%, em novembro, para 2,3%, segundo o IBGE.","breadcrumb":{"@id":"https:\/\/newblogs.correiobraziliense.com.br\/blog-da-rosana-hessel\/setor-de-servicos-desacelera-e-cresce-23-no-acumulado-de-2023\/#breadcrumb"},"inLanguage":"pt-BR","potentialAction":[{"@type":"ReadAction","target":["https:\/\/newblogs.correiobraziliense.com.br\/blog-da-rosana-hessel\/setor-de-servicos-desacelera-e-cresce-23-no-acumulado-de-2023\/"]}]},{"@type":"ImageObject","inLanguage":"pt-BR","@id":"https:\/\/newblogs.correiobraziliense.com.br\/blog-da-rosana-hessel\/setor-de-servicos-desacelera-e-cresce-23-no-acumulado-de-2023\/#primaryimage","url":"","contentUrl":""},{"@type":"BreadcrumbList","@id":"https:\/\/newblogs.correiobraziliense.com.br\/blog-da-rosana-hessel\/setor-de-servicos-desacelera-e-cresce-23-no-acumulado-de-2023\/#breadcrumb","itemListElement":[{"@type":"ListItem","position":1,"name":"In\u00edcio","item":"https:\/\/newblogs.correiobraziliense.com.br\/blog-da-rosana-hessel\/"},{"@type":"ListItem","position":2,"name":"Setor de servi\u00e7os desacelera e cresce 2,3% no acumulado de 2023"}]},{"@type":"WebSite","@id":"https:\/\/newblogs.correiobraziliense.com.br\/blog-da-rosana-hessel\/#website","url":"https:\/\/newblogs.correiobraziliense.com.br\/blog-da-rosana-hessel\/","name":"Blog da Rosana Hessel","description":"Not\u00edcias atualizadas e an\u00e1lises sobre economia. Acompanhe-nos para entender as tend\u00eancias e os impactos econ\u00f4micos que influenciam o seu dia a dia, tanto no Brasil quanto no exterior.","potentialAction":[{"@type":"SearchAction","target":{"@type":"EntryPoint","urlTemplate":"https:\/\/newblogs.correiobraziliense.com.br\/blog-da-rosana-hessel\/?s={search_term_string}"},"query-input":{"@type":"PropertyValueSpecification","valueRequired":true,"valueName":"search_term_string"}}],"inLanguage":"pt-BR"},{"@type":"Person","@id":"https:\/\/newblogs.correiobraziliense.com.br\/blog-da-rosana-hessel\/#\/schema\/person\/824cb3c631cf0d4056f75ca02599a930","name":"Rosana Hessel","image":{"@type":"ImageObject","inLanguage":"pt-BR","@id":"https:\/\/secure.gravatar.com\/avatar\/fe780cf1839cf10cd6d682fb080611e0d2a459b64be8a8781778109777fbcfd3?s=96&d=mm&r=g","url":"https:\/\/secure.gravatar.com\/avatar\/fe780cf1839cf10cd6d682fb080611e0d2a459b64be8a8781778109777fbcfd3?s=96&d=mm&r=g","contentUrl":"https:\/\/secure.gravatar.com\/avatar\/fe780cf1839cf10cd6d682fb080611e0d2a459b64be8a8781778109777fbcfd3?s=96&d=mm&r=g","caption":"Rosana Hessel"},"description":"Formada pela Pontif\u00edcia Universidade Cat\u00f3lica de S\u00e3o Paulo (PUC-SP), \u00e9 jornalista de economia desde 1995, quando passou a integrar o time da Gazeta Mercantil. Est\u00e1 sempre atr\u00e1s da boa informa\u00e7\u00e3o. Possui especializa\u00e7\u00e3o em economia pela FGV e MBA em Finan\u00e7as pela FIA-USP. Trabalha no Correio Braziliense desde 2010. Ganhou o Pr\u00eamio Esso de Jornalismo Econ\u00f4mico em 2014 e em 2015 com a equipe do Correio. Foi finalista entre os 50 jornalistas +Admirados da Imprensa de Economia, Neg\u00f3cios e Finan\u00e7as 2024, promovido pela Jornalistas&amp;Cia.","url":"https:\/\/newblogs.correiobraziliense.com.br\/blog-da-rosana-hessel\/author\/rosanahessel\/"}]}},"_links":{"self":[{"href":"https:\/\/newblogs.correiobraziliense.com.br\/blog-da-rosana-hessel\/wp-json\/wp\/v2\/posts\/29862","targetHints":{"allow":["GET"]}}],"collection":[{"href":"https:\/\/newblogs.correiobraziliense.com.br\/blog-da-rosana-hessel\/wp-json\/wp\/v2\/posts"}],"about":[{"href":"https:\/\/newblogs.correiobraziliense.com.br\/blog-da-rosana-hessel\/wp-json\/wp\/v2\/types\/post"}],"author":[{"embeddable":true,"href":"https:\/\/newblogs.correiobraziliense.com.br\/blog-da-rosana-hessel\/wp-json\/wp\/v2\/users\/10"}],"replies":[{"embeddable":true,"href":"https:\/\/newblogs.correiobraziliense.com.br\/blog-da-rosana-hessel\/wp-json\/wp\/v2\/comments?post=29862"}],"version-history":[{"count":0,"href":"https:\/\/newblogs.correiobraziliense.com.br\/blog-da-rosana-hessel\/wp-json\/wp\/v2\/posts\/29862\/revisions"}],"wp:featuredmedia":[{"embeddable":true,"href":"https:\/\/newblogs.correiobraziliense.com.br\/blog-da-rosana-hessel\/wp-json\/"}],"wp:attachment":[{"href":"https:\/\/newblogs.correiobraziliense.com.br\/blog-da-rosana-hessel\/wp-json\/wp\/v2\/media?parent=29862"}],"wp:term":[{"taxonomy":"category","embeddable":true,"href":"https:\/\/newblogs.correiobraziliense.com.br\/blog-da-rosana-hessel\/wp-json\/wp\/v2\/categories?post=29862"},{"taxonomy":"post_tag","embeddable":true,"href":"https:\/\/newblogs.correiobraziliense.com.br\/blog-da-rosana-hessel\/wp-json\/wp\/v2\/tags?post=29862"}],"curies":[{"name":"wp","href":"https:\/\/api.w.org\/{rel}","templated":true}]}}