{"id":29710,"date":"2024-01-29T20:31:56","date_gmt":"2024-01-29T23:31:56","guid":{"rendered":"https:\/\/blogs.correiobraziliense.com.br\/vicente\/?p=29710"},"modified":"2024-01-29T20:31:56","modified_gmt":"2024-01-29T23:31:56","slug":"b3-anuncia-retirada-da-gol-de-todos-os-indices-da-bolsa","status":"publish","type":"post","link":"https:\/\/newblogs.correiobraziliense.com.br\/blog-da-rosana-hessel\/b3-anuncia-retirada-da-gol-de-todos-os-indices-da-bolsa\/","title":{"rendered":"B3 anuncia retirada da Gol de todos os \u00edndices da Bolsa"},"content":{"rendered":"<p>ROSANA HESSEL<\/p>\n<p>&nbsp;<\/p>\n<p>A Bolsa de Valores de S\u00e3o Paulo (B3), retirou as a\u00e7\u00f5es da Gol Linhas A\u00e9reas Inteligentes S.A, negociadas sob o c\u00f3digo GOLL4, de todos os seus \u00edndices, conforme comunicado da Bolsa brasileira divulgado, nesta segunda-feira (29\/1) ap\u00f3s o fechamento dos mercados. A medida ocorreu depois da forte desvaloriza\u00e7\u00e3o dos papeis da companhia a\u00e9rea, que perdeu mais de R$ 2 bilh\u00f5es em valor de mercado no ano, ap\u00f3s a Justi\u00e7a dos Estados Unidos aceitar o pedido de recupera\u00e7\u00e3o judicial da empresa brasileira.<\/p>\n<p>&nbsp;<\/p>\n<p>\u201cA decis\u00e3o ocorre em virtude do pedido de Chapter 11 do United States Code pela companhia perante o Tribunal de Fal\u00eancias dos Estados Unidos para o Distrito Sul de Nova York, bem como das demais repercuss\u00f5es no mercado, conforme Fatos Relevantes divulgados em 25, 26 e 29\/1\/2024\u201d, destacou a nota da B3, informando que a medida ocorre dentro dos termos do Manual de Defini\u00e7\u00f5es e Procedimentos dos \u00cdndices da Bolsa brasileira.<\/p>\n<p>&nbsp;<\/p>\n<p>Al\u00e9m do \u00cdndice Bovespa (IBovespa), principal indicador da B3, a Gol ter\u00e1 seus t\u00edtulos exclu\u00eddos dos \u00edndices IBRA, IBXX, ICO2, IDVR, IGCT, IGCX, ITAG, IVBX e SMLL \u201cao seu pre\u00e7o de fechamento ap\u00f3s o encerramento do preg\u00e3o regular de 30\/1\/2024, sendo sua participa\u00e7\u00e3o redistribu\u00edda proporcionalmente aos demais integrantes da carteira com o pertinente ajuste nos redutores\u201d.<\/p>\n<p>&nbsp;<\/p>\n<p>De acordo com a B3, as a\u00e7\u00f5es da Gol seguem negociadas normalmente na bolsa, mas passa a ser listada na B3 sob o t\u00edtulo de \u201cOutras Condi\u00e7\u00f5es\u201d a partir do preg\u00e3o de amanh\u00e3 (30\/1).<\/p>\n<p>&nbsp;<\/p>\n<p>&nbsp;<\/p>\n<p><strong>Perdas de R$ 2,1 bi no ano em valor de mercado<\/strong><\/p>\n<p>&nbsp;<\/p>\n<p>Conforme dados do analista Einar Rivero, da Elos Ayta Consultoria, apenas em 2024, a Gol perdeu R$\u00a0 2,1 bilh\u00f5es em valor de mercado.\u00a0No preg\u00e3o de hoje, as a\u00e7\u00f5es da companhia a\u00e9rea recuaram 33,62% fechando em R$ 3,93 por a\u00e7\u00e3o.<\/p>\n<p>&nbsp;<\/p>\n<p>&#8220;O valor de mercado da empresa no fim de 2023 era de R$ 3,75 bilh\u00f5es contra R$ 1,64 bilh\u00e3o no preg\u00e3o de 29 de janeiro de 2024. \u201cCom esse patamar o valor da Gol fica pr\u00f3ximo ao valor de mercado da CVC que em 29 de janeiro de 2024 passa a valer R$ 1,57 bilh\u00e3o\u201d, afirmou Riverro.<\/p>\n<p>&nbsp;<\/p>\n<p>A B3 voltou a cair nesta segunda-feira, enquanto o d\u00f3lar voltou a subir em uma semana de decis\u00f5es conjuntas dos comit\u00eas de pol\u00edtica monet\u00e1ria dos bancos centrais do Brasil, Copom, e dos Estados Unidos, Fomc.<\/p>\n<p>&nbsp;<\/p>\n<p>O IBovespa encerrou o preg\u00e3o de hoje com queda de 0,36%, a 128.502 pontos. O d\u00f3lar registrou alta de 0,71% e fechou o dia cotado a R$ 4,946 para a venda.<\/p>\n<p>&nbsp;<\/p>\n<p>O consenso entre analistas do mercado sobre a primeira reuni\u00e3o do Copom do ano \u00e9 de que o Banco Central brasileiro <a href=\"https:\/\/www.correiobraziliense.com.br\/economia\/2024\/01\/6793767-primeira-reuniao-do-copom-em-2024-deve-manter-ritmo-de-cortes-da-selic.html\">manter\u00e1 o ritmo de cortes de 0,50 ponto percentual na taxa b\u00e1sica da economia (Selic), atualmente em 11,75% anuais, para 11,25% ao ano<\/a>.<\/p>\n<p>&nbsp;<\/p>\n","protected":false},"excerpt":{"rendered":"<p>ROSANA HESSEL &nbsp; A Bolsa de Valores de S\u00e3o Paulo (B3), retirou as a\u00e7\u00f5es da Gol Linhas A\u00e9reas Inteligentes S.A, negociadas sob o c\u00f3digo GOLL4, de todos os seus \u00edndices, conforme comunicado da Bolsa brasileira divulgado, nesta segunda-feira (29\/1) ap\u00f3s o fechamento dos mercados. A medida ocorreu depois da forte desvaloriza\u00e7\u00e3o dos papeis da companhia [&hellip;]<\/p>\n","protected":false},"author":10,"featured_media":19928,"comment_status":"open","ping_status":"closed","sticky":false,"template":"","format":"standard","meta":{"_acf_changed":false,"inline_featured_image":false,"footnotes":""},"categories":[4],"tags":[1235,1237,1239,1241],"class_list":["post-29710","post","type-post","status-publish","format-standard","has-post-thumbnail","hentry","category-economia","tag-acoes","tag-b3","tag-gol","tag-ibovespa"],"acf":[],"yoast_head":"<!-- This site is optimized with the Yoast SEO plugin v27.3 - https:\/\/yoast.com\/product\/yoast-seo-wordpress\/ -->\n<title>B3 anuncia retirada da Gol de todos os \u00edndices da Bolsa<\/title>\n<meta name=\"description\" content=\"Forte desvaloriza\u00e7\u00e3o das a\u00e7\u00f5es da Gol ap\u00f3s pedido de recupera\u00e7\u00e3o judicial nos EUA fez A B3 retirar papel da companhia de todos os \u00edndices da Bolsa.\" \/>\n<meta name=\"robots\" content=\"index, follow, max-snippet:-1, max-image-preview:large, max-video-preview:-1\" \/>\n<link rel=\"canonical\" href=\"https:\/\/newblogs.correiobraziliense.com.br\/blog-da-rosana-hessel\/b3-anuncia-retirada-da-gol-de-todos-os-indices-da-bolsa\/\" \/>\n<meta property=\"og:locale\" content=\"pt_BR\" \/>\n<meta property=\"og:type\" content=\"article\" \/>\n<meta property=\"og:title\" content=\"B3 anuncia retirada da Gol de todos os \u00edndices da Bolsa\" \/>\n<meta property=\"og:description\" content=\"Forte desvaloriza\u00e7\u00e3o das a\u00e7\u00f5es da Gol ap\u00f3s pedido de recupera\u00e7\u00e3o judicial nos EUA fez A B3 retirar papel da companhia de todos os \u00edndices da Bolsa.\" \/>\n<meta property=\"og:url\" content=\"https:\/\/newblogs.correiobraziliense.com.br\/blog-da-rosana-hessel\/b3-anuncia-retirada-da-gol-de-todos-os-indices-da-bolsa\/\" \/>\n<meta property=\"og:site_name\" content=\"Blog da Rosana Hessel\" \/>\n<meta property=\"article:published_time\" content=\"2024-01-29T23:31:56+00:00\" \/>\n<meta property=\"og:image\" content=\"https:\/\/newblogs.correiobraziliense.com.br\/blog-da-rosana-hessel\/wp-content\/uploads\/sites\/5\/2024\/06\/IMG_7392-1.png\" \/>\n\t<meta property=\"og:image:width\" content=\"1200\" \/>\n\t<meta property=\"og:image:height\" content=\"675\" \/>\n\t<meta property=\"og:image:type\" content=\"image\/png\" \/>\n<meta name=\"author\" content=\"Rosana Hessel\" \/>\n<!-- \/ Yoast SEO plugin. -->","yoast_head_json":{"title":"B3 anuncia retirada da Gol de todos os \u00edndices da Bolsa","description":"Forte desvaloriza\u00e7\u00e3o das a\u00e7\u00f5es da Gol ap\u00f3s pedido de recupera\u00e7\u00e3o judicial nos EUA fez A B3 retirar papel da companhia de todos os \u00edndices da Bolsa.","robots":{"index":"index","follow":"follow","max-snippet":"max-snippet:-1","max-image-preview":"max-image-preview:large","max-video-preview":"max-video-preview:-1"},"canonical":"https:\/\/newblogs.correiobraziliense.com.br\/blog-da-rosana-hessel\/b3-anuncia-retirada-da-gol-de-todos-os-indices-da-bolsa\/","og_locale":"pt_BR","og_type":"article","og_title":"B3 anuncia retirada da Gol de todos os \u00edndices da Bolsa","og_description":"Forte desvaloriza\u00e7\u00e3o das a\u00e7\u00f5es da Gol ap\u00f3s pedido de recupera\u00e7\u00e3o judicial nos EUA fez A B3 retirar papel da companhia de todos os \u00edndices da Bolsa.","og_url":"https:\/\/newblogs.correiobraziliense.com.br\/blog-da-rosana-hessel\/b3-anuncia-retirada-da-gol-de-todos-os-indices-da-bolsa\/","og_site_name":"Blog da Rosana Hessel","article_published_time":"2024-01-29T23:31:56+00:00","og_image":[{"width":1200,"height":675,"url":"https:\/\/newblogs.correiobraziliense.com.br\/blog-da-rosana-hessel\/wp-content\/uploads\/sites\/5\/2024\/06\/IMG_7392-1.png","type":"image\/png"}],"author":"Rosana Hessel","schema":{"@context":"https:\/\/schema.org","@graph":[{"@type":"Article","@id":"https:\/\/newblogs.correiobraziliense.com.br\/blog-da-rosana-hessel\/b3-anuncia-retirada-da-gol-de-todos-os-indices-da-bolsa\/#article","isPartOf":{"@id":"https:\/\/newblogs.correiobraziliense.com.br\/blog-da-rosana-hessel\/b3-anuncia-retirada-da-gol-de-todos-os-indices-da-bolsa\/"},"author":{"name":"Rosana Hessel","@id":"https:\/\/newblogs.correiobraziliense.com.br\/blog-da-rosana-hessel\/#\/schema\/person\/824cb3c631cf0d4056f75ca02599a930"},"headline":"B3 anuncia retirada da Gol de todos os \u00edndices da Bolsa","datePublished":"2024-01-29T23:31:56+00:00","mainEntityOfPage":{"@id":"https:\/\/newblogs.correiobraziliense.com.br\/blog-da-rosana-hessel\/b3-anuncia-retirada-da-gol-de-todos-os-indices-da-bolsa\/"},"wordCount":503,"commentCount":0,"image":{"@id":"https:\/\/newblogs.correiobraziliense.com.br\/blog-da-rosana-hessel\/b3-anuncia-retirada-da-gol-de-todos-os-indices-da-bolsa\/#primaryimage"},"thumbnailUrl":"","keywords":["a\u00e7\u00f5es","B3","Gol","Ibovespa"],"articleSection":["Economia"],"inLanguage":"pt-BR"},{"@type":"WebPage","@id":"https:\/\/newblogs.correiobraziliense.com.br\/blog-da-rosana-hessel\/b3-anuncia-retirada-da-gol-de-todos-os-indices-da-bolsa\/","url":"https:\/\/newblogs.correiobraziliense.com.br\/blog-da-rosana-hessel\/b3-anuncia-retirada-da-gol-de-todos-os-indices-da-bolsa\/","name":"B3 anuncia retirada da Gol de todos os \u00edndices da Bolsa","isPartOf":{"@id":"https:\/\/newblogs.correiobraziliense.com.br\/blog-da-rosana-hessel\/#website"},"primaryImageOfPage":{"@id":"https:\/\/newblogs.correiobraziliense.com.br\/blog-da-rosana-hessel\/b3-anuncia-retirada-da-gol-de-todos-os-indices-da-bolsa\/#primaryimage"},"image":{"@id":"https:\/\/newblogs.correiobraziliense.com.br\/blog-da-rosana-hessel\/b3-anuncia-retirada-da-gol-de-todos-os-indices-da-bolsa\/#primaryimage"},"thumbnailUrl":"","datePublished":"2024-01-29T23:31:56+00:00","author":{"@id":"https:\/\/newblogs.correiobraziliense.com.br\/blog-da-rosana-hessel\/#\/schema\/person\/824cb3c631cf0d4056f75ca02599a930"},"description":"Forte desvaloriza\u00e7\u00e3o das a\u00e7\u00f5es da Gol ap\u00f3s pedido de recupera\u00e7\u00e3o judicial nos EUA fez A B3 retirar papel da companhia de todos os \u00edndices da Bolsa.","breadcrumb":{"@id":"https:\/\/newblogs.correiobraziliense.com.br\/blog-da-rosana-hessel\/b3-anuncia-retirada-da-gol-de-todos-os-indices-da-bolsa\/#breadcrumb"},"inLanguage":"pt-BR","potentialAction":[{"@type":"ReadAction","target":["https:\/\/newblogs.correiobraziliense.com.br\/blog-da-rosana-hessel\/b3-anuncia-retirada-da-gol-de-todos-os-indices-da-bolsa\/"]}]},{"@type":"ImageObject","inLanguage":"pt-BR","@id":"https:\/\/newblogs.correiobraziliense.com.br\/blog-da-rosana-hessel\/b3-anuncia-retirada-da-gol-de-todos-os-indices-da-bolsa\/#primaryimage","url":"","contentUrl":""},{"@type":"BreadcrumbList","@id":"https:\/\/newblogs.correiobraziliense.com.br\/blog-da-rosana-hessel\/b3-anuncia-retirada-da-gol-de-todos-os-indices-da-bolsa\/#breadcrumb","itemListElement":[{"@type":"ListItem","position":1,"name":"In\u00edcio","item":"https:\/\/newblogs.correiobraziliense.com.br\/blog-da-rosana-hessel\/"},{"@type":"ListItem","position":2,"name":"B3 anuncia retirada da Gol de todos os \u00edndices da Bolsa"}]},{"@type":"WebSite","@id":"https:\/\/newblogs.correiobraziliense.com.br\/blog-da-rosana-hessel\/#website","url":"https:\/\/newblogs.correiobraziliense.com.br\/blog-da-rosana-hessel\/","name":"Blog da Rosana Hessel","description":"Not\u00edcias atualizadas e an\u00e1lises sobre economia. Acompanhe-nos para entender as tend\u00eancias e os impactos econ\u00f4micos que influenciam o seu dia a dia, tanto no Brasil quanto no exterior.","potentialAction":[{"@type":"SearchAction","target":{"@type":"EntryPoint","urlTemplate":"https:\/\/newblogs.correiobraziliense.com.br\/blog-da-rosana-hessel\/?s={search_term_string}"},"query-input":{"@type":"PropertyValueSpecification","valueRequired":true,"valueName":"search_term_string"}}],"inLanguage":"pt-BR"},{"@type":"Person","@id":"https:\/\/newblogs.correiobraziliense.com.br\/blog-da-rosana-hessel\/#\/schema\/person\/824cb3c631cf0d4056f75ca02599a930","name":"Rosana Hessel","image":{"@type":"ImageObject","inLanguage":"pt-BR","@id":"https:\/\/secure.gravatar.com\/avatar\/fe780cf1839cf10cd6d682fb080611e0d2a459b64be8a8781778109777fbcfd3?s=96&d=mm&r=g","url":"https:\/\/secure.gravatar.com\/avatar\/fe780cf1839cf10cd6d682fb080611e0d2a459b64be8a8781778109777fbcfd3?s=96&d=mm&r=g","contentUrl":"https:\/\/secure.gravatar.com\/avatar\/fe780cf1839cf10cd6d682fb080611e0d2a459b64be8a8781778109777fbcfd3?s=96&d=mm&r=g","caption":"Rosana Hessel"},"description":"Formada pela Pontif\u00edcia Universidade Cat\u00f3lica de S\u00e3o Paulo (PUC-SP), \u00e9 jornalista de economia desde 1995, quando passou a integrar o time da Gazeta Mercantil. Est\u00e1 sempre atr\u00e1s da boa informa\u00e7\u00e3o. Possui especializa\u00e7\u00e3o em economia pela FGV e MBA em Finan\u00e7as pela FIA-USP. Trabalha no Correio Braziliense desde 2010. Ganhou o Pr\u00eamio Esso de Jornalismo Econ\u00f4mico em 2014 e em 2015 com a equipe do Correio. Foi finalista entre os 50 jornalistas +Admirados da Imprensa de Economia, Neg\u00f3cios e Finan\u00e7as 2024, promovido pela Jornalistas&amp;Cia.","url":"https:\/\/newblogs.correiobraziliense.com.br\/blog-da-rosana-hessel\/author\/rosanahessel\/"}]}},"_links":{"self":[{"href":"https:\/\/newblogs.correiobraziliense.com.br\/blog-da-rosana-hessel\/wp-json\/wp\/v2\/posts\/29710","targetHints":{"allow":["GET"]}}],"collection":[{"href":"https:\/\/newblogs.correiobraziliense.com.br\/blog-da-rosana-hessel\/wp-json\/wp\/v2\/posts"}],"about":[{"href":"https:\/\/newblogs.correiobraziliense.com.br\/blog-da-rosana-hessel\/wp-json\/wp\/v2\/types\/post"}],"author":[{"embeddable":true,"href":"https:\/\/newblogs.correiobraziliense.com.br\/blog-da-rosana-hessel\/wp-json\/wp\/v2\/users\/10"}],"replies":[{"embeddable":true,"href":"https:\/\/newblogs.correiobraziliense.com.br\/blog-da-rosana-hessel\/wp-json\/wp\/v2\/comments?post=29710"}],"version-history":[{"count":0,"href":"https:\/\/newblogs.correiobraziliense.com.br\/blog-da-rosana-hessel\/wp-json\/wp\/v2\/posts\/29710\/revisions"}],"wp:featuredmedia":[{"embeddable":true,"href":"https:\/\/newblogs.correiobraziliense.com.br\/blog-da-rosana-hessel\/wp-json\/"}],"wp:attachment":[{"href":"https:\/\/newblogs.correiobraziliense.com.br\/blog-da-rosana-hessel\/wp-json\/wp\/v2\/media?parent=29710"}],"wp:term":[{"taxonomy":"category","embeddable":true,"href":"https:\/\/newblogs.correiobraziliense.com.br\/blog-da-rosana-hessel\/wp-json\/wp\/v2\/categories?post=29710"},{"taxonomy":"post_tag","embeddable":true,"href":"https:\/\/newblogs.correiobraziliense.com.br\/blog-da-rosana-hessel\/wp-json\/wp\/v2\/tags?post=29710"}],"curies":[{"name":"wp","href":"https:\/\/api.w.org\/{rel}","templated":true}]}}