{"id":29664,"date":"2024-01-26T08:56:57","date_gmt":"2024-01-26T11:56:57","guid":{"rendered":"https:\/\/blogs.correiobraziliense.com.br\/vicente\/?p=29664"},"modified":"2024-01-26T08:56:57","modified_gmt":"2024-01-26T11:56:57","slug":"artigo-otan-exercicio-de-caca-ao-tesouro","status":"publish","type":"post","link":"https:\/\/newblogs.correiobraziliense.com.br\/blog-da-rosana-hessel\/artigo-otan-exercicio-de-caca-ao-tesouro\/","title":{"rendered":"ARTIGO: Otan, exerc\u00edcio de ca\u00e7a ao tesouro"},"content":{"rendered":"<p>Por LUIZ RECENA GRASSI<\/p>\n<p>&nbsp;<\/p>\n<p>O mundo ocidental entrou o novo ano a contemplar imagem conhecida do cen\u00e1rio pol\u00edtico: a Organiza\u00e7\u00e3o do Tratado do Atl\u00e2ntico Norte (Otan) anunciou exerc\u00edcios militares ainda em janeiro. Ser\u00e3o os maiores desde a Guerra Fria. Muito pr\u00f3ximos da fronteira de v\u00e1rios pa\u00edses europeus com a R\u00fassia.<\/p>\n<p>&nbsp;<\/p>\n<p>A Otan \u00e9 um estorvo produzido pela Guerra Fria para enfrentar o Pacto de Vars\u00f3via, expoente da pol\u00edtica militar da Uni\u00e3o Sovi\u00e9tica (URSS). Durante as negocia\u00e7\u00f5es em busca da paz e do desarmamento entre os sovi\u00e9ticos e os Estados Unidos, previu-se que tanto a URSS quanto a Otan seriam extintas.<\/p>\n<p>&nbsp;<\/p>\n<p>O Pacto deixou de existir. A Otan, n\u00e3o. Os caprichos belicosos dos yanques prevaleceram sobre qualquer inten\u00e7\u00e3o de paz. Bush pai, Bill Clinton e Bush filho pretextando a vontade da maioria da popula\u00e7\u00e3o e a necessidade de enfrentar o terrorismo \u00e1rabe, passaram a perna em Mikhail Gorbatchev e nos dirigentes russos que vieram depois. S\u00f3 n\u00e3o foram mais adiante por esbarrarem na figura de Vladimir Putin.<\/p>\n<p>&nbsp;<\/p>\n<p>Os americanos, com o apoio dos europeus, refor\u00e7aram as pol\u00edticas ofensivas e defensivas dos pa\u00edses sat\u00e9lites dos governos de Moscou. N\u00e3o satisfeitos, foram cercando e reduzindo os espa\u00e7os para a R\u00fassia. Ningu\u00e9m prestou aten\u00e7\u00e3o em conselhos dados por experientes analistas da regi\u00e3o. \u201cN\u00e3o mexam com a R\u00fassia, n\u00e3o despertem o urso quando ele est\u00e1 a dormir\u201d, diziam. O processo desaguou, em menos de 30 anos, no atual conflito com a Ucr\u00e2nia, que far\u00e1 dois anos.<\/p>\n<p>&nbsp;<\/p>\n<p>A Otan, ent\u00e3o, apresentou-se a exibir novos m\u00fasculos guerreiros e marcou o exerc\u00edcio, previsto para ir at\u00e9 maio. Por que o maior? Os n\u00fameros respondem: 90 mil soldados envolvidos, 50 navios de guerra, 80 ca\u00e7as, helic\u00f3pteros e drones e 1.100 ve\u00edculos de combate, incluindo 133 tanques e 533 de infantaria, segundo a alian\u00e7a militar.<\/p>\n<p>&nbsp;<\/p>\n<p>O exerc\u00edcio visa preparar os pa\u00edses europeus para um eventual ataque da R\u00fassia ou outro gesto que russos fa\u00e7am e sejam considerados hostis ao Ocidente. Putin j\u00e1 reclamou, vai ficar atento \u00e0s movimenta\u00e7\u00f5es. Jens Stoltenberg, o sueco na Otan, disse que tudo \u00e9 rotina. N\u00e3o esconde a satisfa\u00e7\u00e3o de comentar que os exerc\u00edcios ser\u00e3o tamb\u00e9m um aviso a quem se atrever a provocar os pa\u00edses da organiza\u00e7\u00e3o. Participar\u00e3o os 31 membros da Otan, al\u00e9m da Su\u00e9cia como convidada.<\/p>\n<p>&nbsp;<\/p>\n<p>O presidente dos Estados Unidos, Joe Biden, est\u00e1 feliz, porque n\u00e3o ser\u00e1 ele o respons\u00e1vel por tudo, embora apoie o exerc\u00edcio com material b\u00e9lico e propaganda contra a R\u00fassia. As elei\u00e7\u00f5es nos EUA e em outros pa\u00edses dir\u00e3o se os promotores da provoca\u00e7\u00e3o b\u00e9lica t\u00eam ou n\u00e3o raz\u00e3o.<\/p>\n<p>&nbsp;<\/p>\n<p><strong>O CORREIO SABE PORQUE VIU<\/strong><\/p>\n<p>&nbsp;<\/p>\n<p>Estava l\u00e1.\u00a0\u201cNem tudo o que reluz \u00e9 ouro\u201d. O correspondente viu russos e pessoas outras aproveitando aberturas e espa\u00e7os criados por Gorbatchev e sua Perestroika. Muita coisa aconteceu. Os soldados sa\u00edram do Afeganist\u00e3o depois de 10 anos contra um inimigo desconhecido, financiado pelos EUA e pelo Ocidente. As fam\u00edlias russas n\u00e3o aguentavam mais a morte de seus filhos.<\/p>\n<p>&nbsp;<\/p>\n<p>Gorbatchev conseguiu, com o apoio dos alem\u00e3es, encerrar a experi\u00eancia militar na fronteira entre as Alemanhas. Mais de 120 mil soldados recambiados para casa, num programa de 10 bilh\u00f5es de d\u00f3lares aportados por Helmut Kohl e usados para emprego e moradias.<\/p>\n<p>&nbsp;<\/p>\n<p>Deixar a Alemanha Oriental mostrou que os sovi\u00e9ticos falavam s\u00e9rio e limpou de obst\u00e1culos a via para a queda do muro de Berlim. Em Moscou, o Parlamento eleito sob novas regras foi palco para pacifistas e reformistas. Destaque para o f\u00edsico Andrei Sakharov, que usou a tribuna para denunciar mazelas do regime. \u00c9 dele a frase: \u201cTragam nossos meninos de volta!\u201d.<\/p>\n<p>&nbsp;<\/p>\n<p>O governo norte-americano financiou toda e qualquer iniciativa da oposi\u00e7\u00e3o ao poder sovi\u00e9tico. Os russos gostavam. Nina Pintova, jovem funcion\u00e1ria do Press Center do governo, quis tentar a sorte e foi para a Am\u00e9rica. Tinha visto de seis meses. Ao final do segundo, voltou. Nova York, sim, mas fazer sexo por dinheiro, n\u00e3o.<\/p>\n<p>&nbsp;<\/p>\n<p>A queda de Gorbatchev e o fim da URSS coroou o esfor\u00e7o dos EUA. Depois do fato principal, Tio Sam deu as costas a quase todos os aliados sovi\u00e9ticos. Antigas rep\u00fablicas perderam o rumo; entidades de apoio, as mesadas. O capitalismo mostrou sua cara. De l\u00e1 at\u00e9 a guerra atual, \u00e9 vasto o hist\u00f3rico de caos e crises. O ouro brilha menos.<\/p>\n","protected":false},"excerpt":{"rendered":"<p>Por LUIZ RECENA GRASSI &nbsp; O mundo ocidental entrou o novo ano a contemplar imagem conhecida do cen\u00e1rio pol\u00edtico: a Organiza\u00e7\u00e3o do Tratado do Atl\u00e2ntico Norte (Otan) anunciou exerc\u00edcios militares ainda em janeiro. Ser\u00e3o os maiores desde a Guerra Fria. Muito pr\u00f3ximos da fronteira de v\u00e1rios pa\u00edses europeus com a R\u00fassia. &nbsp; A Otan \u00e9 [&hellip;]<\/p>\n","protected":false},"author":10,"featured_media":26640,"comment_status":"open","ping_status":"closed","sticky":false,"template":"","format":"standard","meta":{"_acf_changed":false,"inline_featured_image":false,"footnotes":""},"categories":[4],"tags":[292,122,1198,125,202,1200,1202,128,1204,1206,1207,307,132,1208,134],"class_list":["post-29664","post","type-post","status-publish","format-standard","has-post-thumbnail","hentry","category-economia","tag-alemanha","tag-armas","tag-bush","tag-estados-unidos","tag-europa","tag-exercicio","tag-gorbachev","tag-guerra","tag-guerra-fria","tag-militar","tag-muro-de-berlim","tag-otan","tag-russia","tag-sovieticos","tag-ucrania"],"acf":[],"yoast_head":"<!-- This site is optimized with the Yoast SEO plugin v27.3 - https:\/\/yoast.com\/product\/yoast-seo-wordpress\/ -->\n<title>ARTIGO: Otan, exerc\u00edcio de ca\u00e7a ao tesouro - Blog da Rosana Hessel<\/title>\n<meta name=\"description\" content=\"Por LUIZ RECENA GRASSI &nbsp; O mundo ocidental entrou o novo ano a contemplar imagem conhecida do cen\u00e1rio pol\u00edtico: a Organiza\u00e7\u00e3o do Tratado do Atl\u00e2ntico\" \/>\n<meta name=\"robots\" content=\"index, follow, max-snippet:-1, max-image-preview:large, max-video-preview:-1\" \/>\n<link rel=\"canonical\" href=\"https:\/\/newblogs.correiobraziliense.com.br\/blog-da-rosana-hessel\/artigo-otan-exercicio-de-caca-ao-tesouro\/\" \/>\n<meta property=\"og:locale\" content=\"pt_BR\" \/>\n<meta property=\"og:type\" content=\"article\" \/>\n<meta property=\"og:title\" content=\"ARTIGO: Otan, exerc\u00edcio de ca\u00e7a ao tesouro - Blog da Rosana Hessel\" \/>\n<meta property=\"og:description\" content=\"Por LUIZ RECENA GRASSI &nbsp; O mundo ocidental entrou o novo ano a contemplar imagem conhecida do cen\u00e1rio pol\u00edtico: a Organiza\u00e7\u00e3o do Tratado do Atl\u00e2ntico\" \/>\n<meta property=\"og:url\" content=\"https:\/\/newblogs.correiobraziliense.com.br\/blog-da-rosana-hessel\/artigo-otan-exercicio-de-caca-ao-tesouro\/\" \/>\n<meta property=\"og:site_name\" content=\"Blog da Rosana Hessel\" \/>\n<meta property=\"article:published_time\" content=\"2024-01-26T11:56:57+00:00\" \/>\n<meta property=\"og:image\" content=\"https:\/\/newblogs.correiobraziliense.com.br\/blog-da-rosana-hessel\/wp-content\/uploads\/sites\/5\/2024\/06\/IMG_7392-1.png\" \/>\n\t<meta property=\"og:image:width\" content=\"1200\" \/>\n\t<meta property=\"og:image:height\" content=\"675\" \/>\n\t<meta property=\"og:image:type\" content=\"image\/png\" \/>\n<meta name=\"author\" content=\"Rosana Hessel\" \/>\n<!-- \/ Yoast SEO plugin. -->","yoast_head_json":{"title":"ARTIGO: Otan, exerc\u00edcio de ca\u00e7a ao tesouro - Blog da Rosana Hessel","description":"Por LUIZ RECENA GRASSI &nbsp; O mundo ocidental entrou o novo ano a contemplar imagem conhecida do cen\u00e1rio pol\u00edtico: a Organiza\u00e7\u00e3o do Tratado do Atl\u00e2ntico","robots":{"index":"index","follow":"follow","max-snippet":"max-snippet:-1","max-image-preview":"max-image-preview:large","max-video-preview":"max-video-preview:-1"},"canonical":"https:\/\/newblogs.correiobraziliense.com.br\/blog-da-rosana-hessel\/artigo-otan-exercicio-de-caca-ao-tesouro\/","og_locale":"pt_BR","og_type":"article","og_title":"ARTIGO: Otan, exerc\u00edcio de ca\u00e7a ao tesouro - Blog da Rosana Hessel","og_description":"Por LUIZ RECENA GRASSI &nbsp; O mundo ocidental entrou o novo ano a contemplar imagem conhecida do cen\u00e1rio pol\u00edtico: a Organiza\u00e7\u00e3o do Tratado do Atl\u00e2ntico","og_url":"https:\/\/newblogs.correiobraziliense.com.br\/blog-da-rosana-hessel\/artigo-otan-exercicio-de-caca-ao-tesouro\/","og_site_name":"Blog da Rosana Hessel","article_published_time":"2024-01-26T11:56:57+00:00","og_image":[{"width":1200,"height":675,"url":"https:\/\/newblogs.correiobraziliense.com.br\/blog-da-rosana-hessel\/wp-content\/uploads\/sites\/5\/2024\/06\/IMG_7392-1.png","type":"image\/png"}],"author":"Rosana Hessel","schema":{"@context":"https:\/\/schema.org","@graph":[{"@type":"Article","@id":"https:\/\/newblogs.correiobraziliense.com.br\/blog-da-rosana-hessel\/artigo-otan-exercicio-de-caca-ao-tesouro\/#article","isPartOf":{"@id":"https:\/\/newblogs.correiobraziliense.com.br\/blog-da-rosana-hessel\/artigo-otan-exercicio-de-caca-ao-tesouro\/"},"author":{"name":"Rosana Hessel","@id":"https:\/\/newblogs.correiobraziliense.com.br\/blog-da-rosana-hessel\/#\/schema\/person\/824cb3c631cf0d4056f75ca02599a930"},"headline":"ARTIGO: Otan, exerc\u00edcio de ca\u00e7a ao tesouro","datePublished":"2024-01-26T11:56:57+00:00","mainEntityOfPage":{"@id":"https:\/\/newblogs.correiobraziliense.com.br\/blog-da-rosana-hessel\/artigo-otan-exercicio-de-caca-ao-tesouro\/"},"wordCount":800,"commentCount":0,"image":{"@id":"https:\/\/newblogs.correiobraziliense.com.br\/blog-da-rosana-hessel\/artigo-otan-exercicio-de-caca-ao-tesouro\/#primaryimage"},"thumbnailUrl":"","keywords":["Alemanha","armas","Bush","Estados Unidos","Europa","exerc\u00edcio","Gorbachev","guerra","guerra fria","militar","Muro de Berlim","Otan","R\u00fassia","sovi\u00e9ticos","Ucr\u00e2nia"],"articleSection":["Economia"],"inLanguage":"pt-BR"},{"@type":"WebPage","@id":"https:\/\/newblogs.correiobraziliense.com.br\/blog-da-rosana-hessel\/artigo-otan-exercicio-de-caca-ao-tesouro\/","url":"https:\/\/newblogs.correiobraziliense.com.br\/blog-da-rosana-hessel\/artigo-otan-exercicio-de-caca-ao-tesouro\/","name":"ARTIGO: Otan, exerc\u00edcio de ca\u00e7a ao tesouro - Blog da Rosana Hessel","isPartOf":{"@id":"https:\/\/newblogs.correiobraziliense.com.br\/blog-da-rosana-hessel\/#website"},"primaryImageOfPage":{"@id":"https:\/\/newblogs.correiobraziliense.com.br\/blog-da-rosana-hessel\/artigo-otan-exercicio-de-caca-ao-tesouro\/#primaryimage"},"image":{"@id":"https:\/\/newblogs.correiobraziliense.com.br\/blog-da-rosana-hessel\/artigo-otan-exercicio-de-caca-ao-tesouro\/#primaryimage"},"thumbnailUrl":"","datePublished":"2024-01-26T11:56:57+00:00","author":{"@id":"https:\/\/newblogs.correiobraziliense.com.br\/blog-da-rosana-hessel\/#\/schema\/person\/824cb3c631cf0d4056f75ca02599a930"},"description":"Por LUIZ RECENA GRASSI &nbsp; O mundo ocidental entrou o novo ano a contemplar imagem conhecida do cen\u00e1rio pol\u00edtico: a Organiza\u00e7\u00e3o do Tratado do Atl\u00e2ntico","breadcrumb":{"@id":"https:\/\/newblogs.correiobraziliense.com.br\/blog-da-rosana-hessel\/artigo-otan-exercicio-de-caca-ao-tesouro\/#breadcrumb"},"inLanguage":"pt-BR","potentialAction":[{"@type":"ReadAction","target":["https:\/\/newblogs.correiobraziliense.com.br\/blog-da-rosana-hessel\/artigo-otan-exercicio-de-caca-ao-tesouro\/"]}]},{"@type":"ImageObject","inLanguage":"pt-BR","@id":"https:\/\/newblogs.correiobraziliense.com.br\/blog-da-rosana-hessel\/artigo-otan-exercicio-de-caca-ao-tesouro\/#primaryimage","url":"","contentUrl":""},{"@type":"BreadcrumbList","@id":"https:\/\/newblogs.correiobraziliense.com.br\/blog-da-rosana-hessel\/artigo-otan-exercicio-de-caca-ao-tesouro\/#breadcrumb","itemListElement":[{"@type":"ListItem","position":1,"name":"In\u00edcio","item":"https:\/\/newblogs.correiobraziliense.com.br\/blog-da-rosana-hessel\/"},{"@type":"ListItem","position":2,"name":"ARTIGO: Otan, exerc\u00edcio de ca\u00e7a ao tesouro"}]},{"@type":"WebSite","@id":"https:\/\/newblogs.correiobraziliense.com.br\/blog-da-rosana-hessel\/#website","url":"https:\/\/newblogs.correiobraziliense.com.br\/blog-da-rosana-hessel\/","name":"Blog da Rosana Hessel","description":"Not\u00edcias atualizadas e an\u00e1lises sobre economia. Acompanhe-nos para entender as tend\u00eancias e os impactos econ\u00f4micos que influenciam o seu dia a dia, tanto no Brasil quanto no exterior.","potentialAction":[{"@type":"SearchAction","target":{"@type":"EntryPoint","urlTemplate":"https:\/\/newblogs.correiobraziliense.com.br\/blog-da-rosana-hessel\/?s={search_term_string}"},"query-input":{"@type":"PropertyValueSpecification","valueRequired":true,"valueName":"search_term_string"}}],"inLanguage":"pt-BR"},{"@type":"Person","@id":"https:\/\/newblogs.correiobraziliense.com.br\/blog-da-rosana-hessel\/#\/schema\/person\/824cb3c631cf0d4056f75ca02599a930","name":"Rosana Hessel","image":{"@type":"ImageObject","inLanguage":"pt-BR","@id":"https:\/\/secure.gravatar.com\/avatar\/fe780cf1839cf10cd6d682fb080611e0d2a459b64be8a8781778109777fbcfd3?s=96&d=mm&r=g","url":"https:\/\/secure.gravatar.com\/avatar\/fe780cf1839cf10cd6d682fb080611e0d2a459b64be8a8781778109777fbcfd3?s=96&d=mm&r=g","contentUrl":"https:\/\/secure.gravatar.com\/avatar\/fe780cf1839cf10cd6d682fb080611e0d2a459b64be8a8781778109777fbcfd3?s=96&d=mm&r=g","caption":"Rosana Hessel"},"description":"Formada pela Pontif\u00edcia Universidade Cat\u00f3lica de S\u00e3o Paulo (PUC-SP), \u00e9 jornalista de economia desde 1995, quando passou a integrar o time da Gazeta Mercantil. Est\u00e1 sempre atr\u00e1s da boa informa\u00e7\u00e3o. Possui especializa\u00e7\u00e3o em economia pela FGV e MBA em Finan\u00e7as pela FIA-USP. Trabalha no Correio Braziliense desde 2010. Ganhou o Pr\u00eamio Esso de Jornalismo Econ\u00f4mico em 2014 e em 2015 com a equipe do Correio. Foi finalista entre os 50 jornalistas +Admirados da Imprensa de Economia, Neg\u00f3cios e Finan\u00e7as 2024, promovido pela Jornalistas&amp;Cia.","url":"https:\/\/newblogs.correiobraziliense.com.br\/blog-da-rosana-hessel\/author\/rosanahessel\/"}]}},"_links":{"self":[{"href":"https:\/\/newblogs.correiobraziliense.com.br\/blog-da-rosana-hessel\/wp-json\/wp\/v2\/posts\/29664","targetHints":{"allow":["GET"]}}],"collection":[{"href":"https:\/\/newblogs.correiobraziliense.com.br\/blog-da-rosana-hessel\/wp-json\/wp\/v2\/posts"}],"about":[{"href":"https:\/\/newblogs.correiobraziliense.com.br\/blog-da-rosana-hessel\/wp-json\/wp\/v2\/types\/post"}],"author":[{"embeddable":true,"href":"https:\/\/newblogs.correiobraziliense.com.br\/blog-da-rosana-hessel\/wp-json\/wp\/v2\/users\/10"}],"replies":[{"embeddable":true,"href":"https:\/\/newblogs.correiobraziliense.com.br\/blog-da-rosana-hessel\/wp-json\/wp\/v2\/comments?post=29664"}],"version-history":[{"count":0,"href":"https:\/\/newblogs.correiobraziliense.com.br\/blog-da-rosana-hessel\/wp-json\/wp\/v2\/posts\/29664\/revisions"}],"wp:featuredmedia":[{"embeddable":true,"href":"https:\/\/newblogs.correiobraziliense.com.br\/blog-da-rosana-hessel\/wp-json\/"}],"wp:attachment":[{"href":"https:\/\/newblogs.correiobraziliense.com.br\/blog-da-rosana-hessel\/wp-json\/wp\/v2\/media?parent=29664"}],"wp:term":[{"taxonomy":"category","embeddable":true,"href":"https:\/\/newblogs.correiobraziliense.com.br\/blog-da-rosana-hessel\/wp-json\/wp\/v2\/categories?post=29664"},{"taxonomy":"post_tag","embeddable":true,"href":"https:\/\/newblogs.correiobraziliense.com.br\/blog-da-rosana-hessel\/wp-json\/wp\/v2\/tags?post=29664"}],"curies":[{"name":"wp","href":"https:\/\/api.w.org\/{rel}","templated":true}]}}