{"id":29542,"date":"2024-01-11T12:41:33","date_gmt":"2024-01-11T15:41:33","guid":{"rendered":"https:\/\/blogs.correiobraziliense.com.br\/vicente\/?p=29542"},"modified":"2024-01-11T12:41:33","modified_gmt":"2024-01-11T15:41:33","slug":"lula-e-haddad-precisam-agradecer-a-campos-neto-por-entregar-inflacao-na-meta","status":"publish","type":"post","link":"https:\/\/newblogs.correiobraziliense.com.br\/blog-da-rosana-hessel\/lula-e-haddad-precisam-agradecer-a-campos-neto-por-entregar-inflacao-na-meta\/","title":{"rendered":"Lula e Haddad precisam agradecer a Campos Neto por entregar infla\u00e7\u00e3o na meta"},"content":{"rendered":"<p>ROSANA HESSEL<\/p>\n<p>&nbsp;<\/p>\n<p><span style=\"font-weight: 400\">Ap\u00f3s passar praticamente o ano inteiro criticando o presidente do Banco Central, Roberto Campos Neto, parece que o presidente Luiz In\u00e1cio Lula da Silva (PT) precisar\u00e1 reconhecer o bom trabalho da autoridade monet\u00e1ria, que conquistou a sua autonomia em 2021 e conseguiu domar o pior de todos os imposto, a infla\u00e7\u00e3o, que ganhou for\u00e7a durante a pandemia da covid-19.<\/span><\/p>\n<p><span style=\"font-weight: 400\">\u00a0<\/span><\/p>\n<p><span style=\"font-weight: 400\">Depois de dois anos descumprindo a meta de infla\u00e7\u00e3o, o Banco Central, finalmente, encerrou 2023 com o \u00cdndice de Pre\u00e7os ao Consumidor Amplo (IPCA) dentro do intervalo de toler\u00e2ncia da meta, com centro de 3,25% e limite superior de 4,75%. Infla\u00e7\u00e3o menor, tamb\u00e9m ajuda o trabalho do ministro da Fazenda, Fernando Haddad, que tamb\u00e9m ter\u00e1 muito a agradecer a Campos Neto por ter suportado as cr\u00edticas e conduzido com serenidade as reuni\u00f5es do Comit\u00ea de Pol\u00edtica Monet\u00e1ria (Copom), ignorando as cr\u00edticas que vinham do Planalto e dos petistas mais radicais. N\u00e3o \u00e0 toa, Campos Neto participou do churrasco de fim de ano que Lula ofereceu aos ministros, na Granja do Torto, um reconhecimento pelo trabalho bem-feito, independente do partido.<\/span><\/p>\n<p><span style=\"font-weight: 400\">\u00a0<\/span><\/p>\n<p><span style=\"font-weight: 400\">O IPCA de 2023, conforme dados do Instituto Brasileiro de Geografia e Estat\u00edstica (IBGE) divulgados nesta quinta-feira (11\/1), avan\u00e7ou 0,56%, acima das expectativas do mercado, em torno de 0,49%, e, no ano, a infla\u00e7\u00e3o oficial acumulou alta de 4,62%, dado 1,17 ponto percentual abaixo dos 5,79% registrados em 2022.\u00a0 As estimativas no in\u00edcio do ano apontavam para um IPCA em torno de 6% no fim de 2023. E \u00e9 importante lembrar que infla\u00e7\u00e3o mais baixa significa o aumento do poder de compra dos consumidores e o consumo \u00e9 uma das molas do crescimento da economia.<\/span><\/p>\n<p><span style=\"font-weight: 400\">\u00a0<\/span><\/p>\n<p><span style=\"font-weight: 400\">Vale lembrar que a independ\u00eancia do Banco Central conquistada no Congresso ajudou nesse processo. O BC brasileiro se antecipou aos demais bancos centrais globais, tanto no in\u00edcio do ciclo aumento dos juros, em mar\u00e7o de 2021, quanto no ciclo de redu\u00e7\u00e3o da taxa b\u00e1sica da economia (Selic), em agosto de 2023. E n\u00e3o se esmoreceu em manter a Selic em 13,75% ao ano por 12 meses desde agosto de 2022, no meio da campanha eleitoral para a presid\u00eancia.<\/span><\/p>\n<p><span style=\"font-weight: 400\">\u00a0<\/span><\/p>\n<p><span style=\"font-weight: 400\">Isso, sem d\u00favida, ajudou a segurar uma alta desenfreada de pre\u00e7os, neste ano, devido ao efeito defasado dos juros elevados. Contudo, houve tamb\u00e9m a colabora\u00e7\u00e3o do clima, que ajudou na supersafra de gr\u00e3os em 2023 que contribuiu para o aumento da oferta e, consequentemente, arrefeceu os pre\u00e7os dos alimentos &#8212; item que mais pesa no bolso das fam\u00edlias mais pobres &#8211;, lembram os especialistas.<\/span><\/p>\n<p><span style=\"font-weight: 400\">\u00a0<\/span><\/p>\n<p><span style=\"font-weight: 400\">&#8220;O m\u00e9rito dessa infla\u00e7\u00e3o dentro da meta \u00e9 m\u00e9rito do Banco Central, que teve ajuda de S\u00e3o Pedro&#8221;, destacou Luis Leal, economista-chefe da G5 Partners. Ele esperava alta de 0,50% no IPCA de dezembro e lembra que, apesar de parecer pequena a queda do indicador, \u00e9 bom lembrar que os juros passaram mais da metade do ano a 13,75% anuais.<\/span><\/p>\n<p><span style=\"font-weight: 400\">\u00a0<\/span><\/p>\n<p><span style=\"font-weight: 400\">&#8220;Entretanto, temos que sobrepujar que a infla\u00e7\u00e3o de 2022 estava subestimada, reflexo do impacto da desonera\u00e7\u00e3o dos combust\u00edveis do segundo semestre do ano, enquanto a deste ano estaria superestimada pela volta da cobran\u00e7a desses mesmos tributos. Segundo os nossos c\u00e1lculos, expurgando estes efeitos, a infla\u00e7\u00e3o de 2022, deveria ter ficado em 8,70% e a do ano passado pr\u00f3xima de 4%, uma queda que condiz com os efeitos esperados da pol\u00edtica monet\u00e1ria implementada&#8221;, ressaltou Leal.<\/span><\/p>\n<p><span style=\"font-weight: 400\">\u00a0<\/span><\/p>\n<p><span style=\"font-weight: 400\">&#8220;A infla\u00e7\u00e3o oficial dentro do intervalo da meta, depois de alguns anos superando o teto,\u00a0 \u00e9 m\u00e9rito de toda diretoria colegiada do Banco Central&#8221;, afirma o economista-chefe da JF Trust Gestora de Recursos, Eduardo Velho.\u00a0 Contudo, ele faz um alerta para a acelera\u00e7\u00e3o dos pre\u00e7os dos alimentos deste ano, uma vez que o impacto do fen\u00f4meno clim\u00e1tico El Ni\u00f1o ainda &#8220;est\u00e1 subestimado&#8221; pelo mercado. &#8220;A infla\u00e7\u00e3o dos alimentos acima de 1% ao m\u00eas de dezembro \u00e9 muito elevada&#8221;, alertou.<\/span><\/p>\n<p><span style=\"font-weight: 400\">\u00a0<\/span><\/p>\n<p><span style=\"font-weight: 400\">Conforme os dados do IBGE, a infla\u00e7\u00e3o do grupo Alimentos e Bebidas acelerou de 0,63%, em novembro, para 1,11%, em dezembro, contribuindo com 0,23 ponto percentual na varia\u00e7\u00e3o do IPCA do m\u00eas, ou seja, metade da alta mensal do indicador. Velho ressaltou que outro fator preocupante \u00e9 a infla\u00e7\u00e3o dos servi\u00e7os, &#8220;cujo n\u00facleo atingiu 0,51% no m\u00eas e acumula alta de 4,8% no ano&#8221;.<\/span><\/p>\n<p><span style=\"font-weight: 400\">\u00a0<\/span><\/p>\n<p><span style=\"font-weight: 400\">Para Leal, o grande destaque da infla\u00e7\u00e3o de 2023 foi o grupo Alimenta\u00e7\u00e3o e bebidas por conta da acelera\u00e7\u00e3o nos pre\u00e7os em dezembro. &#8220;Para termos uma ideia da import\u00e2ncia deste resultado, se substitu\u00edssemos esse valor pela m\u00e9dia do grupo neste s\u00e9culo (ao redor de 7,5%), a infla\u00e7\u00e3o em 2023 seria de 5,36%&#8221;, destacou.. Por outro lado, ele lembrou que o maior &#8220;vil\u00e3o\u201d da infla\u00e7\u00e3o do ano passado foi o grupo transportes, com alta de 7,1%, pressionado pelo aumento de 47,3% das passagens a\u00e9reas e de 12,09% da gasolina.<\/span><\/p>\n<p>&nbsp;<\/p>\n<p><span style=\"font-weight: 400\">Enquanto isso, o \u00cdndice Nacional de Pre\u00e7os ao Consumidor (INPC), que mede a infla\u00e7\u00e3o das fam\u00edlias mais pobres, acumulou alta de 3,71% em 2023, abaixo dos 5,93% registrados em 2022. Essa desacelera\u00e7\u00e3o \u00e9 resultado, principalmente, da redu\u00e7\u00e3o do ritmo de alta dos pre\u00e7os dos alimentos, de 11,91%, em 2022, para 2,81%, no ano passado.<\/span><\/p>\n<p>&nbsp;<\/p>\n<p><span style=\"font-weight: 400\">O INPC mede a carestia nas fam\u00edlias com renda mensal de at\u00e9 cinco sal\u00e1rios m\u00ednimos e \u00e9 o indicador utilizado para a corre\u00e7\u00e3o do piso salarial, atualmente em R$ 1.421.\u00a0 O dado de 2023 ficou acima das proje\u00e7\u00f5es do Projeto de Lei de Diretrizes Or\u00e7ament\u00e1rias (PLDO) de 2024, enviado em abril, e do Projeto de Lei Or\u00e7ament\u00e1ria Anual (PLOA) deste ano.<\/span><\/p>\n<p>&nbsp;<\/p>\n<p><span style=\"font-weight: 400\">A estimativa do governo no PLDO para o INPC de 2023 era de 3,30%, e, na Lei Or\u00e7ament\u00e1ria Anual, o indicador foi reduzido para 3,01%.\u00a0 Pela nova metodologia de corre\u00e7\u00e3o do piso salarial, \u00e9 considerada a varia\u00e7\u00e3o do INPC mais a do Produto Interno Bruto (PIB) de dois anos antes. <\/span><\/p>\n<p>&nbsp;<\/p>\n<p><span style=\"font-weight: 400\">De acordo com Luis Leal, da G5 Partners, n\u00e3o haver\u00e1 mudan\u00e7as no sal\u00e1rio m\u00ednimo atual, porque a corre\u00e7\u00e3o considerou a varia\u00e7\u00e3o do INPC at\u00e9 novembro.\u00a0<\/span><\/p>\n<p>&nbsp;<\/p>\n","protected":false},"excerpt":{"rendered":"<p>ROSANA HESSEL &nbsp; Ap\u00f3s passar praticamente o ano inteiro criticando o presidente do Banco Central, Roberto Campos Neto, parece que o presidente Luiz In\u00e1cio Lula da Silva (PT) precisar\u00e1 reconhecer o bom trabalho da autoridade monet\u00e1ria, que conquistou a sua autonomia em 2021 e conseguiu domar o pior de todos os imposto, a infla\u00e7\u00e3o, que [&hellip;]<\/p>\n","protected":false},"author":10,"featured_media":19653,"comment_status":"open","ping_status":"closed","sticky":false,"template":"","format":"standard","meta":{"_acf_changed":false,"inline_featured_image":false,"footnotes":""},"categories":[4],"tags":[82,1057,1058,32,33,118],"class_list":["post-29542","post","type-post","status-publish","format-standard","has-post-thumbnail","hentry","category-economia","tag-banco-central","tag-campos-neto","tag-haddad","tag-inflacao","tag-ipca","tag-lula"],"acf":[],"yoast_head":"<!-- This site is optimized with the Yoast SEO plugin v27.3 - https:\/\/yoast.com\/product\/yoast-seo-wordpress\/ -->\n<title>Lula e Haddad precisam agradecer a Campos Neto por entregar infla\u00e7\u00e3o na meta<\/title>\n<meta name=\"description\" content=\"Apesar das cr\u00edticas de Lula sobre juros ao longo do ano, Banco Central aut\u00f4nomo seguiu firme e conseguiu entregar a infla\u00e7\u00e3o dentro do teto da meta em 2023.\" \/>\n<meta name=\"robots\" content=\"index, follow, max-snippet:-1, max-image-preview:large, max-video-preview:-1\" \/>\n<link rel=\"canonical\" href=\"https:\/\/newblogs.correiobraziliense.com.br\/blog-da-rosana-hessel\/lula-e-haddad-precisam-agradecer-a-campos-neto-por-entregar-inflacao-na-meta\/\" \/>\n<meta property=\"og:locale\" content=\"pt_BR\" \/>\n<meta property=\"og:type\" content=\"article\" \/>\n<meta property=\"og:title\" content=\"Lula e Haddad precisam agradecer a Campos Neto por entregar infla\u00e7\u00e3o na meta\" \/>\n<meta property=\"og:description\" content=\"Apesar das cr\u00edticas de Lula sobre juros ao longo do ano, Banco Central aut\u00f4nomo seguiu firme e conseguiu entregar a infla\u00e7\u00e3o dentro do teto da meta em 2023.\" \/>\n<meta property=\"og:url\" content=\"https:\/\/newblogs.correiobraziliense.com.br\/blog-da-rosana-hessel\/lula-e-haddad-precisam-agradecer-a-campos-neto-por-entregar-inflacao-na-meta\/\" \/>\n<meta property=\"og:site_name\" content=\"Blog da Rosana Hessel\" \/>\n<meta property=\"article:published_time\" content=\"2024-01-11T15:41:33+00:00\" \/>\n<meta property=\"og:image\" content=\"https:\/\/newblogs.correiobraziliense.com.br\/blog-da-rosana-hessel\/wp-content\/uploads\/sites\/5\/2024\/06\/IMG_7392-1.png\" \/>\n\t<meta property=\"og:image:width\" content=\"1200\" \/>\n\t<meta property=\"og:image:height\" content=\"675\" \/>\n\t<meta property=\"og:image:type\" content=\"image\/png\" \/>\n<meta name=\"author\" content=\"Rosana Hessel\" \/>\n<!-- \/ Yoast SEO plugin. -->","yoast_head_json":{"title":"Lula e Haddad precisam agradecer a Campos Neto por entregar infla\u00e7\u00e3o na meta","description":"Apesar das cr\u00edticas de Lula sobre juros ao longo do ano, Banco Central aut\u00f4nomo seguiu firme e conseguiu entregar a infla\u00e7\u00e3o dentro do teto da meta em 2023.","robots":{"index":"index","follow":"follow","max-snippet":"max-snippet:-1","max-image-preview":"max-image-preview:large","max-video-preview":"max-video-preview:-1"},"canonical":"https:\/\/newblogs.correiobraziliense.com.br\/blog-da-rosana-hessel\/lula-e-haddad-precisam-agradecer-a-campos-neto-por-entregar-inflacao-na-meta\/","og_locale":"pt_BR","og_type":"article","og_title":"Lula e Haddad precisam agradecer a Campos Neto por entregar infla\u00e7\u00e3o na meta","og_description":"Apesar das cr\u00edticas de Lula sobre juros ao longo do ano, Banco Central aut\u00f4nomo seguiu firme e conseguiu entregar a infla\u00e7\u00e3o dentro do teto da meta em 2023.","og_url":"https:\/\/newblogs.correiobraziliense.com.br\/blog-da-rosana-hessel\/lula-e-haddad-precisam-agradecer-a-campos-neto-por-entregar-inflacao-na-meta\/","og_site_name":"Blog da Rosana Hessel","article_published_time":"2024-01-11T15:41:33+00:00","og_image":[{"width":1200,"height":675,"url":"https:\/\/newblogs.correiobraziliense.com.br\/blog-da-rosana-hessel\/wp-content\/uploads\/sites\/5\/2024\/06\/IMG_7392-1.png","type":"image\/png"}],"author":"Rosana Hessel","schema":{"@context":"https:\/\/schema.org","@graph":[{"@type":"Article","@id":"https:\/\/newblogs.correiobraziliense.com.br\/blog-da-rosana-hessel\/lula-e-haddad-precisam-agradecer-a-campos-neto-por-entregar-inflacao-na-meta\/#article","isPartOf":{"@id":"https:\/\/newblogs.correiobraziliense.com.br\/blog-da-rosana-hessel\/lula-e-haddad-precisam-agradecer-a-campos-neto-por-entregar-inflacao-na-meta\/"},"author":{"name":"Rosana Hessel","@id":"https:\/\/newblogs.correiobraziliense.com.br\/blog-da-rosana-hessel\/#\/schema\/person\/824cb3c631cf0d4056f75ca02599a930"},"headline":"Lula e Haddad precisam agradecer a Campos Neto por entregar infla\u00e7\u00e3o na meta","datePublished":"2024-01-11T15:41:33+00:00","mainEntityOfPage":{"@id":"https:\/\/newblogs.correiobraziliense.com.br\/blog-da-rosana-hessel\/lula-e-haddad-precisam-agradecer-a-campos-neto-por-entregar-inflacao-na-meta\/"},"wordCount":1031,"commentCount":0,"image":{"@id":"https:\/\/newblogs.correiobraziliense.com.br\/blog-da-rosana-hessel\/lula-e-haddad-precisam-agradecer-a-campos-neto-por-entregar-inflacao-na-meta\/#primaryimage"},"thumbnailUrl":"","keywords":["Banco Central","Campos Neto","Haddad","infla\u00e7\u00e3o","IPCA","Lula"],"articleSection":["Economia"],"inLanguage":"pt-BR"},{"@type":"WebPage","@id":"https:\/\/newblogs.correiobraziliense.com.br\/blog-da-rosana-hessel\/lula-e-haddad-precisam-agradecer-a-campos-neto-por-entregar-inflacao-na-meta\/","url":"https:\/\/newblogs.correiobraziliense.com.br\/blog-da-rosana-hessel\/lula-e-haddad-precisam-agradecer-a-campos-neto-por-entregar-inflacao-na-meta\/","name":"Lula e Haddad precisam agradecer a Campos Neto por entregar infla\u00e7\u00e3o na meta","isPartOf":{"@id":"https:\/\/newblogs.correiobraziliense.com.br\/blog-da-rosana-hessel\/#website"},"primaryImageOfPage":{"@id":"https:\/\/newblogs.correiobraziliense.com.br\/blog-da-rosana-hessel\/lula-e-haddad-precisam-agradecer-a-campos-neto-por-entregar-inflacao-na-meta\/#primaryimage"},"image":{"@id":"https:\/\/newblogs.correiobraziliense.com.br\/blog-da-rosana-hessel\/lula-e-haddad-precisam-agradecer-a-campos-neto-por-entregar-inflacao-na-meta\/#primaryimage"},"thumbnailUrl":"","datePublished":"2024-01-11T15:41:33+00:00","author":{"@id":"https:\/\/newblogs.correiobraziliense.com.br\/blog-da-rosana-hessel\/#\/schema\/person\/824cb3c631cf0d4056f75ca02599a930"},"description":"Apesar das cr\u00edticas de Lula sobre juros ao longo do ano, Banco Central aut\u00f4nomo seguiu firme e conseguiu entregar a infla\u00e7\u00e3o dentro do teto da meta em 2023.","breadcrumb":{"@id":"https:\/\/newblogs.correiobraziliense.com.br\/blog-da-rosana-hessel\/lula-e-haddad-precisam-agradecer-a-campos-neto-por-entregar-inflacao-na-meta\/#breadcrumb"},"inLanguage":"pt-BR","potentialAction":[{"@type":"ReadAction","target":["https:\/\/newblogs.correiobraziliense.com.br\/blog-da-rosana-hessel\/lula-e-haddad-precisam-agradecer-a-campos-neto-por-entregar-inflacao-na-meta\/"]}]},{"@type":"ImageObject","inLanguage":"pt-BR","@id":"https:\/\/newblogs.correiobraziliense.com.br\/blog-da-rosana-hessel\/lula-e-haddad-precisam-agradecer-a-campos-neto-por-entregar-inflacao-na-meta\/#primaryimage","url":"","contentUrl":""},{"@type":"BreadcrumbList","@id":"https:\/\/newblogs.correiobraziliense.com.br\/blog-da-rosana-hessel\/lula-e-haddad-precisam-agradecer-a-campos-neto-por-entregar-inflacao-na-meta\/#breadcrumb","itemListElement":[{"@type":"ListItem","position":1,"name":"In\u00edcio","item":"https:\/\/newblogs.correiobraziliense.com.br\/blog-da-rosana-hessel\/"},{"@type":"ListItem","position":2,"name":"Lula e Haddad precisam agradecer a Campos Neto por entregar infla\u00e7\u00e3o na meta"}]},{"@type":"WebSite","@id":"https:\/\/newblogs.correiobraziliense.com.br\/blog-da-rosana-hessel\/#website","url":"https:\/\/newblogs.correiobraziliense.com.br\/blog-da-rosana-hessel\/","name":"Blog da Rosana Hessel","description":"Not\u00edcias atualizadas e an\u00e1lises sobre economia. Acompanhe-nos para entender as tend\u00eancias e os impactos econ\u00f4micos que influenciam o seu dia a dia, tanto no Brasil quanto no exterior.","potentialAction":[{"@type":"SearchAction","target":{"@type":"EntryPoint","urlTemplate":"https:\/\/newblogs.correiobraziliense.com.br\/blog-da-rosana-hessel\/?s={search_term_string}"},"query-input":{"@type":"PropertyValueSpecification","valueRequired":true,"valueName":"search_term_string"}}],"inLanguage":"pt-BR"},{"@type":"Person","@id":"https:\/\/newblogs.correiobraziliense.com.br\/blog-da-rosana-hessel\/#\/schema\/person\/824cb3c631cf0d4056f75ca02599a930","name":"Rosana Hessel","image":{"@type":"ImageObject","inLanguage":"pt-BR","@id":"https:\/\/secure.gravatar.com\/avatar\/fe780cf1839cf10cd6d682fb080611e0d2a459b64be8a8781778109777fbcfd3?s=96&d=mm&r=g","url":"https:\/\/secure.gravatar.com\/avatar\/fe780cf1839cf10cd6d682fb080611e0d2a459b64be8a8781778109777fbcfd3?s=96&d=mm&r=g","contentUrl":"https:\/\/secure.gravatar.com\/avatar\/fe780cf1839cf10cd6d682fb080611e0d2a459b64be8a8781778109777fbcfd3?s=96&d=mm&r=g","caption":"Rosana Hessel"},"description":"Formada pela Pontif\u00edcia Universidade Cat\u00f3lica de S\u00e3o Paulo (PUC-SP), \u00e9 jornalista de economia desde 1995, quando passou a integrar o time da Gazeta Mercantil. Est\u00e1 sempre atr\u00e1s da boa informa\u00e7\u00e3o. Possui especializa\u00e7\u00e3o em economia pela FGV e MBA em Finan\u00e7as pela FIA-USP. Trabalha no Correio Braziliense desde 2010. Ganhou o Pr\u00eamio Esso de Jornalismo Econ\u00f4mico em 2014 e em 2015 com a equipe do Correio. Foi finalista entre os 50 jornalistas +Admirados da Imprensa de Economia, Neg\u00f3cios e Finan\u00e7as 2024, promovido pela Jornalistas&amp;Cia.","url":"https:\/\/newblogs.correiobraziliense.com.br\/blog-da-rosana-hessel\/author\/rosanahessel\/"}]}},"_links":{"self":[{"href":"https:\/\/newblogs.correiobraziliense.com.br\/blog-da-rosana-hessel\/wp-json\/wp\/v2\/posts\/29542","targetHints":{"allow":["GET"]}}],"collection":[{"href":"https:\/\/newblogs.correiobraziliense.com.br\/blog-da-rosana-hessel\/wp-json\/wp\/v2\/posts"}],"about":[{"href":"https:\/\/newblogs.correiobraziliense.com.br\/blog-da-rosana-hessel\/wp-json\/wp\/v2\/types\/post"}],"author":[{"embeddable":true,"href":"https:\/\/newblogs.correiobraziliense.com.br\/blog-da-rosana-hessel\/wp-json\/wp\/v2\/users\/10"}],"replies":[{"embeddable":true,"href":"https:\/\/newblogs.correiobraziliense.com.br\/blog-da-rosana-hessel\/wp-json\/wp\/v2\/comments?post=29542"}],"version-history":[{"count":0,"href":"https:\/\/newblogs.correiobraziliense.com.br\/blog-da-rosana-hessel\/wp-json\/wp\/v2\/posts\/29542\/revisions"}],"wp:featuredmedia":[{"embeddable":true,"href":"https:\/\/newblogs.correiobraziliense.com.br\/blog-da-rosana-hessel\/wp-json\/"}],"wp:attachment":[{"href":"https:\/\/newblogs.correiobraziliense.com.br\/blog-da-rosana-hessel\/wp-json\/wp\/v2\/media?parent=29542"}],"wp:term":[{"taxonomy":"category","embeddable":true,"href":"https:\/\/newblogs.correiobraziliense.com.br\/blog-da-rosana-hessel\/wp-json\/wp\/v2\/categories?post=29542"},{"taxonomy":"post_tag","embeddable":true,"href":"https:\/\/newblogs.correiobraziliense.com.br\/blog-da-rosana-hessel\/wp-json\/wp\/v2\/tags?post=29542"}],"curies":[{"name":"wp","href":"https:\/\/api.w.org\/{rel}","templated":true}]}}