{"id":29422,"date":"2023-12-20T07:46:05","date_gmt":"2023-12-20T10:46:05","guid":{"rendered":"https:\/\/blogs.correiobraziliense.com.br\/vicente\/?p=29422"},"modified":"2023-12-20T07:46:05","modified_gmt":"2023-12-20T10:46:05","slug":"genial-quaest-lula-termina-o-ano-com-nota-57-e-aprovacao-de-54","status":"publish","type":"post","link":"https:\/\/newblogs.correiobraziliense.com.br\/blog-da-rosana-hessel\/genial-quaest-lula-termina-o-ano-com-nota-57-e-aprovacao-de-54\/","title":{"rendered":"Genial\/Quaest: Lula termina o ano com nota 5,7 e aprova\u00e7\u00e3o de 54%"},"content":{"rendered":"<p>ROSANA HESSEL<\/p>\n<p>&nbsp;<\/p>\n<p>&nbsp;<\/p>\n<p><span style=\"font-weight: 400\">Conforme dados da sexta e \u00faltima rodada da pesquisa Genial\/Quaest de 2023, divulgada nesta quarta-feira (20\/12), a aprova\u00e7\u00e3o do trabalho do presidente Luiz In\u00e1cio Lula da Silva fecha o primeiro ano do governo em 54% dos eleitores, mesmo percentual da rodada anterior, de outubro. E a desaprova\u00e7\u00e3o subiu um ponto percentual, para 43%.\u00a0<\/span><\/p>\n<p>&nbsp;<\/p>\n<p><span style=\"font-weight: 400\">No c\u00f4mputo geral, a nota que o governo Lula recebe ao final de seu primeiro ano\u00a0 \u00e9 de 5,7. E a grande maioria dos eleitores (88%) n\u00e3o se arrepende do voto.<\/span><\/p>\n<p>&nbsp;<\/p>\n<p><span style=\"font-weight: 400\">Em linha com o desempenho na elei\u00e7\u00e3o, a aprova\u00e7\u00e3o \u00e9 maior no Nordeste (70%), entre os mais pobres (64%), entre os eleitores pretos (63%) e cat\u00f3licos (61%), de acordo com a pesquisa da Quaest encomendada pela Genial Investimentos. Em rela\u00e7\u00e3o a outubro, o desempenho registrou pouca varia\u00e7\u00e3o.<\/span><\/p>\n<p>&nbsp;<\/p>\n<p><span style=\"font-weight: 400\">A avalia\u00e7\u00e3o geral do governo Lula tamb\u00e9m mostra divis\u00e3o, pois 36% fazem avalia\u00e7\u00e3o positiva &#8212; mesmo percentual da edi\u00e7\u00e3o de abril &#8211;, 32% acham que o governo \u00e9 regular e 29%, negativo. A mesma divis\u00e3o ocorre na compara\u00e7\u00e3o dos eleitores com os dois mandatos anteriores do petista. O atual governo est\u00e1 pior para 36%, e melhor para 29%. E, para 32% o atual mandato est\u00e1 igual aos anteriores.<\/span><\/p>\n<p>&nbsp;<\/p>\n<p><span style=\"font-weight: 400\">Em rela\u00e7\u00e3o \u00e0 polariza\u00e7\u00e3o, na opini\u00e3o de 58% dos entrevistados, o governo Lula contribuiu para dividir o pa\u00eds, contra 35% que avaliam o contr\u00e1rio, que Lula contribuiu para a uni\u00e3o.<\/span><\/p>\n<p>&nbsp;<\/p>\n<p><b>Otimismo com a economia<\/b><\/p>\n<p>&nbsp;<\/p>\n<p><span style=\"font-weight: 400\">Apesar da polariza\u00e7\u00e3o e do crescimento da desaprova\u00e7\u00e3o, os brasileiros est\u00e3o otimistas com a economia, de acordo com o levantamento: 54% acreditam que a situa\u00e7\u00e3o vai melhorar nos pr\u00f3ximos 12 meses.\u00a0<\/span><\/p>\n<p>&nbsp;<\/p>\n<p><span style=\"font-weight: 400\">O otimismo est\u00e1 presente tamb\u00e9m no percentual dos que consideram que o Brasil est\u00e1 na dire\u00e7\u00e3o certa passou de 43%, em outubro, para 45%, enquanto os que t\u00eam opini\u00e3o contr\u00e1ria somam hoje 43%, com recuo de 6 pontos percentuais no mesmo per\u00edodo.<\/span><\/p>\n<p>&nbsp;<\/p>\n<p><span style=\"font-weight: 400\">Segundo dados da pesquisa, esse otimismo tamb\u00e9m pode ser explicado pela avalia\u00e7\u00e3o do relacionamento de Lula com o Congresso Nacional. Para 50% o presidente tem mais facilidade do que Jair Bolsonaro nesse campo, com crescimento de nove pontos percentuais sobre a pesquisa de outubro. O percentual de entrevistados que consideram que essa rela\u00e7\u00e3o mais dif\u00edcil recuou de 43% para 36% na mesma base de compara\u00e7\u00e3o.<\/span><\/p>\n<p>&nbsp;<\/p>\n<p><span style=\"font-weight: 400\">A Quaest realizou 2.012 entrevistas presenciais entre os dias 14 e 18 de dezembro, em todos os estados. A margem de erro \u00e9 de 2,2 pontos percentuais.<\/span><\/p>\n<p>&nbsp;<\/p>\n<p><strong>Veja abaixo alguns destaques da pesquisa:<\/strong><\/p>\n<p>&nbsp;<\/p>\n<p><a href=\"https:\/\/blogs.correiobraziliense.com.br\/vicente\/wp-content\/uploads\/sites\/16\/2023\/12\/genialquaest2dez23.jpg\"><img loading=\"lazy\" decoding=\"async\" class=\"alignnone size-large wp-image-29428\" src=\"https:\/\/blogs.correiobraziliense.com.br\/vicente\/wp-content\/uploads\/sites\/16\/2023\/12\/genialquaest2dez23-908x1024.jpg\" alt=\"\" width=\"908\" height=\"1024\" \/><\/a> <a href=\"https:\/\/blogs.correiobraziliense.com.br\/vicente\/wp-content\/uploads\/sites\/16\/2023\/12\/genialquaest3dez23.jpg\"><img loading=\"lazy\" decoding=\"async\" class=\"alignnone size-large wp-image-29429\" src=\"https:\/\/blogs.correiobraziliense.com.br\/vicente\/wp-content\/uploads\/sites\/16\/2023\/12\/genialquaest3dez23-908x1024.jpg\" alt=\"\" width=\"908\" height=\"1024\" \/><\/a> <a href=\"https:\/\/blogs.correiobraziliense.com.br\/vicente\/wp-content\/uploads\/sites\/16\/2023\/12\/genialquaest1dez23.jpg\"><img loading=\"lazy\" decoding=\"async\" class=\"alignnone size-large wp-image-29430\" src=\"https:\/\/blogs.correiobraziliense.com.br\/vicente\/wp-content\/uploads\/sites\/16\/2023\/12\/genialquaest1dez23-594x1024.jpg\" alt=\"\" width=\"594\" height=\"1024\" \/><\/a><\/p>\n<p>&nbsp;<\/p>\n<p>&nbsp;<\/p>\n","protected":false},"excerpt":{"rendered":"<p>ROSANA HESSEL &nbsp; &nbsp; Conforme dados da sexta e \u00faltima rodada da pesquisa Genial\/Quaest de 2023, divulgada nesta quarta-feira (20\/12), a aprova\u00e7\u00e3o do trabalho do presidente Luiz In\u00e1cio Lula da Silva fecha o primeiro ano do governo em 54% dos eleitores, mesmo percentual da rodada anterior, de outubro. E a desaprova\u00e7\u00e3o subiu um ponto percentual, [&hellip;]<\/p>\n","protected":false},"author":10,"featured_media":22137,"comment_status":"open","ping_status":"closed","sticky":false,"template":"","format":"standard","meta":{"_acf_changed":false,"inline_featured_image":false,"footnotes":""},"categories":[4],"tags":[1309,1310,118,562,254],"class_list":["post-29422","post","type-post","status-publish","format-standard","has-post-thumbnail","hentry","category-economia","tag-aprovacao","tag-avaliacao-do-governo","tag-lula","tag-pesquisa-genial-quaest","tag-polarizacao"],"acf":[],"yoast_head":"<!-- This site is optimized with the Yoast SEO plugin v27.3 - https:\/\/yoast.com\/product\/yoast-seo-wordpress\/ -->\n<title>Genial\/Quaest: Lula termina o ano com nota 5,7 e aprova\u00e7\u00e3o de 54%<\/title>\n<meta name=\"description\" content=\"Pesquisa Genial\/Quaest revela aumento da desaprova\u00e7\u00e3o para 43%, mas 54% acreditam que a situa\u00e7\u00e3o vai melhorar nos pr\u00f3ximos 12 meses.\u00a0\" \/>\n<meta name=\"robots\" content=\"index, follow, max-snippet:-1, max-image-preview:large, max-video-preview:-1\" \/>\n<link rel=\"canonical\" href=\"https:\/\/newblogs.correiobraziliense.com.br\/blog-da-rosana-hessel\/genial-quaest-lula-termina-o-ano-com-nota-57-e-aprovacao-de-54\/\" \/>\n<meta property=\"og:locale\" content=\"pt_BR\" \/>\n<meta property=\"og:type\" content=\"article\" \/>\n<meta property=\"og:title\" content=\"Genial\/Quaest: Lula termina o ano com nota 5,7 e aprova\u00e7\u00e3o de 54%\" \/>\n<meta property=\"og:description\" content=\"Pesquisa Genial\/Quaest revela aumento da desaprova\u00e7\u00e3o para 43%, mas 54% acreditam que a situa\u00e7\u00e3o vai melhorar nos pr\u00f3ximos 12 meses.\u00a0\" \/>\n<meta property=\"og:url\" content=\"https:\/\/newblogs.correiobraziliense.com.br\/blog-da-rosana-hessel\/genial-quaest-lula-termina-o-ano-com-nota-57-e-aprovacao-de-54\/\" \/>\n<meta property=\"og:site_name\" content=\"Blog da Rosana Hessel\" \/>\n<meta property=\"article:published_time\" content=\"2023-12-20T10:46:05+00:00\" \/>\n<meta property=\"og:image\" content=\"https:\/\/newblogs.correiobraziliense.com.br\/blog-da-rosana-hessel\/wp-content\/uploads\/sites\/5\/2024\/06\/IMG_7392-1.png\" \/>\n\t<meta property=\"og:image:width\" content=\"1200\" \/>\n\t<meta property=\"og:image:height\" content=\"675\" \/>\n\t<meta property=\"og:image:type\" content=\"image\/png\" \/>\n<meta name=\"author\" content=\"Rosana Hessel\" \/>\n<!-- \/ Yoast SEO plugin. -->","yoast_head_json":{"title":"Genial\/Quaest: Lula termina o ano com nota 5,7 e aprova\u00e7\u00e3o de 54%","description":"Pesquisa Genial\/Quaest revela aumento da desaprova\u00e7\u00e3o para 43%, mas 54% acreditam que a situa\u00e7\u00e3o vai melhorar nos pr\u00f3ximos 12 meses.\u00a0","robots":{"index":"index","follow":"follow","max-snippet":"max-snippet:-1","max-image-preview":"max-image-preview:large","max-video-preview":"max-video-preview:-1"},"canonical":"https:\/\/newblogs.correiobraziliense.com.br\/blog-da-rosana-hessel\/genial-quaest-lula-termina-o-ano-com-nota-57-e-aprovacao-de-54\/","og_locale":"pt_BR","og_type":"article","og_title":"Genial\/Quaest: Lula termina o ano com nota 5,7 e aprova\u00e7\u00e3o de 54%","og_description":"Pesquisa Genial\/Quaest revela aumento da desaprova\u00e7\u00e3o para 43%, mas 54% acreditam que a situa\u00e7\u00e3o vai melhorar nos pr\u00f3ximos 12 meses.\u00a0","og_url":"https:\/\/newblogs.correiobraziliense.com.br\/blog-da-rosana-hessel\/genial-quaest-lula-termina-o-ano-com-nota-57-e-aprovacao-de-54\/","og_site_name":"Blog da Rosana Hessel","article_published_time":"2023-12-20T10:46:05+00:00","og_image":[{"width":1200,"height":675,"url":"https:\/\/newblogs.correiobraziliense.com.br\/blog-da-rosana-hessel\/wp-content\/uploads\/sites\/5\/2024\/06\/IMG_7392-1.png","type":"image\/png"}],"author":"Rosana Hessel","schema":{"@context":"https:\/\/schema.org","@graph":[{"@type":"Article","@id":"https:\/\/newblogs.correiobraziliense.com.br\/blog-da-rosana-hessel\/genial-quaest-lula-termina-o-ano-com-nota-57-e-aprovacao-de-54\/#article","isPartOf":{"@id":"https:\/\/newblogs.correiobraziliense.com.br\/blog-da-rosana-hessel\/genial-quaest-lula-termina-o-ano-com-nota-57-e-aprovacao-de-54\/"},"author":{"name":"Rosana Hessel","@id":"https:\/\/newblogs.correiobraziliense.com.br\/blog-da-rosana-hessel\/#\/schema\/person\/824cb3c631cf0d4056f75ca02599a930"},"headline":"Genial\/Quaest: Lula termina o ano com nota 5,7 e aprova\u00e7\u00e3o de 54%","datePublished":"2023-12-20T10:46:05+00:00","mainEntityOfPage":{"@id":"https:\/\/newblogs.correiobraziliense.com.br\/blog-da-rosana-hessel\/genial-quaest-lula-termina-o-ano-com-nota-57-e-aprovacao-de-54\/"},"wordCount":437,"commentCount":0,"image":{"@id":"https:\/\/newblogs.correiobraziliense.com.br\/blog-da-rosana-hessel\/genial-quaest-lula-termina-o-ano-com-nota-57-e-aprovacao-de-54\/#primaryimage"},"thumbnailUrl":"","keywords":["aprova\u00e7\u00e3o","avalia\u00e7\u00e3o do governo","Lula","Pesquisa Genial\/Quaest","polariza\u00e7\u00e3o"],"articleSection":["Economia"],"inLanguage":"pt-BR"},{"@type":"WebPage","@id":"https:\/\/newblogs.correiobraziliense.com.br\/blog-da-rosana-hessel\/genial-quaest-lula-termina-o-ano-com-nota-57-e-aprovacao-de-54\/","url":"https:\/\/newblogs.correiobraziliense.com.br\/blog-da-rosana-hessel\/genial-quaest-lula-termina-o-ano-com-nota-57-e-aprovacao-de-54\/","name":"Genial\/Quaest: Lula termina o ano com nota 5,7 e aprova\u00e7\u00e3o de 54%","isPartOf":{"@id":"https:\/\/newblogs.correiobraziliense.com.br\/blog-da-rosana-hessel\/#website"},"primaryImageOfPage":{"@id":"https:\/\/newblogs.correiobraziliense.com.br\/blog-da-rosana-hessel\/genial-quaest-lula-termina-o-ano-com-nota-57-e-aprovacao-de-54\/#primaryimage"},"image":{"@id":"https:\/\/newblogs.correiobraziliense.com.br\/blog-da-rosana-hessel\/genial-quaest-lula-termina-o-ano-com-nota-57-e-aprovacao-de-54\/#primaryimage"},"thumbnailUrl":"","datePublished":"2023-12-20T10:46:05+00:00","author":{"@id":"https:\/\/newblogs.correiobraziliense.com.br\/blog-da-rosana-hessel\/#\/schema\/person\/824cb3c631cf0d4056f75ca02599a930"},"description":"Pesquisa Genial\/Quaest revela aumento da desaprova\u00e7\u00e3o para 43%, mas 54% acreditam que a situa\u00e7\u00e3o vai melhorar nos pr\u00f3ximos 12 meses.\u00a0","breadcrumb":{"@id":"https:\/\/newblogs.correiobraziliense.com.br\/blog-da-rosana-hessel\/genial-quaest-lula-termina-o-ano-com-nota-57-e-aprovacao-de-54\/#breadcrumb"},"inLanguage":"pt-BR","potentialAction":[{"@type":"ReadAction","target":["https:\/\/newblogs.correiobraziliense.com.br\/blog-da-rosana-hessel\/genial-quaest-lula-termina-o-ano-com-nota-57-e-aprovacao-de-54\/"]}]},{"@type":"ImageObject","inLanguage":"pt-BR","@id":"https:\/\/newblogs.correiobraziliense.com.br\/blog-da-rosana-hessel\/genial-quaest-lula-termina-o-ano-com-nota-57-e-aprovacao-de-54\/#primaryimage","url":"","contentUrl":""},{"@type":"BreadcrumbList","@id":"https:\/\/newblogs.correiobraziliense.com.br\/blog-da-rosana-hessel\/genial-quaest-lula-termina-o-ano-com-nota-57-e-aprovacao-de-54\/#breadcrumb","itemListElement":[{"@type":"ListItem","position":1,"name":"In\u00edcio","item":"https:\/\/newblogs.correiobraziliense.com.br\/blog-da-rosana-hessel\/"},{"@type":"ListItem","position":2,"name":"Genial\/Quaest: Lula termina o ano com nota 5,7 e aprova\u00e7\u00e3o de 54%"}]},{"@type":"WebSite","@id":"https:\/\/newblogs.correiobraziliense.com.br\/blog-da-rosana-hessel\/#website","url":"https:\/\/newblogs.correiobraziliense.com.br\/blog-da-rosana-hessel\/","name":"Blog da Rosana Hessel","description":"Not\u00edcias atualizadas e an\u00e1lises sobre economia. Acompanhe-nos para entender as tend\u00eancias e os impactos econ\u00f4micos que influenciam o seu dia a dia, tanto no Brasil quanto no exterior.","potentialAction":[{"@type":"SearchAction","target":{"@type":"EntryPoint","urlTemplate":"https:\/\/newblogs.correiobraziliense.com.br\/blog-da-rosana-hessel\/?s={search_term_string}"},"query-input":{"@type":"PropertyValueSpecification","valueRequired":true,"valueName":"search_term_string"}}],"inLanguage":"pt-BR"},{"@type":"Person","@id":"https:\/\/newblogs.correiobraziliense.com.br\/blog-da-rosana-hessel\/#\/schema\/person\/824cb3c631cf0d4056f75ca02599a930","name":"Rosana Hessel","image":{"@type":"ImageObject","inLanguage":"pt-BR","@id":"https:\/\/secure.gravatar.com\/avatar\/fe780cf1839cf10cd6d682fb080611e0d2a459b64be8a8781778109777fbcfd3?s=96&d=mm&r=g","url":"https:\/\/secure.gravatar.com\/avatar\/fe780cf1839cf10cd6d682fb080611e0d2a459b64be8a8781778109777fbcfd3?s=96&d=mm&r=g","contentUrl":"https:\/\/secure.gravatar.com\/avatar\/fe780cf1839cf10cd6d682fb080611e0d2a459b64be8a8781778109777fbcfd3?s=96&d=mm&r=g","caption":"Rosana Hessel"},"description":"Formada pela Pontif\u00edcia Universidade Cat\u00f3lica de S\u00e3o Paulo (PUC-SP), \u00e9 jornalista de economia desde 1995, quando passou a integrar o time da Gazeta Mercantil. Est\u00e1 sempre atr\u00e1s da boa informa\u00e7\u00e3o. Possui especializa\u00e7\u00e3o em economia pela FGV e MBA em Finan\u00e7as pela FIA-USP. Trabalha no Correio Braziliense desde 2010. Ganhou o Pr\u00eamio Esso de Jornalismo Econ\u00f4mico em 2014 e em 2015 com a equipe do Correio. Foi finalista entre os 50 jornalistas +Admirados da Imprensa de Economia, Neg\u00f3cios e Finan\u00e7as 2024, promovido pela Jornalistas&amp;Cia.","url":"https:\/\/newblogs.correiobraziliense.com.br\/blog-da-rosana-hessel\/author\/rosanahessel\/"}]}},"_links":{"self":[{"href":"https:\/\/newblogs.correiobraziliense.com.br\/blog-da-rosana-hessel\/wp-json\/wp\/v2\/posts\/29422","targetHints":{"allow":["GET"]}}],"collection":[{"href":"https:\/\/newblogs.correiobraziliense.com.br\/blog-da-rosana-hessel\/wp-json\/wp\/v2\/posts"}],"about":[{"href":"https:\/\/newblogs.correiobraziliense.com.br\/blog-da-rosana-hessel\/wp-json\/wp\/v2\/types\/post"}],"author":[{"embeddable":true,"href":"https:\/\/newblogs.correiobraziliense.com.br\/blog-da-rosana-hessel\/wp-json\/wp\/v2\/users\/10"}],"replies":[{"embeddable":true,"href":"https:\/\/newblogs.correiobraziliense.com.br\/blog-da-rosana-hessel\/wp-json\/wp\/v2\/comments?post=29422"}],"version-history":[{"count":0,"href":"https:\/\/newblogs.correiobraziliense.com.br\/blog-da-rosana-hessel\/wp-json\/wp\/v2\/posts\/29422\/revisions"}],"wp:featuredmedia":[{"embeddable":true,"href":"https:\/\/newblogs.correiobraziliense.com.br\/blog-da-rosana-hessel\/wp-json\/"}],"wp:attachment":[{"href":"https:\/\/newblogs.correiobraziliense.com.br\/blog-da-rosana-hessel\/wp-json\/wp\/v2\/media?parent=29422"}],"wp:term":[{"taxonomy":"category","embeddable":true,"href":"https:\/\/newblogs.correiobraziliense.com.br\/blog-da-rosana-hessel\/wp-json\/wp\/v2\/categories?post=29422"},{"taxonomy":"post_tag","embeddable":true,"href":"https:\/\/newblogs.correiobraziliense.com.br\/blog-da-rosana-hessel\/wp-json\/wp\/v2\/tags?post=29422"}],"curies":[{"name":"wp","href":"https:\/\/api.w.org\/{rel}","templated":true}]}}