{"id":29348,"date":"2023-12-13T18:35:06","date_gmt":"2023-12-13T21:35:06","guid":{"rendered":"https:\/\/blogs.correiobraziliense.com.br\/vicente\/?p=29348"},"modified":"2023-12-13T18:35:06","modified_gmt":"2023-12-13T21:35:06","slug":"banco-central-reduz-taxa-de-juros-para-1175-ao-ano","status":"publish","type":"post","link":"https:\/\/newblogs.correiobraziliense.com.br\/blog-da-rosana-hessel\/banco-central-reduz-taxa-de-juros-para-1175-ao-ano\/","title":{"rendered":"Banco Central reduz taxa de juros para 11,75% ao ano"},"content":{"rendered":"<p>ROSANA HESSEL<\/p>\n<p>&nbsp;<\/p>\n<p>O Banco Central decidiu, nesta quarta-feira (13\/12), reduzir a taxa b\u00e1sica da economia (Selic) em mais 0,50 ponto percentual, pela quarta reuni\u00e3o consecutiva do Comit\u00ea de Pol\u00edtica Monet\u00e1ria (Copom). A medida era esperada pelo mercado, pois a magnitude do corte foi sinalizada pelo colegiado na \u00faltima reuni\u00e3o, entre os dias 31 de outubro e 1\u00ba de novembro.<\/p>\n<p>&nbsp;<\/p>\n<p>Com isso, a taxa Selic passou de 12,25% para 11,75% ao ano, o menor patamar desde mar\u00e7o de 2022. A decis\u00e3o foi un\u00e2nime e os diretores do BC voltaram a alertar sobre a import\u00e2ncia da manuten\u00e7\u00e3o da meta fiscal, que ainda n\u00e3o foi aprovada pelo Congresso e corre o risco de ser alterada. &#8220;Tendo em conta a import\u00e2ncia da execu\u00e7\u00e3o das metas fiscais j\u00e1 estabelecidas para a ancoragem das expectativas de infla\u00e7\u00e3o e, consequentemente, para a condu\u00e7\u00e3o da pol\u00edtica monet\u00e1ria, o Comit\u00ea reafirma a import\u00e2ncia da firme persecu\u00e7\u00e3o dessas metas&#8221;, informou o comunicado.<\/p>\n<p>&nbsp;<\/p>\n<p>De acordo com a nota do Copom, se o cen\u00e1rio esperado for confirmado, haver\u00e1 &#8220;redu\u00e7\u00e3o de mesma magnitude nas pr\u00f3ximas reuni\u00f5es&#8221;. Segundo os diretores do BC,\u00a0&#8220;esse \u00e9 o ritmo apropriado para manter a pol\u00edtica monet\u00e1ria contracionista necess\u00e1ria para o processo desinflacion\u00e1rio&#8221;.<\/p>\n<p>&nbsp;<\/p>\n<p>&#8220;A redu\u00e7\u00e3o da Selic anunciada, hoje, pelo Banco Central, de 12,25% ao ano para\u00a011,75% ao ano ter\u00e1 um efeito muito pequeno nas opera\u00e7\u00f5es de cr\u00e9dito e esse fato ocorre uma vez que existe um deslocamento muito grande entre a taxa Selic e as taxas de\u00a0juros cobradas aos consumidores que na m\u00e9dia da pessoa f\u00edsica atingem 122,04% ao ano\u00a0provocando uma varia\u00e7\u00e3o de mais de 800% entre as duas pontas&#8221;, avaliou Miguel Jos\u00e9 Ribeiro de Oliveira, diretor executivo de Estudos e Pesquisas Econ\u00f4micas da Associa\u00e7\u00e3o Nacional dos\u00a0Executivos de\u00a0Finan\u00e7as Administra\u00e7\u00e3o e Contabilidade (Anefac).<\/p>\n<p>&nbsp;<\/p>\n<p>A decis\u00e3o do Copom coincidiu com a reuni\u00e3o Fomc, comit\u00ea de pol\u00edtica monet\u00e1ria do Federal Reserve (Fed, banco central dos Estados Unidos), em mais uma &#8220;super quarta&#8221; para o mercado financeiro. Na tarde de hoje, o Fed manteve as taxas de juros no intervalo de 5,25% a 5,50% ao ano e informou que &#8220;continuar\u00e1 a avaliar as informa\u00e7\u00f5es da pol\u00edtica monet\u00e1ria&#8221; e ainda manteve preocupa\u00e7\u00e3o com as indicadores do custo de vida. &#8220;A infla\u00e7\u00e3o diminuiu ao longo do ano passado, mas permanece elevada&#8221;, destacou o comunicado do Fomc. Al\u00e9m disso, informou que o comit\u00ea continuar\u00e1 a reduzir as\u00a0 participa\u00e7\u00f5es em t\u00edtulos do Tesouro norte-americano e d\u00edvida de ag\u00eancias e t\u00edtulos garantidos por hipotecas de ag\u00eancias, conforme descrito nos seus planos anunciados anteriormente. &#8220;O Comit\u00e9 est\u00e1 fortemente empenhado em fazer com que a infla\u00e7\u00e3o regresse ao seu objetivo de 2%&#8221;, destacou a nota.<\/p>\n<p>&nbsp;<\/p>\n<p>\u201cComo todos esperavam que o Federal Reserve pusesse fim ao atual rali em curso, sinalizando a necessidade de uma postura mais agressiva para combater a infla\u00e7\u00e3o ainda persistente, o presidente da autoridade monet\u00e1ria Jerome Powell e os seus pares mostraram claramente que o ciclo de subida das taxas terminou e que dois ou mais cortes nas taxas est\u00e3o provavelmente a caminho em 2024&#8243;,\u00a0 destacou\u00a0Thomas Monteiro,\u00a0 editor principal da se\u00e7\u00e3o de Opini\u00e3o e An\u00e1lise do Investing.com. Segundo ele, a decis\u00e3o de hoje significa risco\u00a0tamb\u00e9m para o pr\u00f3prio Fed, \u201c\u00e0 medida que Powell se debate com a ideia de que a infla\u00e7\u00e3o n\u00e3o regressar\u00e1 em temida segunda onda\u201d.<\/p>\n<p>&nbsp;<\/p>\n<p><strong>Veja a \u00edntegra da nota do Copom divulgada nesta quarta-feira:<\/strong><\/p>\n<p style=\"text-align: left\">\n<\/p><p style=\"text-align: left\"><em>O ambiente externo segue vol\u00e1til e mostra-se menos adverso do que na reuni\u00e3o anterior, marcado pelo arrefecimento das taxas de juros de prazos mais longos nos Estados Unidos e de sinais incipientes de queda dos n\u00facleos de infla\u00e7\u00e3o, que ainda permanecem em n\u00edveis elevados em diversos pa\u00edses. \u00a0Os bancos centrais das principais economias permanecem determinados em promover a converg\u00eancia das taxas de infla\u00e7\u00e3o para suas metas em um ambiente marcado por press\u00f5es nos mercados de trabalho. O Comit\u00ea avalia que o cen\u00e1rio segue exigindo cautela por parte de pa\u00edses emergentes.<\/em><\/p>\n<div class=\"row\" style=\"text-align: left\">\n<div class=\"col-md-10\">\n<div class=\"corpo\">\n<p><em>Em rela\u00e7\u00e3o ao cen\u00e1rio dom\u00e9stico, o conjunto dos indicadores de atividade econ\u00f4mica segue consistente com o cen\u00e1rio de desacelera\u00e7\u00e3o da economia antecipado pelo Copom. A infla\u00e7\u00e3o cheia ao consumidor, conforme esperado, manteve trajet\u00f3ria de desinfla\u00e7\u00e3o, com destaque para as medidas de infla\u00e7\u00e3o subjacente, que se aproximam da meta para a infla\u00e7\u00e3o nas divulga\u00e7\u00f5es mais recentes.<\/em><\/p>\n<p><em>As expectativas de infla\u00e7\u00e3o para 2023, 2024 e 2025 apuradas pela pesquisa Focus encontram-se em torno de 4,5%, 3,9% e 3,5%, respectivamente.<\/em><\/p>\n<p><em>As proje\u00e7\u00f5es de infla\u00e7\u00e3o do Copom em seu cen\u00e1rio de refer\u00eancia* situam-se em 4,6% em 2023, 3,5% em 2024 e 3,2% em 2025. As proje\u00e7\u00f5es para a infla\u00e7\u00e3o de pre\u00e7os administrados s\u00e3o de 9,1% em 2023, 4,5% em 2024 e 3,6% em 2025.<\/em><\/p>\n<p><em>O Comit\u00ea ressalta que, em seus cen\u00e1rios para a infla\u00e7\u00e3o, permanecem fatores de risco em ambas as dire\u00e7\u00f5es. Entre os riscos de alta para o cen\u00e1rio inflacion\u00e1rio e as expectativas de infla\u00e7\u00e3o, destacam-se (i) uma maior persist\u00eancia das press\u00f5es inflacion\u00e1rias globais; e (ii) uma maior resili\u00eancia na infla\u00e7\u00e3o de servi\u00e7os do que a projetada em fun\u00e7\u00e3o de um hiato do produto mais apertado. Entre os riscos de baixa, ressaltam-se (i) uma desacelera\u00e7\u00e3o da atividade econ\u00f4mica global mais acentuada do que a projetada; e (ii) os impactos do aperto monet\u00e1rio sincronizado sobre a desinfla\u00e7\u00e3o global se mostrarem mais fortes do que o esperado. \u00a0O Comit\u00ea avalia que a conjuntura, em particular devido ao cen\u00e1rio internacional, segue incerta e exige cautela na condu\u00e7\u00e3o da pol\u00edtica monet\u00e1ria.<\/em><\/p>\n<p><em>Tendo em conta a import\u00e2ncia da execu\u00e7\u00e3o das metas fiscais j\u00e1 estabelecidas para a ancoragem das expectativas de infla\u00e7\u00e3o e, consequentemente, para a condu\u00e7\u00e3o da pol\u00edtica monet\u00e1ria, o Comit\u00ea reafirma a import\u00e2ncia da firme persecu\u00e7\u00e3o dessas metas.<\/em><\/p>\n<p><em>Considerando a evolu\u00e7\u00e3o do processo de desinfla\u00e7\u00e3o, os cen\u00e1rios avaliados, o balan\u00e7o de riscos e o amplo conjunto de informa\u00e7\u00f5es dispon\u00edveis, o Copom decidiu reduzir a taxa b\u00e1sica de juros em 0,50 ponto percentual, para 11,75% a.a., e entende que essa decis\u00e3o \u00e9 compat\u00edvel com a estrat\u00e9gia de converg\u00eancia da infla\u00e7\u00e3o para o redor da meta ao longo do horizonte relevante, que inclui o ano de 2024 e o de 2025. Sem preju\u00edzo de seu objetivo fundamental de assegurar a estabilidade de pre\u00e7os, essa decis\u00e3o tamb\u00e9m implica suaviza\u00e7\u00e3o das flutua\u00e7\u00f5es do n\u00edvel de atividade econ\u00f4mica e fomento do pleno emprego.<\/em><\/p>\n<p><em>A conjuntura atual, caracterizada por um est\u00e1gio do processo desinflacion\u00e1rio que tende a ser mais lento, expectativas de infla\u00e7\u00e3o com reancoragem apenas parcial e um cen\u00e1rio global desafiador, demanda serenidade e modera\u00e7\u00e3o na condu\u00e7\u00e3o da pol\u00edtica monet\u00e1ria. O Comit\u00ea refor\u00e7a a necessidade de perseverar com uma pol\u00edtica monet\u00e1ria contracionista at\u00e9 que se consolide n\u00e3o apenas o processo de desinfla\u00e7\u00e3o como tamb\u00e9m a ancoragem das expectativas em torno de suas metas.<\/em><\/p>\n<p><em>Em se confirmando o cen\u00e1rio esperado, os membros do Comit\u00ea, unanimemente, anteveem redu\u00e7\u00e3o de mesma magnitude nas pr\u00f3ximas reuni\u00f5es e avaliam que esse \u00e9 o ritmo apropriado para manter a pol\u00edtica monet\u00e1ria contracionista necess\u00e1ria para o processo desinflacion\u00e1rio. O Comit\u00ea enfatiza que a magnitude total do ciclo de flexibiliza\u00e7\u00e3o ao longo do tempo depender\u00e1 da evolu\u00e7\u00e3o da din\u00e2mica inflacion\u00e1ria, em especial dos componentes mais sens\u00edveis \u00e0 pol\u00edtica monet\u00e1ria e \u00e0 atividade econ\u00f4mica, das expectativas de infla\u00e7\u00e3o, em particular daquelas de maior prazo, de suas proje\u00e7\u00f5es de infla\u00e7\u00e3o, do hiato do produto e do balan\u00e7o de riscos.<\/em><\/p>\n<p><em>Votaram por uma redu\u00e7\u00e3o de 0,50 ponto percentual os seguintes membros do Comit\u00ea: Roberto de Oliveira Campos Neto (presidente), Ailton de Aquino Santos, Carolina de Assis Barros, Diogo Abry Guillen, Fernanda Magalh\u00e3es Rumenos Guardado, Gabriel Muricca Gal\u00edpolo, Maur\u00edcio Costa de Moura, Ot\u00e1vio Ribeiro Damaso e Renato Dias de Brito Gomes.<\/em><\/p>\n<p><em>\u00a0<\/em><\/p>\n<p><em>* No cen\u00e1rio de refer\u00eancia, a trajet\u00f3ria para a taxa de juros \u00e9 extra\u00edda da pesquisa Focus e a taxa de c\u00e2mbio parte de USD\/BRL 4,90, evoluindo segundo a paridade do poder de compra (PPC). O pre\u00e7o do petr\u00f3leo segue aproximadamente a curva futura pelos pr\u00f3ximos seis meses e passa a aumentar 2% ao ano posteriormente. Al\u00e9m disso, adota-se a hip\u00f3tese de bandeira tarif\u00e1ria &#8220;verde&#8221; em dezembro de 2024 e de 2025.\u00a0O valor para o c\u00e2mbio foi obtido pelo procedimento, que passou a ser adotado na 258\u00aa reuni\u00e3o, de arredondar a cota\u00e7\u00e3o m\u00e9dia da taxa de c\u00e2mbio USD\/BRL observada nos dez dias \u00fateis encerrados no \u00faltimo dia da semana anterior \u00e0 da reuni\u00e3o do Copom.<\/em><\/p>\n<\/div>\n<\/div>\n<\/div>\n<p style=\"text-align: left\">\n<\/p><p style=\"text-align: left\">\n<\/p><p>&nbsp;<\/p>\n","protected":false},"excerpt":{"rendered":"<p>ROSANA HESSEL &nbsp; O Banco Central decidiu, nesta quarta-feira (13\/12), reduzir a taxa b\u00e1sica da economia (Selic) em mais 0,50 ponto percentual, pela quarta reuni\u00e3o consecutiva do Comit\u00ea de Pol\u00edtica Monet\u00e1ria (Copom). A medida era esperada pelo mercado, pois a magnitude do corte foi sinalizada pelo colegiado na \u00faltima reuni\u00e3o, entre os dias 31 de [&hellip;]<\/p>\n","protected":false},"author":10,"featured_media":11505,"comment_status":"open","ping_status":"closed","sticky":false,"template":"","format":"standard","meta":{"_acf_changed":false,"inline_featured_image":false,"footnotes":""},"categories":[4],"tags":[82,83,32,39,84],"class_list":["post-29348","post","type-post","status-publish","format-standard","has-post-thumbnail","hentry","category-economia","tag-banco-central","tag-copom","tag-inflacao","tag-juros","tag-selic"],"acf":[],"yoast_head":"<!-- This site is optimized with the Yoast SEO plugin v27.3 - https:\/\/yoast.com\/product\/yoast-seo-wordpress\/ -->\n<title>Banco Central reduz taxa de juros para 11,75% ao ano<\/title>\n<meta name=\"description\" content=\"Pela quarta reuni\u00e3o seguida do Copom, Banco Central reduz a taxa Selic em mais 0,50 ponto percentual, para 11,75% ao ano.\" \/>\n<meta name=\"robots\" content=\"index, follow, max-snippet:-1, max-image-preview:large, max-video-preview:-1\" \/>\n<link rel=\"canonical\" href=\"https:\/\/newblogs.correiobraziliense.com.br\/blog-da-rosana-hessel\/banco-central-reduz-taxa-de-juros-para-1175-ao-ano\/\" \/>\n<meta property=\"og:locale\" content=\"pt_BR\" \/>\n<meta property=\"og:type\" content=\"article\" \/>\n<meta property=\"og:title\" content=\"Banco Central reduz taxa de juros para 11,75% ao ano\" \/>\n<meta property=\"og:description\" content=\"Pela quarta reuni\u00e3o seguida do Copom, Banco Central reduz a taxa Selic em mais 0,50 ponto percentual, para 11,75% ao ano.\" \/>\n<meta property=\"og:url\" content=\"https:\/\/newblogs.correiobraziliense.com.br\/blog-da-rosana-hessel\/banco-central-reduz-taxa-de-juros-para-1175-ao-ano\/\" \/>\n<meta property=\"og:site_name\" content=\"Blog da Rosana Hessel\" \/>\n<meta property=\"article:published_time\" content=\"2023-12-13T21:35:06+00:00\" \/>\n<meta property=\"og:image\" content=\"https:\/\/newblogs.correiobraziliense.com.br\/blog-da-rosana-hessel\/wp-content\/uploads\/sites\/5\/2024\/06\/IMG_7392-1.png\" \/>\n\t<meta property=\"og:image:width\" content=\"1200\" \/>\n\t<meta property=\"og:image:height\" content=\"675\" \/>\n\t<meta property=\"og:image:type\" content=\"image\/png\" \/>\n<meta name=\"author\" content=\"Rosana Hessel\" \/>\n<!-- \/ Yoast SEO plugin. -->","yoast_head_json":{"title":"Banco Central reduz taxa de juros para 11,75% ao ano","description":"Pela quarta reuni\u00e3o seguida do Copom, Banco Central reduz a taxa Selic em mais 0,50 ponto percentual, para 11,75% ao ano.","robots":{"index":"index","follow":"follow","max-snippet":"max-snippet:-1","max-image-preview":"max-image-preview:large","max-video-preview":"max-video-preview:-1"},"canonical":"https:\/\/newblogs.correiobraziliense.com.br\/blog-da-rosana-hessel\/banco-central-reduz-taxa-de-juros-para-1175-ao-ano\/","og_locale":"pt_BR","og_type":"article","og_title":"Banco Central reduz taxa de juros para 11,75% ao ano","og_description":"Pela quarta reuni\u00e3o seguida do Copom, Banco Central reduz a taxa Selic em mais 0,50 ponto percentual, para 11,75% ao ano.","og_url":"https:\/\/newblogs.correiobraziliense.com.br\/blog-da-rosana-hessel\/banco-central-reduz-taxa-de-juros-para-1175-ao-ano\/","og_site_name":"Blog da Rosana Hessel","article_published_time":"2023-12-13T21:35:06+00:00","og_image":[{"width":1200,"height":675,"url":"https:\/\/newblogs.correiobraziliense.com.br\/blog-da-rosana-hessel\/wp-content\/uploads\/sites\/5\/2024\/06\/IMG_7392-1.png","type":"image\/png"}],"author":"Rosana Hessel","schema":{"@context":"https:\/\/schema.org","@graph":[{"@type":"Article","@id":"https:\/\/newblogs.correiobraziliense.com.br\/blog-da-rosana-hessel\/banco-central-reduz-taxa-de-juros-para-1175-ao-ano\/#article","isPartOf":{"@id":"https:\/\/newblogs.correiobraziliense.com.br\/blog-da-rosana-hessel\/banco-central-reduz-taxa-de-juros-para-1175-ao-ano\/"},"author":{"name":"Rosana Hessel","@id":"https:\/\/newblogs.correiobraziliense.com.br\/blog-da-rosana-hessel\/#\/schema\/person\/824cb3c631cf0d4056f75ca02599a930"},"headline":"Banco Central reduz taxa de juros para 11,75% ao ano","datePublished":"2023-12-13T21:35:06+00:00","mainEntityOfPage":{"@id":"https:\/\/newblogs.correiobraziliense.com.br\/blog-da-rosana-hessel\/banco-central-reduz-taxa-de-juros-para-1175-ao-ano\/"},"wordCount":1523,"commentCount":0,"image":{"@id":"https:\/\/newblogs.correiobraziliense.com.br\/blog-da-rosana-hessel\/banco-central-reduz-taxa-de-juros-para-1175-ao-ano\/#primaryimage"},"thumbnailUrl":"","keywords":["Banco Central","Copom","infla\u00e7\u00e3o","juros","Selic"],"articleSection":["Economia"],"inLanguage":"pt-BR"},{"@type":"WebPage","@id":"https:\/\/newblogs.correiobraziliense.com.br\/blog-da-rosana-hessel\/banco-central-reduz-taxa-de-juros-para-1175-ao-ano\/","url":"https:\/\/newblogs.correiobraziliense.com.br\/blog-da-rosana-hessel\/banco-central-reduz-taxa-de-juros-para-1175-ao-ano\/","name":"Banco Central reduz taxa de juros para 11,75% ao ano","isPartOf":{"@id":"https:\/\/newblogs.correiobraziliense.com.br\/blog-da-rosana-hessel\/#website"},"primaryImageOfPage":{"@id":"https:\/\/newblogs.correiobraziliense.com.br\/blog-da-rosana-hessel\/banco-central-reduz-taxa-de-juros-para-1175-ao-ano\/#primaryimage"},"image":{"@id":"https:\/\/newblogs.correiobraziliense.com.br\/blog-da-rosana-hessel\/banco-central-reduz-taxa-de-juros-para-1175-ao-ano\/#primaryimage"},"thumbnailUrl":"","datePublished":"2023-12-13T21:35:06+00:00","author":{"@id":"https:\/\/newblogs.correiobraziliense.com.br\/blog-da-rosana-hessel\/#\/schema\/person\/824cb3c631cf0d4056f75ca02599a930"},"description":"Pela quarta reuni\u00e3o seguida do Copom, Banco Central reduz a taxa Selic em mais 0,50 ponto percentual, para 11,75% ao ano.","breadcrumb":{"@id":"https:\/\/newblogs.correiobraziliense.com.br\/blog-da-rosana-hessel\/banco-central-reduz-taxa-de-juros-para-1175-ao-ano\/#breadcrumb"},"inLanguage":"pt-BR","potentialAction":[{"@type":"ReadAction","target":["https:\/\/newblogs.correiobraziliense.com.br\/blog-da-rosana-hessel\/banco-central-reduz-taxa-de-juros-para-1175-ao-ano\/"]}]},{"@type":"ImageObject","inLanguage":"pt-BR","@id":"https:\/\/newblogs.correiobraziliense.com.br\/blog-da-rosana-hessel\/banco-central-reduz-taxa-de-juros-para-1175-ao-ano\/#primaryimage","url":"","contentUrl":""},{"@type":"BreadcrumbList","@id":"https:\/\/newblogs.correiobraziliense.com.br\/blog-da-rosana-hessel\/banco-central-reduz-taxa-de-juros-para-1175-ao-ano\/#breadcrumb","itemListElement":[{"@type":"ListItem","position":1,"name":"In\u00edcio","item":"https:\/\/newblogs.correiobraziliense.com.br\/blog-da-rosana-hessel\/"},{"@type":"ListItem","position":2,"name":"Banco Central reduz taxa de juros para 11,75% ao ano"}]},{"@type":"WebSite","@id":"https:\/\/newblogs.correiobraziliense.com.br\/blog-da-rosana-hessel\/#website","url":"https:\/\/newblogs.correiobraziliense.com.br\/blog-da-rosana-hessel\/","name":"Blog da Rosana Hessel","description":"Not\u00edcias atualizadas e an\u00e1lises sobre economia. Acompanhe-nos para entender as tend\u00eancias e os impactos econ\u00f4micos que influenciam o seu dia a dia, tanto no Brasil quanto no exterior.","potentialAction":[{"@type":"SearchAction","target":{"@type":"EntryPoint","urlTemplate":"https:\/\/newblogs.correiobraziliense.com.br\/blog-da-rosana-hessel\/?s={search_term_string}"},"query-input":{"@type":"PropertyValueSpecification","valueRequired":true,"valueName":"search_term_string"}}],"inLanguage":"pt-BR"},{"@type":"Person","@id":"https:\/\/newblogs.correiobraziliense.com.br\/blog-da-rosana-hessel\/#\/schema\/person\/824cb3c631cf0d4056f75ca02599a930","name":"Rosana Hessel","image":{"@type":"ImageObject","inLanguage":"pt-BR","@id":"https:\/\/secure.gravatar.com\/avatar\/fe780cf1839cf10cd6d682fb080611e0d2a459b64be8a8781778109777fbcfd3?s=96&d=mm&r=g","url":"https:\/\/secure.gravatar.com\/avatar\/fe780cf1839cf10cd6d682fb080611e0d2a459b64be8a8781778109777fbcfd3?s=96&d=mm&r=g","contentUrl":"https:\/\/secure.gravatar.com\/avatar\/fe780cf1839cf10cd6d682fb080611e0d2a459b64be8a8781778109777fbcfd3?s=96&d=mm&r=g","caption":"Rosana Hessel"},"description":"Formada pela Pontif\u00edcia Universidade Cat\u00f3lica de S\u00e3o Paulo (PUC-SP), \u00e9 jornalista de economia desde 1995, quando passou a integrar o time da Gazeta Mercantil. Est\u00e1 sempre atr\u00e1s da boa informa\u00e7\u00e3o. Possui especializa\u00e7\u00e3o em economia pela FGV e MBA em Finan\u00e7as pela FIA-USP. Trabalha no Correio Braziliense desde 2010. Ganhou o Pr\u00eamio Esso de Jornalismo Econ\u00f4mico em 2014 e em 2015 com a equipe do Correio. Foi finalista entre os 50 jornalistas +Admirados da Imprensa de Economia, Neg\u00f3cios e Finan\u00e7as 2024, promovido pela Jornalistas&amp;Cia.","url":"https:\/\/newblogs.correiobraziliense.com.br\/blog-da-rosana-hessel\/author\/rosanahessel\/"}]}},"_links":{"self":[{"href":"https:\/\/newblogs.correiobraziliense.com.br\/blog-da-rosana-hessel\/wp-json\/wp\/v2\/posts\/29348","targetHints":{"allow":["GET"]}}],"collection":[{"href":"https:\/\/newblogs.correiobraziliense.com.br\/blog-da-rosana-hessel\/wp-json\/wp\/v2\/posts"}],"about":[{"href":"https:\/\/newblogs.correiobraziliense.com.br\/blog-da-rosana-hessel\/wp-json\/wp\/v2\/types\/post"}],"author":[{"embeddable":true,"href":"https:\/\/newblogs.correiobraziliense.com.br\/blog-da-rosana-hessel\/wp-json\/wp\/v2\/users\/10"}],"replies":[{"embeddable":true,"href":"https:\/\/newblogs.correiobraziliense.com.br\/blog-da-rosana-hessel\/wp-json\/wp\/v2\/comments?post=29348"}],"version-history":[{"count":0,"href":"https:\/\/newblogs.correiobraziliense.com.br\/blog-da-rosana-hessel\/wp-json\/wp\/v2\/posts\/29348\/revisions"}],"wp:featuredmedia":[{"embeddable":true,"href":"https:\/\/newblogs.correiobraziliense.com.br\/blog-da-rosana-hessel\/wp-json\/"}],"wp:attachment":[{"href":"https:\/\/newblogs.correiobraziliense.com.br\/blog-da-rosana-hessel\/wp-json\/wp\/v2\/media?parent=29348"}],"wp:term":[{"taxonomy":"category","embeddable":true,"href":"https:\/\/newblogs.correiobraziliense.com.br\/blog-da-rosana-hessel\/wp-json\/wp\/v2\/categories?post=29348"},{"taxonomy":"post_tag","embeddable":true,"href":"https:\/\/newblogs.correiobraziliense.com.br\/blog-da-rosana-hessel\/wp-json\/wp\/v2\/tags?post=29348"}],"curies":[{"name":"wp","href":"https:\/\/api.w.org\/{rel}","templated":true}]}}