{"id":29263,"date":"2023-11-22T07:01:19","date_gmt":"2023-11-22T10:01:19","guid":{"rendered":"https:\/\/blogs.correiobraziliense.com.br\/vicente\/?p=29263"},"modified":"2023-11-22T07:01:19","modified_gmt":"2023-11-22T10:01:19","slug":"genial-quaest-campos-neto-e-melhor-avaliado-pelo-mercado-financeiro-do-que-haddad","status":"publish","type":"post","link":"https:\/\/newblogs.correiobraziliense.com.br\/blog-da-rosana-hessel\/genial-quaest-campos-neto-e-melhor-avaliado-pelo-mercado-financeiro-do-que-haddad\/","title":{"rendered":"Genial\/Quaest: Campos Neto \u00e9 melhor avaliado pelo mercado financeiro do que Haddad"},"content":{"rendered":"<p><span style=\"font-weight: 400\">ROSANA HESSEL<\/span><\/p>\n<p>&nbsp;<\/p>\n<p><span style=\"font-weight: 400\">Enquanto o prest\u00edgio do ministro da Fazenda, Fernando Haddad, diminui junto ao mercado financeiro, a aprova\u00e7\u00e3o do presidente do Banco Central, Roberto Campos Neto, continua elevada, no patamar de 85%, conforme dados da pesquisa Genial\/Quaest divulgados nesta quarta-feira (22\/11). <\/span><\/p>\n<p>&nbsp;<\/p>\n<p><span style=\"font-weight: 400\">Contudo, \u00e9 <\/span><span style=\"font-weight: 400\">alto o \u00edndice de preocupa\u00e7\u00e3o com a futura indica\u00e7\u00e3o do presidente Luiz In\u00e1cio Lula da Silva (PT) para a sucess\u00e3o de Campos Neto no fim de 2024, quando vencer\u00e1 o mandato do presidente da autoridade monet\u00e1ria.\u00a0<\/span><span style=\"font-weight: 400\">Para 70% declaram-se muito preocupados, e o principal motivo dessa inseguran\u00e7a \u00e9 o risco de inger\u00eancia por parte do governo no BC, apontado por 51% dos entrevistados.<\/span><\/p>\n<p>&nbsp;<\/p>\n<p><span style=\"font-weight: 400\">De acordo com o levantamento da Quaest feito em parceria com a Genial Investimentos, o aumento do pessimismo do mercado financeiro reflete esse quadro uma vez que 55% dos agentes financeiros consideram que a economia vai piorar nos pr\u00f3ximos 12 meses, percentual acima dos 34% registrados na rodada anterior, em setembro. J\u00e1 o percentual dos que acreditam em melhora da economia encolheu de 36% para 21%.\u00a0<\/span><\/p>\n<p>&nbsp;<\/p>\n<p>A 5\u00aa rodada da pesquisa &#8220;O que pensa o mercado financeiro&#8221; revelou que para 55% dos entrevistados a expectativa \u00e9 de piora na atividade econ\u00f4mica nos pr\u00f3ximos 12 meses. Na edi\u00e7\u00e3o anterior, em setembro, esse percentual era de 34%<\/p>\n<p>&nbsp;<\/p>\n<p><span style=\"font-weight: 400\">Para 80% dos entrevistados, a equipe econ\u00f4mica do terceiro mandato do presidente Lula \u00e9 pior que a do governo Jair Bolsonaro (PL), e para 39%, o ministro da Fazenda, Fernando Haddad, tem menos for\u00e7a do que h\u00e1 dois meses.<\/span><\/p>\n<p>&nbsp;<\/p>\n<p>Diante da piora da avalia\u00e7\u00e3o da gest\u00e3o petista, o percentual de entrevistados que acham que a capacidade de o governo conseguir aprovar a sua agenda no Congresso Nacional \u00e9 alta recuou de 20%, em setembro, para 18%, em novembro.<\/p>\n<p>&nbsp;<\/p>\n<p>&nbsp;<\/p>\n<p><strong>Elei\u00e7\u00f5es na Argentina<\/strong><\/p>\n<p>&nbsp;<\/p>\n<p>&nbsp;<\/p>\n<p><span style=\"font-weight: 400\">De acordo com a pesquisa, os agentes financeiros acreditam que o resultado n\u00e3o afetar\u00e1 o com\u00e9rcio bilateral com a vit\u00f3ria do candidato da extrema-direita Javier Milei.\u00a0<\/span><\/p>\n<p>&nbsp;<\/p>\n<p><span style=\"font-weight: 400\">Para 67% dos entrevistados, o resultado n\u00e3o impactar\u00e1 a balan\u00e7a comercial brasileira, embora 41% avaliem que haver\u00e1 impacto na economia pela diminui\u00e7\u00e3o da rela\u00e7\u00e3o comercial entre os\u00a0<\/span><span style=\"font-weight: 400\">dois pa\u00edses (41%) e pela dolariza\u00e7\u00e3o proposta por Milei, porque pode aumentar os custos de importa\u00e7\u00e3o.<\/span><\/p>\n<p>&nbsp;<\/p>\n<p><span style=\"font-weight: 400\">Foram realizadas 100 entrevistas on-line com gestores, economistas, analistas e tomadores de decis\u00e3o das maiores casas de investimento do Rio de Janeiro e de S\u00e3o Paulo, entre os dias 16 e 21 de novembro.<\/span><\/p>\n<p>&nbsp;<\/p>\n<p>&nbsp;<\/p>\n<p><strong>Veja alguns destaques da pesquisa da Quaest:<\/strong><\/p>\n<p>&nbsp;<\/p>\n<p><a href=\"https:\/\/blogs.correiobraziliense.com.br\/vicente\/wp-content\/uploads\/sites\/16\/2023\/11\/genialquaest4.jpg\"><img loading=\"lazy\" decoding=\"async\" class=\"alignnone size-large wp-image-29271\" src=\"https:\/\/blogs.correiobraziliense.com.br\/vicente\/wp-content\/uploads\/sites\/16\/2023\/11\/genialquaest4-571x1024.jpg\" alt=\"\" width=\"571\" height=\"1024\" \/><\/a><\/p>\n","protected":false},"excerpt":{"rendered":"<p>ROSANA HESSEL &nbsp; Enquanto o prest\u00edgio do ministro da Fazenda, Fernando Haddad, diminui junto ao mercado financeiro, a aprova\u00e7\u00e3o do presidente do Banco Central, Roberto Campos Neto, continua elevada, no patamar de 85%, conforme dados da pesquisa Genial\/Quaest divulgados nesta quarta-feira (22\/11). &nbsp; Contudo, \u00e9 alto o \u00edndice de preocupa\u00e7\u00e3o com a futura indica\u00e7\u00e3o do [&hellip;]<\/p>\n","protected":false},"author":10,"featured_media":19653,"comment_status":"open","ping_status":"closed","sticky":false,"template":"","format":"standard","meta":{"_acf_changed":false,"inline_featured_image":false,"footnotes":""},"categories":[4],"tags":[1434,1057,1431,1058,318,562],"class_list":["post-29263","post","type-post","status-publish","format-standard","has-post-thumbnail","hentry","category-economia","tag-avaliacao","tag-campos-neto","tag-governo-lula","tag-haddad","tag-mercado-financeiro","tag-pesquisa-genial-quaest"],"acf":[],"yoast_head":"<!-- This site is optimized with the Yoast SEO plugin v27.3 - https:\/\/yoast.com\/product\/yoast-seo-wordpress\/ -->\n<title>Genial\/Quaest: Campos Neto \u00e9 melhor avaliado pelo mercado financeiro do que Haddad<\/title>\n<meta name=\"description\" content=\"Conforme dados da pesquisa Genial\/Quaest, 85% dos entrevistados do mercado financeiro consideram positiva gest\u00e3o de Campos Neto \u00e0 frente do BC.\" \/>\n<meta name=\"robots\" content=\"index, follow, max-snippet:-1, max-image-preview:large, max-video-preview:-1\" \/>\n<link rel=\"canonical\" href=\"https:\/\/newblogs.correiobraziliense.com.br\/blog-da-rosana-hessel\/genial-quaest-campos-neto-e-melhor-avaliado-pelo-mercado-financeiro-do-que-haddad\/\" \/>\n<meta property=\"og:locale\" content=\"pt_BR\" \/>\n<meta property=\"og:type\" content=\"article\" \/>\n<meta property=\"og:title\" content=\"Genial\/Quaest: Campos Neto \u00e9 melhor avaliado pelo mercado financeiro do que Haddad\" \/>\n<meta property=\"og:description\" content=\"Conforme dados da pesquisa Genial\/Quaest, 85% dos entrevistados do mercado financeiro consideram positiva gest\u00e3o de Campos Neto \u00e0 frente do BC.\" \/>\n<meta property=\"og:url\" content=\"https:\/\/newblogs.correiobraziliense.com.br\/blog-da-rosana-hessel\/genial-quaest-campos-neto-e-melhor-avaliado-pelo-mercado-financeiro-do-que-haddad\/\" \/>\n<meta property=\"og:site_name\" content=\"Blog da Rosana Hessel\" \/>\n<meta property=\"article:published_time\" content=\"2023-11-22T10:01:19+00:00\" \/>\n<meta property=\"og:image\" content=\"https:\/\/newblogs.correiobraziliense.com.br\/blog-da-rosana-hessel\/wp-content\/uploads\/sites\/5\/2024\/06\/IMG_7392-1.png\" \/>\n\t<meta property=\"og:image:width\" content=\"1200\" \/>\n\t<meta property=\"og:image:height\" content=\"675\" \/>\n\t<meta property=\"og:image:type\" content=\"image\/png\" \/>\n<meta name=\"author\" content=\"Rosana Hessel\" \/>\n<!-- \/ Yoast SEO plugin. -->","yoast_head_json":{"title":"Genial\/Quaest: Campos Neto \u00e9 melhor avaliado pelo mercado financeiro do que Haddad","description":"Conforme dados da pesquisa Genial\/Quaest, 85% dos entrevistados do mercado financeiro consideram positiva gest\u00e3o de Campos Neto \u00e0 frente do BC.","robots":{"index":"index","follow":"follow","max-snippet":"max-snippet:-1","max-image-preview":"max-image-preview:large","max-video-preview":"max-video-preview:-1"},"canonical":"https:\/\/newblogs.correiobraziliense.com.br\/blog-da-rosana-hessel\/genial-quaest-campos-neto-e-melhor-avaliado-pelo-mercado-financeiro-do-que-haddad\/","og_locale":"pt_BR","og_type":"article","og_title":"Genial\/Quaest: Campos Neto \u00e9 melhor avaliado pelo mercado financeiro do que Haddad","og_description":"Conforme dados da pesquisa Genial\/Quaest, 85% dos entrevistados do mercado financeiro consideram positiva gest\u00e3o de Campos Neto \u00e0 frente do BC.","og_url":"https:\/\/newblogs.correiobraziliense.com.br\/blog-da-rosana-hessel\/genial-quaest-campos-neto-e-melhor-avaliado-pelo-mercado-financeiro-do-que-haddad\/","og_site_name":"Blog da Rosana Hessel","article_published_time":"2023-11-22T10:01:19+00:00","og_image":[{"width":1200,"height":675,"url":"https:\/\/newblogs.correiobraziliense.com.br\/blog-da-rosana-hessel\/wp-content\/uploads\/sites\/5\/2024\/06\/IMG_7392-1.png","type":"image\/png"}],"author":"Rosana Hessel","schema":{"@context":"https:\/\/schema.org","@graph":[{"@type":"Article","@id":"https:\/\/newblogs.correiobraziliense.com.br\/blog-da-rosana-hessel\/genial-quaest-campos-neto-e-melhor-avaliado-pelo-mercado-financeiro-do-que-haddad\/#article","isPartOf":{"@id":"https:\/\/newblogs.correiobraziliense.com.br\/blog-da-rosana-hessel\/genial-quaest-campos-neto-e-melhor-avaliado-pelo-mercado-financeiro-do-que-haddad\/"},"author":{"name":"Rosana Hessel","@id":"https:\/\/newblogs.correiobraziliense.com.br\/blog-da-rosana-hessel\/#\/schema\/person\/824cb3c631cf0d4056f75ca02599a930"},"headline":"Genial\/Quaest: Campos Neto \u00e9 melhor avaliado pelo mercado financeiro do que Haddad","datePublished":"2023-11-22T10:01:19+00:00","mainEntityOfPage":{"@id":"https:\/\/newblogs.correiobraziliense.com.br\/blog-da-rosana-hessel\/genial-quaest-campos-neto-e-melhor-avaliado-pelo-mercado-financeiro-do-que-haddad\/"},"wordCount":431,"commentCount":0,"image":{"@id":"https:\/\/newblogs.correiobraziliense.com.br\/blog-da-rosana-hessel\/genial-quaest-campos-neto-e-melhor-avaliado-pelo-mercado-financeiro-do-que-haddad\/#primaryimage"},"thumbnailUrl":"","keywords":["avalia\u00e7\u00e3o","Campos Neto","governo Lula","Haddad","mercado financeiro","Pesquisa Genial\/Quaest"],"articleSection":["Economia"],"inLanguage":"pt-BR"},{"@type":"WebPage","@id":"https:\/\/newblogs.correiobraziliense.com.br\/blog-da-rosana-hessel\/genial-quaest-campos-neto-e-melhor-avaliado-pelo-mercado-financeiro-do-que-haddad\/","url":"https:\/\/newblogs.correiobraziliense.com.br\/blog-da-rosana-hessel\/genial-quaest-campos-neto-e-melhor-avaliado-pelo-mercado-financeiro-do-que-haddad\/","name":"Genial\/Quaest: Campos Neto \u00e9 melhor avaliado pelo mercado financeiro do que Haddad","isPartOf":{"@id":"https:\/\/newblogs.correiobraziliense.com.br\/blog-da-rosana-hessel\/#website"},"primaryImageOfPage":{"@id":"https:\/\/newblogs.correiobraziliense.com.br\/blog-da-rosana-hessel\/genial-quaest-campos-neto-e-melhor-avaliado-pelo-mercado-financeiro-do-que-haddad\/#primaryimage"},"image":{"@id":"https:\/\/newblogs.correiobraziliense.com.br\/blog-da-rosana-hessel\/genial-quaest-campos-neto-e-melhor-avaliado-pelo-mercado-financeiro-do-que-haddad\/#primaryimage"},"thumbnailUrl":"","datePublished":"2023-11-22T10:01:19+00:00","author":{"@id":"https:\/\/newblogs.correiobraziliense.com.br\/blog-da-rosana-hessel\/#\/schema\/person\/824cb3c631cf0d4056f75ca02599a930"},"description":"Conforme dados da pesquisa Genial\/Quaest, 85% dos entrevistados do mercado financeiro consideram positiva gest\u00e3o de Campos Neto \u00e0 frente do BC.","breadcrumb":{"@id":"https:\/\/newblogs.correiobraziliense.com.br\/blog-da-rosana-hessel\/genial-quaest-campos-neto-e-melhor-avaliado-pelo-mercado-financeiro-do-que-haddad\/#breadcrumb"},"inLanguage":"pt-BR","potentialAction":[{"@type":"ReadAction","target":["https:\/\/newblogs.correiobraziliense.com.br\/blog-da-rosana-hessel\/genial-quaest-campos-neto-e-melhor-avaliado-pelo-mercado-financeiro-do-que-haddad\/"]}]},{"@type":"ImageObject","inLanguage":"pt-BR","@id":"https:\/\/newblogs.correiobraziliense.com.br\/blog-da-rosana-hessel\/genial-quaest-campos-neto-e-melhor-avaliado-pelo-mercado-financeiro-do-que-haddad\/#primaryimage","url":"","contentUrl":""},{"@type":"BreadcrumbList","@id":"https:\/\/newblogs.correiobraziliense.com.br\/blog-da-rosana-hessel\/genial-quaest-campos-neto-e-melhor-avaliado-pelo-mercado-financeiro-do-que-haddad\/#breadcrumb","itemListElement":[{"@type":"ListItem","position":1,"name":"In\u00edcio","item":"https:\/\/newblogs.correiobraziliense.com.br\/blog-da-rosana-hessel\/"},{"@type":"ListItem","position":2,"name":"Genial\/Quaest: Campos Neto \u00e9 melhor avaliado pelo mercado financeiro do que Haddad"}]},{"@type":"WebSite","@id":"https:\/\/newblogs.correiobraziliense.com.br\/blog-da-rosana-hessel\/#website","url":"https:\/\/newblogs.correiobraziliense.com.br\/blog-da-rosana-hessel\/","name":"Blog da Rosana Hessel","description":"Not\u00edcias atualizadas e an\u00e1lises sobre economia. Acompanhe-nos para entender as tend\u00eancias e os impactos econ\u00f4micos que influenciam o seu dia a dia, tanto no Brasil quanto no exterior.","potentialAction":[{"@type":"SearchAction","target":{"@type":"EntryPoint","urlTemplate":"https:\/\/newblogs.correiobraziliense.com.br\/blog-da-rosana-hessel\/?s={search_term_string}"},"query-input":{"@type":"PropertyValueSpecification","valueRequired":true,"valueName":"search_term_string"}}],"inLanguage":"pt-BR"},{"@type":"Person","@id":"https:\/\/newblogs.correiobraziliense.com.br\/blog-da-rosana-hessel\/#\/schema\/person\/824cb3c631cf0d4056f75ca02599a930","name":"Rosana Hessel","image":{"@type":"ImageObject","inLanguage":"pt-BR","@id":"https:\/\/secure.gravatar.com\/avatar\/fe780cf1839cf10cd6d682fb080611e0d2a459b64be8a8781778109777fbcfd3?s=96&d=mm&r=g","url":"https:\/\/secure.gravatar.com\/avatar\/fe780cf1839cf10cd6d682fb080611e0d2a459b64be8a8781778109777fbcfd3?s=96&d=mm&r=g","contentUrl":"https:\/\/secure.gravatar.com\/avatar\/fe780cf1839cf10cd6d682fb080611e0d2a459b64be8a8781778109777fbcfd3?s=96&d=mm&r=g","caption":"Rosana Hessel"},"description":"Formada pela Pontif\u00edcia Universidade Cat\u00f3lica de S\u00e3o Paulo (PUC-SP), \u00e9 jornalista de economia desde 1995, quando passou a integrar o time da Gazeta Mercantil. Est\u00e1 sempre atr\u00e1s da boa informa\u00e7\u00e3o. Possui especializa\u00e7\u00e3o em economia pela FGV e MBA em Finan\u00e7as pela FIA-USP. Trabalha no Correio Braziliense desde 2010. Ganhou o Pr\u00eamio Esso de Jornalismo Econ\u00f4mico em 2014 e em 2015 com a equipe do Correio. Foi finalista entre os 50 jornalistas +Admirados da Imprensa de Economia, Neg\u00f3cios e Finan\u00e7as 2024, promovido pela Jornalistas&amp;Cia.","url":"https:\/\/newblogs.correiobraziliense.com.br\/blog-da-rosana-hessel\/author\/rosanahessel\/"}]}},"_links":{"self":[{"href":"https:\/\/newblogs.correiobraziliense.com.br\/blog-da-rosana-hessel\/wp-json\/wp\/v2\/posts\/29263","targetHints":{"allow":["GET"]}}],"collection":[{"href":"https:\/\/newblogs.correiobraziliense.com.br\/blog-da-rosana-hessel\/wp-json\/wp\/v2\/posts"}],"about":[{"href":"https:\/\/newblogs.correiobraziliense.com.br\/blog-da-rosana-hessel\/wp-json\/wp\/v2\/types\/post"}],"author":[{"embeddable":true,"href":"https:\/\/newblogs.correiobraziliense.com.br\/blog-da-rosana-hessel\/wp-json\/wp\/v2\/users\/10"}],"replies":[{"embeddable":true,"href":"https:\/\/newblogs.correiobraziliense.com.br\/blog-da-rosana-hessel\/wp-json\/wp\/v2\/comments?post=29263"}],"version-history":[{"count":0,"href":"https:\/\/newblogs.correiobraziliense.com.br\/blog-da-rosana-hessel\/wp-json\/wp\/v2\/posts\/29263\/revisions"}],"wp:featuredmedia":[{"embeddable":true,"href":"https:\/\/newblogs.correiobraziliense.com.br\/blog-da-rosana-hessel\/wp-json\/"}],"wp:attachment":[{"href":"https:\/\/newblogs.correiobraziliense.com.br\/blog-da-rosana-hessel\/wp-json\/wp\/v2\/media?parent=29263"}],"wp:term":[{"taxonomy":"category","embeddable":true,"href":"https:\/\/newblogs.correiobraziliense.com.br\/blog-da-rosana-hessel\/wp-json\/wp\/v2\/categories?post=29263"},{"taxonomy":"post_tag","embeddable":true,"href":"https:\/\/newblogs.correiobraziliense.com.br\/blog-da-rosana-hessel\/wp-json\/wp\/v2\/tags?post=29263"}],"curies":[{"name":"wp","href":"https:\/\/api.w.org\/{rel}","templated":true}]}}