{"id":29260,"date":"2023-11-22T07:00:22","date_gmt":"2023-11-22T10:00:22","guid":{"rendered":"https:\/\/blogs.correiobraziliense.com.br\/vicente\/?p=29260"},"modified":"2023-11-22T07:00:22","modified_gmt":"2023-11-22T10:00:22","slug":"genial-quaest-politica-economica-esta-na-direcao-errada-para-73-do-mercado-financeiro","status":"publish","type":"post","link":"https:\/\/newblogs.correiobraziliense.com.br\/blog-da-rosana-hessel\/genial-quaest-politica-economica-esta-na-direcao-errada-para-73-do-mercado-financeiro\/","title":{"rendered":"Genial\/Quaest: Pol\u00edtica econ\u00f4mica est\u00e1 na dire\u00e7\u00e3o errada para 73% do mercado financeiro"},"content":{"rendered":"<p><span style=\"font-weight: 400\">ROSANA HESSEL<\/span><\/p>\n<p>&nbsp;<\/p>\n<p><span style=\"font-weight: 400\">A desconfian\u00e7a do mercado financeiro e no governo do presidente Luiz In\u00e1cio Lula da Silva (PT) \u00e9 crescente em meio \u00e0s incertezas sobre a mudan\u00e7a na meta fiscal, de acordo com a 5\u00aa rodada da pesquisa Genial\/Quest: \u201cO que pensa o mercado financeiro\u201d, divulgada nesta quarta-feira (22\/11).\u00a0 A avalia\u00e7\u00e3o negativa da gest\u00e3o petista passou de 47% para 52%, entre setembro e novembro, e, para piorar, 73% dos entrevistados acreditam que a pol\u00edtica econ\u00f4mica est\u00e1 indo na dire\u00e7\u00e3o errada.<\/span><\/p>\n<p>&nbsp;<\/p>\n<p><span style=\"font-weight: 400\">De acordo com o levantamento da Quaest feito em parceria com a Genial Investimentos, o principal fator dessa avalia\u00e7\u00e3o ruim do governo \u00e9 a descren\u00e7a na pol\u00edtica fiscal, que piorou com o aumento das press\u00f5es do governo para a mudan\u00e7a da nova meta fiscal, que \u00e9 ambiciosa por prever deficit prim\u00e1rio zerado em 2024.\u00a0\u00a0<\/span><span style=\"font-weight: 400\">N\u00e3o \u00e0 toa, para 77% dos entrevistados, o principal problema que dificulta a melhoria da economia \u00e9 a falta de uma pol\u00edtica fiscal que funcione.\u00a0 <\/span><\/p>\n<p>&nbsp;<\/p>\n<p><span style=\"font-weight: 400\">\u201cO governo criou problema para ele mesmo quando resolveu levantar a d\u00favida sobre a quest\u00e3o do deficit zerado\u201d, destacou o cientista pol\u00edtico Felipe Nunes, fundador e presidente da Quaest, em entrevista ao <strong>Blog<\/strong>.<\/span><\/p>\n<p>&nbsp;<\/p>\n<p><span style=\"font-weight: 400\">De acordo com o levantamento, 55% dos agentes financeiros consideram que a economia vai piorar nos pr\u00f3ximos 12 meses, percentual acima dos 34% registrados na rodada anterior, em setembro. J\u00e1 o percentual dos que acreditam em melhora da economia encolheu de 36% para 21%.\u00a0<\/span><\/p>\n<p>&nbsp;<\/p>\n<p><span style=\"font-weight: 400\">A pesquisa constatou que a totalidade dos entrevistados descartou um rombo fiscal zerado em em 2024, como est\u00e1 previsto na meta fiscal que ainda n\u00e3o foi aprovada ainda pelo Congresso. Entre setembro e dezembro, o percentual dos que n\u00e3o acreditam que o governo entregar\u00e1 saldo das contas p\u00fablicas zerado, passou de 95% para 100%.\u00a0<\/span><\/p>\n<p>&nbsp;<\/p>\n<p><span style=\"font-weight: 400\">O otimismo em rela\u00e7\u00e3o \u00e0 atividade econ\u00f4mica do pa\u00eds, neste ano, tamb\u00e9m diminuiu, pois 51% dos entrevistados acham que o crescimento do Produto Interno Bruto (PIB) ficar\u00e1 abaixo de 3%, neste ano, percentual bem acima dos 15% que faziam essa proje\u00e7\u00e3o em setembro.<\/span><\/p>\n<p>&nbsp;<\/p>\n<p><span style=\"font-weight: 400\">Apesar do aumento do pessimismo do setor financeiro, o quadro ainda n\u00e3o \u00e9 desesperador para a economia, de acordo com Nunes. \u201cO mercado n\u00e3o acredita que o pa\u00eds entrar\u00e1 em recess\u00e3o, o que mostra que o cen\u00e1rio econ\u00f4mico \u00e9 revers\u00edvel\u201d, destacou o presidente da Quaest.\u00a0<\/span><\/p>\n<p>&nbsp;<\/p>\n<p>&nbsp;<\/p>\n<p><strong>Avalia\u00e7\u00e3o da equipe econ\u00f4mica <\/strong><\/p>\n<p>&nbsp;<\/p>\n<p><span style=\"font-weight: 400\">Entre os ministros de Lula, o mais importante neste momento \u00e9 o ministro da Fazenda, Fernando Haddad, de acordo com Felipe Nunes. \u201c\u00c9 ele quem tem que sair fortalecido na queda de bra\u00e7o interna para que o governo saia mais forte l\u00e1 na frente\u201d, explicou.<\/span><\/p>\n<p>&nbsp;<\/p>\n<p><span style=\"font-weight: 400\">A pesquisa da Quaest indicou ainda que, para 80% dos entrevistados, no entanto, a equipe econ\u00f4mica atual \u00e9 pior que a do governo Jair Bolsonaro (PL). Al\u00e9m disso, 39% deles acreditam que Haddad tem menos for\u00e7a do que h\u00e1 dois meses.<\/span><\/p>\n<p>&nbsp;<\/p>\n<p><span style=\"font-weight: 400\">Conforme os dados da pesquisa, a<\/span><span style=\"font-weight: 400\">\u00a0aprova\u00e7\u00e3o da reforma tribut\u00e1ria ainda neste ano \u00e9 uma certeza para 68% dos entrevistados e a nota atribu\u00edda ao conjunto foi de 5,3%. Na avalia\u00e7\u00e3o de 74% dos entrevistados, a proposta \u00e9 melhor do que o sistema atual.<\/span><\/p>\n<p>&nbsp;<\/p>\n<p>&nbsp;<\/p>\n<p><strong>Conflito Israel-Hamas<\/strong><\/p>\n<p>&nbsp;<\/p>\n<p>&nbsp;<\/p>\n<p>As falas do presidente Lula sobre o conflito entre Israel e o grupo terrorista Hamas n\u00e3o ecoaram bem junto ao mercado financeiro.<\/p>\n<p>&nbsp;<\/p>\n<p>O levantamento da Quaest constatou que\u00a0<span style=\"font-weight: 400\">85% desaprovaram a postura do presidente Lula sobre o conflito, mas 78% dos entrevistados avaliaram que a economia brasileira n\u00e3o ser\u00e1 afetada.<\/span><\/p>\n<p>&nbsp;<\/p>\n<p><span style=\"font-weight: 400\">Foram realizadas 100 entrevistas com gestores, economistas, analistas e tomadores de decis\u00e3o das maiores casas de investimento do Rio de Janeiro e de S\u00e3o Paulo, entre os dias 16 e 21 de novembro. As entrevistas foram feitas on-line.<\/span><\/p>\n<p>&nbsp;<\/p>\n<p>&nbsp;<\/p>\n<p><strong>Veja alguns destaques da pesquisa da Quaest:<\/strong><\/p>\n<p>&nbsp;<\/p>\n<p>&nbsp;<\/p>\n<p><a href=\"https:\/\/blogs.correiobraziliense.com.br\/vicente\/wp-content\/uploads\/sites\/16\/2023\/11\/genialquaest3.jpg\"><img loading=\"lazy\" decoding=\"async\" class=\"alignnone size-large wp-image-29267\" src=\"https:\/\/blogs.correiobraziliense.com.br\/vicente\/wp-content\/uploads\/sites\/16\/2023\/11\/genialquaest3-1024x473.jpg\" alt=\"\" width=\"1024\" height=\"473\" \/><\/a> <a href=\"https:\/\/blogs.correiobraziliense.com.br\/vicente\/wp-content\/uploads\/sites\/16\/2023\/11\/genialquaest2.jpg\"><img loading=\"lazy\" decoding=\"async\" class=\"alignnone size-large wp-image-29268\" src=\"https:\/\/blogs.correiobraziliense.com.br\/vicente\/wp-content\/uploads\/sites\/16\/2023\/11\/genialquaest2-1024x473.jpg\" alt=\"\" width=\"1024\" height=\"473\" \/><\/a> <a href=\"https:\/\/blogs.correiobraziliense.com.br\/vicente\/wp-content\/uploads\/sites\/16\/2023\/11\/genialquaest1.jpg\"><img loading=\"lazy\" decoding=\"async\" class=\"alignnone size-large wp-image-29269\" src=\"https:\/\/blogs.correiobraziliense.com.br\/vicente\/wp-content\/uploads\/sites\/16\/2023\/11\/genialquaest1-1024x473.jpg\" alt=\"\" width=\"1024\" height=\"473\" \/><\/a><\/p>\n<p>&nbsp;<\/p>\n","protected":false},"excerpt":{"rendered":"<p>ROSANA HESSEL &nbsp; A desconfian\u00e7a do mercado financeiro e no governo do presidente Luiz In\u00e1cio Lula da Silva (PT) \u00e9 crescente em meio \u00e0s incertezas sobre a mudan\u00e7a na meta fiscal, de acordo com a 5\u00aa rodada da pesquisa Genial\/Quest: \u201cO que pensa o mercado financeiro\u201d, divulgada nesta quarta-feira (22\/11).\u00a0 A avalia\u00e7\u00e3o negativa da gest\u00e3o [&hellip;]<\/p>\n","protected":false},"author":10,"featured_media":28524,"comment_status":"open","ping_status":"closed","sticky":false,"template":"","format":"standard","meta":{"_acf_changed":false,"inline_featured_image":false,"footnotes":""},"categories":[4],"tags":[1431,1058,320,1432,562,1433],"class_list":["post-29260","post","type-post","status-publish","format-standard","has-post-thumbnail","hentry","category-economia","tag-governo-lula","tag-haddad","tag-meta-fiscal","tag-o-que-pensa-o-mercado-financeiro","tag-pesquisa-genial-quaest","tag-pessimismo"],"acf":[],"yoast_head":"<!-- This site is optimized with the Yoast SEO plugin v27.3 - https:\/\/yoast.com\/product\/yoast-seo-wordpress\/ -->\n<title>Genial\/Quaest: Pol\u00edtica econ\u00f4mica est\u00e1 na dire\u00e7\u00e3o errada para 73% do mercado financeiro<\/title>\n<meta name=\"description\" content=\"Pesquisa Genial\/Quaest revela que, ap\u00f3s indefini\u00e7\u00e3o sobre meta fiscal, aumenta o pessimismo do mercado financeiro em rela\u00e7\u00e3o ao governo Lula e \u00e0 economia.\" \/>\n<meta name=\"robots\" content=\"index, follow, max-snippet:-1, max-image-preview:large, max-video-preview:-1\" \/>\n<link rel=\"canonical\" href=\"https:\/\/newblogs.correiobraziliense.com.br\/blog-da-rosana-hessel\/genial-quaest-politica-economica-esta-na-direcao-errada-para-73-do-mercado-financeiro\/\" \/>\n<meta property=\"og:locale\" content=\"pt_BR\" \/>\n<meta property=\"og:type\" content=\"article\" \/>\n<meta property=\"og:title\" content=\"Genial\/Quaest: Pol\u00edtica econ\u00f4mica est\u00e1 na dire\u00e7\u00e3o errada para 73% do mercado financeiro\" \/>\n<meta property=\"og:description\" content=\"Pesquisa Genial\/Quaest revela que, ap\u00f3s indefini\u00e7\u00e3o sobre meta fiscal, aumenta o pessimismo do mercado financeiro em rela\u00e7\u00e3o ao governo Lula e \u00e0 economia.\" \/>\n<meta property=\"og:url\" content=\"https:\/\/newblogs.correiobraziliense.com.br\/blog-da-rosana-hessel\/genial-quaest-politica-economica-esta-na-direcao-errada-para-73-do-mercado-financeiro\/\" \/>\n<meta property=\"og:site_name\" content=\"Blog da Rosana Hessel\" \/>\n<meta property=\"article:published_time\" content=\"2023-11-22T10:00:22+00:00\" \/>\n<meta property=\"og:image\" content=\"https:\/\/newblogs.correiobraziliense.com.br\/blog-da-rosana-hessel\/wp-content\/uploads\/sites\/5\/2024\/06\/IMG_7392-1.png\" \/>\n\t<meta property=\"og:image:width\" content=\"1200\" \/>\n\t<meta property=\"og:image:height\" content=\"675\" \/>\n\t<meta property=\"og:image:type\" content=\"image\/png\" \/>\n<meta name=\"author\" content=\"Rosana Hessel\" \/>\n<!-- \/ Yoast SEO plugin. -->","yoast_head_json":{"title":"Genial\/Quaest: Pol\u00edtica econ\u00f4mica est\u00e1 na dire\u00e7\u00e3o errada para 73% do mercado financeiro","description":"Pesquisa Genial\/Quaest revela que, ap\u00f3s indefini\u00e7\u00e3o sobre meta fiscal, aumenta o pessimismo do mercado financeiro em rela\u00e7\u00e3o ao governo Lula e \u00e0 economia.","robots":{"index":"index","follow":"follow","max-snippet":"max-snippet:-1","max-image-preview":"max-image-preview:large","max-video-preview":"max-video-preview:-1"},"canonical":"https:\/\/newblogs.correiobraziliense.com.br\/blog-da-rosana-hessel\/genial-quaest-politica-economica-esta-na-direcao-errada-para-73-do-mercado-financeiro\/","og_locale":"pt_BR","og_type":"article","og_title":"Genial\/Quaest: Pol\u00edtica econ\u00f4mica est\u00e1 na dire\u00e7\u00e3o errada para 73% do mercado financeiro","og_description":"Pesquisa Genial\/Quaest revela que, ap\u00f3s indefini\u00e7\u00e3o sobre meta fiscal, aumenta o pessimismo do mercado financeiro em rela\u00e7\u00e3o ao governo Lula e \u00e0 economia.","og_url":"https:\/\/newblogs.correiobraziliense.com.br\/blog-da-rosana-hessel\/genial-quaest-politica-economica-esta-na-direcao-errada-para-73-do-mercado-financeiro\/","og_site_name":"Blog da Rosana Hessel","article_published_time":"2023-11-22T10:00:22+00:00","og_image":[{"width":1200,"height":675,"url":"https:\/\/newblogs.correiobraziliense.com.br\/blog-da-rosana-hessel\/wp-content\/uploads\/sites\/5\/2024\/06\/IMG_7392-1.png","type":"image\/png"}],"author":"Rosana Hessel","schema":{"@context":"https:\/\/schema.org","@graph":[{"@type":"Article","@id":"https:\/\/newblogs.correiobraziliense.com.br\/blog-da-rosana-hessel\/genial-quaest-politica-economica-esta-na-direcao-errada-para-73-do-mercado-financeiro\/#article","isPartOf":{"@id":"https:\/\/newblogs.correiobraziliense.com.br\/blog-da-rosana-hessel\/genial-quaest-politica-economica-esta-na-direcao-errada-para-73-do-mercado-financeiro\/"},"author":{"name":"Rosana Hessel","@id":"https:\/\/newblogs.correiobraziliense.com.br\/blog-da-rosana-hessel\/#\/schema\/person\/824cb3c631cf0d4056f75ca02599a930"},"headline":"Genial\/Quaest: Pol\u00edtica econ\u00f4mica est\u00e1 na dire\u00e7\u00e3o errada para 73% do mercado financeiro","datePublished":"2023-11-22T10:00:22+00:00","mainEntityOfPage":{"@id":"https:\/\/newblogs.correiobraziliense.com.br\/blog-da-rosana-hessel\/genial-quaest-politica-economica-esta-na-direcao-errada-para-73-do-mercado-financeiro\/"},"wordCount":656,"commentCount":0,"image":{"@id":"https:\/\/newblogs.correiobraziliense.com.br\/blog-da-rosana-hessel\/genial-quaest-politica-economica-esta-na-direcao-errada-para-73-do-mercado-financeiro\/#primaryimage"},"thumbnailUrl":"","keywords":["governo Lula","Haddad","meta fiscal","o que pensa o mercado financeiro","Pesquisa Genial\/Quaest","pessimismo"],"articleSection":["Economia"],"inLanguage":"pt-BR"},{"@type":"WebPage","@id":"https:\/\/newblogs.correiobraziliense.com.br\/blog-da-rosana-hessel\/genial-quaest-politica-economica-esta-na-direcao-errada-para-73-do-mercado-financeiro\/","url":"https:\/\/newblogs.correiobraziliense.com.br\/blog-da-rosana-hessel\/genial-quaest-politica-economica-esta-na-direcao-errada-para-73-do-mercado-financeiro\/","name":"Genial\/Quaest: Pol\u00edtica econ\u00f4mica est\u00e1 na dire\u00e7\u00e3o errada para 73% do mercado financeiro","isPartOf":{"@id":"https:\/\/newblogs.correiobraziliense.com.br\/blog-da-rosana-hessel\/#website"},"primaryImageOfPage":{"@id":"https:\/\/newblogs.correiobraziliense.com.br\/blog-da-rosana-hessel\/genial-quaest-politica-economica-esta-na-direcao-errada-para-73-do-mercado-financeiro\/#primaryimage"},"image":{"@id":"https:\/\/newblogs.correiobraziliense.com.br\/blog-da-rosana-hessel\/genial-quaest-politica-economica-esta-na-direcao-errada-para-73-do-mercado-financeiro\/#primaryimage"},"thumbnailUrl":"","datePublished":"2023-11-22T10:00:22+00:00","author":{"@id":"https:\/\/newblogs.correiobraziliense.com.br\/blog-da-rosana-hessel\/#\/schema\/person\/824cb3c631cf0d4056f75ca02599a930"},"description":"Pesquisa Genial\/Quaest revela que, ap\u00f3s indefini\u00e7\u00e3o sobre meta fiscal, aumenta o pessimismo do mercado financeiro em rela\u00e7\u00e3o ao governo Lula e \u00e0 economia.","breadcrumb":{"@id":"https:\/\/newblogs.correiobraziliense.com.br\/blog-da-rosana-hessel\/genial-quaest-politica-economica-esta-na-direcao-errada-para-73-do-mercado-financeiro\/#breadcrumb"},"inLanguage":"pt-BR","potentialAction":[{"@type":"ReadAction","target":["https:\/\/newblogs.correiobraziliense.com.br\/blog-da-rosana-hessel\/genial-quaest-politica-economica-esta-na-direcao-errada-para-73-do-mercado-financeiro\/"]}]},{"@type":"ImageObject","inLanguage":"pt-BR","@id":"https:\/\/newblogs.correiobraziliense.com.br\/blog-da-rosana-hessel\/genial-quaest-politica-economica-esta-na-direcao-errada-para-73-do-mercado-financeiro\/#primaryimage","url":"","contentUrl":""},{"@type":"BreadcrumbList","@id":"https:\/\/newblogs.correiobraziliense.com.br\/blog-da-rosana-hessel\/genial-quaest-politica-economica-esta-na-direcao-errada-para-73-do-mercado-financeiro\/#breadcrumb","itemListElement":[{"@type":"ListItem","position":1,"name":"In\u00edcio","item":"https:\/\/newblogs.correiobraziliense.com.br\/blog-da-rosana-hessel\/"},{"@type":"ListItem","position":2,"name":"Genial\/Quaest: Pol\u00edtica econ\u00f4mica est\u00e1 na dire\u00e7\u00e3o errada para 73% do mercado financeiro"}]},{"@type":"WebSite","@id":"https:\/\/newblogs.correiobraziliense.com.br\/blog-da-rosana-hessel\/#website","url":"https:\/\/newblogs.correiobraziliense.com.br\/blog-da-rosana-hessel\/","name":"Blog da Rosana Hessel","description":"Not\u00edcias atualizadas e an\u00e1lises sobre economia. Acompanhe-nos para entender as tend\u00eancias e os impactos econ\u00f4micos que influenciam o seu dia a dia, tanto no Brasil quanto no exterior.","potentialAction":[{"@type":"SearchAction","target":{"@type":"EntryPoint","urlTemplate":"https:\/\/newblogs.correiobraziliense.com.br\/blog-da-rosana-hessel\/?s={search_term_string}"},"query-input":{"@type":"PropertyValueSpecification","valueRequired":true,"valueName":"search_term_string"}}],"inLanguage":"pt-BR"},{"@type":"Person","@id":"https:\/\/newblogs.correiobraziliense.com.br\/blog-da-rosana-hessel\/#\/schema\/person\/824cb3c631cf0d4056f75ca02599a930","name":"Rosana Hessel","image":{"@type":"ImageObject","inLanguage":"pt-BR","@id":"https:\/\/secure.gravatar.com\/avatar\/fe780cf1839cf10cd6d682fb080611e0d2a459b64be8a8781778109777fbcfd3?s=96&d=mm&r=g","url":"https:\/\/secure.gravatar.com\/avatar\/fe780cf1839cf10cd6d682fb080611e0d2a459b64be8a8781778109777fbcfd3?s=96&d=mm&r=g","contentUrl":"https:\/\/secure.gravatar.com\/avatar\/fe780cf1839cf10cd6d682fb080611e0d2a459b64be8a8781778109777fbcfd3?s=96&d=mm&r=g","caption":"Rosana Hessel"},"description":"Formada pela Pontif\u00edcia Universidade Cat\u00f3lica de S\u00e3o Paulo (PUC-SP), \u00e9 jornalista de economia desde 1995, quando passou a integrar o time da Gazeta Mercantil. Est\u00e1 sempre atr\u00e1s da boa informa\u00e7\u00e3o. Possui especializa\u00e7\u00e3o em economia pela FGV e MBA em Finan\u00e7as pela FIA-USP. Trabalha no Correio Braziliense desde 2010. Ganhou o Pr\u00eamio Esso de Jornalismo Econ\u00f4mico em 2014 e em 2015 com a equipe do Correio. Foi finalista entre os 50 jornalistas +Admirados da Imprensa de Economia, Neg\u00f3cios e Finan\u00e7as 2024, promovido pela Jornalistas&amp;Cia.","url":"https:\/\/newblogs.correiobraziliense.com.br\/blog-da-rosana-hessel\/author\/rosanahessel\/"}]}},"_links":{"self":[{"href":"https:\/\/newblogs.correiobraziliense.com.br\/blog-da-rosana-hessel\/wp-json\/wp\/v2\/posts\/29260","targetHints":{"allow":["GET"]}}],"collection":[{"href":"https:\/\/newblogs.correiobraziliense.com.br\/blog-da-rosana-hessel\/wp-json\/wp\/v2\/posts"}],"about":[{"href":"https:\/\/newblogs.correiobraziliense.com.br\/blog-da-rosana-hessel\/wp-json\/wp\/v2\/types\/post"}],"author":[{"embeddable":true,"href":"https:\/\/newblogs.correiobraziliense.com.br\/blog-da-rosana-hessel\/wp-json\/wp\/v2\/users\/10"}],"replies":[{"embeddable":true,"href":"https:\/\/newblogs.correiobraziliense.com.br\/blog-da-rosana-hessel\/wp-json\/wp\/v2\/comments?post=29260"}],"version-history":[{"count":0,"href":"https:\/\/newblogs.correiobraziliense.com.br\/blog-da-rosana-hessel\/wp-json\/wp\/v2\/posts\/29260\/revisions"}],"wp:featuredmedia":[{"embeddable":true,"href":"https:\/\/newblogs.correiobraziliense.com.br\/blog-da-rosana-hessel\/wp-json\/"}],"wp:attachment":[{"href":"https:\/\/newblogs.correiobraziliense.com.br\/blog-da-rosana-hessel\/wp-json\/wp\/v2\/media?parent=29260"}],"wp:term":[{"taxonomy":"category","embeddable":true,"href":"https:\/\/newblogs.correiobraziliense.com.br\/blog-da-rosana-hessel\/wp-json\/wp\/v2\/categories?post=29260"},{"taxonomy":"post_tag","embeddable":true,"href":"https:\/\/newblogs.correiobraziliense.com.br\/blog-da-rosana-hessel\/wp-json\/wp\/v2\/tags?post=29260"}],"curies":[{"name":"wp","href":"https:\/\/api.w.org\/{rel}","templated":true}]}}