{"id":29238,"date":"2023-11-17T15:57:53","date_gmt":"2023-11-17T18:57:53","guid":{"rendered":"https:\/\/blogs.correiobraziliense.com.br\/vicente\/?p=29238"},"modified":"2023-11-17T15:57:53","modified_gmt":"2023-11-17T18:57:53","slug":"taylor-swift-deve-movimentar-r-158-milhoes-na-economia-do-rio","status":"publish","type":"post","link":"https:\/\/newblogs.correiobraziliense.com.br\/blog-da-rosana-hessel\/taylor-swift-deve-movimentar-r-158-milhoes-na-economia-do-rio\/","title":{"rendered":"Taylor Swift deve movimentar R$ 158 milh\u00f5es na economia do Rio"},"content":{"rendered":"<p>ROSANA HESSEL<\/p>\n<p>&nbsp;<\/p>\n<p>A prefeitura do Rio de Janeiro estima uma inje\u00e7\u00e3o de R$ 158 milh\u00f5es na economia carioca durante os tr\u00eas dias de shows da cantora Taylor Swift. A artista realiza apresenta\u00e7\u00f5es no Est\u00e1dio Nilton Santos, o Engenh\u00e3o, nesta sexta-feira (17\/11), no s\u00e1bado (18) e no domingo. Esses dados n\u00e3o incluem os gastos dos turistas com hospedagem e, somado com outros eventos internacionais durante o m\u00eas superam em mais de 56% os n\u00fameros de novembro 2019, no per\u00edodo pr\u00e9-pandemia.<\/p>\n<p>&nbsp;<\/p>\n<p>O levantamento foi feito pela Secretaria Municipal de Desenvolvimento Urbano e Econ\u00f4mico (SMDUE), considerando a venda dos ingressos e os gastos dos f\u00e3s da cantora com transporte, bebida, comida, entre outros gastos durante o show. A rede hoteleira da capital fluminense registra quase 100% de taxa de ocupa\u00e7\u00e3o, conforme dados da prefeitura.<\/p>\n<p>&nbsp;<\/p>\n<p>A cantora que foi <a href=\"https:\/\/www.correiobraziliense.com.br\/diversao-e-arte\/2023\/11\/6656323-fas-de-taylor-swift-sao-desafiados-por-padre-a-levantar-doacoes-confira.html\">homenageada no Cristo Redentor<\/a> j\u00e1 foi considerada pelo Federal Reserve (Fed, banco central dos Estados Unidos) como a respons\u00e1vel pela recupera\u00e7\u00e3o do setor hoteleiro da Fl\u00f3rida e por gerar cerca de 3.300 empregos na Calif\u00f3rnia.<\/p>\n<p>&nbsp;<\/p>\n<p>&#8220;A economia da cidade em novembro est\u00e1 bastante aquecida com os feriados, os shows internacionais e com a final da Libertadores, vencida pelo Fluminense. Os grandes eventos trazem turistas, seja para assistirem aos shows de m\u00fasica ou para fazerem neg\u00f3cios, que gastam aqui, assim como os cariocas. O efeito \u00e9 que a cidade passa a oferecer mais oportunidade de emprego, gerando renda para quem mora aqui&#8221;, afirmou o secret\u00e1rio municipal de Desenvolvimento Urbano e Econ\u00f4mico, Chic\u00e3o Bulh\u00f5es, em nota da secretaria.<\/p>\n<p>&nbsp;<\/p>\n<p>O m\u00eas de novembro conta com tr\u00eas feriados (02\/11, 15\/11 e 20\/11).\u00a0 Al\u00e9m disso, o Rio foi palco da final da Copa Libertadores, no Maracan\u00e3, vencida pelo Fluminense, e dos shows das bandas internacionais Red Hot Chili Peppers e RBD. Esses eventos devem incrementar a economia do Rio em R$ 669,2 milh\u00f5es, segundo estimativa da SMDUE, considerando as atividades de turismo e eventos.<\/p>\n<p>&nbsp;<\/p>\n<p>Os c\u00e1lculos da SMDUE foram feitos com base nos dados da Secretaria Municipal de Fazenda e Planejamento (SMPF). O valor \u00e9 25% maior do que o movimentado em novembro de 2022 (R$ 535,4 milh\u00f5es), quase quatro vezes mais do que em novembro de 2020, primeiro ano da covid-19 (R$ 174,5 milh\u00f5es), e 56,4% maior do que o registado em novembro de 2019 (R$ 427,8 milh\u00f5es), ainda na pr\u00e9-pandemia.<\/p>\n","protected":false},"excerpt":{"rendered":"<p>ROSANA HESSEL &nbsp; A prefeitura do Rio de Janeiro estima uma inje\u00e7\u00e3o de R$ 158 milh\u00f5es na economia carioca durante os tr\u00eas dias de shows da cantora Taylor Swift. A artista realiza apresenta\u00e7\u00f5es no Est\u00e1dio Nilton Santos, o Engenh\u00e3o, nesta sexta-feira (17\/11), no s\u00e1bado (18) e no domingo. Esses dados n\u00e3o incluem os gastos dos [&hellip;]<\/p>\n","protected":false},"author":10,"featured_media":29239,"comment_status":"open","ping_status":"closed","sticky":false,"template":"","format":"standard","meta":{"_acf_changed":false,"inline_featured_image":false,"footnotes":""},"categories":[4],"tags":[1418,114,1419,1420,1421],"class_list":["post-29238","post","type-post","status-publish","format-standard","has-post-thumbnail","hentry","category-economia","tag-cantora","tag-economia","tag-receita-extra","tag-shows-no-rio","tag-taylor-swift"],"acf":[],"yoast_head":"<!-- This site is optimized with the Yoast SEO plugin v27.3 - https:\/\/yoast.com\/product\/yoast-seo-wordpress\/ -->\n<title>Taylor Swift deve movimentar R$ 158 milh\u00f5es na economia do Rio<\/title>\n<meta name=\"description\" content=\"At\u00e9 o fim de novembro, com os shows internacionais, a final da Libertadores e tr\u00eas feriados, prefeitura do Rio estima receita adicional de R$ 670 milh\u00f5es.\" \/>\n<meta name=\"robots\" content=\"index, follow, max-snippet:-1, max-image-preview:large, max-video-preview:-1\" \/>\n<link rel=\"canonical\" href=\"https:\/\/newblogs.correiobraziliense.com.br\/blog-da-rosana-hessel\/taylor-swift-deve-movimentar-r-158-milhoes-na-economia-do-rio\/\" \/>\n<meta property=\"og:locale\" content=\"pt_BR\" \/>\n<meta property=\"og:type\" content=\"article\" \/>\n<meta property=\"og:title\" content=\"Taylor Swift deve movimentar R$ 158 milh\u00f5es na economia do Rio\" \/>\n<meta property=\"og:description\" content=\"At\u00e9 o fim de novembro, com os shows internacionais, a final da Libertadores e tr\u00eas feriados, prefeitura do Rio estima receita adicional de R$ 670 milh\u00f5es.\" \/>\n<meta property=\"og:url\" content=\"https:\/\/newblogs.correiobraziliense.com.br\/blog-da-rosana-hessel\/taylor-swift-deve-movimentar-r-158-milhoes-na-economia-do-rio\/\" \/>\n<meta property=\"og:site_name\" content=\"Blog da Rosana Hessel\" \/>\n<meta property=\"article:published_time\" content=\"2023-11-17T18:57:53+00:00\" \/>\n<meta property=\"og:image\" content=\"https:\/\/newblogs.correiobraziliense.com.br\/blog-da-rosana-hessel\/wp-content\/uploads\/sites\/5\/2024\/06\/IMG_7392-1.png\" \/>\n\t<meta property=\"og:image:width\" content=\"1200\" \/>\n\t<meta property=\"og:image:height\" content=\"675\" \/>\n\t<meta property=\"og:image:type\" content=\"image\/png\" \/>\n<meta name=\"author\" content=\"Rosana Hessel\" \/>\n<!-- \/ Yoast SEO plugin. -->","yoast_head_json":{"title":"Taylor Swift deve movimentar R$ 158 milh\u00f5es na economia do Rio","description":"At\u00e9 o fim de novembro, com os shows internacionais, a final da Libertadores e tr\u00eas feriados, prefeitura do Rio estima receita adicional de R$ 670 milh\u00f5es.","robots":{"index":"index","follow":"follow","max-snippet":"max-snippet:-1","max-image-preview":"max-image-preview:large","max-video-preview":"max-video-preview:-1"},"canonical":"https:\/\/newblogs.correiobraziliense.com.br\/blog-da-rosana-hessel\/taylor-swift-deve-movimentar-r-158-milhoes-na-economia-do-rio\/","og_locale":"pt_BR","og_type":"article","og_title":"Taylor Swift deve movimentar R$ 158 milh\u00f5es na economia do Rio","og_description":"At\u00e9 o fim de novembro, com os shows internacionais, a final da Libertadores e tr\u00eas feriados, prefeitura do Rio estima receita adicional de R$ 670 milh\u00f5es.","og_url":"https:\/\/newblogs.correiobraziliense.com.br\/blog-da-rosana-hessel\/taylor-swift-deve-movimentar-r-158-milhoes-na-economia-do-rio\/","og_site_name":"Blog da Rosana Hessel","article_published_time":"2023-11-17T18:57:53+00:00","og_image":[{"width":1200,"height":675,"url":"https:\/\/newblogs.correiobraziliense.com.br\/blog-da-rosana-hessel\/wp-content\/uploads\/sites\/5\/2024\/06\/IMG_7392-1.png","type":"image\/png"}],"author":"Rosana Hessel","schema":{"@context":"https:\/\/schema.org","@graph":[{"@type":"Article","@id":"https:\/\/newblogs.correiobraziliense.com.br\/blog-da-rosana-hessel\/taylor-swift-deve-movimentar-r-158-milhoes-na-economia-do-rio\/#article","isPartOf":{"@id":"https:\/\/newblogs.correiobraziliense.com.br\/blog-da-rosana-hessel\/taylor-swift-deve-movimentar-r-158-milhoes-na-economia-do-rio\/"},"author":{"name":"Rosana Hessel","@id":"https:\/\/newblogs.correiobraziliense.com.br\/blog-da-rosana-hessel\/#\/schema\/person\/824cb3c631cf0d4056f75ca02599a930"},"headline":"Taylor Swift deve movimentar R$ 158 milh\u00f5es na economia do Rio","datePublished":"2023-11-17T18:57:53+00:00","mainEntityOfPage":{"@id":"https:\/\/newblogs.correiobraziliense.com.br\/blog-da-rosana-hessel\/taylor-swift-deve-movimentar-r-158-milhoes-na-economia-do-rio\/"},"wordCount":412,"commentCount":0,"image":{"@id":"https:\/\/newblogs.correiobraziliense.com.br\/blog-da-rosana-hessel\/taylor-swift-deve-movimentar-r-158-milhoes-na-economia-do-rio\/#primaryimage"},"thumbnailUrl":"","keywords":["cantora","economia","receita extra","shows no Rio","Taylor Swift"],"articleSection":["Economia"],"inLanguage":"pt-BR"},{"@type":"WebPage","@id":"https:\/\/newblogs.correiobraziliense.com.br\/blog-da-rosana-hessel\/taylor-swift-deve-movimentar-r-158-milhoes-na-economia-do-rio\/","url":"https:\/\/newblogs.correiobraziliense.com.br\/blog-da-rosana-hessel\/taylor-swift-deve-movimentar-r-158-milhoes-na-economia-do-rio\/","name":"Taylor Swift deve movimentar R$ 158 milh\u00f5es na economia do Rio","isPartOf":{"@id":"https:\/\/newblogs.correiobraziliense.com.br\/blog-da-rosana-hessel\/#website"},"primaryImageOfPage":{"@id":"https:\/\/newblogs.correiobraziliense.com.br\/blog-da-rosana-hessel\/taylor-swift-deve-movimentar-r-158-milhoes-na-economia-do-rio\/#primaryimage"},"image":{"@id":"https:\/\/newblogs.correiobraziliense.com.br\/blog-da-rosana-hessel\/taylor-swift-deve-movimentar-r-158-milhoes-na-economia-do-rio\/#primaryimage"},"thumbnailUrl":"","datePublished":"2023-11-17T18:57:53+00:00","author":{"@id":"https:\/\/newblogs.correiobraziliense.com.br\/blog-da-rosana-hessel\/#\/schema\/person\/824cb3c631cf0d4056f75ca02599a930"},"description":"At\u00e9 o fim de novembro, com os shows internacionais, a final da Libertadores e tr\u00eas feriados, prefeitura do Rio estima receita adicional de R$ 670 milh\u00f5es.","breadcrumb":{"@id":"https:\/\/newblogs.correiobraziliense.com.br\/blog-da-rosana-hessel\/taylor-swift-deve-movimentar-r-158-milhoes-na-economia-do-rio\/#breadcrumb"},"inLanguage":"pt-BR","potentialAction":[{"@type":"ReadAction","target":["https:\/\/newblogs.correiobraziliense.com.br\/blog-da-rosana-hessel\/taylor-swift-deve-movimentar-r-158-milhoes-na-economia-do-rio\/"]}]},{"@type":"ImageObject","inLanguage":"pt-BR","@id":"https:\/\/newblogs.correiobraziliense.com.br\/blog-da-rosana-hessel\/taylor-swift-deve-movimentar-r-158-milhoes-na-economia-do-rio\/#primaryimage","url":"","contentUrl":""},{"@type":"BreadcrumbList","@id":"https:\/\/newblogs.correiobraziliense.com.br\/blog-da-rosana-hessel\/taylor-swift-deve-movimentar-r-158-milhoes-na-economia-do-rio\/#breadcrumb","itemListElement":[{"@type":"ListItem","position":1,"name":"In\u00edcio","item":"https:\/\/newblogs.correiobraziliense.com.br\/blog-da-rosana-hessel\/"},{"@type":"ListItem","position":2,"name":"Taylor Swift deve movimentar R$ 158 milh\u00f5es na economia do Rio"}]},{"@type":"WebSite","@id":"https:\/\/newblogs.correiobraziliense.com.br\/blog-da-rosana-hessel\/#website","url":"https:\/\/newblogs.correiobraziliense.com.br\/blog-da-rosana-hessel\/","name":"Blog da Rosana Hessel","description":"Not\u00edcias atualizadas e an\u00e1lises sobre economia. Acompanhe-nos para entender as tend\u00eancias e os impactos econ\u00f4micos que influenciam o seu dia a dia, tanto no Brasil quanto no exterior.","potentialAction":[{"@type":"SearchAction","target":{"@type":"EntryPoint","urlTemplate":"https:\/\/newblogs.correiobraziliense.com.br\/blog-da-rosana-hessel\/?s={search_term_string}"},"query-input":{"@type":"PropertyValueSpecification","valueRequired":true,"valueName":"search_term_string"}}],"inLanguage":"pt-BR"},{"@type":"Person","@id":"https:\/\/newblogs.correiobraziliense.com.br\/blog-da-rosana-hessel\/#\/schema\/person\/824cb3c631cf0d4056f75ca02599a930","name":"Rosana Hessel","image":{"@type":"ImageObject","inLanguage":"pt-BR","@id":"https:\/\/secure.gravatar.com\/avatar\/fe780cf1839cf10cd6d682fb080611e0d2a459b64be8a8781778109777fbcfd3?s=96&d=mm&r=g","url":"https:\/\/secure.gravatar.com\/avatar\/fe780cf1839cf10cd6d682fb080611e0d2a459b64be8a8781778109777fbcfd3?s=96&d=mm&r=g","contentUrl":"https:\/\/secure.gravatar.com\/avatar\/fe780cf1839cf10cd6d682fb080611e0d2a459b64be8a8781778109777fbcfd3?s=96&d=mm&r=g","caption":"Rosana Hessel"},"description":"Formada pela Pontif\u00edcia Universidade Cat\u00f3lica de S\u00e3o Paulo (PUC-SP), \u00e9 jornalista de economia desde 1995, quando passou a integrar o time da Gazeta Mercantil. Est\u00e1 sempre atr\u00e1s da boa informa\u00e7\u00e3o. Possui especializa\u00e7\u00e3o em economia pela FGV e MBA em Finan\u00e7as pela FIA-USP. Trabalha no Correio Braziliense desde 2010. Ganhou o Pr\u00eamio Esso de Jornalismo Econ\u00f4mico em 2014 e em 2015 com a equipe do Correio. Foi finalista entre os 50 jornalistas +Admirados da Imprensa de Economia, Neg\u00f3cios e Finan\u00e7as 2024, promovido pela Jornalistas&amp;Cia.","url":"https:\/\/newblogs.correiobraziliense.com.br\/blog-da-rosana-hessel\/author\/rosanahessel\/"}]}},"_links":{"self":[{"href":"https:\/\/newblogs.correiobraziliense.com.br\/blog-da-rosana-hessel\/wp-json\/wp\/v2\/posts\/29238","targetHints":{"allow":["GET"]}}],"collection":[{"href":"https:\/\/newblogs.correiobraziliense.com.br\/blog-da-rosana-hessel\/wp-json\/wp\/v2\/posts"}],"about":[{"href":"https:\/\/newblogs.correiobraziliense.com.br\/blog-da-rosana-hessel\/wp-json\/wp\/v2\/types\/post"}],"author":[{"embeddable":true,"href":"https:\/\/newblogs.correiobraziliense.com.br\/blog-da-rosana-hessel\/wp-json\/wp\/v2\/users\/10"}],"replies":[{"embeddable":true,"href":"https:\/\/newblogs.correiobraziliense.com.br\/blog-da-rosana-hessel\/wp-json\/wp\/v2\/comments?post=29238"}],"version-history":[{"count":0,"href":"https:\/\/newblogs.correiobraziliense.com.br\/blog-da-rosana-hessel\/wp-json\/wp\/v2\/posts\/29238\/revisions"}],"wp:featuredmedia":[{"embeddable":true,"href":"https:\/\/newblogs.correiobraziliense.com.br\/blog-da-rosana-hessel\/wp-json\/"}],"wp:attachment":[{"href":"https:\/\/newblogs.correiobraziliense.com.br\/blog-da-rosana-hessel\/wp-json\/wp\/v2\/media?parent=29238"}],"wp:term":[{"taxonomy":"category","embeddable":true,"href":"https:\/\/newblogs.correiobraziliense.com.br\/blog-da-rosana-hessel\/wp-json\/wp\/v2\/categories?post=29238"},{"taxonomy":"post_tag","embeddable":true,"href":"https:\/\/newblogs.correiobraziliense.com.br\/blog-da-rosana-hessel\/wp-json\/wp\/v2\/tags?post=29238"}],"curies":[{"name":"wp","href":"https:\/\/api.w.org\/{rel}","templated":true}]}}