{"id":29125,"date":"2023-11-01T18:33:38","date_gmt":"2023-11-01T21:33:38","guid":{"rendered":"https:\/\/blogs.correiobraziliense.com.br\/vicente\/?p=29125"},"modified":"2023-11-01T18:33:38","modified_gmt":"2023-11-01T21:33:38","slug":"banco-central-reduz-taxa-basica-de-juros-para-1225-ao-ano","status":"publish","type":"post","link":"https:\/\/newblogs.correiobraziliense.com.br\/blog-da-rosana-hessel\/banco-central-reduz-taxa-basica-de-juros-para-1225-ao-ano\/","title":{"rendered":"Banco Central reduz taxa b\u00e1sica de juros para 12,25% ao ano"},"content":{"rendered":"<figure id=\"attachment_15102\" aria-describedby=\"caption-attachment-15102\" style=\"width: 800px\" class=\"wp-caption alignnone\"><a href=\"https:\/\/blogs.correiobraziliense.com.br\/vicente\/wp-content\/uploads\/sites\/16\/2020\/08\/BancoCentral1.jpg\"><img loading=\"lazy\" decoding=\"async\" class=\"size-full wp-image-15102\" src=\"https:\/\/blogs.correiobraziliense.com.br\/vicente\/wp-content\/uploads\/sites\/16\/2020\/08\/BancoCentral1.jpg\" alt=\"\" width=\"800\" height=\"534\" \/><\/a><figcaption id=\"caption-attachment-15102\" class=\"wp-caption-text\">Foto: CB\/D.A Press<\/figcaption><\/figure>\n<p>&nbsp;<\/p>\n<p>ROSANA HESSEL<\/p>\n<p>&nbsp;<\/p>\n<p>O Comit\u00ea de Pol\u00edtica Monet\u00e1ria (Copom), do Banco Central, decidiu, nesta quarta-feira (1\u00ba\/10), reduzir a taxa b\u00e1sica da economia (Selic) em 0,50 ponto percentual, para 12,25% ao ano, menor patamar desde 4 de maio de 2022, quando os juros b\u00e1sicos estavam em 11,75% anuais. A decis\u00e3o foi un\u00e2nime e o colegiado sinalizou a manuten\u00e7\u00e3o do ritmo de cortes da Selic nas pr\u00f3ximas reuni\u00f5es, como nos comunicados anteriores.<\/p>\n<p>&nbsp;<\/p>\n<p>&#8220;O Comit\u00ea enfatiza que a magnitude total do ciclo de flexibiliza\u00e7\u00e3o ao longo do tempo depender\u00e1 da evolu\u00e7\u00e3o da din\u00e2mica inflacion\u00e1ria, em especial dos componentes mais sens\u00edveis \u00e0 pol\u00edtica monet\u00e1ria e \u00e0 atividade econ\u00f4mica, das expectativas de infla\u00e7\u00e3o, em particular daquelas de maior prazo, de suas proje\u00e7\u00f5es de infla\u00e7\u00e3o, do hiato do produto e do balan\u00e7o de riscos&#8221;, destacou o comunicado do Copom.<\/p>\n<p>&nbsp;<\/p>\n<p>O ritmo de redu\u00e7\u00e3o da Selic era esperado pelo mercado, que elevou de 9% para 9,25% a mediana da previs\u00e3o da taxa b\u00e1sica anual no fim de 2024 no \u00faltimo boletim Focus, divulgado na segunda-feira (30\/10), ap\u00f3s o presidente Luiz In\u00e1cio Lula da Silva (PT) sinalizar que pretende mudar a meta fiscal.\u00a0Esse foi o terceiro corte consecutivo nos juros, ap\u00f3s o in\u00edcio do ciclo de flexibiliza\u00e7\u00e3o da pol\u00edtica monet\u00e1ria em agosto.<\/p>\n<p>&nbsp;<\/p>\n<p>Mais cedo, <a href=\"https:\/\/www.correiobraziliense.com.br\/economia\/2023\/11\/6054272-fed-mantem-juros-em-dia-de-decisao-do-copom-bolsa-sobe-e-dolar-cai.html\">o\u00a0Federal Reserve (Fed, banco central dos Estados Unidos), decidiu manter os juros b\u00e1sicos no intervalo de 5,25% a 5,50% ao ano<\/a>, como era esperado pelo mercado.<\/p>\n<p>&nbsp;<\/p>\n<p>Na expectativa das duas decis\u00f5es sobre juros, a Bolsa de Valores de S\u00e3o Paulo (B3) fechou em alta e o d\u00f3lar voltou a ficar abaixo de R$ 5 desde o dia 25 de setembro.<\/p>\n<p>&nbsp;<\/p>\n<p>&nbsp;<\/p>\n<p><strong>Veja a \u00edntegra da nota do Copom:<\/strong><\/p>\n<p>&nbsp;<\/p>\n<p>&nbsp;<\/p>\n<p><em>O ambiente externo mostra-se adverso, em fun\u00e7\u00e3o da eleva\u00e7\u00e3o das taxas de juros de prazos mais longos nos Estados Unidos, da resili\u00eancia dos n\u00facleos de infla\u00e7\u00e3o em n\u00edveis ainda elevados em diversos pa\u00edses e de novas tens\u00f5es geopol\u00edticas. Os bancos centrais das principais economias permanecem determinados em promover a converg\u00eancia das taxas de infla\u00e7\u00e3o para suas metas em um ambiente marcado por press\u00f5es nos mercados de trabalho. O Comit\u00ea avalia que o cen\u00e1rio exige aten\u00e7\u00e3o e cautela por parte de pa\u00edses emergentes.<\/em><\/p>\n<p><em>Em rela\u00e7\u00e3o ao cen\u00e1rio dom\u00e9stico, o conjunto dos indicadores de atividade econ\u00f4mica segue consistente com o cen\u00e1rio de desacelera\u00e7\u00e3o da economia nos pr\u00f3ximos trimestres antecipado pelo Copom. A infla\u00e7\u00e3o cheia ao consumidor manteve trajet\u00f3ria de desinfla\u00e7\u00e3o, mas segue acima do intervalo compat\u00edvel com o cumprimento da meta de infla\u00e7\u00e3o, enquanto as medidas mais recentes de infla\u00e7\u00e3o subjacente ainda se situam acima da meta para a infla\u00e7\u00e3o.<\/em><\/p>\n<p><em>As expectativas de infla\u00e7\u00e3o para 2023, 2024 e 2025 apuradas pela pesquisa Focus encontram-se em torno de 4,6%, 3,9% e 3,5%, respectivamente.<\/em><\/p>\n<p><em>As proje\u00e7\u00f5es de infla\u00e7\u00e3o do Copom em seu cen\u00e1rio de refer\u00eancia* situam-se em 4,7% em 2023, 3,6% em 2024 e 3,2% em 2025. As proje\u00e7\u00f5es para a infla\u00e7\u00e3o de pre\u00e7os administrados s\u00e3o de 9,3% em 2023, 5,0% em 2024 e 3,6% em 2025.<\/em><\/p>\n<p><em>O Comit\u00ea ressalta que, em seus cen\u00e1rios para a infla\u00e7\u00e3o, permanecem fatores de risco em ambas as dire\u00e7\u00f5es. Entre os riscos de alta para o cen\u00e1rio inflacion\u00e1rio e as expectativas de infla\u00e7\u00e3o, destacam-se (i) uma maior persist\u00eancia das press\u00f5es inflacion\u00e1rias globais; e (ii) uma maior resili\u00eancia na infla\u00e7\u00e3o de servi\u00e7os do que a projetada em fun\u00e7\u00e3o de um hiato do produto mais apertado. Entre os riscos de baixa, ressaltam-se (i) uma desacelera\u00e7\u00e3o da atividade econ\u00f4mica global mais acentuada do que a projetada; e (ii) os impactos do aperto monet\u00e1rio sincronizado sobre a desinfla\u00e7\u00e3o global se mostrarem mais fortes do que o esperado. \u00a0O Comit\u00ea avalia que a conjuntura, em particular devido ao cen\u00e1rio internacional, \u00e9 mais incerta do que o usual e exige cautela na condu\u00e7\u00e3o da pol\u00edtica monet\u00e1ria.<\/em><\/p>\n<div class=\"row\">\n<div class=\"col-md-10\">\n<div class=\"corpo\">\n<p><em>Tendo em conta a import\u00e2ncia da execu\u00e7\u00e3o das metas fiscais j\u00e1 estabelecidas para a ancoragem das expectativas de infla\u00e7\u00e3o e, consequentemente, para a condu\u00e7\u00e3o da pol\u00edtica monet\u00e1ria, o Comit\u00ea reafirma a import\u00e2ncia da firme persecu\u00e7\u00e3o dessas metas.<\/em><\/p>\n<p><em>Considerando a evolu\u00e7\u00e3o do processo de desinfla\u00e7\u00e3o, os cen\u00e1rios avaliados, o balan\u00e7o de riscos e o amplo conjunto de informa\u00e7\u00f5es dispon\u00edveis, o Copom decidiu reduzir a taxa b\u00e1sica de juros em 0,50 ponto percentual, para 12,25% a.a., e entende que essa decis\u00e3o \u00e9 compat\u00edvel com a estrat\u00e9gia de converg\u00eancia da infla\u00e7\u00e3o para o redor da meta ao longo do horizonte relevante, que inclui o ano de 2024 e o de 2025. Sem preju\u00edzo de seu objetivo fundamental de assegurar a estabilidade de pre\u00e7os, essa decis\u00e3o tamb\u00e9m implica suaviza\u00e7\u00e3o das flutua\u00e7\u00f5es do n\u00edvel de atividade econ\u00f4mica e fomento do pleno emprego.<\/em><\/p>\n<p><em>A conjuntura atual, caracterizada por um est\u00e1gio do processo desinflacion\u00e1rio que tende a ser mais lento, expectativas de infla\u00e7\u00e3o com reancoragem apenas parcial e um cen\u00e1rio global desafiador, demanda serenidade e modera\u00e7\u00e3o na condu\u00e7\u00e3o da pol\u00edtica monet\u00e1ria. O Comit\u00ea refor\u00e7a a necessidade de perseverar com uma pol\u00edtica monet\u00e1ria contracionista at\u00e9 que se consolide n\u00e3o apenas o processo de desinfla\u00e7\u00e3o como tamb\u00e9m a ancoragem das expectativas em torno de suas metas.<\/em><\/p>\n<p><em>Em se confirmando o cen\u00e1rio esperado, os membros do Comit\u00ea, unanimemente, anteveem redu\u00e7\u00e3o de mesma magnitude nas pr\u00f3ximas reuni\u00f5es e avaliam que esse \u00e9 o ritmo apropriado para manter a pol\u00edtica monet\u00e1ria contracionista necess\u00e1ria para o processo desinflacion\u00e1rio. O Comit\u00ea enfatiza que a magnitude total do ciclo de flexibiliza\u00e7\u00e3o ao longo do tempo depender\u00e1 da evolu\u00e7\u00e3o da din\u00e2mica inflacion\u00e1ria, em especial dos componentes mais sens\u00edveis \u00e0 pol\u00edtica monet\u00e1ria e \u00e0 atividade econ\u00f4mica, das expectativas de infla\u00e7\u00e3o, em particular daquelas de maior prazo, de suas proje\u00e7\u00f5es de infla\u00e7\u00e3o, do hiato do produto e do balan\u00e7o de riscos.<\/em><\/p>\n<p><em>Votaram por uma redu\u00e7\u00e3o de 0,50 ponto percentual os seguintes membros do Comit\u00ea: Roberto de Oliveira Campos Neto (presidente), Ailton de Aquino Santos, Carolina de Assis Barros, Diogo Abry Guillen, Fernanda Magalh\u00e3es Rumenos Guardado, Gabriel Muricca Gal\u00edpolo, Maur\u00edcio Costa de Moura, Ot\u00e1vio Ribeiro Damaso e Renato Dias de Brito Gomes.<\/em><\/p>\n<p>&nbsp;<\/p>\n<p><em>* No cen\u00e1rio de refer\u00eancia, a trajet\u00f3ria para a taxa de juros \u00e9 extra\u00edda da pesquisa Focus e a taxa de c\u00e2mbio parte de USD\/BRL 5,00, evoluindo segundo a paridade do poder de compra (PPC). O pre\u00e7o do petr\u00f3leo segue aproximadamente a curva futura pelos pr\u00f3ximos seis meses e passa a aumentar 2% ao ano posteriormente. Al\u00e9m disso, adota-se a hip\u00f3tese de bandeira tarif\u00e1ria &#8220;verde&#8221; em dezembro de 2023, de 2024 e de 2025. O valor para o c\u00e2mbio foi obtido pelo procedimento de arredondar a cota\u00e7\u00e3o m\u00e9dia da taxa de c\u00e2mbio USD\/BRL observada nos dez dias \u00fateis encerrados no \u00faltimo dia da semana anterior \u00e0 da reuni\u00e3o do Copom, conforme anunciado no Relat\u00f3rio de Infla\u00e7\u00e3o de setembro de 2023.<\/em><\/p>\n<\/div>\n<\/div>\n<\/div>\n<p>&nbsp;<\/p>\n","protected":false},"excerpt":{"rendered":"<p>&nbsp; ROSANA HESSEL &nbsp; O Comit\u00ea de Pol\u00edtica Monet\u00e1ria (Copom), do Banco Central, decidiu, nesta quarta-feira (1\u00ba\/10), reduzir a taxa b\u00e1sica da economia (Selic) em 0,50 ponto percentual, para 12,25% ao ano, menor patamar desde 4 de maio de 2022, quando os juros b\u00e1sicos estavam em 11,75% anuais. A decis\u00e3o foi un\u00e2nime e o colegiado [&hellip;]<\/p>\n","protected":false},"author":10,"featured_media":28689,"comment_status":"open","ping_status":"closed","sticky":false,"template":"","format":"standard","meta":{"_acf_changed":false,"inline_featured_image":false,"footnotes":""},"categories":[4],"tags":[82,83,39,84],"class_list":["post-29125","post","type-post","status-publish","format-standard","has-post-thumbnail","hentry","category-economia","tag-banco-central","tag-copom","tag-juros","tag-selic"],"acf":[],"yoast_head":"<!-- This site is optimized with the Yoast SEO plugin v27.3 - https:\/\/yoast.com\/product\/yoast-seo-wordpress\/ -->\n<title>Banco Central reduz taxa b\u00e1sica de juros para 12,25% ao ano<\/title>\n<meta name=\"description\" content=\"Banco Central realiza terceira redu\u00e7\u00e3o consecutiva de 0,50 ponto percentual na taxa Selic, para 12,25% ao ano -- menor patamar desde maio de 2022.\" \/>\n<meta name=\"robots\" content=\"index, follow, max-snippet:-1, max-image-preview:large, max-video-preview:-1\" \/>\n<link rel=\"canonical\" href=\"https:\/\/newblogs.correiobraziliense.com.br\/blog-da-rosana-hessel\/banco-central-reduz-taxa-basica-de-juros-para-1225-ao-ano\/\" \/>\n<meta property=\"og:locale\" content=\"pt_BR\" \/>\n<meta property=\"og:type\" content=\"article\" \/>\n<meta property=\"og:title\" content=\"Banco Central reduz taxa b\u00e1sica de juros para 12,25% ao ano\" \/>\n<meta property=\"og:description\" content=\"Banco Central realiza terceira redu\u00e7\u00e3o consecutiva de 0,50 ponto percentual na taxa Selic, para 12,25% ao ano -- menor patamar desde maio de 2022.\" \/>\n<meta property=\"og:url\" content=\"https:\/\/newblogs.correiobraziliense.com.br\/blog-da-rosana-hessel\/banco-central-reduz-taxa-basica-de-juros-para-1225-ao-ano\/\" \/>\n<meta property=\"og:site_name\" content=\"Blog da Rosana Hessel\" \/>\n<meta property=\"article:published_time\" content=\"2023-11-01T21:33:38+00:00\" \/>\n<meta property=\"og:image\" content=\"https:\/\/newblogs.correiobraziliense.com.br\/blog-da-rosana-hessel\/wp-content\/uploads\/sites\/5\/2024\/06\/IMG_7392-1.png\" \/>\n\t<meta property=\"og:image:width\" content=\"1200\" \/>\n\t<meta property=\"og:image:height\" content=\"675\" \/>\n\t<meta property=\"og:image:type\" content=\"image\/png\" \/>\n<meta name=\"author\" content=\"Rosana Hessel\" \/>\n<!-- \/ Yoast SEO plugin. -->","yoast_head_json":{"title":"Banco Central reduz taxa b\u00e1sica de juros para 12,25% ao ano","description":"Banco Central realiza terceira redu\u00e7\u00e3o consecutiva de 0,50 ponto percentual na taxa Selic, para 12,25% ao ano -- menor patamar desde maio de 2022.","robots":{"index":"index","follow":"follow","max-snippet":"max-snippet:-1","max-image-preview":"max-image-preview:large","max-video-preview":"max-video-preview:-1"},"canonical":"https:\/\/newblogs.correiobraziliense.com.br\/blog-da-rosana-hessel\/banco-central-reduz-taxa-basica-de-juros-para-1225-ao-ano\/","og_locale":"pt_BR","og_type":"article","og_title":"Banco Central reduz taxa b\u00e1sica de juros para 12,25% ao ano","og_description":"Banco Central realiza terceira redu\u00e7\u00e3o consecutiva de 0,50 ponto percentual na taxa Selic, para 12,25% ao ano -- menor patamar desde maio de 2022.","og_url":"https:\/\/newblogs.correiobraziliense.com.br\/blog-da-rosana-hessel\/banco-central-reduz-taxa-basica-de-juros-para-1225-ao-ano\/","og_site_name":"Blog da Rosana Hessel","article_published_time":"2023-11-01T21:33:38+00:00","og_image":[{"width":1200,"height":675,"url":"https:\/\/newblogs.correiobraziliense.com.br\/blog-da-rosana-hessel\/wp-content\/uploads\/sites\/5\/2024\/06\/IMG_7392-1.png","type":"image\/png"}],"author":"Rosana Hessel","schema":{"@context":"https:\/\/schema.org","@graph":[{"@type":"Article","@id":"https:\/\/newblogs.correiobraziliense.com.br\/blog-da-rosana-hessel\/banco-central-reduz-taxa-basica-de-juros-para-1225-ao-ano\/#article","isPartOf":{"@id":"https:\/\/newblogs.correiobraziliense.com.br\/blog-da-rosana-hessel\/banco-central-reduz-taxa-basica-de-juros-para-1225-ao-ano\/"},"author":{"name":"Rosana Hessel","@id":"https:\/\/newblogs.correiobraziliense.com.br\/blog-da-rosana-hessel\/#\/schema\/person\/824cb3c631cf0d4056f75ca02599a930"},"headline":"Banco Central reduz taxa b\u00e1sica de juros para 12,25% ao ano","datePublished":"2023-11-01T21:33:38+00:00","mainEntityOfPage":{"@id":"https:\/\/newblogs.correiobraziliense.com.br\/blog-da-rosana-hessel\/banco-central-reduz-taxa-basica-de-juros-para-1225-ao-ano\/"},"wordCount":1253,"commentCount":0,"image":{"@id":"https:\/\/newblogs.correiobraziliense.com.br\/blog-da-rosana-hessel\/banco-central-reduz-taxa-basica-de-juros-para-1225-ao-ano\/#primaryimage"},"thumbnailUrl":"","keywords":["Banco Central","Copom","juros","Selic"],"articleSection":["Economia"],"inLanguage":"pt-BR"},{"@type":"WebPage","@id":"https:\/\/newblogs.correiobraziliense.com.br\/blog-da-rosana-hessel\/banco-central-reduz-taxa-basica-de-juros-para-1225-ao-ano\/","url":"https:\/\/newblogs.correiobraziliense.com.br\/blog-da-rosana-hessel\/banco-central-reduz-taxa-basica-de-juros-para-1225-ao-ano\/","name":"Banco Central reduz taxa b\u00e1sica de juros para 12,25% ao ano","isPartOf":{"@id":"https:\/\/newblogs.correiobraziliense.com.br\/blog-da-rosana-hessel\/#website"},"primaryImageOfPage":{"@id":"https:\/\/newblogs.correiobraziliense.com.br\/blog-da-rosana-hessel\/banco-central-reduz-taxa-basica-de-juros-para-1225-ao-ano\/#primaryimage"},"image":{"@id":"https:\/\/newblogs.correiobraziliense.com.br\/blog-da-rosana-hessel\/banco-central-reduz-taxa-basica-de-juros-para-1225-ao-ano\/#primaryimage"},"thumbnailUrl":"","datePublished":"2023-11-01T21:33:38+00:00","author":{"@id":"https:\/\/newblogs.correiobraziliense.com.br\/blog-da-rosana-hessel\/#\/schema\/person\/824cb3c631cf0d4056f75ca02599a930"},"description":"Banco Central realiza terceira redu\u00e7\u00e3o consecutiva de 0,50 ponto percentual na taxa Selic, para 12,25% ao ano -- menor patamar desde maio de 2022.","breadcrumb":{"@id":"https:\/\/newblogs.correiobraziliense.com.br\/blog-da-rosana-hessel\/banco-central-reduz-taxa-basica-de-juros-para-1225-ao-ano\/#breadcrumb"},"inLanguage":"pt-BR","potentialAction":[{"@type":"ReadAction","target":["https:\/\/newblogs.correiobraziliense.com.br\/blog-da-rosana-hessel\/banco-central-reduz-taxa-basica-de-juros-para-1225-ao-ano\/"]}]},{"@type":"ImageObject","inLanguage":"pt-BR","@id":"https:\/\/newblogs.correiobraziliense.com.br\/blog-da-rosana-hessel\/banco-central-reduz-taxa-basica-de-juros-para-1225-ao-ano\/#primaryimage","url":"","contentUrl":""},{"@type":"BreadcrumbList","@id":"https:\/\/newblogs.correiobraziliense.com.br\/blog-da-rosana-hessel\/banco-central-reduz-taxa-basica-de-juros-para-1225-ao-ano\/#breadcrumb","itemListElement":[{"@type":"ListItem","position":1,"name":"In\u00edcio","item":"https:\/\/newblogs.correiobraziliense.com.br\/blog-da-rosana-hessel\/"},{"@type":"ListItem","position":2,"name":"Banco Central reduz taxa b\u00e1sica de juros para 12,25% ao ano"}]},{"@type":"WebSite","@id":"https:\/\/newblogs.correiobraziliense.com.br\/blog-da-rosana-hessel\/#website","url":"https:\/\/newblogs.correiobraziliense.com.br\/blog-da-rosana-hessel\/","name":"Blog da Rosana Hessel","description":"Not\u00edcias atualizadas e an\u00e1lises sobre economia. Acompanhe-nos para entender as tend\u00eancias e os impactos econ\u00f4micos que influenciam o seu dia a dia, tanto no Brasil quanto no exterior.","potentialAction":[{"@type":"SearchAction","target":{"@type":"EntryPoint","urlTemplate":"https:\/\/newblogs.correiobraziliense.com.br\/blog-da-rosana-hessel\/?s={search_term_string}"},"query-input":{"@type":"PropertyValueSpecification","valueRequired":true,"valueName":"search_term_string"}}],"inLanguage":"pt-BR"},{"@type":"Person","@id":"https:\/\/newblogs.correiobraziliense.com.br\/blog-da-rosana-hessel\/#\/schema\/person\/824cb3c631cf0d4056f75ca02599a930","name":"Rosana Hessel","image":{"@type":"ImageObject","inLanguage":"pt-BR","@id":"https:\/\/secure.gravatar.com\/avatar\/fe780cf1839cf10cd6d682fb080611e0d2a459b64be8a8781778109777fbcfd3?s=96&d=mm&r=g","url":"https:\/\/secure.gravatar.com\/avatar\/fe780cf1839cf10cd6d682fb080611e0d2a459b64be8a8781778109777fbcfd3?s=96&d=mm&r=g","contentUrl":"https:\/\/secure.gravatar.com\/avatar\/fe780cf1839cf10cd6d682fb080611e0d2a459b64be8a8781778109777fbcfd3?s=96&d=mm&r=g","caption":"Rosana Hessel"},"description":"Formada pela Pontif\u00edcia Universidade Cat\u00f3lica de S\u00e3o Paulo (PUC-SP), \u00e9 jornalista de economia desde 1995, quando passou a integrar o time da Gazeta Mercantil. Est\u00e1 sempre atr\u00e1s da boa informa\u00e7\u00e3o. Possui especializa\u00e7\u00e3o em economia pela FGV e MBA em Finan\u00e7as pela FIA-USP. Trabalha no Correio Braziliense desde 2010. Ganhou o Pr\u00eamio Esso de Jornalismo Econ\u00f4mico em 2014 e em 2015 com a equipe do Correio. Foi finalista entre os 50 jornalistas +Admirados da Imprensa de Economia, Neg\u00f3cios e Finan\u00e7as 2024, promovido pela Jornalistas&amp;Cia.","url":"https:\/\/newblogs.correiobraziliense.com.br\/blog-da-rosana-hessel\/author\/rosanahessel\/"}]}},"_links":{"self":[{"href":"https:\/\/newblogs.correiobraziliense.com.br\/blog-da-rosana-hessel\/wp-json\/wp\/v2\/posts\/29125","targetHints":{"allow":["GET"]}}],"collection":[{"href":"https:\/\/newblogs.correiobraziliense.com.br\/blog-da-rosana-hessel\/wp-json\/wp\/v2\/posts"}],"about":[{"href":"https:\/\/newblogs.correiobraziliense.com.br\/blog-da-rosana-hessel\/wp-json\/wp\/v2\/types\/post"}],"author":[{"embeddable":true,"href":"https:\/\/newblogs.correiobraziliense.com.br\/blog-da-rosana-hessel\/wp-json\/wp\/v2\/users\/10"}],"replies":[{"embeddable":true,"href":"https:\/\/newblogs.correiobraziliense.com.br\/blog-da-rosana-hessel\/wp-json\/wp\/v2\/comments?post=29125"}],"version-history":[{"count":0,"href":"https:\/\/newblogs.correiobraziliense.com.br\/blog-da-rosana-hessel\/wp-json\/wp\/v2\/posts\/29125\/revisions"}],"wp:featuredmedia":[{"embeddable":true,"href":"https:\/\/newblogs.correiobraziliense.com.br\/blog-da-rosana-hessel\/wp-json\/"}],"wp:attachment":[{"href":"https:\/\/newblogs.correiobraziliense.com.br\/blog-da-rosana-hessel\/wp-json\/wp\/v2\/media?parent=29125"}],"wp:term":[{"taxonomy":"category","embeddable":true,"href":"https:\/\/newblogs.correiobraziliense.com.br\/blog-da-rosana-hessel\/wp-json\/wp\/v2\/categories?post=29125"},{"taxonomy":"post_tag","embeddable":true,"href":"https:\/\/newblogs.correiobraziliense.com.br\/blog-da-rosana-hessel\/wp-json\/wp\/v2\/tags?post=29125"}],"curies":[{"name":"wp","href":"https:\/\/api.w.org\/{rel}","templated":true}]}}