{"id":29061,"date":"2023-10-25T07:29:47","date_gmt":"2023-10-25T10:29:47","guid":{"rendered":"https:\/\/blogs.correiobraziliense.com.br\/vicente\/?p=29061"},"modified":"2023-10-25T07:29:47","modified_gmt":"2023-10-25T10:29:47","slug":"genial-quaest-aprovacao-de-lula-recua-de-60-para-54-com-queda-do-otimismo","status":"publish","type":"post","link":"https:\/\/newblogs.correiobraziliense.com.br\/blog-da-rosana-hessel\/genial-quaest-aprovacao-de-lula-recua-de-60-para-54-com-queda-do-otimismo\/","title":{"rendered":"Genial\/Quaest: Aprova\u00e7\u00e3o de Lula recua de 60% para 54% com queda do otimismo"},"content":{"rendered":"<p>ROSANA HESSEL<\/p>\n<p>&nbsp;<\/p>\n<p>A piora no otimismo sobre a economia e as cr\u00edticas ao excesso de viagens internacionais contribu\u00edram para queda na aprova\u00e7\u00e3o do presidente Luiz In\u00e1cio Lula da Silva (PT), c<span style=\"font-weight: 400\">onforme dados da quinta rodada da pesquisa Genial\/Quaest de 2023, divulgados nesta quarta-feira (25\/10). <\/span><\/p>\n<p>&nbsp;<\/p>\n<p><span style=\"font-weight: 400\">A avalia\u00e7\u00e3o positiva do chefe do Executivo recuou seis pontos percentuais em rela\u00e7\u00e3o ao levantamento de agosto, passando de 60% para 54%, mais um sinal de que a lua de mel com o novo governo est\u00e1 acabando.\u00a0\u00a0<\/span><\/p>\n<p>&nbsp;<\/p>\n<p>Na edi\u00e7\u00e3o anterior da pesquisa, a aprova\u00e7\u00e3o de Lula tinha atingido o maior patamar desde o in\u00edcio do levantamento, em fevereiro.\u00a0\u00a0<span style=\"font-weight: 400\">Enquanto isso, a desaprova\u00e7\u00e3o ao trabalho do presidente avan\u00e7ou de 35% para 42%, mesmo \u00edndice de abril, quando o governo n\u00e3o havia conseguido avan\u00e7ar nas pautas econ\u00f4micas, de acordo com o CEO da Quaest, Felipe Nunes.\u00a0<\/span><\/p>\n<p>&nbsp;<\/p>\n<p><span style=\"font-weight: 400\">Vale lembrar que a aprova\u00e7\u00e3o de Lula caiu em todas as regi\u00f5es do pa\u00eds. No Sudeste, recuou de 55% para 49%; no Sul, de 59% para 50%; no Nordeste, de 72% para 68%; e no Centro-Oeste e Norte, oscilou de 52% para 50%.\u00a0 &#8220;A queda na aprova\u00e7\u00e3o na pesquisa deste m\u00eas n\u00e3o est\u00e1 concentrada em nenhum segmento. Pelo contr\u00e1rio \u00e9 generalizada, em todas as regi\u00f5es e em todas as classes sociais&#8221;, destacou Nunes, nas redes sociais.<\/span><\/p>\n<p>&nbsp;<\/p>\n<p><span style=\"font-weight: 400\">De acordo com os dados da pesquisa da Quaest feita para a Genial Investimentos, o otimismo sobre a economia recuou de 59% para 50%.\u00a0Para 49% dos entrevistados, o Brasil est\u00e1 na dire\u00e7\u00e3o errada e 43% acham que o rumo est\u00e1 certo.\u00a0\u00a0<\/span><span style=\"font-weight: 400\">Os mais otimistas s\u00e3o os nordestinos, com 57%, enquanto 55% dos moradores do Sul e 54% do Centro-Oeste consideram que o pa\u00eds est\u00e1 na dire\u00e7\u00e3o errada.\u00a0<\/span><\/p>\n<p>&nbsp;<\/p>\n<p><span style=\"font-weight: 400\">Conforme os dados da pesquisa, para 57% dos eleitores, os pre\u00e7os das contas subiram, enquanto 42% apontam alta nos alimentos e 43% nos combust\u00edveis. A infla\u00e7\u00e3o deve subir, na opini\u00e3o de 47%, assim como o desemprego, para 40%. Esse desempenho n\u00e3o afetou a avalia\u00e7\u00e3o positiva do ministro da Fazenda, Fernando Haddad, que continua aprovado por 26% dos entrevistados, mesmo percentual dos que o avaliam negativamente. Contudo, em agosto, a avalia\u00e7\u00e3o negativa de Haddad era menor, de 23%.<\/span><\/p>\n<p>&nbsp;<\/p>\n<p><strong>Cr\u00edticas ao excesso de viagens<\/strong><\/p>\n<p>&nbsp;<\/p>\n<p><span style=\"font-weight: 400\">O n\u00famero de viagens de Lula \u00e9 considerado excessivo para 55% dos entrevistados e 60% afirmam que ele se dedica mais \u00e0 agenda internacional do que devia e consideram que essas viagens n\u00e3o trazem bons resultados para o pa\u00eds.\u00a0\u00a0<\/span><\/p>\n<p>&nbsp;<\/p>\n<p><span style=\"font-weight: 400\">Em rela\u00e7\u00e3o \u00e0 guerra no Oriente M\u00e9dio entre Israel e o Hamas, deflagrada no \u00faltimo dia 7, 57% dos eleitores acham que o Brasil deveria classificar o grupo Hamas como terrorista.<\/span><\/p>\n<p>&nbsp;<\/p>\n<p><span style=\"font-weight: 400\">A pesquisa foi realizada entre os dias 19 e 22 de outubro. Foram entrevistados 2.000 brasileiros de 16 anos ou mais em todos os estados de forma presencial. A margem de erro \u00e9 de 2,2 pontos percentuais.<\/span><\/p>\n<p>&nbsp;<\/p>\n<p><strong>Veja abaixo alguns destaques da pesquisa da Quaest:<\/strong><\/p>\n<p>&nbsp;<\/p>\n<p>&nbsp;<\/p>\n<p><a href=\"https:\/\/blogs.correiobraziliense.com.br\/vicente\/wp-content\/uploads\/sites\/16\/2023\/10\/quaest3out23.jpg\"><img loading=\"lazy\" decoding=\"async\" class=\"alignnone size-large wp-image-29067\" src=\"https:\/\/blogs.correiobraziliense.com.br\/vicente\/wp-content\/uploads\/sites\/16\/2023\/10\/quaest3out23-1024x473.jpg\" alt=\"\" width=\"1024\" height=\"473\" \/><\/a><\/p>\n<p>&nbsp;<\/p>\n<p>&nbsp;<\/p>\n<p><a href=\"https:\/\/blogs.correiobraziliense.com.br\/vicente\/wp-content\/uploads\/sites\/16\/2023\/10\/quaest2out23.jpg\"><img loading=\"lazy\" decoding=\"async\" class=\"alignnone size-large wp-image-29066\" src=\"https:\/\/blogs.correiobraziliense.com.br\/vicente\/wp-content\/uploads\/sites\/16\/2023\/10\/quaest2out23-1024x473.jpg\" alt=\"\" width=\"1024\" height=\"473\" \/><\/a><\/p>\n<p><a href=\"https:\/\/blogs.correiobraziliense.com.br\/vicente\/wp-content\/uploads\/sites\/16\/2023\/10\/quaest1out23.jpg\"><img loading=\"lazy\" decoding=\"async\" class=\"alignnone size-large wp-image-29065\" src=\"https:\/\/blogs.correiobraziliense.com.br\/vicente\/wp-content\/uploads\/sites\/16\/2023\/10\/quaest1out23-1024x473.jpg\" alt=\"\" width=\"1024\" height=\"473\" \/><\/a><\/p>\n","protected":false},"excerpt":{"rendered":"<p>ROSANA HESSEL &nbsp; A piora no otimismo sobre a economia e as cr\u00edticas ao excesso de viagens internacionais contribu\u00edram para queda na aprova\u00e7\u00e3o do presidente Luiz In\u00e1cio Lula da Silva (PT), conforme dados da quinta rodada da pesquisa Genial\/Quaest de 2023, divulgados nesta quarta-feira (25\/10). &nbsp; A avalia\u00e7\u00e3o positiva do chefe do Executivo recuou seis [&hellip;]<\/p>\n","protected":false},"author":10,"featured_media":26892,"comment_status":"open","ping_status":"closed","sticky":false,"template":"","format":"standard","meta":{"_acf_changed":false,"inline_featured_image":false,"footnotes":""},"categories":[4],"tags":[1517,1058,118,1518,562,1519,1410],"class_list":["post-29061","post","type-post","status-publish","format-standard","has-post-thumbnail","hentry","category-economia","tag-aprovacao-do-governo","tag-haddad","tag-lula","tag-otimismo","tag-pesquisa-genial-quaest","tag-quinta-edicao-de-2023","tag-viagens"],"acf":[],"yoast_head":"<!-- This site is optimized with the Yoast SEO plugin v27.3 - https:\/\/yoast.com\/product\/yoast-seo-wordpress\/ -->\n<title>Genial\/Quaest: Aprova\u00e7\u00e3o de Lula recua de 60% para 54% com queda do otimismo - Blog da Rosana Hessel<\/title>\n<meta name=\"description\" content=\"Queda no otimismo com economia faz aprova\u00e7\u00e3o de Lula cair de 60% para 54% entre agosto e outubro, de acordo com os dados da pesquisa da Genial\/Quaest\" \/>\n<meta name=\"robots\" content=\"index, follow, max-snippet:-1, max-image-preview:large, max-video-preview:-1\" \/>\n<link rel=\"canonical\" href=\"https:\/\/newblogs.correiobraziliense.com.br\/blog-da-rosana-hessel\/genial-quaest-aprovacao-de-lula-recua-de-60-para-54-com-queda-do-otimismo\/\" \/>\n<meta property=\"og:locale\" content=\"pt_BR\" \/>\n<meta property=\"og:type\" content=\"article\" \/>\n<meta property=\"og:title\" content=\"Genial\/Quaest: Aprova\u00e7\u00e3o de Lula recua de 60% para 54% com queda do otimismo - Blog da Rosana Hessel\" \/>\n<meta property=\"og:description\" content=\"Queda no otimismo com economia faz aprova\u00e7\u00e3o de Lula cair de 60% para 54% entre agosto e outubro, de acordo com os dados da pesquisa da Genial\/Quaest\" \/>\n<meta property=\"og:url\" content=\"https:\/\/newblogs.correiobraziliense.com.br\/blog-da-rosana-hessel\/genial-quaest-aprovacao-de-lula-recua-de-60-para-54-com-queda-do-otimismo\/\" \/>\n<meta property=\"og:site_name\" content=\"Blog da Rosana Hessel\" \/>\n<meta property=\"article:published_time\" content=\"2023-10-25T10:29:47+00:00\" \/>\n<meta property=\"og:image\" content=\"https:\/\/newblogs.correiobraziliense.com.br\/blog-da-rosana-hessel\/wp-content\/uploads\/sites\/5\/2024\/06\/IMG_7392-1.png\" \/>\n\t<meta property=\"og:image:width\" content=\"1200\" \/>\n\t<meta property=\"og:image:height\" content=\"675\" \/>\n\t<meta property=\"og:image:type\" content=\"image\/png\" \/>\n<meta name=\"author\" content=\"Rosana Hessel\" \/>\n<!-- \/ Yoast SEO plugin. -->","yoast_head_json":{"title":"Genial\/Quaest: Aprova\u00e7\u00e3o de Lula recua de 60% para 54% com queda do otimismo - Blog da Rosana Hessel","description":"Queda no otimismo com economia faz aprova\u00e7\u00e3o de Lula cair de 60% para 54% entre agosto e outubro, de acordo com os dados da pesquisa da Genial\/Quaest","robots":{"index":"index","follow":"follow","max-snippet":"max-snippet:-1","max-image-preview":"max-image-preview:large","max-video-preview":"max-video-preview:-1"},"canonical":"https:\/\/newblogs.correiobraziliense.com.br\/blog-da-rosana-hessel\/genial-quaest-aprovacao-de-lula-recua-de-60-para-54-com-queda-do-otimismo\/","og_locale":"pt_BR","og_type":"article","og_title":"Genial\/Quaest: Aprova\u00e7\u00e3o de Lula recua de 60% para 54% com queda do otimismo - Blog da Rosana Hessel","og_description":"Queda no otimismo com economia faz aprova\u00e7\u00e3o de Lula cair de 60% para 54% entre agosto e outubro, de acordo com os dados da pesquisa da Genial\/Quaest","og_url":"https:\/\/newblogs.correiobraziliense.com.br\/blog-da-rosana-hessel\/genial-quaest-aprovacao-de-lula-recua-de-60-para-54-com-queda-do-otimismo\/","og_site_name":"Blog da Rosana Hessel","article_published_time":"2023-10-25T10:29:47+00:00","og_image":[{"width":1200,"height":675,"url":"https:\/\/newblogs.correiobraziliense.com.br\/blog-da-rosana-hessel\/wp-content\/uploads\/sites\/5\/2024\/06\/IMG_7392-1.png","type":"image\/png"}],"author":"Rosana Hessel","schema":{"@context":"https:\/\/schema.org","@graph":[{"@type":"Article","@id":"https:\/\/newblogs.correiobraziliense.com.br\/blog-da-rosana-hessel\/genial-quaest-aprovacao-de-lula-recua-de-60-para-54-com-queda-do-otimismo\/#article","isPartOf":{"@id":"https:\/\/newblogs.correiobraziliense.com.br\/blog-da-rosana-hessel\/genial-quaest-aprovacao-de-lula-recua-de-60-para-54-com-queda-do-otimismo\/"},"author":{"name":"Rosana Hessel","@id":"https:\/\/newblogs.correiobraziliense.com.br\/blog-da-rosana-hessel\/#\/schema\/person\/824cb3c631cf0d4056f75ca02599a930"},"headline":"Genial\/Quaest: Aprova\u00e7\u00e3o de Lula recua de 60% para 54% com queda do otimismo","datePublished":"2023-10-25T10:29:47+00:00","mainEntityOfPage":{"@id":"https:\/\/newblogs.correiobraziliense.com.br\/blog-da-rosana-hessel\/genial-quaest-aprovacao-de-lula-recua-de-60-para-54-com-queda-do-otimismo\/"},"wordCount":505,"commentCount":0,"image":{"@id":"https:\/\/newblogs.correiobraziliense.com.br\/blog-da-rosana-hessel\/genial-quaest-aprovacao-de-lula-recua-de-60-para-54-com-queda-do-otimismo\/#primaryimage"},"thumbnailUrl":"","keywords":["aprova\u00e7\u00e3o do governo","Haddad","Lula","otimismo","Pesquisa Genial\/Quaest","quinta edi\u00e7\u00e3o de 2023","viagens"],"articleSection":["Economia"],"inLanguage":"pt-BR"},{"@type":"WebPage","@id":"https:\/\/newblogs.correiobraziliense.com.br\/blog-da-rosana-hessel\/genial-quaest-aprovacao-de-lula-recua-de-60-para-54-com-queda-do-otimismo\/","url":"https:\/\/newblogs.correiobraziliense.com.br\/blog-da-rosana-hessel\/genial-quaest-aprovacao-de-lula-recua-de-60-para-54-com-queda-do-otimismo\/","name":"Genial\/Quaest: Aprova\u00e7\u00e3o de Lula recua de 60% para 54% com queda do otimismo - Blog da Rosana Hessel","isPartOf":{"@id":"https:\/\/newblogs.correiobraziliense.com.br\/blog-da-rosana-hessel\/#website"},"primaryImageOfPage":{"@id":"https:\/\/newblogs.correiobraziliense.com.br\/blog-da-rosana-hessel\/genial-quaest-aprovacao-de-lula-recua-de-60-para-54-com-queda-do-otimismo\/#primaryimage"},"image":{"@id":"https:\/\/newblogs.correiobraziliense.com.br\/blog-da-rosana-hessel\/genial-quaest-aprovacao-de-lula-recua-de-60-para-54-com-queda-do-otimismo\/#primaryimage"},"thumbnailUrl":"","datePublished":"2023-10-25T10:29:47+00:00","author":{"@id":"https:\/\/newblogs.correiobraziliense.com.br\/blog-da-rosana-hessel\/#\/schema\/person\/824cb3c631cf0d4056f75ca02599a930"},"description":"Queda no otimismo com economia faz aprova\u00e7\u00e3o de Lula cair de 60% para 54% entre agosto e outubro, de acordo com os dados da pesquisa da Genial\/Quaest","breadcrumb":{"@id":"https:\/\/newblogs.correiobraziliense.com.br\/blog-da-rosana-hessel\/genial-quaest-aprovacao-de-lula-recua-de-60-para-54-com-queda-do-otimismo\/#breadcrumb"},"inLanguage":"pt-BR","potentialAction":[{"@type":"ReadAction","target":["https:\/\/newblogs.correiobraziliense.com.br\/blog-da-rosana-hessel\/genial-quaest-aprovacao-de-lula-recua-de-60-para-54-com-queda-do-otimismo\/"]}]},{"@type":"ImageObject","inLanguage":"pt-BR","@id":"https:\/\/newblogs.correiobraziliense.com.br\/blog-da-rosana-hessel\/genial-quaest-aprovacao-de-lula-recua-de-60-para-54-com-queda-do-otimismo\/#primaryimage","url":"","contentUrl":""},{"@type":"BreadcrumbList","@id":"https:\/\/newblogs.correiobraziliense.com.br\/blog-da-rosana-hessel\/genial-quaest-aprovacao-de-lula-recua-de-60-para-54-com-queda-do-otimismo\/#breadcrumb","itemListElement":[{"@type":"ListItem","position":1,"name":"In\u00edcio","item":"https:\/\/newblogs.correiobraziliense.com.br\/blog-da-rosana-hessel\/"},{"@type":"ListItem","position":2,"name":"Genial\/Quaest: Aprova\u00e7\u00e3o de Lula recua de 60% para 54% com queda do otimismo"}]},{"@type":"WebSite","@id":"https:\/\/newblogs.correiobraziliense.com.br\/blog-da-rosana-hessel\/#website","url":"https:\/\/newblogs.correiobraziliense.com.br\/blog-da-rosana-hessel\/","name":"Blog da Rosana Hessel","description":"Not\u00edcias atualizadas e an\u00e1lises sobre economia. Acompanhe-nos para entender as tend\u00eancias e os impactos econ\u00f4micos que influenciam o seu dia a dia, tanto no Brasil quanto no exterior.","potentialAction":[{"@type":"SearchAction","target":{"@type":"EntryPoint","urlTemplate":"https:\/\/newblogs.correiobraziliense.com.br\/blog-da-rosana-hessel\/?s={search_term_string}"},"query-input":{"@type":"PropertyValueSpecification","valueRequired":true,"valueName":"search_term_string"}}],"inLanguage":"pt-BR"},{"@type":"Person","@id":"https:\/\/newblogs.correiobraziliense.com.br\/blog-da-rosana-hessel\/#\/schema\/person\/824cb3c631cf0d4056f75ca02599a930","name":"Rosana Hessel","image":{"@type":"ImageObject","inLanguage":"pt-BR","@id":"https:\/\/secure.gravatar.com\/avatar\/fe780cf1839cf10cd6d682fb080611e0d2a459b64be8a8781778109777fbcfd3?s=96&d=mm&r=g","url":"https:\/\/secure.gravatar.com\/avatar\/fe780cf1839cf10cd6d682fb080611e0d2a459b64be8a8781778109777fbcfd3?s=96&d=mm&r=g","contentUrl":"https:\/\/secure.gravatar.com\/avatar\/fe780cf1839cf10cd6d682fb080611e0d2a459b64be8a8781778109777fbcfd3?s=96&d=mm&r=g","caption":"Rosana Hessel"},"description":"Formada pela Pontif\u00edcia Universidade Cat\u00f3lica de S\u00e3o Paulo (PUC-SP), \u00e9 jornalista de economia desde 1995, quando passou a integrar o time da Gazeta Mercantil. Est\u00e1 sempre atr\u00e1s da boa informa\u00e7\u00e3o. Possui especializa\u00e7\u00e3o em economia pela FGV e MBA em Finan\u00e7as pela FIA-USP. Trabalha no Correio Braziliense desde 2010. Ganhou o Pr\u00eamio Esso de Jornalismo Econ\u00f4mico em 2014 e em 2015 com a equipe do Correio. Foi finalista entre os 50 jornalistas +Admirados da Imprensa de Economia, Neg\u00f3cios e Finan\u00e7as 2024, promovido pela Jornalistas&amp;Cia.","url":"https:\/\/newblogs.correiobraziliense.com.br\/blog-da-rosana-hessel\/author\/rosanahessel\/"}]}},"_links":{"self":[{"href":"https:\/\/newblogs.correiobraziliense.com.br\/blog-da-rosana-hessel\/wp-json\/wp\/v2\/posts\/29061","targetHints":{"allow":["GET"]}}],"collection":[{"href":"https:\/\/newblogs.correiobraziliense.com.br\/blog-da-rosana-hessel\/wp-json\/wp\/v2\/posts"}],"about":[{"href":"https:\/\/newblogs.correiobraziliense.com.br\/blog-da-rosana-hessel\/wp-json\/wp\/v2\/types\/post"}],"author":[{"embeddable":true,"href":"https:\/\/newblogs.correiobraziliense.com.br\/blog-da-rosana-hessel\/wp-json\/wp\/v2\/users\/10"}],"replies":[{"embeddable":true,"href":"https:\/\/newblogs.correiobraziliense.com.br\/blog-da-rosana-hessel\/wp-json\/wp\/v2\/comments?post=29061"}],"version-history":[{"count":0,"href":"https:\/\/newblogs.correiobraziliense.com.br\/blog-da-rosana-hessel\/wp-json\/wp\/v2\/posts\/29061\/revisions"}],"wp:featuredmedia":[{"embeddable":true,"href":"https:\/\/newblogs.correiobraziliense.com.br\/blog-da-rosana-hessel\/wp-json\/"}],"wp:attachment":[{"href":"https:\/\/newblogs.correiobraziliense.com.br\/blog-da-rosana-hessel\/wp-json\/wp\/v2\/media?parent=29061"}],"wp:term":[{"taxonomy":"category","embeddable":true,"href":"https:\/\/newblogs.correiobraziliense.com.br\/blog-da-rosana-hessel\/wp-json\/wp\/v2\/categories?post=29061"},{"taxonomy":"post_tag","embeddable":true,"href":"https:\/\/newblogs.correiobraziliense.com.br\/blog-da-rosana-hessel\/wp-json\/wp\/v2\/tags?post=29061"}],"curies":[{"name":"wp","href":"https:\/\/api.w.org\/{rel}","templated":true}]}}