{"id":28906,"date":"2023-09-19T10:11:32","date_gmt":"2023-09-19T13:11:32","guid":{"rendered":"https:\/\/blogs.correiobraziliense.com.br\/vicente\/?p=28906"},"modified":"2023-09-19T10:11:32","modified_gmt":"2023-09-19T13:11:32","slug":"previa-do-pib-acelera-em-julho-e-avanca-044-segundo-o-bc","status":"publish","type":"post","link":"https:\/\/newblogs.correiobraziliense.com.br\/blog-da-rosana-hessel\/previa-do-pib-acelera-em-julho-e-avanca-044-segundo-o-bc\/","title":{"rendered":"Pr\u00e9via do PIB acelera em julho e avan\u00e7a 0,44%, segundo o BC"},"content":{"rendered":"<p>ROSANA HESSEL<\/p>\n<p>&nbsp;<\/p>\n<p>O \u00cdndice de Atividade Econ\u00f4mica do Banco Central (IBC-Br), conhecido como a pr\u00e9via do Produto Interno Bruto (PIB), registrou alta de 0,44% em julho, na compara\u00e7\u00e3o com junho, quando avan\u00e7ou 0,22% em dado revisado.<\/p>\n<p>&nbsp;<\/p>\n<p>O resultado mostra acelera\u00e7\u00e3o da atividade e ficou acima do que a mediana das estimativas do mercado, de 0,35%, de acordo com analistas. As previs\u00f5es variavam de queda 0,10% at\u00e9 alta de 1,10%. Na varia\u00e7\u00e3o do trimestre encerrado em julho, o IBC-Br registrou queda de 0,97%.<\/p>\n<p>&nbsp;<\/p>\n<p>Conforme os dados do IBC-Br,\u00a0o \u00edndice de atividade passou de 146,89 pontos para 147,53 pontos, entre junho e julho, na s\u00e9rie dessazonalizada, atingindo o maior patamar do ano desde abril.<\/p>\n<p>&nbsp;<\/p>\n<p>Na compara\u00e7\u00e3o com julho de 2022, houve avan\u00e7o do 0,66%, na s\u00e9rie sem ajustes sazonais, alta inferior, abaixo das estimativas do mercado, em torno de 0,75%.\u00a0Na s\u00e9rie sem ajuste sazonal, o IBC-Br atingiu 150,94 pontos em julho, maior n\u00edvel para o m\u00eas desde 2013.<\/p>\n<p>&nbsp;<\/p>\n<p>Na avalia\u00e7\u00e3o do economista e consultor Andr\u00e9 Perfeito, que previa alta maior no IBC-Br, de 0,60%, o dado\u00a0 &#8220;veio em linha com as proje\u00e7\u00f5es do mercado&#8221;.<\/p>\n<p>&nbsp;<\/p>\n<p>&#8220;Esse resultado sintetiza os indicadores de atividade do IBGE: a ind\u00fastria havia ca\u00eddo 0,6%, mas servi\u00e7os avan\u00e7ou 0,5% e varejo 0,7%. No geral, iniciamos o terceiro trimestre do ano no campo positivo. Vale notar que o IBC-Br est\u00e1 acelerando, em maio havia ca\u00eddo 1,8%. para recuperar para 0,2%, em junho, e, agora, 0,4% em julho&#8221;, escreveu Perfeito. ele manteve em 3% a proje\u00e7\u00e3o de crescimento do PIB deste ano.<\/p>\n","protected":false},"excerpt":{"rendered":"<p>ROSANA HESSEL &nbsp; O \u00cdndice de Atividade Econ\u00f4mica do Banco Central (IBC-Br), conhecido como a pr\u00e9via do Produto Interno Bruto (PIB), registrou alta de 0,44% em julho, na compara\u00e7\u00e3o com junho, quando avan\u00e7ou 0,22% em dado revisado. &nbsp; O resultado mostra acelera\u00e7\u00e3o da atividade e ficou acima do que a mediana das estimativas do mercado, [&hellip;]<\/p>\n","protected":false},"author":10,"featured_media":28816,"comment_status":"open","ping_status":"closed","sticky":false,"template":"","format":"standard","meta":{"_acf_changed":false,"inline_featured_image":false,"footnotes":""},"categories":[4],"tags":[82,1569,1570,1571],"class_list":["post-28906","post","type-post","status-publish","format-standard","has-post-thumbnail","hentry","category-economia","tag-banco-central","tag-ibc-br","tag-julho","tag-previa-do-pib"],"acf":[],"yoast_head":"<!-- This site is optimized with the Yoast SEO plugin v27.3 - https:\/\/yoast.com\/product\/yoast-seo-wordpress\/ -->\n<title>Pr\u00e9via do PIB acelera em julho e avan\u00e7a 0,44%, segundo o BC<\/title>\n<meta name=\"description\" content=\"O IBC-Br, do Banco Central, conhecido como pr\u00e9via do PIB, registrou alta de 0,44% em julho, na compara\u00e7\u00e3o com junho, quando avan\u00e7ou 0,22% em dado revisado.\" \/>\n<meta name=\"robots\" content=\"index, follow, max-snippet:-1, max-image-preview:large, max-video-preview:-1\" \/>\n<link rel=\"canonical\" href=\"https:\/\/newblogs.correiobraziliense.com.br\/blog-da-rosana-hessel\/previa-do-pib-acelera-em-julho-e-avanca-044-segundo-o-bc\/\" \/>\n<meta property=\"og:locale\" content=\"pt_BR\" \/>\n<meta property=\"og:type\" content=\"article\" \/>\n<meta property=\"og:title\" content=\"Pr\u00e9via do PIB acelera em julho e avan\u00e7a 0,44%, segundo o BC\" \/>\n<meta property=\"og:description\" content=\"O IBC-Br, do Banco Central, conhecido como pr\u00e9via do PIB, registrou alta de 0,44% em julho, na compara\u00e7\u00e3o com junho, quando avan\u00e7ou 0,22% em dado revisado.\" \/>\n<meta property=\"og:url\" content=\"https:\/\/newblogs.correiobraziliense.com.br\/blog-da-rosana-hessel\/previa-do-pib-acelera-em-julho-e-avanca-044-segundo-o-bc\/\" \/>\n<meta property=\"og:site_name\" content=\"Blog da Rosana Hessel\" \/>\n<meta property=\"article:published_time\" content=\"2023-09-19T13:11:32+00:00\" \/>\n<meta property=\"og:image\" content=\"https:\/\/newblogs.correiobraziliense.com.br\/blog-da-rosana-hessel\/wp-content\/uploads\/sites\/5\/2024\/06\/IMG_7392-1.png\" \/>\n\t<meta property=\"og:image:width\" content=\"1200\" \/>\n\t<meta property=\"og:image:height\" content=\"675\" \/>\n\t<meta property=\"og:image:type\" content=\"image\/png\" \/>\n<meta name=\"author\" content=\"Rosana Hessel\" \/>\n<!-- \/ Yoast SEO plugin. -->","yoast_head_json":{"title":"Pr\u00e9via do PIB acelera em julho e avan\u00e7a 0,44%, segundo o BC","description":"O IBC-Br, do Banco Central, conhecido como pr\u00e9via do PIB, registrou alta de 0,44% em julho, na compara\u00e7\u00e3o com junho, quando avan\u00e7ou 0,22% em dado revisado.","robots":{"index":"index","follow":"follow","max-snippet":"max-snippet:-1","max-image-preview":"max-image-preview:large","max-video-preview":"max-video-preview:-1"},"canonical":"https:\/\/newblogs.correiobraziliense.com.br\/blog-da-rosana-hessel\/previa-do-pib-acelera-em-julho-e-avanca-044-segundo-o-bc\/","og_locale":"pt_BR","og_type":"article","og_title":"Pr\u00e9via do PIB acelera em julho e avan\u00e7a 0,44%, segundo o BC","og_description":"O IBC-Br, do Banco Central, conhecido como pr\u00e9via do PIB, registrou alta de 0,44% em julho, na compara\u00e7\u00e3o com junho, quando avan\u00e7ou 0,22% em dado revisado.","og_url":"https:\/\/newblogs.correiobraziliense.com.br\/blog-da-rosana-hessel\/previa-do-pib-acelera-em-julho-e-avanca-044-segundo-o-bc\/","og_site_name":"Blog da Rosana Hessel","article_published_time":"2023-09-19T13:11:32+00:00","og_image":[{"width":1200,"height":675,"url":"https:\/\/newblogs.correiobraziliense.com.br\/blog-da-rosana-hessel\/wp-content\/uploads\/sites\/5\/2024\/06\/IMG_7392-1.png","type":"image\/png"}],"author":"Rosana Hessel","schema":{"@context":"https:\/\/schema.org","@graph":[{"@type":"Article","@id":"https:\/\/newblogs.correiobraziliense.com.br\/blog-da-rosana-hessel\/previa-do-pib-acelera-em-julho-e-avanca-044-segundo-o-bc\/#article","isPartOf":{"@id":"https:\/\/newblogs.correiobraziliense.com.br\/blog-da-rosana-hessel\/previa-do-pib-acelera-em-julho-e-avanca-044-segundo-o-bc\/"},"author":{"name":"Rosana Hessel","@id":"https:\/\/newblogs.correiobraziliense.com.br\/blog-da-rosana-hessel\/#\/schema\/person\/824cb3c631cf0d4056f75ca02599a930"},"headline":"Pr\u00e9via do PIB acelera em julho e avan\u00e7a 0,44%, segundo o BC","datePublished":"2023-09-19T13:11:32+00:00","mainEntityOfPage":{"@id":"https:\/\/newblogs.correiobraziliense.com.br\/blog-da-rosana-hessel\/previa-do-pib-acelera-em-julho-e-avanca-044-segundo-o-bc\/"},"wordCount":273,"commentCount":0,"image":{"@id":"https:\/\/newblogs.correiobraziliense.com.br\/blog-da-rosana-hessel\/previa-do-pib-acelera-em-julho-e-avanca-044-segundo-o-bc\/#primaryimage"},"thumbnailUrl":"","keywords":["Banco Central","IBC-Br","julho","pr\u00e9via do PIB"],"articleSection":["Economia"],"inLanguage":"pt-BR"},{"@type":"WebPage","@id":"https:\/\/newblogs.correiobraziliense.com.br\/blog-da-rosana-hessel\/previa-do-pib-acelera-em-julho-e-avanca-044-segundo-o-bc\/","url":"https:\/\/newblogs.correiobraziliense.com.br\/blog-da-rosana-hessel\/previa-do-pib-acelera-em-julho-e-avanca-044-segundo-o-bc\/","name":"Pr\u00e9via do PIB acelera em julho e avan\u00e7a 0,44%, segundo o BC","isPartOf":{"@id":"https:\/\/newblogs.correiobraziliense.com.br\/blog-da-rosana-hessel\/#website"},"primaryImageOfPage":{"@id":"https:\/\/newblogs.correiobraziliense.com.br\/blog-da-rosana-hessel\/previa-do-pib-acelera-em-julho-e-avanca-044-segundo-o-bc\/#primaryimage"},"image":{"@id":"https:\/\/newblogs.correiobraziliense.com.br\/blog-da-rosana-hessel\/previa-do-pib-acelera-em-julho-e-avanca-044-segundo-o-bc\/#primaryimage"},"thumbnailUrl":"","datePublished":"2023-09-19T13:11:32+00:00","author":{"@id":"https:\/\/newblogs.correiobraziliense.com.br\/blog-da-rosana-hessel\/#\/schema\/person\/824cb3c631cf0d4056f75ca02599a930"},"description":"O IBC-Br, do Banco Central, conhecido como pr\u00e9via do PIB, registrou alta de 0,44% em julho, na compara\u00e7\u00e3o com junho, quando avan\u00e7ou 0,22% em dado revisado.","breadcrumb":{"@id":"https:\/\/newblogs.correiobraziliense.com.br\/blog-da-rosana-hessel\/previa-do-pib-acelera-em-julho-e-avanca-044-segundo-o-bc\/#breadcrumb"},"inLanguage":"pt-BR","potentialAction":[{"@type":"ReadAction","target":["https:\/\/newblogs.correiobraziliense.com.br\/blog-da-rosana-hessel\/previa-do-pib-acelera-em-julho-e-avanca-044-segundo-o-bc\/"]}]},{"@type":"ImageObject","inLanguage":"pt-BR","@id":"https:\/\/newblogs.correiobraziliense.com.br\/blog-da-rosana-hessel\/previa-do-pib-acelera-em-julho-e-avanca-044-segundo-o-bc\/#primaryimage","url":"","contentUrl":""},{"@type":"BreadcrumbList","@id":"https:\/\/newblogs.correiobraziliense.com.br\/blog-da-rosana-hessel\/previa-do-pib-acelera-em-julho-e-avanca-044-segundo-o-bc\/#breadcrumb","itemListElement":[{"@type":"ListItem","position":1,"name":"In\u00edcio","item":"https:\/\/newblogs.correiobraziliense.com.br\/blog-da-rosana-hessel\/"},{"@type":"ListItem","position":2,"name":"Pr\u00e9via do PIB acelera em julho e avan\u00e7a 0,44%, segundo o BC"}]},{"@type":"WebSite","@id":"https:\/\/newblogs.correiobraziliense.com.br\/blog-da-rosana-hessel\/#website","url":"https:\/\/newblogs.correiobraziliense.com.br\/blog-da-rosana-hessel\/","name":"Blog da Rosana Hessel","description":"Not\u00edcias atualizadas e an\u00e1lises sobre economia. Acompanhe-nos para entender as tend\u00eancias e os impactos econ\u00f4micos que influenciam o seu dia a dia, tanto no Brasil quanto no exterior.","potentialAction":[{"@type":"SearchAction","target":{"@type":"EntryPoint","urlTemplate":"https:\/\/newblogs.correiobraziliense.com.br\/blog-da-rosana-hessel\/?s={search_term_string}"},"query-input":{"@type":"PropertyValueSpecification","valueRequired":true,"valueName":"search_term_string"}}],"inLanguage":"pt-BR"},{"@type":"Person","@id":"https:\/\/newblogs.correiobraziliense.com.br\/blog-da-rosana-hessel\/#\/schema\/person\/824cb3c631cf0d4056f75ca02599a930","name":"Rosana Hessel","image":{"@type":"ImageObject","inLanguage":"pt-BR","@id":"https:\/\/secure.gravatar.com\/avatar\/fe780cf1839cf10cd6d682fb080611e0d2a459b64be8a8781778109777fbcfd3?s=96&d=mm&r=g","url":"https:\/\/secure.gravatar.com\/avatar\/fe780cf1839cf10cd6d682fb080611e0d2a459b64be8a8781778109777fbcfd3?s=96&d=mm&r=g","contentUrl":"https:\/\/secure.gravatar.com\/avatar\/fe780cf1839cf10cd6d682fb080611e0d2a459b64be8a8781778109777fbcfd3?s=96&d=mm&r=g","caption":"Rosana Hessel"},"description":"Formada pela Pontif\u00edcia Universidade Cat\u00f3lica de S\u00e3o Paulo (PUC-SP), \u00e9 jornalista de economia desde 1995, quando passou a integrar o time da Gazeta Mercantil. Est\u00e1 sempre atr\u00e1s da boa informa\u00e7\u00e3o. Possui especializa\u00e7\u00e3o em economia pela FGV e MBA em Finan\u00e7as pela FIA-USP. Trabalha no Correio Braziliense desde 2010. Ganhou o Pr\u00eamio Esso de Jornalismo Econ\u00f4mico em 2014 e em 2015 com a equipe do Correio. Foi finalista entre os 50 jornalistas +Admirados da Imprensa de Economia, Neg\u00f3cios e Finan\u00e7as 2024, promovido pela Jornalistas&amp;Cia.","url":"https:\/\/newblogs.correiobraziliense.com.br\/blog-da-rosana-hessel\/author\/rosanahessel\/"}]}},"_links":{"self":[{"href":"https:\/\/newblogs.correiobraziliense.com.br\/blog-da-rosana-hessel\/wp-json\/wp\/v2\/posts\/28906","targetHints":{"allow":["GET"]}}],"collection":[{"href":"https:\/\/newblogs.correiobraziliense.com.br\/blog-da-rosana-hessel\/wp-json\/wp\/v2\/posts"}],"about":[{"href":"https:\/\/newblogs.correiobraziliense.com.br\/blog-da-rosana-hessel\/wp-json\/wp\/v2\/types\/post"}],"author":[{"embeddable":true,"href":"https:\/\/newblogs.correiobraziliense.com.br\/blog-da-rosana-hessel\/wp-json\/wp\/v2\/users\/10"}],"replies":[{"embeddable":true,"href":"https:\/\/newblogs.correiobraziliense.com.br\/blog-da-rosana-hessel\/wp-json\/wp\/v2\/comments?post=28906"}],"version-history":[{"count":0,"href":"https:\/\/newblogs.correiobraziliense.com.br\/blog-da-rosana-hessel\/wp-json\/wp\/v2\/posts\/28906\/revisions"}],"wp:featuredmedia":[{"embeddable":true,"href":"https:\/\/newblogs.correiobraziliense.com.br\/blog-da-rosana-hessel\/wp-json\/"}],"wp:attachment":[{"href":"https:\/\/newblogs.correiobraziliense.com.br\/blog-da-rosana-hessel\/wp-json\/wp\/v2\/media?parent=28906"}],"wp:term":[{"taxonomy":"category","embeddable":true,"href":"https:\/\/newblogs.correiobraziliense.com.br\/blog-da-rosana-hessel\/wp-json\/wp\/v2\/categories?post=28906"},{"taxonomy":"post_tag","embeddable":true,"href":"https:\/\/newblogs.correiobraziliense.com.br\/blog-da-rosana-hessel\/wp-json\/wp\/v2\/tags?post=28906"}],"curies":[{"name":"wp","href":"https:\/\/api.w.org\/{rel}","templated":true}]}}