{"id":28856,"date":"2023-09-05T16:07:50","date_gmt":"2023-09-05T19:07:50","guid":{"rendered":"https:\/\/blogs.correiobraziliense.com.br\/vicente\/?p=28856"},"modified":"2023-09-05T16:07:50","modified_gmt":"2023-09-05T19:07:50","slug":"bradesco-melhora-projecoes-do-pib-e-passa-prever-alta-de-27-em-2023","status":"publish","type":"post","link":"https:\/\/newblogs.correiobraziliense.com.br\/blog-da-rosana-hessel\/bradesco-melhora-projecoes-do-pib-e-passa-prever-alta-de-27-em-2023\/","title":{"rendered":"Bradesco melhora proje\u00e7\u00f5es do PIB e passa prever alta de 2,7% em 2023"},"content":{"rendered":"<p>ROSANA HESSEL<\/p>\n<p>&nbsp;<\/p>\n<p>Ap\u00f3s as surpresas com o resultado do Produto Interno Bruto (PIB) do segundo trimestre a onda de revis\u00f5es continua, e, nesta ter\u00e7a-feira (5\/9), foi a vez do Banco Bradesco divulgar as novas proje\u00e7\u00f5es para a economia deste ano e do pr\u00f3ximo, mas manteve as previs\u00f5es de rombo nas contas p\u00fablicas.<\/p>\n<p>&nbsp;<\/p>\n<p>A equipe de analistas liderada pelo diretor de Pesquisas e Estudos Econ\u00f4micos do Bradesco, Fernando Honorato, revisou de 2,1% para 2,7%, a estimativa de crescimento do PIB de 2023, e elevou de 1,5% para 2%, a proje\u00e7\u00e3o para o avan\u00e7o do PIB de 2024. Essas novas perspectivas para o est\u00e3o mais otimistas do que a mediana das estimativas\u00a0 do boletim Focus, divulgado pelo Banco Central ontem, de altas de 2,56%, em 2023, e de 1,32%, em 2024.<\/p>\n<p>&nbsp;<\/p>\n<p>O PIB avan\u00e7ou 1,8%, entre janeiro e mar\u00e7o, e, desacelerou para uma <a href=\"https:\/\/blogs.correiobraziliense.com.br\/vicente\/pib-do-segundo-trimestre-desacelera-e-cresce-09\/\">alta 0,9%, entre abril e junho, conforme os dados revisados do Instituto Brasileiro de Geografia e Estat\u00edstica (IBGE) divulgados na \u00faltima sexta-feira (1\u00ba\/9)<\/a>. Os resultados superaram as expectativas e <a href=\"https:\/\/www.correiobraziliense.com.br\/economia\/2023\/09\/5122302-atividade-economica-ganha-tracao.html\">fizeram analistas revisarem para cima as estimativas, com algumas chegando a 3,50%, para o PIB deste ano<\/a>.<\/p>\n<p>&nbsp;<\/p>\n<p>De acordo com Honorato, ser\u00e1 mais dif\u00edcil novas surpresas daqui para frente no PIB, porque n\u00e3o haver\u00e1 for\u00e7a das commodities que turbinaram a agropecu\u00e1ria. &#8220;O\u00a0PIB do segundo trimestre surpreendeu novamente. Diante da expectativa de uma expans\u00e3o de 0,5%, as surpresas vieram, essencialmente, de uma melhor performance da agropecu\u00e1ria e do\u00a0consumo das fam\u00edlias. Neste segundo semestre, entretanto, os dados conhecidos de atividade e da\u00a0 nossa Pesquisa Empresarial apontam para uma desacelera\u00e7\u00e3o gradual. Alteramos nossa proje\u00e7\u00e3o de\u00a0crescimento do PIB deste ano de 2,1% para 2,7%&#8221;, destacou o relat\u00f3rio do Bradesco divulgado aos clientes.<\/p>\n<p>&nbsp;<\/p>\n<p>De acordo com o documento, para 2024, como o mercado de trabalho tem surpreendido, os analistas incorporaram ao cen\u00e1rio uma taxa de desemprego mais baixa. &#8220;A melhora da estimativa de emprego\u00a0e da popula\u00e7\u00e3o ocupada deve continuar auxiliando a massa de renda e o consumo das fam\u00edlias nos\u00a0pr\u00f3ximos trimestres. A consequ\u00eancia dessa revis\u00e3o foi a eleva\u00e7\u00e3o do PIB de 2024 para 2,0%,\u00a0mantendo o hiato do produto em patamar semelhante ao anteriormente projetado&#8221;, informou o texto.<\/p>\n<p>&nbsp;<\/p>\n<p>Pelas proje\u00e7\u00f5es do Bradesco, a infla\u00e7\u00e3o oficial, medida pelo \u00cdndice de Pre\u00e7os ao Consumidor Amplo (IPCA), dever\u00e1 encerrar o ano em 4,8%, mesma proje\u00e7\u00e3o do m\u00eas passado, recuando para 3,6% em 2024.\u00a0 Na avalia\u00e7\u00e3o dos analistas, o ritmo de ajuste da pol\u00edtica monet\u00e1ria, iniciado pelo Banco Central no in\u00edcio de agosto, dever\u00e1 ser mantido.<\/p>\n<p>&nbsp;<\/p>\n<p>Na \u00faltima reuni\u00e3o,\u00a0 nos dias 1 e 2 de agosto, o Comit\u00ea de Pol\u00edtica Monet\u00e1ria reduziu a taxa b\u00e1sica da economia (Selic) em 0,50 ponto percentual, para 13,25% ao ano, e, de acordo com o relat\u00f3rio da institui\u00e7\u00e3o financeira, as proje\u00e7\u00f5es para a taxa b\u00e1sica foram mantidas em 11,75% anuais, passando para 9,25% no fim de 2024.<\/p>\n<p>&nbsp;<\/p>\n<p>Os analistas do Bradesco demonstraram preocupa\u00e7\u00e3o com o cen\u00e1rio externo, especialmente com o crescimento da China, que foi revisado para baixo, diante das surpresas negativas do pa\u00eds asi\u00e1tico. &#8220;A frustra\u00e7\u00e3o com os dados foi<br \/>\ngeneralizada e aprofundou as quedas exibidas no m\u00eas anterior. Ao mesmo tempo, as medidas\u00a0anunciadas pelo governo at\u00e9 o momento n\u00e3o t\u00eam a mesma expressividade daquelas adotadas no\u00a0passado. Como resultado, incorporamos \u00e0s nossas proje\u00e7\u00f5es o risco crescente de o governo n\u00e3o\u00a0cumprir a meta de 5,0% para o PIB deste ano \u2013 revisamos o crescimento de 5,5% para 4,8% em 2023\u00a0e de 5,0% para 4,4% em 2024&#8221;, informou o relat\u00f3rio.<\/p>\n<p>&nbsp;<\/p>\n<p><strong>Quadro fiscal desafiador<\/strong><\/p>\n<p>&nbsp;<\/p>\n<p>No quadro fiscal, o foco segue nas medidas do governo federal com objetivo de zerar rombo das contas p\u00fablicas no pr\u00f3ximo ano, algo improv\u00e1vel pelas estimativas do Bradesco que manteve em 0,9% e em 0,7% do PIB as proje\u00e7\u00f5es de deficit prim\u00e1rio neste ano e no pr\u00f3ximo, respectivamente.<\/p>\n<p>&nbsp;<\/p>\n<p>O relat\u00f3rio do Bradesco lembrou que o Projeto de Lei Or\u00e7ament\u00e1ria Anual (Ploa) de 2024, trouxe uma estimativa de aumento real pr\u00f3ximo de 11% das receitas, com base em medidas que ainda precisam ser negociadas com o Congresso e, portanto, &#8220;t\u00eam um potencial arrecadat\u00f3rio\u00a0bastante incerto&#8221;.<\/p>\n<p>&nbsp;<\/p>\n<p>&#8220;Os dados correntes, em geral, n\u00e3o trouxeram surpresas substanciais no \u00faltimo m\u00eas. Al\u00e9m\u00a0disso, algumas medidas de ganho de receita esperadas para este ano est\u00e3o demorando para se concretizar,\u00a0o que aumenta o risco sobre as proje\u00e7\u00f5es fiscais de 2023 e 2024. Mesmo com maior crescimento da\u00a0economia em 2024, as receitas j\u00e1 sofrem os efeitos de um menor deflator e h\u00e1 desafios em se levantar\u00a0arrecada\u00e7\u00e3o extra&#8221;, acrescentou o estudo. Pelas estimativas da institui\u00e7\u00e3o, o cen\u00e1rio fiscal ainda\u00a0depende da materializa\u00e7\u00e3o de algumas das medidas de\u00a0receitas apresentadas pelo governo. Pelas estimativas do banco, a d\u00edvida p\u00fablica bruta deve encerrar o ano em 76,1% do PIB.<\/p>\n<p>&nbsp;<\/p>\n<p>Em rela\u00e7\u00e3o \u00e0s contas externas, a institui\u00e7\u00e3o revisou a expectativa de deficits em conta corrente para 1,6% do<br \/>\nPIB em 2023 e para 2,3% em 2024, &#8220;amplamente financiados pelo investimento estrangeiro direto, de<br \/>\n3,0% do PIB para os dois anos&#8221;.\u00a0 &#8220;A \u00faltima divulga\u00e7\u00e3o do Balan\u00e7o de Pagamentos trouxe revis\u00e3o dos dados,<br \/>\nmas sem impacto na perspectiva benigna para as contas externas. Nossa revis\u00e3o foi pautada pela balan\u00e7a<br \/>\ncomercial, que segue apresentando um excelente desempenho, com a quantidade exportada mais do que<br \/>\ncompensando a queda de pre\u00e7os&#8221;, destacou o documento. A expectativa para o saldo da balan\u00e7a comercial \u00e9 de um superavit recorde de US$ 71 bilh\u00f5es. Com isso, a proje\u00e7\u00e3o para o c\u00e2mbio \u00e9 que o d\u00f3lar continuar\u00e1 oscilando em torno de R$ 4,80 at\u00e9 o fim de 2024, &#8220;ainda que a perspectiva para o cen\u00e1rio externo tenha se deteriorado nas \u00faltimas semanas&#8221;.<\/p>\n<p>&nbsp;<\/p>\n<p>&nbsp;<\/p>\n<p><strong>Veja o quadro com o comparativo das novas proje\u00e7\u00f5es do Bradesco<\/strong><\/p>\n<p>&nbsp;<\/p>\n<p>&nbsp;<\/p>\n<p>&nbsp;<\/p>\n<p><a href=\"https:\/\/blogs.correiobraziliense.com.br\/vicente\/wp-content\/uploads\/sites\/16\/2023\/09\/novasproje\u00e7\u00f5esbradesco.jpg\"><img loading=\"lazy\" decoding=\"async\" class=\"alignnone size-full wp-image-28857\" src=\"https:\/\/blogs.correiobraziliense.com.br\/vicente\/wp-content\/uploads\/sites\/16\/2023\/09\/novasproje\u00e7\u00f5esbradesco.jpg\" alt=\"\" width=\"478\" height=\"226\" \/><\/a><\/p>\n","protected":false},"excerpt":{"rendered":"<p>ROSANA HESSEL &nbsp; Ap\u00f3s as surpresas com o resultado do Produto Interno Bruto (PIB) do segundo trimestre a onda de revis\u00f5es continua, e, nesta ter\u00e7a-feira (5\/9), foi a vez do Banco Bradesco divulgar as novas proje\u00e7\u00f5es para a economia deste ano e do pr\u00f3ximo, mas manteve as previs\u00f5es de rombo nas contas p\u00fablicas. &nbsp; A [&hellip;]<\/p>\n","protected":false},"author":10,"featured_media":28816,"comment_status":"open","ping_status":"closed","sticky":false,"template":"","format":"standard","meta":{"_acf_changed":false,"inline_featured_image":false,"footnotes":""},"categories":[4],"tags":[1549,7,1354,719],"class_list":["post-28856","post","type-post","status-publish","format-standard","has-post-thumbnail","hentry","category-economia","tag-bradesco","tag-pib","tag-revisao","tag-rombo-fiscal"],"acf":[],"yoast_head":"<!-- This site is optimized with the Yoast SEO plugin v27.3 - https:\/\/yoast.com\/product\/yoast-seo-wordpress\/ -->\n<title>Bradesco melhora proje\u00e7\u00f5es do PIB e passa prever alta de 2,7% em 2023<\/title>\n<meta name=\"description\" content=\"Bradesco melhora proje\u00e7\u00f5es do PIB e passa prever altas de 2,7%, em 2023, e de 2%, em 2024, mas mant\u00e9m expectativa de rombos fiscais nos dois anos.\" \/>\n<meta name=\"robots\" content=\"index, follow, max-snippet:-1, max-image-preview:large, max-video-preview:-1\" \/>\n<link rel=\"canonical\" href=\"https:\/\/newblogs.correiobraziliense.com.br\/blog-da-rosana-hessel\/bradesco-melhora-projecoes-do-pib-e-passa-prever-alta-de-27-em-2023\/\" \/>\n<meta property=\"og:locale\" content=\"pt_BR\" \/>\n<meta property=\"og:type\" content=\"article\" \/>\n<meta property=\"og:title\" content=\"Bradesco melhora proje\u00e7\u00f5es do PIB e passa prever alta de 2,7% em 2023\" \/>\n<meta property=\"og:description\" content=\"Bradesco melhora proje\u00e7\u00f5es do PIB e passa prever altas de 2,7%, em 2023, e de 2%, em 2024, mas mant\u00e9m expectativa de rombos fiscais nos dois anos.\" \/>\n<meta property=\"og:url\" content=\"https:\/\/newblogs.correiobraziliense.com.br\/blog-da-rosana-hessel\/bradesco-melhora-projecoes-do-pib-e-passa-prever-alta-de-27-em-2023\/\" \/>\n<meta property=\"og:site_name\" content=\"Blog da Rosana Hessel\" \/>\n<meta property=\"article:published_time\" content=\"2023-09-05T19:07:50+00:00\" \/>\n<meta property=\"og:image\" content=\"https:\/\/newblogs.correiobraziliense.com.br\/blog-da-rosana-hessel\/wp-content\/uploads\/sites\/5\/2024\/06\/IMG_7392-1.png\" \/>\n\t<meta property=\"og:image:width\" content=\"1200\" \/>\n\t<meta property=\"og:image:height\" content=\"675\" \/>\n\t<meta property=\"og:image:type\" content=\"image\/png\" \/>\n<meta name=\"author\" content=\"Rosana Hessel\" \/>\n<!-- \/ Yoast SEO plugin. -->","yoast_head_json":{"title":"Bradesco melhora proje\u00e7\u00f5es do PIB e passa prever alta de 2,7% em 2023","description":"Bradesco melhora proje\u00e7\u00f5es do PIB e passa prever altas de 2,7%, em 2023, e de 2%, em 2024, mas mant\u00e9m expectativa de rombos fiscais nos dois anos.","robots":{"index":"index","follow":"follow","max-snippet":"max-snippet:-1","max-image-preview":"max-image-preview:large","max-video-preview":"max-video-preview:-1"},"canonical":"https:\/\/newblogs.correiobraziliense.com.br\/blog-da-rosana-hessel\/bradesco-melhora-projecoes-do-pib-e-passa-prever-alta-de-27-em-2023\/","og_locale":"pt_BR","og_type":"article","og_title":"Bradesco melhora proje\u00e7\u00f5es do PIB e passa prever alta de 2,7% em 2023","og_description":"Bradesco melhora proje\u00e7\u00f5es do PIB e passa prever altas de 2,7%, em 2023, e de 2%, em 2024, mas mant\u00e9m expectativa de rombos fiscais nos dois anos.","og_url":"https:\/\/newblogs.correiobraziliense.com.br\/blog-da-rosana-hessel\/bradesco-melhora-projecoes-do-pib-e-passa-prever-alta-de-27-em-2023\/","og_site_name":"Blog da Rosana Hessel","article_published_time":"2023-09-05T19:07:50+00:00","og_image":[{"width":1200,"height":675,"url":"https:\/\/newblogs.correiobraziliense.com.br\/blog-da-rosana-hessel\/wp-content\/uploads\/sites\/5\/2024\/06\/IMG_7392-1.png","type":"image\/png"}],"author":"Rosana Hessel","schema":{"@context":"https:\/\/schema.org","@graph":[{"@type":"Article","@id":"https:\/\/newblogs.correiobraziliense.com.br\/blog-da-rosana-hessel\/bradesco-melhora-projecoes-do-pib-e-passa-prever-alta-de-27-em-2023\/#article","isPartOf":{"@id":"https:\/\/newblogs.correiobraziliense.com.br\/blog-da-rosana-hessel\/bradesco-melhora-projecoes-do-pib-e-passa-prever-alta-de-27-em-2023\/"},"author":{"name":"Rosana Hessel","@id":"https:\/\/newblogs.correiobraziliense.com.br\/blog-da-rosana-hessel\/#\/schema\/person\/824cb3c631cf0d4056f75ca02599a930"},"headline":"Bradesco melhora proje\u00e7\u00f5es do PIB e passa prever alta de 2,7% em 2023","datePublished":"2023-09-05T19:07:50+00:00","mainEntityOfPage":{"@id":"https:\/\/newblogs.correiobraziliense.com.br\/blog-da-rosana-hessel\/bradesco-melhora-projecoes-do-pib-e-passa-prever-alta-de-27-em-2023\/"},"wordCount":1003,"commentCount":0,"image":{"@id":"https:\/\/newblogs.correiobraziliense.com.br\/blog-da-rosana-hessel\/bradesco-melhora-projecoes-do-pib-e-passa-prever-alta-de-27-em-2023\/#primaryimage"},"thumbnailUrl":"","keywords":["Bradesco","PIB","revis\u00e3o","Rombo fiscal"],"articleSection":["Economia"],"inLanguage":"pt-BR"},{"@type":"WebPage","@id":"https:\/\/newblogs.correiobraziliense.com.br\/blog-da-rosana-hessel\/bradesco-melhora-projecoes-do-pib-e-passa-prever-alta-de-27-em-2023\/","url":"https:\/\/newblogs.correiobraziliense.com.br\/blog-da-rosana-hessel\/bradesco-melhora-projecoes-do-pib-e-passa-prever-alta-de-27-em-2023\/","name":"Bradesco melhora proje\u00e7\u00f5es do PIB e passa prever alta de 2,7% em 2023","isPartOf":{"@id":"https:\/\/newblogs.correiobraziliense.com.br\/blog-da-rosana-hessel\/#website"},"primaryImageOfPage":{"@id":"https:\/\/newblogs.correiobraziliense.com.br\/blog-da-rosana-hessel\/bradesco-melhora-projecoes-do-pib-e-passa-prever-alta-de-27-em-2023\/#primaryimage"},"image":{"@id":"https:\/\/newblogs.correiobraziliense.com.br\/blog-da-rosana-hessel\/bradesco-melhora-projecoes-do-pib-e-passa-prever-alta-de-27-em-2023\/#primaryimage"},"thumbnailUrl":"","datePublished":"2023-09-05T19:07:50+00:00","author":{"@id":"https:\/\/newblogs.correiobraziliense.com.br\/blog-da-rosana-hessel\/#\/schema\/person\/824cb3c631cf0d4056f75ca02599a930"},"description":"Bradesco melhora proje\u00e7\u00f5es do PIB e passa prever altas de 2,7%, em 2023, e de 2%, em 2024, mas mant\u00e9m expectativa de rombos fiscais nos dois anos.","breadcrumb":{"@id":"https:\/\/newblogs.correiobraziliense.com.br\/blog-da-rosana-hessel\/bradesco-melhora-projecoes-do-pib-e-passa-prever-alta-de-27-em-2023\/#breadcrumb"},"inLanguage":"pt-BR","potentialAction":[{"@type":"ReadAction","target":["https:\/\/newblogs.correiobraziliense.com.br\/blog-da-rosana-hessel\/bradesco-melhora-projecoes-do-pib-e-passa-prever-alta-de-27-em-2023\/"]}]},{"@type":"ImageObject","inLanguage":"pt-BR","@id":"https:\/\/newblogs.correiobraziliense.com.br\/blog-da-rosana-hessel\/bradesco-melhora-projecoes-do-pib-e-passa-prever-alta-de-27-em-2023\/#primaryimage","url":"","contentUrl":""},{"@type":"BreadcrumbList","@id":"https:\/\/newblogs.correiobraziliense.com.br\/blog-da-rosana-hessel\/bradesco-melhora-projecoes-do-pib-e-passa-prever-alta-de-27-em-2023\/#breadcrumb","itemListElement":[{"@type":"ListItem","position":1,"name":"In\u00edcio","item":"https:\/\/newblogs.correiobraziliense.com.br\/blog-da-rosana-hessel\/"},{"@type":"ListItem","position":2,"name":"Bradesco melhora proje\u00e7\u00f5es do PIB e passa prever alta de 2,7% em 2023"}]},{"@type":"WebSite","@id":"https:\/\/newblogs.correiobraziliense.com.br\/blog-da-rosana-hessel\/#website","url":"https:\/\/newblogs.correiobraziliense.com.br\/blog-da-rosana-hessel\/","name":"Blog da Rosana Hessel","description":"Not\u00edcias atualizadas e an\u00e1lises sobre economia. Acompanhe-nos para entender as tend\u00eancias e os impactos econ\u00f4micos que influenciam o seu dia a dia, tanto no Brasil quanto no exterior.","potentialAction":[{"@type":"SearchAction","target":{"@type":"EntryPoint","urlTemplate":"https:\/\/newblogs.correiobraziliense.com.br\/blog-da-rosana-hessel\/?s={search_term_string}"},"query-input":{"@type":"PropertyValueSpecification","valueRequired":true,"valueName":"search_term_string"}}],"inLanguage":"pt-BR"},{"@type":"Person","@id":"https:\/\/newblogs.correiobraziliense.com.br\/blog-da-rosana-hessel\/#\/schema\/person\/824cb3c631cf0d4056f75ca02599a930","name":"Rosana Hessel","image":{"@type":"ImageObject","inLanguage":"pt-BR","@id":"https:\/\/secure.gravatar.com\/avatar\/fe780cf1839cf10cd6d682fb080611e0d2a459b64be8a8781778109777fbcfd3?s=96&d=mm&r=g","url":"https:\/\/secure.gravatar.com\/avatar\/fe780cf1839cf10cd6d682fb080611e0d2a459b64be8a8781778109777fbcfd3?s=96&d=mm&r=g","contentUrl":"https:\/\/secure.gravatar.com\/avatar\/fe780cf1839cf10cd6d682fb080611e0d2a459b64be8a8781778109777fbcfd3?s=96&d=mm&r=g","caption":"Rosana Hessel"},"description":"Formada pela Pontif\u00edcia Universidade Cat\u00f3lica de S\u00e3o Paulo (PUC-SP), \u00e9 jornalista de economia desde 1995, quando passou a integrar o time da Gazeta Mercantil. Est\u00e1 sempre atr\u00e1s da boa informa\u00e7\u00e3o. Possui especializa\u00e7\u00e3o em economia pela FGV e MBA em Finan\u00e7as pela FIA-USP. Trabalha no Correio Braziliense desde 2010. Ganhou o Pr\u00eamio Esso de Jornalismo Econ\u00f4mico em 2014 e em 2015 com a equipe do Correio. Foi finalista entre os 50 jornalistas +Admirados da Imprensa de Economia, Neg\u00f3cios e Finan\u00e7as 2024, promovido pela Jornalistas&amp;Cia.","url":"https:\/\/newblogs.correiobraziliense.com.br\/blog-da-rosana-hessel\/author\/rosanahessel\/"}]}},"_links":{"self":[{"href":"https:\/\/newblogs.correiobraziliense.com.br\/blog-da-rosana-hessel\/wp-json\/wp\/v2\/posts\/28856","targetHints":{"allow":["GET"]}}],"collection":[{"href":"https:\/\/newblogs.correiobraziliense.com.br\/blog-da-rosana-hessel\/wp-json\/wp\/v2\/posts"}],"about":[{"href":"https:\/\/newblogs.correiobraziliense.com.br\/blog-da-rosana-hessel\/wp-json\/wp\/v2\/types\/post"}],"author":[{"embeddable":true,"href":"https:\/\/newblogs.correiobraziliense.com.br\/blog-da-rosana-hessel\/wp-json\/wp\/v2\/users\/10"}],"replies":[{"embeddable":true,"href":"https:\/\/newblogs.correiobraziliense.com.br\/blog-da-rosana-hessel\/wp-json\/wp\/v2\/comments?post=28856"}],"version-history":[{"count":0,"href":"https:\/\/newblogs.correiobraziliense.com.br\/blog-da-rosana-hessel\/wp-json\/wp\/v2\/posts\/28856\/revisions"}],"wp:featuredmedia":[{"embeddable":true,"href":"https:\/\/newblogs.correiobraziliense.com.br\/blog-da-rosana-hessel\/wp-json\/"}],"wp:attachment":[{"href":"https:\/\/newblogs.correiobraziliense.com.br\/blog-da-rosana-hessel\/wp-json\/wp\/v2\/media?parent=28856"}],"wp:term":[{"taxonomy":"category","embeddable":true,"href":"https:\/\/newblogs.correiobraziliense.com.br\/blog-da-rosana-hessel\/wp-json\/wp\/v2\/categories?post=28856"},{"taxonomy":"post_tag","embeddable":true,"href":"https:\/\/newblogs.correiobraziliense.com.br\/blog-da-rosana-hessel\/wp-json\/wp\/v2\/tags?post=28856"}],"curies":[{"name":"wp","href":"https:\/\/api.w.org\/{rel}","templated":true}]}}