{"id":28686,"date":"2023-08-02T18:48:48","date_gmt":"2023-08-02T21:48:48","guid":{"rendered":"https:\/\/blogs.correiobraziliense.com.br\/vicente\/?p=28686"},"modified":"2023-08-02T18:48:48","modified_gmt":"2023-08-02T21:48:48","slug":"banco-central-reduz-taxa-selic-em-050-ponto-para-1325-ao-ano","status":"publish","type":"post","link":"https:\/\/newblogs.correiobraziliense.com.br\/blog-da-rosana-hessel\/banco-central-reduz-taxa-selic-em-050-ponto-para-1325-ao-ano\/","title":{"rendered":"Banco Central reduz taxa Selic em 0,50 ponto, para 13,25% ao ano"},"content":{"rendered":"<p>ROSANA HESSEL<\/p>\n<p>&nbsp;<\/p>\n<p>O Comit\u00ea de Pol\u00edtica Monet\u00e1ria (Copom), do Banco Central (BC), decidiu, nesta quarta-feira (2\/8), reduzir a taxa b\u00e1sica da economia (Selic) em 0,50 ponto percentual, para 13,25% ao ano, que passar\u00e1 a valer a partir de amanh\u00e3.\u00a0A taxa Selic estava em 13,75% desde agosto de 2022.<\/p>\n<p>&nbsp;<\/p>\n<p>A decis\u00e3o n\u00e3o foi un\u00e2nime, mas o Comit\u00ea sinalizou que, nas pr\u00f3ximas reuni\u00f5es,\u00a0 existe uma &#8220;unanimidade&#8221; para redu\u00e7\u00f5es da mesma magnitude. O corte ficou acima da<a href=\"https:\/\/www.correiobraziliense.com.br\/economia\/2023\/07\/5113052-bc-comeca-a-reduzir-juros-nesta-quarta-feira-aposta-mercado.html\"> maioria das apostas do mercado, conforme apura\u00e7\u00e3o da reportagem do <strong>Correio <\/strong>\u00a0publicada na segunda-feira (31\/07)<\/a>, e veio menor do que o desejo do ministro da Fazenda, Fernando Haddad, que chegou a cogitar um corte maior, de 0,75 ponto percentual.<\/p>\n<p>&nbsp;<\/p>\n<p>A reuni\u00e3o do Copom teve dois novos integrantes da diretoria da autoridade monet\u00e1ria indicados pelo presidente Luiz In\u00e1cio Lula da Silva (PT): Gabriel Gal\u00edpolo (Pol\u00edtica Monet\u00e1ria) e\u00a0Ailton de Aquino Santos (Fiscaliza\u00e7\u00e3o).<\/p>\n<p>&nbsp;<\/p>\n<p>Votaram por uma redu\u00e7\u00e3o de 0,50 ponto percentual os seguintes membros do Comit\u00ea: Roberto Campos Neto (presidente), Ailton Santos, Carolina de Assis Barros, Gabriel Gal\u00edpolo e Ot\u00e1vio Damaso.\u00a0 Em contrapartida, optaram pela redu\u00e7\u00e3o de 0,25 ponto percentual os seguintes membros: Diogo Guillen, Fernanda Guardado, Maur\u00edcio de Moura e Renato Dias de Brito Gomes.<\/p>\n<p>&nbsp;<\/p>\n<p>No comunicado, o Copom informou que o ciclo de flexibiliza\u00e7\u00e3o da pol\u00edtica monet\u00e1ria ser\u00e1 gradual.\u00a0 &#8220;O Comit\u00ea ressalta ainda que a magnitude total do ciclo de flexibiliza\u00e7\u00e3o ao longo do tempo depender\u00e1 da evolu\u00e7\u00e3o da din\u00e2mica inflacion\u00e1ria, em especial dos componentes mais sens\u00edveis \u00e0 pol\u00edtica monet\u00e1ria e \u00e0 atividade econ\u00f4mica, das expectativas de infla\u00e7\u00e3o, em particular as de maior prazo, de suas proje\u00e7\u00f5es de infla\u00e7\u00e3o, do hiato do produto e do balan\u00e7o de riscos&#8221;, destacou a nota.<\/p>\n<p>&nbsp;<\/p>\n<p><strong>Veja a \u00edntegra do comunicado do Copom:<\/strong><\/p>\n<p>&nbsp;<\/p>\n<div class=\"row\">\n<div class=\"col-md-6 offset-md-2\"><\/div>\n<\/div>\n<div class=\"row\">\n<div class=\"col-md-10\">\n<hr \/>\n<div class=\"corpo\">\n<p><em>O ambiente externo mostra-se incerto, com alguma desinfla\u00e7\u00e3o sendo observada na margem, mas em um ambiente marcado por n\u00facleos de infla\u00e7\u00e3o ainda elevados e resili\u00eancia nos mercados de trabalho de diversos pa\u00edses. Os bancos centrais das principais economias permanecem determinados em promover a converg\u00eancia das taxas de infla\u00e7\u00e3o para suas metas.<\/em><\/p>\n<p>&nbsp;<\/p>\n<p><em>Em rela\u00e7\u00e3o ao cen\u00e1rio dom\u00e9stico, o conjunto dos indicadores mais recentes de atividade econ\u00f4mica segue consistente com um cen\u00e1rio de desacelera\u00e7\u00e3o da economia nos pr\u00f3ximos trimestres. N\u00e3o obstante o arrefecimento dos \u00edndices de infla\u00e7\u00e3o cheia ao consumidor, antecipa-se uma eleva\u00e7\u00e3o da infla\u00e7\u00e3o acumulada em doze meses ao longo do segundo semestre. As medidas mais recentes de infla\u00e7\u00e3o subjacente apresentaram queda, mas ainda se situam acima da meta para a infla\u00e7\u00e3o. As expectativas de infla\u00e7\u00e3o para 2023, 2024 e 2025 apuradas pela pesquisa Focus recuaram e encontram-se em torno de 4,8%, 3,9% e 3,5%, respectivamente.<\/em><\/p>\n<p>&nbsp;<\/p>\n<p><em>As proje\u00e7\u00f5es de infla\u00e7\u00e3o do Copom em seu cen\u00e1rio de refer\u00eancia* situam-se em 4,9% em 2023, 3,4% em 2024 e 3,0% em 2025. As proje\u00e7\u00f5es para a infla\u00e7\u00e3o de pre\u00e7os administrados s\u00e3o de 9,4% em 2023, 4,6% em 2024 e 3,5% em 2025.<\/em><\/p>\n<p>&nbsp;<\/p>\n<p><em>O Comit\u00ea ressalta que, em seus cen\u00e1rios para a infla\u00e7\u00e3o, permanecem fatores de risco em ambas as dire\u00e7\u00f5es. Entre os riscos de alta para o cen\u00e1rio inflacion\u00e1rio e as expectativas de infla\u00e7\u00e3o, destacam-se (i) uma maior persist\u00eancia das press\u00f5es inflacion\u00e1rias globais; e (ii) uma maior resili\u00eancia na infla\u00e7\u00e3o de servi\u00e7os do que a projetada em fun\u00e7\u00e3o de um hiato do produto mais apertado. Entre os riscos de baixa, ressaltam-se (i) uma desacelera\u00e7\u00e3o da atividade econ\u00f4mica global mais acentuada do que a projetada, em particular em fun\u00e7\u00e3o de condi\u00e7\u00f5es adversas no sistema financeiro global; e (ii) os impactos do aperto monet\u00e1rio sincronizado sobre a desinfla\u00e7\u00e3o global se mostrarem mais fortes do que o esperado. \u00a0<\/em><\/p>\n<p>&nbsp;<\/p>\n<p><em>O Comit\u00ea avalia que a melhora do quadro inflacion\u00e1rio, refletindo em parte os impactos defasados da pol\u00edtica monet\u00e1ria, aliada \u00e0 queda das expectativas de infla\u00e7\u00e3o para prazos mais longos, ap\u00f3s decis\u00e3o recente do Conselho Monet\u00e1rio Nacional sobre a meta para a infla\u00e7\u00e3o, permitiram acumular a confian\u00e7a necess\u00e1ria para iniciar um ciclo gradual de flexibiliza\u00e7\u00e3o monet\u00e1ria.<\/em><\/p>\n<p>&nbsp;<\/p>\n<p><em>Considerando os cen\u00e1rios avaliados, o balan\u00e7o de riscos e o amplo conjunto de informa\u00e7\u00f5es dispon\u00edveis, o Copom decidiu reduzir a taxa b\u00e1sica de juros em 0,50 ponto percentual, para 13,25% a.a., e entende que essa decis\u00e3o \u00e9 compat\u00edvel com a estrat\u00e9gia de converg\u00eancia da infla\u00e7\u00e3o para o redor da meta ao longo do horizonte relevante, que inclui o ano de 2024 e, em grau menor, o de 2025. Sem preju\u00edzo de seu objetivo fundamental de assegurar a estabilidade de pre\u00e7os, essa decis\u00e3o tamb\u00e9m implica suaviza\u00e7\u00e3o das flutua\u00e7\u00f5es do n\u00edvel de atividade econ\u00f4mica e fomento do pleno emprego.<\/em><\/p>\n<p>&nbsp;<\/p>\n<p><em>O Comit\u00ea refor\u00e7a a necessidade de perseverar com uma pol\u00edtica monet\u00e1ria contracionista at\u00e9 que se consolide n\u00e3o apenas o processo de desinfla\u00e7\u00e3o como tamb\u00e9m a ancoragem das expectativas em torno de suas metas.<\/em><\/p>\n<p>&nbsp;<\/p>\n<p><em>O Copom avaliou a alternativa de reduzir a taxa b\u00e1sica de juros para 13,50%, mas considerou ser apropriado adotar ritmo de queda de 0,50 ponto percentual nesta reuni\u00e3o em fun\u00e7\u00e3o da melhora do quadro inflacion\u00e1rio, refor\u00e7ando, no entanto, o firme objetivo de manter uma pol\u00edtica monet\u00e1ria contracionista para a reancoragem das expectativas e a converg\u00eancia da infla\u00e7\u00e3o para a meta no horizonte relevante. A conjuntura atual, caracterizada por um est\u00e1gio do processo desinflacion\u00e1rio que tende a ser mais lento e por expectativas de infla\u00e7\u00e3o com reancoragem parcial, demanda serenidade e modera\u00e7\u00e3o na condu\u00e7\u00e3o da pol\u00edtica monet\u00e1ria. Em se confirmando o cen\u00e1rio esperado, os membros do Comit\u00ea, unanimemente, anteveem redu\u00e7\u00e3o de mesma magnitude nas pr\u00f3ximas reuni\u00f5es e avaliam que esse \u00e9 o ritmo apropriado para manter a pol\u00edtica monet\u00e1ria contracionista necess\u00e1ria para o processo desinflacion\u00e1rio. O Comit\u00ea ressalta ainda que a magnitude total do ciclo de flexibiliza\u00e7\u00e3o ao longo do tempo depender\u00e1 da evolu\u00e7\u00e3o da din\u00e2mica inflacion\u00e1ria, em especial dos componentes mais sens\u00edveis \u00e0 pol\u00edtica monet\u00e1ria e \u00e0 atividade econ\u00f4mica, das expectativas de infla\u00e7\u00e3o, em particular as de maior prazo, de suas proje\u00e7\u00f5es de infla\u00e7\u00e3o, do hiato do produto e do balan\u00e7o de riscos.<\/em><\/p>\n<p>&nbsp;<\/p>\n<p><em>Votaram por uma redu\u00e7\u00e3o de 0,50 ponto percentual os seguintes membros do Comit\u00ea: Roberto de Oliveira Campos Neto (presidente), Ailton de Aquino Santos, Carolina de Assis Barros, Gabriel Muricca Gal\u00edpolo e Ot\u00e1vio Ribeiro Damaso.\u00a0 Votaram por uma redu\u00e7\u00e3o de 0,25 ponto percentual os seguintes membros: Diogo Abry Guillen, Fernanda Magalh\u00e3es Rumenos Guardado, Maur\u00edcio Costa de Moura e Renato Dias de Brito Gomes.\u00a0<\/em><\/p>\n<p>&nbsp;<\/p>\n<p><em>* No cen\u00e1rio de refer\u00eancia, a trajet\u00f3ria para a taxa de juros \u00e9 extra\u00edda da pesquisa Focus e a taxa de c\u00e2mbio parte de USD\/BRL 4,75, evoluindo segundo a paridade do poder de compra (PPC). O pre\u00e7o do petr\u00f3leo segue aproximadamente a curva futura pelos pr\u00f3ximos seis meses e passa a aumentar 2% ao ano posteriormente. Al\u00e9m disso, adota-se a hip\u00f3tese de bandeira tarif\u00e1ria &#8220;verde&#8221; em dezembro de 2023, de 2024 e de 2025. O valor para o c\u00e2mbio \u00e9 obtido pelo procedimento usual de arredondar a cota\u00e7\u00e3o m\u00e9dia da taxa de c\u00e2mbio USD\/BRL observada nos cinco dias \u00fateis encerrados no \u00faltimo dia da semana anterior \u00e0 da reuni\u00e3o do Copom.<\/em><\/p>\n<\/div>\n<\/div>\n<\/div>\n<p>&nbsp;<\/p>\n<p><strong>Foto da nova composi\u00e7\u00e3o do Copom:<\/strong><\/p>\n<figure id=\"attachment_28689\" aria-describedby=\"caption-attachment-28689\" style=\"width: 1024px\" class=\"wp-caption alignnone\"><a href=\"https:\/\/blogs.correiobraziliense.com.br\/vicente\/wp-content\/uploads\/sites\/16\/2023\/08\/fotonovacomposi\u00e7\u00e3odocopom.jpg\"><img loading=\"lazy\" decoding=\"async\" class=\"size-large wp-image-28689\" src=\"https:\/\/blogs.correiobraziliense.com.br\/vicente\/wp-content\/uploads\/sites\/16\/2023\/08\/fotonovacomposi\u00e7\u00e3odocopom-1024x683.jpg\" alt=\"\" width=\"1024\" height=\"683\" \/><\/a><figcaption id=\"caption-attachment-28689\" class=\"wp-caption-text\">Bras\u00edlia, 02\/08\/2023 &#8211; Reuni\u00e3o do Comit\u00ea de Pol\u00edtica Monet\u00e1ria do Banco Central do Brasil. Foto: Raphael Ribeiro\/BCB<\/figcaption><\/figure>\n<p>&nbsp;<\/p>\n<p>&nbsp;<\/p>\n","protected":false},"excerpt":{"rendered":"<p>ROSANA HESSEL &nbsp; O Comit\u00ea de Pol\u00edtica Monet\u00e1ria (Copom), do Banco Central (BC), decidiu, nesta quarta-feira (2\/8), reduzir a taxa b\u00e1sica da economia (Selic) em 0,50 ponto percentual, para 13,25% ao ano, que passar\u00e1 a valer a partir de amanh\u00e3.\u00a0A taxa Selic estava em 13,75% desde agosto de 2022. &nbsp; A decis\u00e3o n\u00e3o foi un\u00e2nime, [&hellip;]<\/p>\n","protected":false},"author":10,"featured_media":28689,"comment_status":"open","ping_status":"closed","sticky":false,"template":"","format":"standard","meta":{"_acf_changed":false,"inline_featured_image":false,"footnotes":""},"categories":[4],"tags":[82,83,39,679],"class_list":["post-28686","post","type-post","status-publish","format-standard","has-post-thumbnail","hentry","category-economia","tag-banco-central","tag-copom","tag-juros","tag-taxa-selic"],"acf":[],"yoast_head":"<!-- This site is optimized with the Yoast SEO plugin v27.3 - https:\/\/yoast.com\/product\/yoast-seo-wordpress\/ -->\n<title>Banco Central reduz taxa Selic em 0,50 ponto, para 13,25% ao ano<\/title>\n<meta name=\"description\" content=\"Na 5\u00aa reuni\u00e3o do ano do Copom, Banco Central reduz taxa b\u00e1sica em 0,50 ponto percentual, para 13,25% ao ano, conforme o esperado pelo mercado.\" \/>\n<meta name=\"robots\" content=\"index, follow, max-snippet:-1, max-image-preview:large, max-video-preview:-1\" \/>\n<link rel=\"canonical\" href=\"https:\/\/newblogs.correiobraziliense.com.br\/blog-da-rosana-hessel\/banco-central-reduz-taxa-selic-em-050-ponto-para-1325-ao-ano\/\" \/>\n<meta property=\"og:locale\" content=\"pt_BR\" \/>\n<meta property=\"og:type\" content=\"article\" \/>\n<meta property=\"og:title\" content=\"Banco Central reduz taxa Selic em 0,50 ponto, para 13,25% ao ano\" \/>\n<meta property=\"og:description\" content=\"Na 5\u00aa reuni\u00e3o do ano do Copom, Banco Central reduz taxa b\u00e1sica em 0,50 ponto percentual, para 13,25% ao ano, conforme o esperado pelo mercado.\" \/>\n<meta property=\"og:url\" content=\"https:\/\/newblogs.correiobraziliense.com.br\/blog-da-rosana-hessel\/banco-central-reduz-taxa-selic-em-050-ponto-para-1325-ao-ano\/\" \/>\n<meta property=\"og:site_name\" content=\"Blog da Rosana Hessel\" \/>\n<meta property=\"article:published_time\" content=\"2023-08-02T21:48:48+00:00\" \/>\n<meta property=\"og:image\" content=\"https:\/\/newblogs.correiobraziliense.com.br\/blog-da-rosana-hessel\/wp-content\/uploads\/sites\/5\/2024\/06\/IMG_7392-1.png\" \/>\n\t<meta property=\"og:image:width\" content=\"1200\" \/>\n\t<meta property=\"og:image:height\" content=\"675\" \/>\n\t<meta property=\"og:image:type\" content=\"image\/png\" \/>\n<meta name=\"author\" content=\"Rosana Hessel\" \/>\n<!-- \/ Yoast SEO plugin. -->","yoast_head_json":{"title":"Banco Central reduz taxa Selic em 0,50 ponto, para 13,25% ao ano","description":"Na 5\u00aa reuni\u00e3o do ano do Copom, Banco Central reduz taxa b\u00e1sica em 0,50 ponto percentual, para 13,25% ao ano, conforme o esperado pelo mercado.","robots":{"index":"index","follow":"follow","max-snippet":"max-snippet:-1","max-image-preview":"max-image-preview:large","max-video-preview":"max-video-preview:-1"},"canonical":"https:\/\/newblogs.correiobraziliense.com.br\/blog-da-rosana-hessel\/banco-central-reduz-taxa-selic-em-050-ponto-para-1325-ao-ano\/","og_locale":"pt_BR","og_type":"article","og_title":"Banco Central reduz taxa Selic em 0,50 ponto, para 13,25% ao ano","og_description":"Na 5\u00aa reuni\u00e3o do ano do Copom, Banco Central reduz taxa b\u00e1sica em 0,50 ponto percentual, para 13,25% ao ano, conforme o esperado pelo mercado.","og_url":"https:\/\/newblogs.correiobraziliense.com.br\/blog-da-rosana-hessel\/banco-central-reduz-taxa-selic-em-050-ponto-para-1325-ao-ano\/","og_site_name":"Blog da Rosana Hessel","article_published_time":"2023-08-02T21:48:48+00:00","og_image":[{"width":1200,"height":675,"url":"https:\/\/newblogs.correiobraziliense.com.br\/blog-da-rosana-hessel\/wp-content\/uploads\/sites\/5\/2024\/06\/IMG_7392-1.png","type":"image\/png"}],"author":"Rosana Hessel","schema":{"@context":"https:\/\/schema.org","@graph":[{"@type":"Article","@id":"https:\/\/newblogs.correiobraziliense.com.br\/blog-da-rosana-hessel\/banco-central-reduz-taxa-selic-em-050-ponto-para-1325-ao-ano\/#article","isPartOf":{"@id":"https:\/\/newblogs.correiobraziliense.com.br\/blog-da-rosana-hessel\/banco-central-reduz-taxa-selic-em-050-ponto-para-1325-ao-ano\/"},"author":{"name":"Rosana Hessel","@id":"https:\/\/newblogs.correiobraziliense.com.br\/blog-da-rosana-hessel\/#\/schema\/person\/824cb3c631cf0d4056f75ca02599a930"},"headline":"Banco Central reduz taxa Selic em 0,50 ponto, para 13,25% ao ano","datePublished":"2023-08-02T21:48:48+00:00","mainEntityOfPage":{"@id":"https:\/\/newblogs.correiobraziliense.com.br\/blog-da-rosana-hessel\/banco-central-reduz-taxa-selic-em-050-ponto-para-1325-ao-ano\/"},"wordCount":1330,"commentCount":0,"image":{"@id":"https:\/\/newblogs.correiobraziliense.com.br\/blog-da-rosana-hessel\/banco-central-reduz-taxa-selic-em-050-ponto-para-1325-ao-ano\/#primaryimage"},"thumbnailUrl":"","keywords":["Banco Central","Copom","juros","taxa Selic"],"articleSection":["Economia"],"inLanguage":"pt-BR"},{"@type":"WebPage","@id":"https:\/\/newblogs.correiobraziliense.com.br\/blog-da-rosana-hessel\/banco-central-reduz-taxa-selic-em-050-ponto-para-1325-ao-ano\/","url":"https:\/\/newblogs.correiobraziliense.com.br\/blog-da-rosana-hessel\/banco-central-reduz-taxa-selic-em-050-ponto-para-1325-ao-ano\/","name":"Banco Central reduz taxa Selic em 0,50 ponto, para 13,25% ao ano","isPartOf":{"@id":"https:\/\/newblogs.correiobraziliense.com.br\/blog-da-rosana-hessel\/#website"},"primaryImageOfPage":{"@id":"https:\/\/newblogs.correiobraziliense.com.br\/blog-da-rosana-hessel\/banco-central-reduz-taxa-selic-em-050-ponto-para-1325-ao-ano\/#primaryimage"},"image":{"@id":"https:\/\/newblogs.correiobraziliense.com.br\/blog-da-rosana-hessel\/banco-central-reduz-taxa-selic-em-050-ponto-para-1325-ao-ano\/#primaryimage"},"thumbnailUrl":"","datePublished":"2023-08-02T21:48:48+00:00","author":{"@id":"https:\/\/newblogs.correiobraziliense.com.br\/blog-da-rosana-hessel\/#\/schema\/person\/824cb3c631cf0d4056f75ca02599a930"},"description":"Na 5\u00aa reuni\u00e3o do ano do Copom, Banco Central reduz taxa b\u00e1sica em 0,50 ponto percentual, para 13,25% ao ano, conforme o esperado pelo mercado.","breadcrumb":{"@id":"https:\/\/newblogs.correiobraziliense.com.br\/blog-da-rosana-hessel\/banco-central-reduz-taxa-selic-em-050-ponto-para-1325-ao-ano\/#breadcrumb"},"inLanguage":"pt-BR","potentialAction":[{"@type":"ReadAction","target":["https:\/\/newblogs.correiobraziliense.com.br\/blog-da-rosana-hessel\/banco-central-reduz-taxa-selic-em-050-ponto-para-1325-ao-ano\/"]}]},{"@type":"ImageObject","inLanguage":"pt-BR","@id":"https:\/\/newblogs.correiobraziliense.com.br\/blog-da-rosana-hessel\/banco-central-reduz-taxa-selic-em-050-ponto-para-1325-ao-ano\/#primaryimage","url":"","contentUrl":""},{"@type":"BreadcrumbList","@id":"https:\/\/newblogs.correiobraziliense.com.br\/blog-da-rosana-hessel\/banco-central-reduz-taxa-selic-em-050-ponto-para-1325-ao-ano\/#breadcrumb","itemListElement":[{"@type":"ListItem","position":1,"name":"In\u00edcio","item":"https:\/\/newblogs.correiobraziliense.com.br\/blog-da-rosana-hessel\/"},{"@type":"ListItem","position":2,"name":"Banco Central reduz taxa Selic em 0,50 ponto, para 13,25% ao ano"}]},{"@type":"WebSite","@id":"https:\/\/newblogs.correiobraziliense.com.br\/blog-da-rosana-hessel\/#website","url":"https:\/\/newblogs.correiobraziliense.com.br\/blog-da-rosana-hessel\/","name":"Blog da Rosana Hessel","description":"Not\u00edcias atualizadas e an\u00e1lises sobre economia. Acompanhe-nos para entender as tend\u00eancias e os impactos econ\u00f4micos que influenciam o seu dia a dia, tanto no Brasil quanto no exterior.","potentialAction":[{"@type":"SearchAction","target":{"@type":"EntryPoint","urlTemplate":"https:\/\/newblogs.correiobraziliense.com.br\/blog-da-rosana-hessel\/?s={search_term_string}"},"query-input":{"@type":"PropertyValueSpecification","valueRequired":true,"valueName":"search_term_string"}}],"inLanguage":"pt-BR"},{"@type":"Person","@id":"https:\/\/newblogs.correiobraziliense.com.br\/blog-da-rosana-hessel\/#\/schema\/person\/824cb3c631cf0d4056f75ca02599a930","name":"Rosana Hessel","image":{"@type":"ImageObject","inLanguage":"pt-BR","@id":"https:\/\/secure.gravatar.com\/avatar\/fe780cf1839cf10cd6d682fb080611e0d2a459b64be8a8781778109777fbcfd3?s=96&d=mm&r=g","url":"https:\/\/secure.gravatar.com\/avatar\/fe780cf1839cf10cd6d682fb080611e0d2a459b64be8a8781778109777fbcfd3?s=96&d=mm&r=g","contentUrl":"https:\/\/secure.gravatar.com\/avatar\/fe780cf1839cf10cd6d682fb080611e0d2a459b64be8a8781778109777fbcfd3?s=96&d=mm&r=g","caption":"Rosana Hessel"},"description":"Formada pela Pontif\u00edcia Universidade Cat\u00f3lica de S\u00e3o Paulo (PUC-SP), \u00e9 jornalista de economia desde 1995, quando passou a integrar o time da Gazeta Mercantil. Est\u00e1 sempre atr\u00e1s da boa informa\u00e7\u00e3o. Possui especializa\u00e7\u00e3o em economia pela FGV e MBA em Finan\u00e7as pela FIA-USP. Trabalha no Correio Braziliense desde 2010. Ganhou o Pr\u00eamio Esso de Jornalismo Econ\u00f4mico em 2014 e em 2015 com a equipe do Correio. Foi finalista entre os 50 jornalistas +Admirados da Imprensa de Economia, Neg\u00f3cios e Finan\u00e7as 2024, promovido pela Jornalistas&amp;Cia.","url":"https:\/\/newblogs.correiobraziliense.com.br\/blog-da-rosana-hessel\/author\/rosanahessel\/"}]}},"_links":{"self":[{"href":"https:\/\/newblogs.correiobraziliense.com.br\/blog-da-rosana-hessel\/wp-json\/wp\/v2\/posts\/28686","targetHints":{"allow":["GET"]}}],"collection":[{"href":"https:\/\/newblogs.correiobraziliense.com.br\/blog-da-rosana-hessel\/wp-json\/wp\/v2\/posts"}],"about":[{"href":"https:\/\/newblogs.correiobraziliense.com.br\/blog-da-rosana-hessel\/wp-json\/wp\/v2\/types\/post"}],"author":[{"embeddable":true,"href":"https:\/\/newblogs.correiobraziliense.com.br\/blog-da-rosana-hessel\/wp-json\/wp\/v2\/users\/10"}],"replies":[{"embeddable":true,"href":"https:\/\/newblogs.correiobraziliense.com.br\/blog-da-rosana-hessel\/wp-json\/wp\/v2\/comments?post=28686"}],"version-history":[{"count":0,"href":"https:\/\/newblogs.correiobraziliense.com.br\/blog-da-rosana-hessel\/wp-json\/wp\/v2\/posts\/28686\/revisions"}],"wp:featuredmedia":[{"embeddable":true,"href":"https:\/\/newblogs.correiobraziliense.com.br\/blog-da-rosana-hessel\/wp-json\/"}],"wp:attachment":[{"href":"https:\/\/newblogs.correiobraziliense.com.br\/blog-da-rosana-hessel\/wp-json\/wp\/v2\/media?parent=28686"}],"wp:term":[{"taxonomy":"category","embeddable":true,"href":"https:\/\/newblogs.correiobraziliense.com.br\/blog-da-rosana-hessel\/wp-json\/wp\/v2\/categories?post=28686"},{"taxonomy":"post_tag","embeddable":true,"href":"https:\/\/newblogs.correiobraziliense.com.br\/blog-da-rosana-hessel\/wp-json\/wp\/v2\/tags?post=28686"}],"curies":[{"name":"wp","href":"https:\/\/api.w.org\/{rel}","templated":true}]}}