{"id":28490,"date":"2023-07-13T13:21:52","date_gmt":"2023-07-13T16:21:52","guid":{"rendered":"https:\/\/blogs.correiobraziliense.com.br\/vicente\/?p=28490"},"modified":"2023-07-13T13:21:52","modified_gmt":"2023-07-13T16:21:52","slug":"analistas-alertam-para-os-riscos-de-lula-querer-reeditar-as-medidas-do-velho-pt","status":"publish","type":"post","link":"https:\/\/newblogs.correiobraziliense.com.br\/blog-da-rosana-hessel\/analistas-alertam-para-os-riscos-de-lula-querer-reeditar-as-medidas-do-velho-pt\/","title":{"rendered":"Analistas alertam para os riscos de Lula querer reeditar as medidas do velho PT"},"content":{"rendered":"<p>ROSANA HESSEL<\/p>\n<p>&nbsp;<\/p>\n<p>O presidente Luiz In\u00e1cio Lula da Silva (PT) tem dado sinais de que\u00a0<span style=\"font-weight: 400\">quer repetir as mesmas medidas dos governos anteriores, mas ele precisa lembrar que nem todas deram certo como o Bolsa Fam\u00edlia, que foi relan\u00e7ado logo no in\u00edcio do ano. Muitos foram desastrosos, como o Programa de Acelera\u00e7\u00e3o do Crescimento (PAC) \u2013 que teve muitas obras paradas por falta de um bom projeto inicial e outras que nem sa\u00edram do papel, como o trem bala. Agora, por exemplo, ele pensa em ressuscitar os incentivos fiscais para os eletrodom\u00e9sticos da linha branca.\u00a0<\/span><\/p>\n<p>&nbsp;<\/p>\n<p>Durante evento de recria\u00e7\u00e3o do Conselho Nacional de Ci\u00eancia e Tecnologia, ontem, o presidente sugeriu &#8220;facilitar a compra de geladeira, televis\u00e3o, m\u00e1quina de lavar&#8221; pouco depois do fim antecipado da medida de redu\u00e7\u00e3o de\u00a0<span style=\"font-weight: 400\">impostos sobre ve\u00edculos, a fim de incentivar o consumo de carros parados nos p\u00e1tios das montadoras. A medida teve or\u00e7amento apertado de R$ 500 milh\u00f5es que acabou rapidamente e, depois foi ampliado para R$ 800 milh\u00f5es, que foram esgotados na semana passada. Resta saber de onde vir\u00e1 o dinheiro para esse novo est\u00edmulo, mas o presidente deu pistas de que poderiam vir de fundos federais &#8220;que est\u00e3o parados&#8221;, mas algo que nem a ministra do Planejamento e Or\u00e7amento, Simone Tebet, tinha ideia de como essa nova velha ideia seria financiada e at\u00e9 pediu &#8220;calma&#8221; aos jornalistas quando foi questionada.\u00a0 O ministro da Fazenda, Fernando Haddad, ainda n\u00e3o foi procurado por Lula para discutir a possibilidade de criar benef\u00edcios tribut\u00e1rios para a venda de eletrodom\u00e9sticos da linha branca.<\/span><\/p>\n<p>&nbsp;<\/p>\n<p><span style=\"font-weight: 400\">Mesmo que seja tempor\u00e1rio, o novo incentivo fiscal \u00e9 visto com ressalvas, pois o endividamento das fam\u00edlias est\u00e1 elevado e ainda h\u00e1 risco de que, com a promessa de que os impostos sobre eletrodom\u00e9sticos v\u00e3o cair, o consumidor que estava pensando em trocar a geladeira e o fog\u00e3o espere um pouco mais. \u201cFica bem claro que o governo est\u00e1 repetindo tudo o que foi feito nos \u00faltimos 13 anos de governo do PT, o que facilita projetar o que pode vir daqui para diante, mas sabemos que muitas medidas deram errado e esperamos que elas n\u00e3o se repitam\u201d, afirmou Gustavo Cruz, estrategista-chefe da RB Investimentos.\u00a0 &#8220;O setor de eletrodom\u00e9sticos registrou crescimento das vendas no primeiro semestre&#8221;, destacou.<\/span><\/p>\n<p>&nbsp;<\/p>\n<p><span style=\"font-weight: 400\">\u201cApesar de alguns avan\u00e7os em algumas \u00e1reas, estamos vendo o PT sendo o velho PT de sempre quando surgem essas ideias. N\u00e3o resulta em crescimento, mas apenas em mais gasto fiscal. Antecipa demanda apenas e o resultado l\u00edquido \u00e9 zero do ponto de vista de demanda e negativo do ponto de vista fiscal\u201d, alertou Sergio Vale, economista-chefe da MB Associados, ao comentar sobre o est\u00edmulo fiscal para a compra de eletrodom\u00e9sticos da linha branca.\u00a0 \u00c9 bom lembrar que, no governo Dilma Rousseff, gastos fiscais foram enormes, como no PAC e n<\/span><span style=\"font-weight: 400\">a desonera\u00e7\u00e3o da folha de pagamentos, mas eles n\u00e3o ajudaram no crescimento do pa\u00eds e fizeram a d\u00edvida p\u00fablica explodir, levando o pa\u00eds para dois anos de recess\u00e3o, em 2015 e 2016.<\/span><\/p>\n<p>&nbsp;<\/p>\n<p><span style=\"font-weight: 400\">Na avalia\u00e7\u00e3o do analista da RB, \u00e9 importante que o governo mostre que tem discutido antes de anunciar novas medidas. \u201cPor mais que o presidente Lula esteja no seu terceiro mandato, ele tem pecado bastante na coordena\u00e7\u00e3o pol\u00edtica e na coordena\u00e7\u00e3o das expectativas do mercado\u201d, destacou Cruz. Para ele, seria melhor o governo centrar foco, primeiro, em programas de renegocia\u00e7\u00e3o de d\u00edvidas das fam\u00edlias, como o &#8220;Desenrola&#8221;, o programa que visa renegociar as d\u00edvidas de pessoas f\u00edsicas com renda de at\u00e9 dois sal\u00e1rios m\u00ednimos e que estejam devendo at\u00e9 R$ 5 mil, que ainda ser\u00e1 lan\u00e7ado oficialmente. antes de estimular as fam\u00edlias fazerem um &#8220;endividamento extra&#8221;.\u00a0\u00a0<\/span><\/p>\n","protected":false},"excerpt":{"rendered":"<p>ROSANA HESSEL &nbsp; O presidente Luiz In\u00e1cio Lula da Silva (PT) tem dado sinais de que\u00a0quer repetir as mesmas medidas dos governos anteriores, mas ele precisa lembrar que nem todas deram certo como o Bolsa Fam\u00edlia, que foi relan\u00e7ado logo no in\u00edcio do ano. Muitos foram desastrosos, como o Programa de Acelera\u00e7\u00e3o do Crescimento (PAC) [&hellip;]<\/p>\n","protected":false},"author":10,"featured_media":26892,"comment_status":"open","ping_status":"closed","sticky":false,"template":"","format":"standard","meta":{"_acf_changed":false,"inline_featured_image":false,"footnotes":""},"categories":[4],"tags":[1715,1716,118,1717,1718,765,1719],"class_list":["post-28490","post","type-post","status-publish","format-standard","has-post-thumbnail","hentry","category-economia","tag-estimulos-fiscais","tag-linha-branca","tag-lula","tag-medidas-velhas","tag-problema-fiscal","tag-pt","tag-riscos"],"acf":[],"yoast_head":"<!-- This site is optimized with the Yoast SEO plugin v27.3 - https:\/\/yoast.com\/product\/yoast-seo-wordpress\/ -->\n<title>Analistas alertam para os riscos de Lula querer reeditar as medidas do velho PT<\/title>\n<meta name=\"description\" content=\"Enquanto o presidente Lula continua anunciando velhos programas, especialistas lembram que nem todas medidas dos 13 anos de PT foram bem-sucedidas.\" \/>\n<meta name=\"robots\" content=\"index, follow, max-snippet:-1, max-image-preview:large, max-video-preview:-1\" \/>\n<link rel=\"canonical\" href=\"https:\/\/newblogs.correiobraziliense.com.br\/blog-da-rosana-hessel\/analistas-alertam-para-os-riscos-de-lula-querer-reeditar-as-medidas-do-velho-pt\/\" \/>\n<meta property=\"og:locale\" content=\"pt_BR\" \/>\n<meta property=\"og:type\" content=\"article\" \/>\n<meta property=\"og:title\" content=\"Analistas alertam para os riscos de Lula querer reeditar as medidas do velho PT\" \/>\n<meta property=\"og:description\" content=\"Enquanto o presidente Lula continua anunciando velhos programas, especialistas lembram que nem todas medidas dos 13 anos de PT foram bem-sucedidas.\" \/>\n<meta property=\"og:url\" content=\"https:\/\/newblogs.correiobraziliense.com.br\/blog-da-rosana-hessel\/analistas-alertam-para-os-riscos-de-lula-querer-reeditar-as-medidas-do-velho-pt\/\" \/>\n<meta property=\"og:site_name\" content=\"Blog da Rosana Hessel\" \/>\n<meta property=\"article:published_time\" content=\"2023-07-13T16:21:52+00:00\" \/>\n<meta property=\"og:image\" content=\"https:\/\/newblogs.correiobraziliense.com.br\/blog-da-rosana-hessel\/wp-content\/uploads\/sites\/5\/2024\/06\/IMG_7392-1.png\" \/>\n\t<meta property=\"og:image:width\" content=\"1200\" \/>\n\t<meta property=\"og:image:height\" content=\"675\" \/>\n\t<meta property=\"og:image:type\" content=\"image\/png\" \/>\n<meta name=\"author\" content=\"Rosana Hessel\" \/>\n<!-- \/ Yoast SEO plugin. -->","yoast_head_json":{"title":"Analistas alertam para os riscos de Lula querer reeditar as medidas do velho PT","description":"Enquanto o presidente Lula continua anunciando velhos programas, especialistas lembram que nem todas medidas dos 13 anos de PT foram bem-sucedidas.","robots":{"index":"index","follow":"follow","max-snippet":"max-snippet:-1","max-image-preview":"max-image-preview:large","max-video-preview":"max-video-preview:-1"},"canonical":"https:\/\/newblogs.correiobraziliense.com.br\/blog-da-rosana-hessel\/analistas-alertam-para-os-riscos-de-lula-querer-reeditar-as-medidas-do-velho-pt\/","og_locale":"pt_BR","og_type":"article","og_title":"Analistas alertam para os riscos de Lula querer reeditar as medidas do velho PT","og_description":"Enquanto o presidente Lula continua anunciando velhos programas, especialistas lembram que nem todas medidas dos 13 anos de PT foram bem-sucedidas.","og_url":"https:\/\/newblogs.correiobraziliense.com.br\/blog-da-rosana-hessel\/analistas-alertam-para-os-riscos-de-lula-querer-reeditar-as-medidas-do-velho-pt\/","og_site_name":"Blog da Rosana Hessel","article_published_time":"2023-07-13T16:21:52+00:00","og_image":[{"width":1200,"height":675,"url":"https:\/\/newblogs.correiobraziliense.com.br\/blog-da-rosana-hessel\/wp-content\/uploads\/sites\/5\/2024\/06\/IMG_7392-1.png","type":"image\/png"}],"author":"Rosana Hessel","schema":{"@context":"https:\/\/schema.org","@graph":[{"@type":"Article","@id":"https:\/\/newblogs.correiobraziliense.com.br\/blog-da-rosana-hessel\/analistas-alertam-para-os-riscos-de-lula-querer-reeditar-as-medidas-do-velho-pt\/#article","isPartOf":{"@id":"https:\/\/newblogs.correiobraziliense.com.br\/blog-da-rosana-hessel\/analistas-alertam-para-os-riscos-de-lula-querer-reeditar-as-medidas-do-velho-pt\/"},"author":{"name":"Rosana Hessel","@id":"https:\/\/newblogs.correiobraziliense.com.br\/blog-da-rosana-hessel\/#\/schema\/person\/824cb3c631cf0d4056f75ca02599a930"},"headline":"Analistas alertam para os riscos de Lula querer reeditar as medidas do velho PT","datePublished":"2023-07-13T16:21:52+00:00","mainEntityOfPage":{"@id":"https:\/\/newblogs.correiobraziliense.com.br\/blog-da-rosana-hessel\/analistas-alertam-para-os-riscos-de-lula-querer-reeditar-as-medidas-do-velho-pt\/"},"wordCount":666,"commentCount":0,"image":{"@id":"https:\/\/newblogs.correiobraziliense.com.br\/blog-da-rosana-hessel\/analistas-alertam-para-os-riscos-de-lula-querer-reeditar-as-medidas-do-velho-pt\/#primaryimage"},"thumbnailUrl":"","keywords":["est\u00edmulos fiscais","linha branca","Lula","medidas velhas","problema fiscal","PT","riscos"],"articleSection":["Economia"],"inLanguage":"pt-BR"},{"@type":"WebPage","@id":"https:\/\/newblogs.correiobraziliense.com.br\/blog-da-rosana-hessel\/analistas-alertam-para-os-riscos-de-lula-querer-reeditar-as-medidas-do-velho-pt\/","url":"https:\/\/newblogs.correiobraziliense.com.br\/blog-da-rosana-hessel\/analistas-alertam-para-os-riscos-de-lula-querer-reeditar-as-medidas-do-velho-pt\/","name":"Analistas alertam para os riscos de Lula querer reeditar as medidas do velho PT","isPartOf":{"@id":"https:\/\/newblogs.correiobraziliense.com.br\/blog-da-rosana-hessel\/#website"},"primaryImageOfPage":{"@id":"https:\/\/newblogs.correiobraziliense.com.br\/blog-da-rosana-hessel\/analistas-alertam-para-os-riscos-de-lula-querer-reeditar-as-medidas-do-velho-pt\/#primaryimage"},"image":{"@id":"https:\/\/newblogs.correiobraziliense.com.br\/blog-da-rosana-hessel\/analistas-alertam-para-os-riscos-de-lula-querer-reeditar-as-medidas-do-velho-pt\/#primaryimage"},"thumbnailUrl":"","datePublished":"2023-07-13T16:21:52+00:00","author":{"@id":"https:\/\/newblogs.correiobraziliense.com.br\/blog-da-rosana-hessel\/#\/schema\/person\/824cb3c631cf0d4056f75ca02599a930"},"description":"Enquanto o presidente Lula continua anunciando velhos programas, especialistas lembram que nem todas medidas dos 13 anos de PT foram bem-sucedidas.","breadcrumb":{"@id":"https:\/\/newblogs.correiobraziliense.com.br\/blog-da-rosana-hessel\/analistas-alertam-para-os-riscos-de-lula-querer-reeditar-as-medidas-do-velho-pt\/#breadcrumb"},"inLanguage":"pt-BR","potentialAction":[{"@type":"ReadAction","target":["https:\/\/newblogs.correiobraziliense.com.br\/blog-da-rosana-hessel\/analistas-alertam-para-os-riscos-de-lula-querer-reeditar-as-medidas-do-velho-pt\/"]}]},{"@type":"ImageObject","inLanguage":"pt-BR","@id":"https:\/\/newblogs.correiobraziliense.com.br\/blog-da-rosana-hessel\/analistas-alertam-para-os-riscos-de-lula-querer-reeditar-as-medidas-do-velho-pt\/#primaryimage","url":"","contentUrl":""},{"@type":"BreadcrumbList","@id":"https:\/\/newblogs.correiobraziliense.com.br\/blog-da-rosana-hessel\/analistas-alertam-para-os-riscos-de-lula-querer-reeditar-as-medidas-do-velho-pt\/#breadcrumb","itemListElement":[{"@type":"ListItem","position":1,"name":"In\u00edcio","item":"https:\/\/newblogs.correiobraziliense.com.br\/blog-da-rosana-hessel\/"},{"@type":"ListItem","position":2,"name":"Analistas alertam para os riscos de Lula querer reeditar as medidas do velho PT"}]},{"@type":"WebSite","@id":"https:\/\/newblogs.correiobraziliense.com.br\/blog-da-rosana-hessel\/#website","url":"https:\/\/newblogs.correiobraziliense.com.br\/blog-da-rosana-hessel\/","name":"Blog da Rosana Hessel","description":"Not\u00edcias atualizadas e an\u00e1lises sobre economia. Acompanhe-nos para entender as tend\u00eancias e os impactos econ\u00f4micos que influenciam o seu dia a dia, tanto no Brasil quanto no exterior.","potentialAction":[{"@type":"SearchAction","target":{"@type":"EntryPoint","urlTemplate":"https:\/\/newblogs.correiobraziliense.com.br\/blog-da-rosana-hessel\/?s={search_term_string}"},"query-input":{"@type":"PropertyValueSpecification","valueRequired":true,"valueName":"search_term_string"}}],"inLanguage":"pt-BR"},{"@type":"Person","@id":"https:\/\/newblogs.correiobraziliense.com.br\/blog-da-rosana-hessel\/#\/schema\/person\/824cb3c631cf0d4056f75ca02599a930","name":"Rosana Hessel","image":{"@type":"ImageObject","inLanguage":"pt-BR","@id":"https:\/\/secure.gravatar.com\/avatar\/fe780cf1839cf10cd6d682fb080611e0d2a459b64be8a8781778109777fbcfd3?s=96&d=mm&r=g","url":"https:\/\/secure.gravatar.com\/avatar\/fe780cf1839cf10cd6d682fb080611e0d2a459b64be8a8781778109777fbcfd3?s=96&d=mm&r=g","contentUrl":"https:\/\/secure.gravatar.com\/avatar\/fe780cf1839cf10cd6d682fb080611e0d2a459b64be8a8781778109777fbcfd3?s=96&d=mm&r=g","caption":"Rosana Hessel"},"description":"Formada pela Pontif\u00edcia Universidade Cat\u00f3lica de S\u00e3o Paulo (PUC-SP), \u00e9 jornalista de economia desde 1995, quando passou a integrar o time da Gazeta Mercantil. Est\u00e1 sempre atr\u00e1s da boa informa\u00e7\u00e3o. Possui especializa\u00e7\u00e3o em economia pela FGV e MBA em Finan\u00e7as pela FIA-USP. Trabalha no Correio Braziliense desde 2010. Ganhou o Pr\u00eamio Esso de Jornalismo Econ\u00f4mico em 2014 e em 2015 com a equipe do Correio. Foi finalista entre os 50 jornalistas +Admirados da Imprensa de Economia, Neg\u00f3cios e Finan\u00e7as 2024, promovido pela Jornalistas&amp;Cia.","url":"https:\/\/newblogs.correiobraziliense.com.br\/blog-da-rosana-hessel\/author\/rosanahessel\/"}]}},"_links":{"self":[{"href":"https:\/\/newblogs.correiobraziliense.com.br\/blog-da-rosana-hessel\/wp-json\/wp\/v2\/posts\/28490","targetHints":{"allow":["GET"]}}],"collection":[{"href":"https:\/\/newblogs.correiobraziliense.com.br\/blog-da-rosana-hessel\/wp-json\/wp\/v2\/posts"}],"about":[{"href":"https:\/\/newblogs.correiobraziliense.com.br\/blog-da-rosana-hessel\/wp-json\/wp\/v2\/types\/post"}],"author":[{"embeddable":true,"href":"https:\/\/newblogs.correiobraziliense.com.br\/blog-da-rosana-hessel\/wp-json\/wp\/v2\/users\/10"}],"replies":[{"embeddable":true,"href":"https:\/\/newblogs.correiobraziliense.com.br\/blog-da-rosana-hessel\/wp-json\/wp\/v2\/comments?post=28490"}],"version-history":[{"count":0,"href":"https:\/\/newblogs.correiobraziliense.com.br\/blog-da-rosana-hessel\/wp-json\/wp\/v2\/posts\/28490\/revisions"}],"wp:featuredmedia":[{"embeddable":true,"href":"https:\/\/newblogs.correiobraziliense.com.br\/blog-da-rosana-hessel\/wp-json\/"}],"wp:attachment":[{"href":"https:\/\/newblogs.correiobraziliense.com.br\/blog-da-rosana-hessel\/wp-json\/wp\/v2\/media?parent=28490"}],"wp:term":[{"taxonomy":"category","embeddable":true,"href":"https:\/\/newblogs.correiobraziliense.com.br\/blog-da-rosana-hessel\/wp-json\/wp\/v2\/categories?post=28490"},{"taxonomy":"post_tag","embeddable":true,"href":"https:\/\/newblogs.correiobraziliense.com.br\/blog-da-rosana-hessel\/wp-json\/wp\/v2\/tags?post=28490"}],"curies":[{"name":"wp","href":"https:\/\/api.w.org\/{rel}","templated":true}]}}