{"id":28459,"date":"2023-07-12T07:00:11","date_gmt":"2023-07-12T10:00:11","guid":{"rendered":"https:\/\/blogs.correiobraziliense.com.br\/vicente\/?p=28459"},"modified":"2023-07-12T07:00:11","modified_gmt":"2023-07-12T10:00:11","slug":"genial-quaest-avaliacao-negativa-do-governo-recua-de-86-para-44","status":"publish","type":"post","link":"https:\/\/newblogs.correiobraziliense.com.br\/blog-da-rosana-hessel\/genial-quaest-avaliacao-negativa-do-governo-recua-de-86-para-44\/","title":{"rendered":"Genial-Quaest: Avalia\u00e7\u00e3o negativa do governo recua de 86% para 44%"},"content":{"rendered":"<p><span style=\"font-weight: 400\">ROSANA HESSEL<\/span><\/p>\n<p>&nbsp;<\/p>\n<p><span style=\"font-weight: 400\">Em meio \u00e0s declara\u00e7\u00f5es pol\u00eamicas contra o mercado financeiro, como as constantes cr\u00edticas ao Banco Central e as amea\u00e7as de mudar at\u00e9 a meta de infla\u00e7\u00e3o \u2013, o presidente Luiz In\u00e1cio Lula da Silva (PT), parece ter conseguido agradar, pelo menos, metade dos agentes financeiros, em grande parte, devido \u00e0 atua\u00e7\u00e3o do ministro da Fazenda, Fernando Haddad, e \u00e0 melhora do cen\u00e1rio econ\u00f4mico, de acordo com a terceira rodada da pesquisa Genial-Quest: \u201cO que pensa o mercado financeiro\u201d, divulgada nesta quarta-feira (12\/7).<\/span><\/p>\n<p>&nbsp;<\/p>\n<p><span style=\"font-weight: 400\">Conforme os dados da sondagem de opini\u00e3o feita pela Quaest Consultoria encomendada pela Genial Investimentos, 44% dos entrevistados avaliam o governo Lula 3 como negativo. Esse percentual era quase o dobro em maio, de 86%, e de 90%, na edi\u00e7\u00e3o anterior, de mar\u00e7o. Enquanto isso, 36% dos entrevistados disseram que o governo Lula 3 \u00e9 regular, acima dos 12%, registrados em maio, e dos 10%, em mar\u00e7o. A avalia\u00e7\u00e3o positiva do governo, que estava em zero e passou para 2%, entre mar\u00e7o e maio, na edi\u00e7\u00e3o deste m\u00eas, chegou a 20%.<\/span><\/p>\n<p>&nbsp;<\/p>\n<p><span style=\"font-weight: 400\">Conforme os dados da pesquisa, em julho, 53% dos entrevistados consideram que a pol\u00edtica econ\u00f4mica do pa\u00eds est\u00e1 indo na dire\u00e7\u00e3o errada, abaixo dos 90% de maio e dos 98% em mar\u00e7o. Por outro lado, as respostas de que a pol\u00edtica econ\u00f4mica est\u00e1 na dire\u00e7\u00e3o certa passou de 2%, em mar\u00e7o, para 10%, em maio, e agora, para 47%, em julho.<\/span><\/p>\n<p>&nbsp;<\/p>\n<p><span style=\"font-weight: 400\">Para 53% dos entrevistados a economia vai melhorar nos pr\u00f3ximos 12 meses, dado bem acima dos 13% contabilizados em maio e dos 6%, em mar\u00e7o. O percentual de pessoas que acreditam que a economia vai ficar do mesmo jeito no mesmo per\u00edodo permaneceu em 26% em rela\u00e7\u00e3o a maio, que estava acima dos 16% de mar\u00e7o.<\/span><\/p>\n<p>&nbsp;<\/p>\n<p><span style=\"font-weight: 400\">J\u00e1 o percentual de executivos e analistas que acham que a economia vai piorar nos pr\u00f3ximos 12 meses despencou nas tr\u00eas rodadas da pesquisa da Genial-Quaest-, passando de 78%, em mar\u00e7o, para 61%, em maio, e para 21%, em julho.<\/span><\/p>\n<p>&nbsp;<\/p>\n<p>&nbsp;<\/p>\n<p><strong>Melhor percep\u00e7\u00e3o de Haddad\u00a0<\/strong><\/p>\n<p>&nbsp;<\/p>\n<p><span style=\"font-weight: 400\">Os agentes do mercado financeiro melhoraram a avalia\u00e7\u00e3o do ministro da Fazenda. Entre maio e julho, o percentual de entrevistados que consideram o trabalho da Haddad positivo saltou de 26% para 65%. Em mar\u00e7o, na primeira rodada da sondagem, a aprova\u00e7\u00e3o do chefe da equipe econ\u00f4mica de Lula era de apenas 10%.\u00a0<\/span><\/p>\n<p>&nbsp;<\/p>\n<p>&#8220;A atua\u00e7\u00e3o do Haddad tem feito com que ele se torne o queridinho do mercado. Est\u00e1 atendendo aquilo que o mercado espera. Enquanto isso, Lula faz discurso pra atender a sua base. Ou seja, \u00e9\u00a0uma\u00a0boa\u00a0dupla!&#8221;, destacou o cientista Felipe Nunes, diretor da Quaest.<\/p>\n<p>&nbsp;<\/p>\n<p><span style=\"font-weight: 400\">Por outro lado, a avalia\u00e7\u00e3o regular de Haddad caiu nas tr\u00eas edi\u00e7\u00f5es da pesquisa, passando de 52%, em mar\u00e7o, para 37%, em maio, e para 24%, em julho. Enquanto isso, o percentual de avalia\u00e7\u00f5es negativas de Haddad recuaram de 38%, em mar\u00e7o, para 37%, em maio, e para 11%, em julho.<\/span><\/p>\n<p>&nbsp;<\/p>\n<p><span style=\"font-weight: 400\">A maioria dos entrevistados continua achando que o governo n\u00e3o est\u00e1 preocupado com o controle da infla\u00e7\u00e3o, tanto que atingiu o pico de 80% em mar\u00e7o, e recuou para 66%, em julho, levemente abaixo dos 68% de mar\u00e7o. O percentual de pessoas que acreditam que o governo est\u00e1 preocupado em segurar a infla\u00e7\u00e3o passou de 20% para 34%, na mesma base de compara\u00e7\u00e3o. Em mar\u00e7o essa fatia era de 32%.<\/span><\/p>\n<p>&nbsp;<\/p>\n<p><span style=\"font-weight: 400\">A decis\u00e3o do Conselho Monet\u00e1rio Nacional (CMN) composto pelo ministro da Fazenda, pelo presidente do Banco Central, Roberto Campos Neto, e pela ministra do Planejamento, Simone Tebet, de manter a meta de infla\u00e7\u00e3o, de 3%, para os pr\u00f3ximos tr\u00eas anos (2024, 2025 e 2026) e com banda de toler\u00e2ncia de 1,5 ponto percentual para cima ou para baixo, foi considerada correta por 94% dos entrevistados. Apenas 6% considerou errada. Outra decis\u00e3o do CMN, de mudar o sistema para meta cont\u00ednua.<\/span><\/p>\n<p>&nbsp;<\/p>\n<p><span style=\"font-weight: 400\">Para 54%, os investimentos externos no Brasil v\u00e3o aumentar, e 23% creditam a recente melhoria nos pre\u00e7os dos ativos ao fortalecimento de Haddad. Para 32% essa recupera\u00e7\u00e3o deve-se ao movimento dos mercados internacionais, enquanto 20% destacam a atua\u00e7\u00e3o do Congresso, mesmo percentual dos que apontam a a\u00e7\u00e3o do Banco Central. Apenas 3% atribuem a mudan\u00e7a a a\u00e7\u00f5es do governo Lula.\u00a0<\/span><\/p>\n<p>&nbsp;<\/p>\n<p><span style=\"font-weight: 400\">Na avalia\u00e7\u00e3o de 92% do mercado financeiro, a taxa b\u00e1sica da economia (Selic), atualmente em 13,75% ao ano, deve ser reduzida na pr\u00f3xima reuni\u00e3o do Conselho de Pol\u00edtica Monet\u00e1ria (Copom), que ocorre nos dias 1\u00ba e 2 de agosto. Para 55% dos entrevistados, a redu\u00e7\u00e3o dever\u00e1 ser de 0,25 ponto percentual; outros 32% esperam queda maior, de 0,50 ponto percentual.\u00a0<\/span><\/p>\n<p>&nbsp;<\/p>\n<p><span style=\"font-weight: 400\">De acordo com 55% dos entrevistados, o tom da ata do da \u00faltima reuni\u00e3o do Copom, entre os dias 20 e 21 de junho, foi positivo. A manuten\u00e7\u00e3o da Selic em 13,75% \u00e9 considerada correta por 87% dos entrevistados. A atua\u00e7\u00e3o de Campos Neto\u00a0 foi avaliada positivamente por 86% dos agentes financeiros que responderam \u00e0 pesquisa.\u00a0<\/span><\/p>\n<p>&nbsp;<\/p>\n<p><span style=\"font-weight: 400\">A Quaest\u00a0 realizou 94 entrevistas com gestores, economistas, analistas e tomadores de decis\u00e3o das maiores casas de investimento do Rio de Janeiro e de S\u00e3o Paulo, entre os dias 6 e 10 de julho. As entrevistas foram feitas on-line, por meio da aplica\u00e7\u00e3o de question\u00e1rios estruturados.\u00a0<\/span><\/p>\n<p>&nbsp;<\/p>\n<p>&nbsp;<\/p>\n<p><a href=\"https:\/\/blogs.correiobraziliense.com.br\/vicente\/wp-content\/uploads\/sites\/16\/2023\/07\/Genial-Quaest-jul23a.jpg\"><img loading=\"lazy\" decoding=\"async\" class=\"alignnone size-large wp-image-28469\" src=\"https:\/\/blogs.correiobraziliense.com.br\/vicente\/wp-content\/uploads\/sites\/16\/2023\/07\/Genial-Quaest-jul23a-1024x473.jpg\" alt=\"\" width=\"1024\" height=\"473\" \/><\/a><\/p>\n<p>&nbsp;<\/p>\n<p><a href=\"https:\/\/blogs.correiobraziliense.com.br\/vicente\/wp-content\/uploads\/sites\/16\/2023\/07\/Genial-Quaest-jul23b.jpg\"><img loading=\"lazy\" decoding=\"async\" class=\"alignnone size-large wp-image-28471\" src=\"https:\/\/blogs.correiobraziliense.com.br\/vicente\/wp-content\/uploads\/sites\/16\/2023\/07\/Genial-Quaest-jul23b-1024x473.jpg\" alt=\"\" width=\"1024\" height=\"473\" \/><\/a><\/p>\n<p>&nbsp;<\/p>\n<p>&nbsp;<\/p>\n<p><span style=\"font-weight: 400\"><a href=\"https:\/\/blogs.correiobraziliense.com.br\/vicente\/wp-content\/uploads\/sites\/16\/2023\/07\/Genial-Quaest-jul23c.jpg\"><img loading=\"lazy\" decoding=\"async\" class=\"alignnone size-large wp-image-28467\" src=\"https:\/\/blogs.correiobraziliense.com.br\/vicente\/wp-content\/uploads\/sites\/16\/2023\/07\/Genial-Quaest-jul23c-1024x473.jpg\" alt=\"\" width=\"1024\" height=\"473\" \/><\/a>\u00a0\u00a0\u00a0\u00a0\u00a0\u00a0\u00a0\u00a0\u00a0\u00a0\u00a0<\/span><\/p>\n<p>&nbsp;<\/p>\n","protected":false},"excerpt":{"rendered":"<p>ROSANA HESSEL &nbsp; Em meio \u00e0s declara\u00e7\u00f5es pol\u00eamicas contra o mercado financeiro, como as constantes cr\u00edticas ao Banco Central e as amea\u00e7as de mudar at\u00e9 a meta de infla\u00e7\u00e3o \u2013, o presidente Luiz In\u00e1cio Lula da Silva (PT), parece ter conseguido agradar, pelo menos, metade dos agentes financeiros, em grande parte, devido \u00e0 atua\u00e7\u00e3o do [&hellip;]<\/p>\n","protected":false},"author":10,"featured_media":28469,"comment_status":"open","ping_status":"closed","sticky":false,"template":"","format":"standard","meta":{"_acf_changed":false,"inline_featured_image":false,"footnotes":""},"categories":[4],"tags":[1058,118,318,562,1704],"class_list":["post-28459","post","type-post","status-publish","format-standard","has-post-thumbnail","hentry","category-economia","tag-haddad","tag-lula","tag-mercado-financeiro","tag-pesquisa-genial-quaest","tag-terceira-rodada-de-2023"],"acf":[],"yoast_head":"<!-- This site is optimized with the Yoast SEO plugin v27.3 - https:\/\/yoast.com\/product\/yoast-seo-wordpress\/ -->\n<title>Genial-Quaest: Avalia\u00e7\u00e3o negativa do governo recua de 86% para 44%<\/title>\n<meta name=\"description\" content=\"Conforme dados da pesquisa Genial-Quaest, melhora na percep\u00e7\u00e3o da economia e fortalecimento de Haddad ajudam a reduzir avalia\u00e7\u00e3o negativa do governo Lula.\" \/>\n<meta name=\"robots\" content=\"index, follow, max-snippet:-1, max-image-preview:large, max-video-preview:-1\" \/>\n<link rel=\"canonical\" href=\"https:\/\/newblogs.correiobraziliense.com.br\/blog-da-rosana-hessel\/genial-quaest-avaliacao-negativa-do-governo-recua-de-86-para-44\/\" \/>\n<meta property=\"og:locale\" content=\"pt_BR\" \/>\n<meta property=\"og:type\" content=\"article\" \/>\n<meta property=\"og:title\" content=\"Genial-Quaest: Avalia\u00e7\u00e3o negativa do governo recua de 86% para 44%\" \/>\n<meta property=\"og:description\" content=\"Conforme dados da pesquisa Genial-Quaest, melhora na percep\u00e7\u00e3o da economia e fortalecimento de Haddad ajudam a reduzir avalia\u00e7\u00e3o negativa do governo Lula.\" \/>\n<meta property=\"og:url\" content=\"https:\/\/newblogs.correiobraziliense.com.br\/blog-da-rosana-hessel\/genial-quaest-avaliacao-negativa-do-governo-recua-de-86-para-44\/\" \/>\n<meta property=\"og:site_name\" content=\"Blog da Rosana Hessel\" \/>\n<meta property=\"article:published_time\" content=\"2023-07-12T10:00:11+00:00\" \/>\n<meta property=\"og:image\" content=\"https:\/\/newblogs.correiobraziliense.com.br\/blog-da-rosana-hessel\/wp-content\/uploads\/sites\/5\/2024\/06\/IMG_7392-1.png\" \/>\n\t<meta property=\"og:image:width\" content=\"1200\" \/>\n\t<meta property=\"og:image:height\" content=\"675\" \/>\n\t<meta property=\"og:image:type\" content=\"image\/png\" \/>\n<meta name=\"author\" content=\"Rosana Hessel\" \/>\n<!-- \/ Yoast SEO plugin. -->","yoast_head_json":{"title":"Genial-Quaest: Avalia\u00e7\u00e3o negativa do governo recua de 86% para 44%","description":"Conforme dados da pesquisa Genial-Quaest, melhora na percep\u00e7\u00e3o da economia e fortalecimento de Haddad ajudam a reduzir avalia\u00e7\u00e3o negativa do governo Lula.","robots":{"index":"index","follow":"follow","max-snippet":"max-snippet:-1","max-image-preview":"max-image-preview:large","max-video-preview":"max-video-preview:-1"},"canonical":"https:\/\/newblogs.correiobraziliense.com.br\/blog-da-rosana-hessel\/genial-quaest-avaliacao-negativa-do-governo-recua-de-86-para-44\/","og_locale":"pt_BR","og_type":"article","og_title":"Genial-Quaest: Avalia\u00e7\u00e3o negativa do governo recua de 86% para 44%","og_description":"Conforme dados da pesquisa Genial-Quaest, melhora na percep\u00e7\u00e3o da economia e fortalecimento de Haddad ajudam a reduzir avalia\u00e7\u00e3o negativa do governo Lula.","og_url":"https:\/\/newblogs.correiobraziliense.com.br\/blog-da-rosana-hessel\/genial-quaest-avaliacao-negativa-do-governo-recua-de-86-para-44\/","og_site_name":"Blog da Rosana Hessel","article_published_time":"2023-07-12T10:00:11+00:00","og_image":[{"width":1200,"height":675,"url":"https:\/\/newblogs.correiobraziliense.com.br\/blog-da-rosana-hessel\/wp-content\/uploads\/sites\/5\/2024\/06\/IMG_7392-1.png","type":"image\/png"}],"author":"Rosana Hessel","schema":{"@context":"https:\/\/schema.org","@graph":[{"@type":"Article","@id":"https:\/\/newblogs.correiobraziliense.com.br\/blog-da-rosana-hessel\/genial-quaest-avaliacao-negativa-do-governo-recua-de-86-para-44\/#article","isPartOf":{"@id":"https:\/\/newblogs.correiobraziliense.com.br\/blog-da-rosana-hessel\/genial-quaest-avaliacao-negativa-do-governo-recua-de-86-para-44\/"},"author":{"name":"Rosana Hessel","@id":"https:\/\/newblogs.correiobraziliense.com.br\/blog-da-rosana-hessel\/#\/schema\/person\/824cb3c631cf0d4056f75ca02599a930"},"headline":"Genial-Quaest: Avalia\u00e7\u00e3o negativa do governo recua de 86% para 44%","datePublished":"2023-07-12T10:00:11+00:00","mainEntityOfPage":{"@id":"https:\/\/newblogs.correiobraziliense.com.br\/blog-da-rosana-hessel\/genial-quaest-avaliacao-negativa-do-governo-recua-de-86-para-44\/"},"wordCount":892,"commentCount":0,"image":{"@id":"https:\/\/newblogs.correiobraziliense.com.br\/blog-da-rosana-hessel\/genial-quaest-avaliacao-negativa-do-governo-recua-de-86-para-44\/#primaryimage"},"thumbnailUrl":"","keywords":["Haddad","Lula","mercado financeiro","Pesquisa Genial\/Quaest","terceira rodada de 2023"],"articleSection":["Economia"],"inLanguage":"pt-BR"},{"@type":"WebPage","@id":"https:\/\/newblogs.correiobraziliense.com.br\/blog-da-rosana-hessel\/genial-quaest-avaliacao-negativa-do-governo-recua-de-86-para-44\/","url":"https:\/\/newblogs.correiobraziliense.com.br\/blog-da-rosana-hessel\/genial-quaest-avaliacao-negativa-do-governo-recua-de-86-para-44\/","name":"Genial-Quaest: Avalia\u00e7\u00e3o negativa do governo recua de 86% para 44%","isPartOf":{"@id":"https:\/\/newblogs.correiobraziliense.com.br\/blog-da-rosana-hessel\/#website"},"primaryImageOfPage":{"@id":"https:\/\/newblogs.correiobraziliense.com.br\/blog-da-rosana-hessel\/genial-quaest-avaliacao-negativa-do-governo-recua-de-86-para-44\/#primaryimage"},"image":{"@id":"https:\/\/newblogs.correiobraziliense.com.br\/blog-da-rosana-hessel\/genial-quaest-avaliacao-negativa-do-governo-recua-de-86-para-44\/#primaryimage"},"thumbnailUrl":"","datePublished":"2023-07-12T10:00:11+00:00","author":{"@id":"https:\/\/newblogs.correiobraziliense.com.br\/blog-da-rosana-hessel\/#\/schema\/person\/824cb3c631cf0d4056f75ca02599a930"},"description":"Conforme dados da pesquisa Genial-Quaest, melhora na percep\u00e7\u00e3o da economia e fortalecimento de Haddad ajudam a reduzir avalia\u00e7\u00e3o negativa do governo Lula.","breadcrumb":{"@id":"https:\/\/newblogs.correiobraziliense.com.br\/blog-da-rosana-hessel\/genial-quaest-avaliacao-negativa-do-governo-recua-de-86-para-44\/#breadcrumb"},"inLanguage":"pt-BR","potentialAction":[{"@type":"ReadAction","target":["https:\/\/newblogs.correiobraziliense.com.br\/blog-da-rosana-hessel\/genial-quaest-avaliacao-negativa-do-governo-recua-de-86-para-44\/"]}]},{"@type":"ImageObject","inLanguage":"pt-BR","@id":"https:\/\/newblogs.correiobraziliense.com.br\/blog-da-rosana-hessel\/genial-quaest-avaliacao-negativa-do-governo-recua-de-86-para-44\/#primaryimage","url":"","contentUrl":""},{"@type":"BreadcrumbList","@id":"https:\/\/newblogs.correiobraziliense.com.br\/blog-da-rosana-hessel\/genial-quaest-avaliacao-negativa-do-governo-recua-de-86-para-44\/#breadcrumb","itemListElement":[{"@type":"ListItem","position":1,"name":"In\u00edcio","item":"https:\/\/newblogs.correiobraziliense.com.br\/blog-da-rosana-hessel\/"},{"@type":"ListItem","position":2,"name":"Genial-Quaest: Avalia\u00e7\u00e3o negativa do governo recua de 86% para 44%"}]},{"@type":"WebSite","@id":"https:\/\/newblogs.correiobraziliense.com.br\/blog-da-rosana-hessel\/#website","url":"https:\/\/newblogs.correiobraziliense.com.br\/blog-da-rosana-hessel\/","name":"Blog da Rosana Hessel","description":"Not\u00edcias atualizadas e an\u00e1lises sobre economia. Acompanhe-nos para entender as tend\u00eancias e os impactos econ\u00f4micos que influenciam o seu dia a dia, tanto no Brasil quanto no exterior.","potentialAction":[{"@type":"SearchAction","target":{"@type":"EntryPoint","urlTemplate":"https:\/\/newblogs.correiobraziliense.com.br\/blog-da-rosana-hessel\/?s={search_term_string}"},"query-input":{"@type":"PropertyValueSpecification","valueRequired":true,"valueName":"search_term_string"}}],"inLanguage":"pt-BR"},{"@type":"Person","@id":"https:\/\/newblogs.correiobraziliense.com.br\/blog-da-rosana-hessel\/#\/schema\/person\/824cb3c631cf0d4056f75ca02599a930","name":"Rosana Hessel","image":{"@type":"ImageObject","inLanguage":"pt-BR","@id":"https:\/\/secure.gravatar.com\/avatar\/fe780cf1839cf10cd6d682fb080611e0d2a459b64be8a8781778109777fbcfd3?s=96&d=mm&r=g","url":"https:\/\/secure.gravatar.com\/avatar\/fe780cf1839cf10cd6d682fb080611e0d2a459b64be8a8781778109777fbcfd3?s=96&d=mm&r=g","contentUrl":"https:\/\/secure.gravatar.com\/avatar\/fe780cf1839cf10cd6d682fb080611e0d2a459b64be8a8781778109777fbcfd3?s=96&d=mm&r=g","caption":"Rosana Hessel"},"description":"Formada pela Pontif\u00edcia Universidade Cat\u00f3lica de S\u00e3o Paulo (PUC-SP), \u00e9 jornalista de economia desde 1995, quando passou a integrar o time da Gazeta Mercantil. Est\u00e1 sempre atr\u00e1s da boa informa\u00e7\u00e3o. Possui especializa\u00e7\u00e3o em economia pela FGV e MBA em Finan\u00e7as pela FIA-USP. Trabalha no Correio Braziliense desde 2010. Ganhou o Pr\u00eamio Esso de Jornalismo Econ\u00f4mico em 2014 e em 2015 com a equipe do Correio. Foi finalista entre os 50 jornalistas +Admirados da Imprensa de Economia, Neg\u00f3cios e Finan\u00e7as 2024, promovido pela Jornalistas&amp;Cia.","url":"https:\/\/newblogs.correiobraziliense.com.br\/blog-da-rosana-hessel\/author\/rosanahessel\/"}]}},"_links":{"self":[{"href":"https:\/\/newblogs.correiobraziliense.com.br\/blog-da-rosana-hessel\/wp-json\/wp\/v2\/posts\/28459","targetHints":{"allow":["GET"]}}],"collection":[{"href":"https:\/\/newblogs.correiobraziliense.com.br\/blog-da-rosana-hessel\/wp-json\/wp\/v2\/posts"}],"about":[{"href":"https:\/\/newblogs.correiobraziliense.com.br\/blog-da-rosana-hessel\/wp-json\/wp\/v2\/types\/post"}],"author":[{"embeddable":true,"href":"https:\/\/newblogs.correiobraziliense.com.br\/blog-da-rosana-hessel\/wp-json\/wp\/v2\/users\/10"}],"replies":[{"embeddable":true,"href":"https:\/\/newblogs.correiobraziliense.com.br\/blog-da-rosana-hessel\/wp-json\/wp\/v2\/comments?post=28459"}],"version-history":[{"count":0,"href":"https:\/\/newblogs.correiobraziliense.com.br\/blog-da-rosana-hessel\/wp-json\/wp\/v2\/posts\/28459\/revisions"}],"wp:featuredmedia":[{"embeddable":true,"href":"https:\/\/newblogs.correiobraziliense.com.br\/blog-da-rosana-hessel\/wp-json\/"}],"wp:attachment":[{"href":"https:\/\/newblogs.correiobraziliense.com.br\/blog-da-rosana-hessel\/wp-json\/wp\/v2\/media?parent=28459"}],"wp:term":[{"taxonomy":"category","embeddable":true,"href":"https:\/\/newblogs.correiobraziliense.com.br\/blog-da-rosana-hessel\/wp-json\/wp\/v2\/categories?post=28459"},{"taxonomy":"post_tag","embeddable":true,"href":"https:\/\/newblogs.correiobraziliense.com.br\/blog-da-rosana-hessel\/wp-json\/wp\/v2\/tags?post=28459"}],"curies":[{"name":"wp","href":"https:\/\/api.w.org\/{rel}","templated":true}]}}