{"id":28428,"date":"2023-07-07T10:57:52","date_gmt":"2023-07-07T13:57:52","guid":{"rendered":"https:\/\/blogs.correiobraziliense.com.br\/vicente\/?p=28428"},"modified":"2023-07-07T10:57:52","modified_gmt":"2023-07-07T13:57:52","slug":"bradesco-melhora-projecoes-para-inflacao-e-juros-mas-mantem-as-do-pib","status":"publish","type":"post","link":"https:\/\/newblogs.correiobraziliense.com.br\/blog-da-rosana-hessel\/bradesco-melhora-projecoes-para-inflacao-e-juros-mas-mantem-as-do-pib\/","title":{"rendered":"Bradesco melhora proje\u00e7\u00f5es para infla\u00e7\u00e3o e juros, mas mant\u00e9m as do PIB"},"content":{"rendered":"<p><span style=\"font-weight: 400\">ROSANA HESSEL<\/span><\/p>\n<p><span style=\"font-weight: 400\">Ap\u00f3s o Conselho Monet\u00e1rio Nacional (CMN) manter, na semana passada, o centro da meta em 3% a partir de 2024 at\u00e9 2026 \u2013 com intervalos de 1,5 ponto percentual para cima ou para baixo dos limites de toler\u00e2ncia e adotar um sistema de meta cont\u00ednua \u2013, as expectativas de infla\u00e7\u00e3o do mercado come\u00e7aram a ficar mais ancoradas.\u00a0<\/span><\/p>\n<p>&nbsp;<\/p>\n<p><span style=\"font-weight: 400\">O Bradesco divulgou, nesta sexta-feira (7\/7), relat\u00f3rio mensal com redu\u00e7\u00e3o das proje\u00e7\u00f5es de infla\u00e7\u00e3o para este ano e o pr\u00f3ximo, passando de 5,6% para 4,8%, em 2023, levemente acima do teto da meta, de 4,75%. E, para 2024, a estimativa recuou de 3,8% para 3,6%.\u00a0<\/span><\/p>\n<p>&nbsp;<\/p>\n<p><span style=\"font-weight: 400\">De acordo com o economista-chefe do Bradesco, Fernando Honorato, \u201co quadro para a infla\u00e7\u00e3o melhorou sensivelmente. Al\u00e9m do c\u00e2mbio mais apreciado, as expectativas de infla\u00e7\u00e3o recuaram, respondendo \u00e0 decis\u00e3o do CMN pela manuten\u00e7\u00e3o da meta de infla\u00e7\u00e3o\u201d, destacou. \u201c Esperamos que o IPCA termine o ano em 4,8%. No pr\u00f3ximo ano, a infla\u00e7\u00e3o seguir\u00e1 cadente e terminar\u00e1 em 3,6%\u201d, acrescentou.<\/span><\/p>\n<p><span style=\"font-weight: 400\">\u00a0<\/span><\/p>\n<p><span style=\"font-weight: 400\">No relat\u00f3rio, Honorato destacou que o ciclo de queda da taxa b\u00e1sica de juros (Selic) deve come\u00e7ar na pr\u00f3xima reuni\u00e3o do Copom, no in\u00edcio de agosto. A equipe de analistas do Bradesco revisou as previs\u00f5es para e Selic e agora prev\u00ea a taxa b\u00e1sica fechando 2023 em 12% ao ano. E, em 2024, deve ficar em 9,75%, &#8220;concluindo o ciclo de afrouxamento monet\u00e1rio com uma redu\u00e7\u00e3o acumulada de 4,0 pontos percentuais&#8221;.\u00a0 Em junho, as estimativas para a Selic eram de 12,25%, neste ano, e de 10%, no ano que vem.<\/span><\/p>\n<p>&nbsp;<\/p>\n<p><span style=\"font-weight: 400\">Honorato e sua equipe mantiveram as proje\u00e7\u00f5es do relat\u00f3rio anterior para o crescimento do Produto Interno Bruto (PIB) deste ano e o pr\u00f3ximo, de 2,1% e 1,5%, respectivamente.\u00a0 Conforme o documento, os \u00faltimos dados de atividade deste ano mostram uma economia desacelerando de maneira t\u00edmida, e, para o ano que vem, &#8220;a incerteza com o PIB ainda \u00e9 elevada&#8221;.\u00a0<\/span><\/p>\n<p><span style=\"font-weight: 400\">\u00a0<\/span><\/p>\n<p><span style=\"font-weight: 400\">\u201cA agropecu\u00e1ria ainda deve contribuir positivamente para o PIB do segundo trimestre, ao passo em que o mercado de trabalho deve perder impulso. Assim, a economia deve avan\u00e7ar 2,1% em 2023. A incerteza com o PIB do pr\u00f3ximo ano ainda \u00e9 elevada. Por ora, mantemos a proje\u00e7\u00e3o em 1,5%\u201d, destacou Honorato.<\/span><\/p>\n<p><span style=\"font-weight: 400\">\u00a0<\/span><\/p>\n<p><span style=\"font-weight: 400\">Diante da expectativa de aprova\u00e7\u00e3o do novo arcabou\u00e7o fiscal, o esfor\u00e7o do governo se volta para a reforma tribut\u00e1ria e para medidas que elevem a arrecada\u00e7\u00e3o podem ajudar o real a se valorizar e o d\u00f3lar ficar abaixo dos R$ 5 previstos no relat\u00f3rio anterior, de acordo com o economista. \u201cO crescimento do PIB, a diminui\u00e7\u00e3o do risco de solv\u00eancia e reformas ganhando tra\u00e7\u00e3o, s\u00e3o fatores que contribuem para a valoriza\u00e7\u00e3o dos ativos brasileiros. Por isso, entendemos que a moeda brasileira seguir\u00e1 pr\u00f3xima de R$ 4,80 at\u00e9 o final do ano que vem\u201d, acrescentou.<\/span><\/p>\n<p>&nbsp;<\/p>\n<p><span style=\"font-weight: 400\">.<\/span><\/p>\n","protected":false},"excerpt":{"rendered":"<p>ROSANA HESSEL Ap\u00f3s o Conselho Monet\u00e1rio Nacional (CMN) manter, na semana passada, o centro da meta em 3% a partir de 2024 at\u00e9 2026 \u2013 com intervalos de 1,5 ponto percentual para cima ou para baixo dos limites de toler\u00e2ncia e adotar um sistema de meta cont\u00ednua \u2013, as expectativas de infla\u00e7\u00e3o do mercado come\u00e7aram [&hellip;]<\/p>\n","protected":false},"author":10,"featured_media":19646,"comment_status":"open","ping_status":"closed","sticky":false,"template":"","format":"standard","meta":{"_acf_changed":false,"inline_featured_image":false,"footnotes":""},"categories":[4],"tags":[1549,1679,32,7,1680,84],"class_list":["post-28428","post","type-post","status-publish","format-standard","has-post-thumbnail","hentry","category-economia","tag-bradesco","tag-cambio","tag-inflacao","tag-pib","tag-projecoes","tag-selic"],"acf":[],"yoast_head":"<!-- This site is optimized with the Yoast SEO plugin v27.3 - https:\/\/yoast.com\/product\/yoast-seo-wordpress\/ -->\n<title>Bradesco melhora proje\u00e7\u00f5es para infla\u00e7\u00e3o e juros, mas mant\u00e9m as do PIB<\/title>\n<meta name=\"description\" content=\"Bradesco revisa para baixo previs\u00f5es de infla\u00e7\u00e3o e juros, neste ano e no pr\u00f3ximo, e mant\u00e9m estimativas de alta do PIB de 2,1%, em 2023, e de 1,5%, em 2024.\" \/>\n<meta name=\"robots\" content=\"index, follow, max-snippet:-1, max-image-preview:large, max-video-preview:-1\" \/>\n<link rel=\"canonical\" href=\"https:\/\/newblogs.correiobraziliense.com.br\/blog-da-rosana-hessel\/bradesco-melhora-projecoes-para-inflacao-e-juros-mas-mantem-as-do-pib\/\" \/>\n<meta property=\"og:locale\" content=\"pt_BR\" \/>\n<meta property=\"og:type\" content=\"article\" \/>\n<meta property=\"og:title\" content=\"Bradesco melhora proje\u00e7\u00f5es para infla\u00e7\u00e3o e juros, mas mant\u00e9m as do PIB\" \/>\n<meta property=\"og:description\" content=\"Bradesco revisa para baixo previs\u00f5es de infla\u00e7\u00e3o e juros, neste ano e no pr\u00f3ximo, e mant\u00e9m estimativas de alta do PIB de 2,1%, em 2023, e de 1,5%, em 2024.\" \/>\n<meta property=\"og:url\" content=\"https:\/\/newblogs.correiobraziliense.com.br\/blog-da-rosana-hessel\/bradesco-melhora-projecoes-para-inflacao-e-juros-mas-mantem-as-do-pib\/\" \/>\n<meta property=\"og:site_name\" content=\"Blog da Rosana Hessel\" \/>\n<meta property=\"article:published_time\" content=\"2023-07-07T13:57:52+00:00\" \/>\n<meta property=\"og:image\" content=\"https:\/\/newblogs.correiobraziliense.com.br\/blog-da-rosana-hessel\/wp-content\/uploads\/sites\/5\/2024\/06\/IMG_7392-1.png\" \/>\n\t<meta property=\"og:image:width\" content=\"1200\" \/>\n\t<meta property=\"og:image:height\" content=\"675\" \/>\n\t<meta property=\"og:image:type\" content=\"image\/png\" \/>\n<meta name=\"author\" content=\"Rosana Hessel\" \/>\n<!-- \/ Yoast SEO plugin. -->","yoast_head_json":{"title":"Bradesco melhora proje\u00e7\u00f5es para infla\u00e7\u00e3o e juros, mas mant\u00e9m as do PIB","description":"Bradesco revisa para baixo previs\u00f5es de infla\u00e7\u00e3o e juros, neste ano e no pr\u00f3ximo, e mant\u00e9m estimativas de alta do PIB de 2,1%, em 2023, e de 1,5%, em 2024.","robots":{"index":"index","follow":"follow","max-snippet":"max-snippet:-1","max-image-preview":"max-image-preview:large","max-video-preview":"max-video-preview:-1"},"canonical":"https:\/\/newblogs.correiobraziliense.com.br\/blog-da-rosana-hessel\/bradesco-melhora-projecoes-para-inflacao-e-juros-mas-mantem-as-do-pib\/","og_locale":"pt_BR","og_type":"article","og_title":"Bradesco melhora proje\u00e7\u00f5es para infla\u00e7\u00e3o e juros, mas mant\u00e9m as do PIB","og_description":"Bradesco revisa para baixo previs\u00f5es de infla\u00e7\u00e3o e juros, neste ano e no pr\u00f3ximo, e mant\u00e9m estimativas de alta do PIB de 2,1%, em 2023, e de 1,5%, em 2024.","og_url":"https:\/\/newblogs.correiobraziliense.com.br\/blog-da-rosana-hessel\/bradesco-melhora-projecoes-para-inflacao-e-juros-mas-mantem-as-do-pib\/","og_site_name":"Blog da Rosana Hessel","article_published_time":"2023-07-07T13:57:52+00:00","og_image":[{"width":1200,"height":675,"url":"https:\/\/newblogs.correiobraziliense.com.br\/blog-da-rosana-hessel\/wp-content\/uploads\/sites\/5\/2024\/06\/IMG_7392-1.png","type":"image\/png"}],"author":"Rosana Hessel","schema":{"@context":"https:\/\/schema.org","@graph":[{"@type":"Article","@id":"https:\/\/newblogs.correiobraziliense.com.br\/blog-da-rosana-hessel\/bradesco-melhora-projecoes-para-inflacao-e-juros-mas-mantem-as-do-pib\/#article","isPartOf":{"@id":"https:\/\/newblogs.correiobraziliense.com.br\/blog-da-rosana-hessel\/bradesco-melhora-projecoes-para-inflacao-e-juros-mas-mantem-as-do-pib\/"},"author":{"name":"Rosana Hessel","@id":"https:\/\/newblogs.correiobraziliense.com.br\/blog-da-rosana-hessel\/#\/schema\/person\/824cb3c631cf0d4056f75ca02599a930"},"headline":"Bradesco melhora proje\u00e7\u00f5es para infla\u00e7\u00e3o e juros, mas mant\u00e9m as do PIB","datePublished":"2023-07-07T13:57:52+00:00","mainEntityOfPage":{"@id":"https:\/\/newblogs.correiobraziliense.com.br\/blog-da-rosana-hessel\/bradesco-melhora-projecoes-para-inflacao-e-juros-mas-mantem-as-do-pib\/"},"wordCount":494,"commentCount":0,"image":{"@id":"https:\/\/newblogs.correiobraziliense.com.br\/blog-da-rosana-hessel\/bradesco-melhora-projecoes-para-inflacao-e-juros-mas-mantem-as-do-pib\/#primaryimage"},"thumbnailUrl":"","keywords":["Bradesco","c\u00e2mbio","infla\u00e7\u00e3o","PIB","proje\u00e7\u00f5es","Selic"],"articleSection":["Economia"],"inLanguage":"pt-BR"},{"@type":"WebPage","@id":"https:\/\/newblogs.correiobraziliense.com.br\/blog-da-rosana-hessel\/bradesco-melhora-projecoes-para-inflacao-e-juros-mas-mantem-as-do-pib\/","url":"https:\/\/newblogs.correiobraziliense.com.br\/blog-da-rosana-hessel\/bradesco-melhora-projecoes-para-inflacao-e-juros-mas-mantem-as-do-pib\/","name":"Bradesco melhora proje\u00e7\u00f5es para infla\u00e7\u00e3o e juros, mas mant\u00e9m as do PIB","isPartOf":{"@id":"https:\/\/newblogs.correiobraziliense.com.br\/blog-da-rosana-hessel\/#website"},"primaryImageOfPage":{"@id":"https:\/\/newblogs.correiobraziliense.com.br\/blog-da-rosana-hessel\/bradesco-melhora-projecoes-para-inflacao-e-juros-mas-mantem-as-do-pib\/#primaryimage"},"image":{"@id":"https:\/\/newblogs.correiobraziliense.com.br\/blog-da-rosana-hessel\/bradesco-melhora-projecoes-para-inflacao-e-juros-mas-mantem-as-do-pib\/#primaryimage"},"thumbnailUrl":"","datePublished":"2023-07-07T13:57:52+00:00","author":{"@id":"https:\/\/newblogs.correiobraziliense.com.br\/blog-da-rosana-hessel\/#\/schema\/person\/824cb3c631cf0d4056f75ca02599a930"},"description":"Bradesco revisa para baixo previs\u00f5es de infla\u00e7\u00e3o e juros, neste ano e no pr\u00f3ximo, e mant\u00e9m estimativas de alta do PIB de 2,1%, em 2023, e de 1,5%, em 2024.","breadcrumb":{"@id":"https:\/\/newblogs.correiobraziliense.com.br\/blog-da-rosana-hessel\/bradesco-melhora-projecoes-para-inflacao-e-juros-mas-mantem-as-do-pib\/#breadcrumb"},"inLanguage":"pt-BR","potentialAction":[{"@type":"ReadAction","target":["https:\/\/newblogs.correiobraziliense.com.br\/blog-da-rosana-hessel\/bradesco-melhora-projecoes-para-inflacao-e-juros-mas-mantem-as-do-pib\/"]}]},{"@type":"ImageObject","inLanguage":"pt-BR","@id":"https:\/\/newblogs.correiobraziliense.com.br\/blog-da-rosana-hessel\/bradesco-melhora-projecoes-para-inflacao-e-juros-mas-mantem-as-do-pib\/#primaryimage","url":"","contentUrl":""},{"@type":"BreadcrumbList","@id":"https:\/\/newblogs.correiobraziliense.com.br\/blog-da-rosana-hessel\/bradesco-melhora-projecoes-para-inflacao-e-juros-mas-mantem-as-do-pib\/#breadcrumb","itemListElement":[{"@type":"ListItem","position":1,"name":"In\u00edcio","item":"https:\/\/newblogs.correiobraziliense.com.br\/blog-da-rosana-hessel\/"},{"@type":"ListItem","position":2,"name":"Bradesco melhora proje\u00e7\u00f5es para infla\u00e7\u00e3o e juros, mas mant\u00e9m as do PIB"}]},{"@type":"WebSite","@id":"https:\/\/newblogs.correiobraziliense.com.br\/blog-da-rosana-hessel\/#website","url":"https:\/\/newblogs.correiobraziliense.com.br\/blog-da-rosana-hessel\/","name":"Blog da Rosana Hessel","description":"Not\u00edcias atualizadas e an\u00e1lises sobre economia. Acompanhe-nos para entender as tend\u00eancias e os impactos econ\u00f4micos que influenciam o seu dia a dia, tanto no Brasil quanto no exterior.","potentialAction":[{"@type":"SearchAction","target":{"@type":"EntryPoint","urlTemplate":"https:\/\/newblogs.correiobraziliense.com.br\/blog-da-rosana-hessel\/?s={search_term_string}"},"query-input":{"@type":"PropertyValueSpecification","valueRequired":true,"valueName":"search_term_string"}}],"inLanguage":"pt-BR"},{"@type":"Person","@id":"https:\/\/newblogs.correiobraziliense.com.br\/blog-da-rosana-hessel\/#\/schema\/person\/824cb3c631cf0d4056f75ca02599a930","name":"Rosana Hessel","image":{"@type":"ImageObject","inLanguage":"pt-BR","@id":"https:\/\/secure.gravatar.com\/avatar\/fe780cf1839cf10cd6d682fb080611e0d2a459b64be8a8781778109777fbcfd3?s=96&d=mm&r=g","url":"https:\/\/secure.gravatar.com\/avatar\/fe780cf1839cf10cd6d682fb080611e0d2a459b64be8a8781778109777fbcfd3?s=96&d=mm&r=g","contentUrl":"https:\/\/secure.gravatar.com\/avatar\/fe780cf1839cf10cd6d682fb080611e0d2a459b64be8a8781778109777fbcfd3?s=96&d=mm&r=g","caption":"Rosana Hessel"},"description":"Formada pela Pontif\u00edcia Universidade Cat\u00f3lica de S\u00e3o Paulo (PUC-SP), \u00e9 jornalista de economia desde 1995, quando passou a integrar o time da Gazeta Mercantil. Est\u00e1 sempre atr\u00e1s da boa informa\u00e7\u00e3o. Possui especializa\u00e7\u00e3o em economia pela FGV e MBA em Finan\u00e7as pela FIA-USP. Trabalha no Correio Braziliense desde 2010. Ganhou o Pr\u00eamio Esso de Jornalismo Econ\u00f4mico em 2014 e em 2015 com a equipe do Correio. Foi finalista entre os 50 jornalistas +Admirados da Imprensa de Economia, Neg\u00f3cios e Finan\u00e7as 2024, promovido pela Jornalistas&amp;Cia.","url":"https:\/\/newblogs.correiobraziliense.com.br\/blog-da-rosana-hessel\/author\/rosanahessel\/"}]}},"_links":{"self":[{"href":"https:\/\/newblogs.correiobraziliense.com.br\/blog-da-rosana-hessel\/wp-json\/wp\/v2\/posts\/28428","targetHints":{"allow":["GET"]}}],"collection":[{"href":"https:\/\/newblogs.correiobraziliense.com.br\/blog-da-rosana-hessel\/wp-json\/wp\/v2\/posts"}],"about":[{"href":"https:\/\/newblogs.correiobraziliense.com.br\/blog-da-rosana-hessel\/wp-json\/wp\/v2\/types\/post"}],"author":[{"embeddable":true,"href":"https:\/\/newblogs.correiobraziliense.com.br\/blog-da-rosana-hessel\/wp-json\/wp\/v2\/users\/10"}],"replies":[{"embeddable":true,"href":"https:\/\/newblogs.correiobraziliense.com.br\/blog-da-rosana-hessel\/wp-json\/wp\/v2\/comments?post=28428"}],"version-history":[{"count":0,"href":"https:\/\/newblogs.correiobraziliense.com.br\/blog-da-rosana-hessel\/wp-json\/wp\/v2\/posts\/28428\/revisions"}],"wp:featuredmedia":[{"embeddable":true,"href":"https:\/\/newblogs.correiobraziliense.com.br\/blog-da-rosana-hessel\/wp-json\/"}],"wp:attachment":[{"href":"https:\/\/newblogs.correiobraziliense.com.br\/blog-da-rosana-hessel\/wp-json\/wp\/v2\/media?parent=28428"}],"wp:term":[{"taxonomy":"category","embeddable":true,"href":"https:\/\/newblogs.correiobraziliense.com.br\/blog-da-rosana-hessel\/wp-json\/wp\/v2\/categories?post=28428"},{"taxonomy":"post_tag","embeddable":true,"href":"https:\/\/newblogs.correiobraziliense.com.br\/blog-da-rosana-hessel\/wp-json\/wp\/v2\/tags?post=28428"}],"curies":[{"name":"wp","href":"https:\/\/api.w.org\/{rel}","templated":true}]}}