{"id":28371,"date":"2023-06-21T18:42:01","date_gmt":"2023-06-21T21:42:01","guid":{"rendered":"https:\/\/blogs.correiobraziliense.com.br\/vicente\/?p=28371"},"modified":"2023-06-21T18:42:01","modified_gmt":"2023-06-21T21:42:01","slug":"banco-central-mantem-taxa-basica-de-juros-em-1375-ao-ano","status":"publish","type":"post","link":"https:\/\/newblogs.correiobraziliense.com.br\/blog-da-rosana-hessel\/banco-central-mantem-taxa-basica-de-juros-em-1375-ao-ano\/","title":{"rendered":"Banco Central mant\u00e9m taxa b\u00e1sica de juros em 13,75% ao ano"},"content":{"rendered":"<p><span style=\"font-weight: 400\">ROSANA HESSEL<\/span><\/p>\n<p>&nbsp;<\/p>\n<p><span style=\"font-weight: 400\">Em dia favor\u00e1vel para o mercado financeiro, com alta da Bolsa e nova m\u00ednima para o d\u00f3lar, o Comit\u00ea de Pol\u00edtica Monet\u00e1ria (Copom), do Banco Central, manteve, nesta quarta-feira (21\/6), por unanimidade, a taxa b\u00e1sica da economia (Selic) em 13,75% ao ano pela s\u00e9tima reuni\u00e3o consecutiva.<\/span><\/p>\n<p>&nbsp;<\/p>\n<p>A Bolsa de Valores de S\u00e3o Paulo (B3) recuperou o patamar de 120 mil pontos e fechou o dia com alta de 0,67%, a\u00a0120.420 pontos. O d\u00f3lar comercial registrou queda de 0,59% e encerrou o preg\u00e3o desta quarta cotado a R$ 4,768 para a venda, renovando a m\u00ednima de um ano.<\/p>\n<p>&nbsp;<\/p>\n<p>No comunicado da decis\u00e3o, o Copom n\u00e3o sinalizou quando pode come\u00e7ar a reduzir os juros, mas retirou o trecho em que afirmava que n\u00e3o hesitar\u00e1 em elevar os juros se for necess\u00e1rio, o que era esperado pelos analistas. Afirmou, logo no in\u00edcio do documento, que &#8220;apesar da atenua\u00e7\u00e3o do estresse envolvendo bancos nos EUA e na Europa, a situa\u00e7\u00e3o segue demandando monitoramento&#8221; e voltou a ressaltar que o processo de desacelera\u00e7\u00e3o da infla\u00e7\u00e3o \u00e9 lento e, portanto, \u00e9 preciso paci\u00eancia para o in\u00edcio do ciclo de queda dos juros<\/p>\n<p>&nbsp;<\/p>\n<p>&#8220;Os bancos centrais das principais economias permanecem determinados em promover a converg\u00eancia das taxas de infla\u00e7\u00e3o para suas metas, inclusive com a retomada de ciclos de eleva\u00e7\u00e3o de juros em algumas economias, em um ambiente em que a infla\u00e7\u00e3o se mostra resiliente&#8221;, escreveu o \u00f3rg\u00e3o.<\/p>\n<p>&nbsp;<\/p>\n<p>&#8220;A conjuntura atual, caracterizada por um est\u00e1gio do processo desinflacion\u00e1rio que tende a ser mais lento e por expectativas de infla\u00e7\u00e3o desancoradas, segue demandando cautela e parcim\u00f4nia&#8221;, destacou o\u00a0 Copom.<\/p>\n<p>&nbsp;<\/p>\n<p>De acordo com a nota, o \u00f3rg\u00e3o &#8220;conduzir\u00e1 a pol\u00edtica monet\u00e1ria necess\u00e1ria para o cumprimento das metas e avalia que a estrat\u00e9gia de manuten\u00e7\u00e3o da taxa b\u00e1sica de juros por per\u00edodo prolongado tem se mostrado adequada para assegurar a converg\u00eancia da infla\u00e7\u00e3o&#8221;.\u00a0 &#8220;O Comit\u00ea refor\u00e7a que ir\u00e1 perseverar at\u00e9 que se consolide n\u00e3o apenas o processo de desinfla\u00e7\u00e3o como tamb\u00e9m a ancoragem das expectativas em torno de suas metas&#8221;, acrescentou.<\/p>\n<p>&nbsp;<\/p>\n<p>&nbsp;<\/p>\n<p><strong>Veja a \u00edntegra da nota do Copom<\/strong><\/p>\n<p>&nbsp;<\/p>\n<div class=\"container main\">\n<div>\n<div class=\"detalhe-noticia\">\n<div class=\"row\">\n<div class=\"col-md-6 offset-md-2\"><\/div>\n<\/div>\n<div class=\"row\">\n<div class=\"col-md-10\">\n<div class=\"corpo\">\n<p><em>O ambiente externo se mant\u00e9m adverso, ainda que com revis\u00f5es positivas para o crescimento do ano. Apesar da atenua\u00e7\u00e3o do estresse envolvendo bancos nos EUA e na Europa, a situa\u00e7\u00e3o segue demandando monitoramento. Os bancos centrais das principais economias permanecem determinados em promover a converg\u00eancia das taxas de infla\u00e7\u00e3o para suas metas, inclusive com a retomada de ciclos de eleva\u00e7\u00e3o de juros em algumas economias, em um ambiente em que a infla\u00e7\u00e3o se mostra resiliente.<\/em><\/p>\n<p>&nbsp;<\/p>\n<p><em>Em rela\u00e7\u00e3o ao cen\u00e1rio dom\u00e9stico, o conjunto dos indicadores mais recentes de atividade econ\u00f4mica segue consistente com um cen\u00e1rio de desacelera\u00e7\u00e3o da economia nos pr\u00f3ximos trimestres. O crescimento acima do esperado no primeiro trimestre refletiu principalmente o forte desempenho do setor agropecu\u00e1rio. N\u00e3o obstante o arrefecimento recente dos \u00edndices de infla\u00e7\u00e3o cheia ao consumidor, antecipa-se uma eleva\u00e7\u00e3o da infla\u00e7\u00e3o acumulada em doze meses ao longo do segundo semestre. Ademais, diversas medidas de infla\u00e7\u00e3o subjacente seguem acima do intervalo compat\u00edvel com o cumprimento da meta para a infla\u00e7\u00e3o. As expectativas de infla\u00e7\u00e3o para 2023 e 2024 apuradas pela pesquisa Focus recuaram e encontram-se em torno de 5,1% e 4,0%, respectivamente.<\/em><\/p>\n<p>&nbsp;<\/p>\n<p><em>As proje\u00e7\u00f5es de infla\u00e7\u00e3o do Copom em seu cen\u00e1rio de refer\u00eancia* situam-se em 5,0% em 2023 e 3,4% em 2024. As proje\u00e7\u00f5es para a infla\u00e7\u00e3o de pre\u00e7os administrados s\u00e3o de 9,0% em 2023 e 4,6% em 2024.<\/em><\/p>\n<p>&nbsp;<\/p>\n<p><em>O Comit\u00ea ressalta que, em seus cen\u00e1rios para a infla\u00e7\u00e3o, permanecem fatores de risco em ambas as dire\u00e7\u00f5es. Entre os riscos de alta para o cen\u00e1rio inflacion\u00e1rio e as expectativas de infla\u00e7\u00e3o, destacam-se (i) uma maior persist\u00eancia das press\u00f5es inflacion\u00e1rias globais; (ii) alguma incerteza residual sobre o desenho final do arcabou\u00e7o fiscal a ser aprovado pelo Congresso Nacional e, de forma mais relevante para a condu\u00e7\u00e3o da pol\u00edtica monet\u00e1ria, seus impactos sobre as expectativas para as trajet\u00f3rias da d\u00edvida p\u00fablica e da infla\u00e7\u00e3o, e sobre os ativos de risco; e (iii) uma desancoragem maior, ou mais duradoura, das expectativas de infla\u00e7\u00e3o para prazos mais longos. Entre os riscos de baixa, ressaltam-se (i) uma queda adicional dos pre\u00e7os das commodities internacionais em moeda local, ainda que parte importante desse movimento j\u00e1 tenha sido verificado; (ii) uma desacelera\u00e7\u00e3o da atividade econ\u00f4mica global mais acentuada do que a projetada, em particular em fun\u00e7\u00e3o de condi\u00e7\u00f5es adversas no sistema financeiro global; e (iii) uma desacelera\u00e7\u00e3o na concess\u00e3o dom\u00e9stica de cr\u00e9dito maior do que seria compat\u00edvel com o atual est\u00e1gio do ciclo de pol\u00edtica monet\u00e1ria.<\/em><\/p>\n<p>&nbsp;<\/p>\n<p><em>Considerando os cen\u00e1rios avaliados, o balan\u00e7o de riscos e o amplo conjunto de informa\u00e7\u00f5es dispon\u00edveis, o Copom decidiu manter a taxa b\u00e1sica de juros em 13,75% a.a. e entende que essa decis\u00e3o \u00e9 compat\u00edvel com a estrat\u00e9gia de converg\u00eancia da infla\u00e7\u00e3o para o redor da meta ao longo do horizonte relevante, que inclui o ano de 2024. Sem preju\u00edzo de seu objetivo fundamental de assegurar a estabilidade de pre\u00e7os, essa decis\u00e3o tamb\u00e9m implica suaviza\u00e7\u00e3o das flutua\u00e7\u00f5es do n\u00edvel de atividade econ\u00f4mica e fomento do pleno emprego.<\/em><\/p>\n<p>&nbsp;<\/p>\n<p><em>A conjuntura atual, caracterizada por um est\u00e1gio do processo desinflacion\u00e1rio que tende a ser mais lento e por expectativas de infla\u00e7\u00e3o desancoradas, segue demandando cautela e parcim\u00f4nia. O Copom conduzir\u00e1 a pol\u00edtica monet\u00e1ria necess\u00e1ria para o cumprimento das metas e avalia que a estrat\u00e9gia de manuten\u00e7\u00e3o da taxa b\u00e1sica de juros por per\u00edodo prolongado tem se mostrado adequada para assegurar a converg\u00eancia da infla\u00e7\u00e3o. O Comit\u00ea refor\u00e7a que ir\u00e1 perseverar at\u00e9 que se consolide n\u00e3o apenas o processo de desinfla\u00e7\u00e3o como tamb\u00e9m a ancoragem das expectativas em torno de suas metas. O Comit\u00ea avalia que a conjuntura demanda paci\u00eancia e serenidade na condu\u00e7\u00e3o da pol\u00edtica monet\u00e1ria e relembra que os passos futuros da pol\u00edtica monet\u00e1ria depender\u00e3o da evolu\u00e7\u00e3o da din\u00e2mica inflacion\u00e1ria, em especial dos componentes mais sens\u00edveis \u00e0 pol\u00edtica monet\u00e1ria e \u00e0 atividade econ\u00f4mica, das expectativas de infla\u00e7\u00e3o, em particular as de maior prazo, de suas proje\u00e7\u00f5es de infla\u00e7\u00e3o, do hiato do produto e do balan\u00e7o de riscos.<\/em><\/p>\n<p>&nbsp;<\/p>\n<p><em>Votaram por essa decis\u00e3o os seguintes membros do Comit\u00ea: Roberto de Oliveira Campos Neto (presidente), Carolina de Assis Barros, Diogo Abry Guillen, Fernanda Magalh\u00e3es Rumenos Guardado, Maur\u00edcio Costa de Moura, Ot\u00e1vio Ribeiro Damaso, Paulo S\u00e9rgio Neves de Souza e Renato Dias de Brito Gomes.<\/em><\/p>\n<p>&nbsp;<\/p>\n<p><em>* <\/em>No cen\u00e1rio de refer\u00eancia, a trajet\u00f3ria para a taxa de juros \u00e9 extra\u00edda da pesquisa Focus e a taxa de c\u00e2mbio parte de USD\/BRL 4,85, evoluindo segundo a paridade do poder de compra (PPC). O pre\u00e7o do petr\u00f3leo segue aproximadamente a curva futura pelos pr\u00f3ximos seis meses e passa a aumentar 2% ao ano posteriormente. Al\u00e9m disso, adota-se a hip\u00f3tese de bandeira tarif\u00e1ria &#8220;verde&#8221; em dezembro de 2023 e de 2024. O valor para o c\u00e2mbio \u00e9 obtido pelo procedimento usual de arredondar a cota\u00e7\u00e3o m\u00e9dia da taxa de c\u00e2mbio USD\/BRL observada nos cinco dias \u00fateis encerrados no \u00faltimo dia da semana anterior \u00e0 da reuni\u00e3o do Copom.<\/p>\n<\/div>\n<\/div>\n<\/div>\n<\/div>\n<\/div>\n<\/div>\n<footer role=\"contentinfo\">\n<div class=\"container\">\n<div class=\"d-lg-flex align-items-lg-center justify-content-lg-between pr-5 py-3\">\n<div><\/div>\n<div class=\"missao mb-2 mb-lg-0 mr-lg-3\">\n<p>[contact-form][contact-field label=&#8221;Nome&#8221; type=&#8221;name&#8221;  required=&#8221;true&#8221; \/][contact-field label=&#8221;E-mail&#8221; type=&#8221;email&#8221; required=&#8221;true&#8221; \/][contact-field label=&#8221;Site&#8221; type=&#8221;url&#8221; \/][contact-field label=&#8221;Mensagem&#8221; type=&#8221;textarea&#8221; \/][\/contact-form]<\/p>\n<\/div>\n<\/div>\n<\/div>\n<\/footer>\n","protected":false},"excerpt":{"rendered":"<p>ROSANA HESSEL &nbsp; Em dia favor\u00e1vel para o mercado financeiro, com alta da Bolsa e nova m\u00ednima para o d\u00f3lar, o Comit\u00ea de Pol\u00edtica Monet\u00e1ria (Copom), do Banco Central, manteve, nesta quarta-feira (21\/6), por unanimidade, a taxa b\u00e1sica da economia (Selic) em 13,75% ao ano pela s\u00e9tima reuni\u00e3o consecutiva. &nbsp; A Bolsa de Valores de [&hellip;]<\/p>\n","protected":false},"author":10,"featured_media":15102,"comment_status":"open","ping_status":"closed","sticky":false,"template":"","format":"standard","meta":{"_acf_changed":false,"inline_featured_image":false,"footnotes":""},"categories":[4],"tags":[82,83,84,1258],"class_list":["post-28371","post","type-post","status-publish","format-standard","has-post-thumbnail","hentry","category-economia","tag-banco-central","tag-copom","tag-selic","tag-taxa-de-juros"],"acf":[],"yoast_head":"<!-- This site is optimized with the Yoast SEO plugin v27.3 - https:\/\/yoast.com\/product\/yoast-seo-wordpress\/ -->\n<title>Banco Central mant\u00e9m taxa b\u00e1sica de juros em 13,75% ao ano<\/title>\n<meta name=\"description\" content=\"Banco Central mant\u00e9m taxa b\u00e1sica da economia (Selic) em 13,75% ao ano, pela s\u00e9tima reuni\u00e3o seguida do Copom.\" \/>\n<meta name=\"robots\" content=\"index, follow, max-snippet:-1, max-image-preview:large, max-video-preview:-1\" \/>\n<link rel=\"canonical\" href=\"https:\/\/newblogs.correiobraziliense.com.br\/blog-da-rosana-hessel\/banco-central-mantem-taxa-basica-de-juros-em-1375-ao-ano\/\" \/>\n<meta property=\"og:locale\" content=\"pt_BR\" \/>\n<meta property=\"og:type\" content=\"article\" \/>\n<meta property=\"og:title\" content=\"Banco Central mant\u00e9m taxa b\u00e1sica de juros em 13,75% ao ano\" \/>\n<meta property=\"og:description\" content=\"Banco Central mant\u00e9m taxa b\u00e1sica da economia (Selic) em 13,75% ao ano, pela s\u00e9tima reuni\u00e3o seguida do Copom.\" \/>\n<meta property=\"og:url\" content=\"https:\/\/newblogs.correiobraziliense.com.br\/blog-da-rosana-hessel\/banco-central-mantem-taxa-basica-de-juros-em-1375-ao-ano\/\" \/>\n<meta property=\"og:site_name\" content=\"Blog da Rosana Hessel\" \/>\n<meta property=\"article:published_time\" content=\"2023-06-21T21:42:01+00:00\" \/>\n<meta property=\"og:image\" content=\"https:\/\/newblogs.correiobraziliense.com.br\/blog-da-rosana-hessel\/wp-content\/uploads\/sites\/5\/2024\/06\/IMG_7392-1.png\" \/>\n\t<meta property=\"og:image:width\" content=\"1200\" \/>\n\t<meta property=\"og:image:height\" content=\"675\" \/>\n\t<meta property=\"og:image:type\" content=\"image\/png\" \/>\n<meta name=\"author\" content=\"Rosana Hessel\" \/>\n<!-- \/ Yoast SEO plugin. -->","yoast_head_json":{"title":"Banco Central mant\u00e9m taxa b\u00e1sica de juros em 13,75% ao ano","description":"Banco Central mant\u00e9m taxa b\u00e1sica da economia (Selic) em 13,75% ao ano, pela s\u00e9tima reuni\u00e3o seguida do Copom.","robots":{"index":"index","follow":"follow","max-snippet":"max-snippet:-1","max-image-preview":"max-image-preview:large","max-video-preview":"max-video-preview:-1"},"canonical":"https:\/\/newblogs.correiobraziliense.com.br\/blog-da-rosana-hessel\/banco-central-mantem-taxa-basica-de-juros-em-1375-ao-ano\/","og_locale":"pt_BR","og_type":"article","og_title":"Banco Central mant\u00e9m taxa b\u00e1sica de juros em 13,75% ao ano","og_description":"Banco Central mant\u00e9m taxa b\u00e1sica da economia (Selic) em 13,75% ao ano, pela s\u00e9tima reuni\u00e3o seguida do Copom.","og_url":"https:\/\/newblogs.correiobraziliense.com.br\/blog-da-rosana-hessel\/banco-central-mantem-taxa-basica-de-juros-em-1375-ao-ano\/","og_site_name":"Blog da Rosana Hessel","article_published_time":"2023-06-21T21:42:01+00:00","og_image":[{"width":1200,"height":675,"url":"https:\/\/newblogs.correiobraziliense.com.br\/blog-da-rosana-hessel\/wp-content\/uploads\/sites\/5\/2024\/06\/IMG_7392-1.png","type":"image\/png"}],"author":"Rosana Hessel","schema":{"@context":"https:\/\/schema.org","@graph":[{"@type":"Article","@id":"https:\/\/newblogs.correiobraziliense.com.br\/blog-da-rosana-hessel\/banco-central-mantem-taxa-basica-de-juros-em-1375-ao-ano\/#article","isPartOf":{"@id":"https:\/\/newblogs.correiobraziliense.com.br\/blog-da-rosana-hessel\/banco-central-mantem-taxa-basica-de-juros-em-1375-ao-ano\/"},"author":{"name":"Rosana Hessel","@id":"https:\/\/newblogs.correiobraziliense.com.br\/blog-da-rosana-hessel\/#\/schema\/person\/824cb3c631cf0d4056f75ca02599a930"},"headline":"Banco Central mant\u00e9m taxa b\u00e1sica de juros em 13,75% ao ano","datePublished":"2023-06-21T21:42:01+00:00","mainEntityOfPage":{"@id":"https:\/\/newblogs.correiobraziliense.com.br\/blog-da-rosana-hessel\/banco-central-mantem-taxa-basica-de-juros-em-1375-ao-ano\/"},"wordCount":1346,"commentCount":0,"image":{"@id":"https:\/\/newblogs.correiobraziliense.com.br\/blog-da-rosana-hessel\/banco-central-mantem-taxa-basica-de-juros-em-1375-ao-ano\/#primaryimage"},"thumbnailUrl":"","keywords":["Banco Central","Copom","Selic","taxa de juros"],"articleSection":["Economia"],"inLanguage":"pt-BR"},{"@type":"WebPage","@id":"https:\/\/newblogs.correiobraziliense.com.br\/blog-da-rosana-hessel\/banco-central-mantem-taxa-basica-de-juros-em-1375-ao-ano\/","url":"https:\/\/newblogs.correiobraziliense.com.br\/blog-da-rosana-hessel\/banco-central-mantem-taxa-basica-de-juros-em-1375-ao-ano\/","name":"Banco Central mant\u00e9m taxa b\u00e1sica de juros em 13,75% ao ano","isPartOf":{"@id":"https:\/\/newblogs.correiobraziliense.com.br\/blog-da-rosana-hessel\/#website"},"primaryImageOfPage":{"@id":"https:\/\/newblogs.correiobraziliense.com.br\/blog-da-rosana-hessel\/banco-central-mantem-taxa-basica-de-juros-em-1375-ao-ano\/#primaryimage"},"image":{"@id":"https:\/\/newblogs.correiobraziliense.com.br\/blog-da-rosana-hessel\/banco-central-mantem-taxa-basica-de-juros-em-1375-ao-ano\/#primaryimage"},"thumbnailUrl":"","datePublished":"2023-06-21T21:42:01+00:00","author":{"@id":"https:\/\/newblogs.correiobraziliense.com.br\/blog-da-rosana-hessel\/#\/schema\/person\/824cb3c631cf0d4056f75ca02599a930"},"description":"Banco Central mant\u00e9m taxa b\u00e1sica da economia (Selic) em 13,75% ao ano, pela s\u00e9tima reuni\u00e3o seguida do Copom.","breadcrumb":{"@id":"https:\/\/newblogs.correiobraziliense.com.br\/blog-da-rosana-hessel\/banco-central-mantem-taxa-basica-de-juros-em-1375-ao-ano\/#breadcrumb"},"inLanguage":"pt-BR","potentialAction":[{"@type":"ReadAction","target":["https:\/\/newblogs.correiobraziliense.com.br\/blog-da-rosana-hessel\/banco-central-mantem-taxa-basica-de-juros-em-1375-ao-ano\/"]}]},{"@type":"ImageObject","inLanguage":"pt-BR","@id":"https:\/\/newblogs.correiobraziliense.com.br\/blog-da-rosana-hessel\/banco-central-mantem-taxa-basica-de-juros-em-1375-ao-ano\/#primaryimage","url":"","contentUrl":""},{"@type":"BreadcrumbList","@id":"https:\/\/newblogs.correiobraziliense.com.br\/blog-da-rosana-hessel\/banco-central-mantem-taxa-basica-de-juros-em-1375-ao-ano\/#breadcrumb","itemListElement":[{"@type":"ListItem","position":1,"name":"In\u00edcio","item":"https:\/\/newblogs.correiobraziliense.com.br\/blog-da-rosana-hessel\/"},{"@type":"ListItem","position":2,"name":"Banco Central mant\u00e9m taxa b\u00e1sica de juros em 13,75% ao ano"}]},{"@type":"WebSite","@id":"https:\/\/newblogs.correiobraziliense.com.br\/blog-da-rosana-hessel\/#website","url":"https:\/\/newblogs.correiobraziliense.com.br\/blog-da-rosana-hessel\/","name":"Blog da Rosana Hessel","description":"Not\u00edcias atualizadas e an\u00e1lises sobre economia. Acompanhe-nos para entender as tend\u00eancias e os impactos econ\u00f4micos que influenciam o seu dia a dia, tanto no Brasil quanto no exterior.","potentialAction":[{"@type":"SearchAction","target":{"@type":"EntryPoint","urlTemplate":"https:\/\/newblogs.correiobraziliense.com.br\/blog-da-rosana-hessel\/?s={search_term_string}"},"query-input":{"@type":"PropertyValueSpecification","valueRequired":true,"valueName":"search_term_string"}}],"inLanguage":"pt-BR"},{"@type":"Person","@id":"https:\/\/newblogs.correiobraziliense.com.br\/blog-da-rosana-hessel\/#\/schema\/person\/824cb3c631cf0d4056f75ca02599a930","name":"Rosana Hessel","image":{"@type":"ImageObject","inLanguage":"pt-BR","@id":"https:\/\/secure.gravatar.com\/avatar\/fe780cf1839cf10cd6d682fb080611e0d2a459b64be8a8781778109777fbcfd3?s=96&d=mm&r=g","url":"https:\/\/secure.gravatar.com\/avatar\/fe780cf1839cf10cd6d682fb080611e0d2a459b64be8a8781778109777fbcfd3?s=96&d=mm&r=g","contentUrl":"https:\/\/secure.gravatar.com\/avatar\/fe780cf1839cf10cd6d682fb080611e0d2a459b64be8a8781778109777fbcfd3?s=96&d=mm&r=g","caption":"Rosana Hessel"},"description":"Formada pela Pontif\u00edcia Universidade Cat\u00f3lica de S\u00e3o Paulo (PUC-SP), \u00e9 jornalista de economia desde 1995, quando passou a integrar o time da Gazeta Mercantil. Est\u00e1 sempre atr\u00e1s da boa informa\u00e7\u00e3o. Possui especializa\u00e7\u00e3o em economia pela FGV e MBA em Finan\u00e7as pela FIA-USP. Trabalha no Correio Braziliense desde 2010. Ganhou o Pr\u00eamio Esso de Jornalismo Econ\u00f4mico em 2014 e em 2015 com a equipe do Correio. Foi finalista entre os 50 jornalistas +Admirados da Imprensa de Economia, Neg\u00f3cios e Finan\u00e7as 2024, promovido pela Jornalistas&amp;Cia.","url":"https:\/\/newblogs.correiobraziliense.com.br\/blog-da-rosana-hessel\/author\/rosanahessel\/"}]}},"_links":{"self":[{"href":"https:\/\/newblogs.correiobraziliense.com.br\/blog-da-rosana-hessel\/wp-json\/wp\/v2\/posts\/28371","targetHints":{"allow":["GET"]}}],"collection":[{"href":"https:\/\/newblogs.correiobraziliense.com.br\/blog-da-rosana-hessel\/wp-json\/wp\/v2\/posts"}],"about":[{"href":"https:\/\/newblogs.correiobraziliense.com.br\/blog-da-rosana-hessel\/wp-json\/wp\/v2\/types\/post"}],"author":[{"embeddable":true,"href":"https:\/\/newblogs.correiobraziliense.com.br\/blog-da-rosana-hessel\/wp-json\/wp\/v2\/users\/10"}],"replies":[{"embeddable":true,"href":"https:\/\/newblogs.correiobraziliense.com.br\/blog-da-rosana-hessel\/wp-json\/wp\/v2\/comments?post=28371"}],"version-history":[{"count":0,"href":"https:\/\/newblogs.correiobraziliense.com.br\/blog-da-rosana-hessel\/wp-json\/wp\/v2\/posts\/28371\/revisions"}],"wp:featuredmedia":[{"embeddable":true,"href":"https:\/\/newblogs.correiobraziliense.com.br\/blog-da-rosana-hessel\/wp-json\/"}],"wp:attachment":[{"href":"https:\/\/newblogs.correiobraziliense.com.br\/blog-da-rosana-hessel\/wp-json\/wp\/v2\/media?parent=28371"}],"wp:term":[{"taxonomy":"category","embeddable":true,"href":"https:\/\/newblogs.correiobraziliense.com.br\/blog-da-rosana-hessel\/wp-json\/wp\/v2\/categories?post=28371"},{"taxonomy":"post_tag","embeddable":true,"href":"https:\/\/newblogs.correiobraziliense.com.br\/blog-da-rosana-hessel\/wp-json\/wp\/v2\/tags?post=28371"}],"curies":[{"name":"wp","href":"https:\/\/api.w.org\/{rel}","templated":true}]}}