{"id":28304,"date":"2023-06-14T17:27:19","date_gmt":"2023-06-14T20:27:19","guid":{"rendered":"https:\/\/blogs.correiobraziliense.com.br\/vicente\/?p=28304"},"modified":"2023-06-14T17:27:19","modified_gmt":"2023-06-14T20:27:19","slug":"sp-melhora-perspectiva-de-risco-do-brasil-de-estavel-para-positiva","status":"publish","type":"post","link":"https:\/\/newblogs.correiobraziliense.com.br\/blog-da-rosana-hessel\/sp-melhora-perspectiva-de-risco-do-brasil-de-estavel-para-positiva\/","title":{"rendered":"S&amp;P melhora perspectiva de risco do Brasil de &#8220;est\u00e1vel&#8221; para &#8220;positiva&#8221;"},"content":{"rendered":"<p>ROSANA HESSEL<\/p>\n<p>&nbsp;<\/p>\n<p><span style=\"font-weight: 400\">A ag\u00eancia norte-americana de classifica\u00e7\u00e3o de risco Standard &amp; Poor\u2019s (S&amp;P) elevou de &#8220;est\u00e1vel&#8221; para &#8220;positiva&#8221; a perspectiva para os t\u00edtulos soberanos do Brasil, diante dos &#8220;sinais de maior certeza sobre as pol\u00edticas fiscais e de estabilidade para a pol\u00edtica monet\u00e1ria&#8221;. Na avalia\u00e7\u00e3o da institui\u00e7\u00e3o, essas sinaliza\u00e7\u00f5es &#8220;podem beneficiar as atuais proje\u00e7\u00f5es de crescimento do Produto Interno Bruto (PIB) brasileiro&#8221;.\u00a0<\/span><\/p>\n<p>&nbsp;<\/p>\n<p><span style=\"font-weight: 400\">\u201cApesar de deficits fiscais (das contas p\u00fablicas) ainda elevados, o crescimento cont\u00ednuo do PIB, os avan\u00e7os no novo arcabou\u00e7o fiscal podem resultar em um aumento da carga da d\u00edvida do governo menor do que o inicialmente esperado\u201d, destacou a ag\u00eancia. \u201cA perspectiva positiva reflete sinais de maior certeza sobre a estabilidade da pol\u00edtica fiscal que poderia beneficiar as proje\u00e7\u00f5es ainda baixas de crescimento do PIB do Brasil\u201d, acrescentou.<\/span><\/p>\n<p>&nbsp;<\/p>\n<p><span style=\"font-weight: 400\">Para a entidade, a perspectiva de avan\u00e7os na pol\u00edtica fiscal podem ajudar na flexibiliza\u00e7\u00e3o da pol\u00edtica monet\u00e1ria. A ag\u00eancia aponta ainda como fator positivo a resili\u00eancia da estrutura institucional do Brasil, com formula\u00e7\u00e3o de pol\u00edticas baseadas em amplos freios e contrapesos entre os Poderes Executivo, Legislativo e Judici\u00e1rio.\u00a0<\/span><\/p>\n<p>&nbsp;<\/p>\n<p><span style=\"font-weight: 400\">Al\u00e9m de revisar de est\u00e1vel para positiva a perspectiva para o Brasil, a S&amp;P reafirmou os ratings de cr\u00e9dito soberano \u201cBB-\/B\u201d para os t\u00edtulos soberanos do pa\u00eds de longo e curto prazos em moeda estrangeira e local.\u00a0<\/span><\/p>\n<p>&nbsp;<\/p>\n<p><span style=\"font-weight: 400\">\u00c9 a primeira mudan\u00e7a na perspectiva do rating da institui\u00e7\u00e3o desde 2019.\u00a0\u00a0Al\u00e9m disso, reafirmamos o rating soberano \u2018brAAA\u2019 na Escala Nacional Brasil, cuja perspectiva segue est\u00e1vel. &#8220;A avalia\u00e7\u00e3o de transfer\u00eancia e convertibilidade &#8216;BB+&#8217; do pa\u00eds permanece inalterada&#8221;<\/span><span style=\"font-weight: 400\">, segundo a ag\u00eancia. Esse rating \u00e9 considerado &#8220;lixo&#8221; no mercado externo.<\/span><\/p>\n<p>&nbsp;<\/p>\n<p><span style=\"font-weight: 400\">\u201cNossa vis\u00e3o positiva baseia-se na perspectiva de que medidas cont\u00ednuas para enfrentar a rigidez econ\u00f4mica e fiscal podem refor\u00e7ar nossa vis\u00e3o da resili\u00eancia da estrutura institucional do Brasil e reduzir os riscos \u00e0 sua flexibilidade monet\u00e1ria e posi\u00e7\u00e3o externa l\u00edquida\u201d, destacou o comunicado da S&amp;P. Contudo, a ag\u00eancia faz alertas sobre as incertezas para frente em rela\u00e7\u00e3o \u00e0 d\u00edvida p\u00fablica bruta, que ainda deve continuar crescendo, pelo menos, at\u00e9 2025 ou 2026, destacou\u00a0Eduardo Velho, economista-chefe da JF Trust Gestora de Recursos.<\/span><\/p>\n<p>&nbsp;<\/p>\n<p><span style=\"font-weight: 400\">\u201cO texto \u00e9 bem consistente e fala um pouco que o Brasil est\u00e1 em uma situa\u00e7\u00e3o razoavelmente boa em rela\u00e7\u00e3o a outros pa\u00edses emergentes que passaram pela pandemia\u201d, afirmou Velho. Segundo ele, essa melhora na perspectiva da nota de risco do Brasil era esperada por conta da redu\u00e7\u00e3o do risco pa\u00eds, ap\u00f3s o avan\u00e7o do arcabou\u00e7o fiscal no Congresso. Os pr\u00eamios de risco, como os CDS (Credit Default Swap),\u00a0 por exemplo, voltaram a ficar abaixo de 200 pontos.<\/span><\/p>\n<p>&nbsp;<\/p>\n<p><span style=\"font-weight: 400\">\u201cA\u00a0 S&amp;P d\u00e1 uma sinaliza\u00e7\u00e3o positiva para a economia brasileira, mas faz uns alertas mostrando que estimativas anteriores eram mais pessimistas\u201d, acrescentou Velho. Ele ressaltou que, nas \u00faltimas semanas, a mudan\u00e7a dessa percep\u00e7\u00e3o de risco est\u00e1 se refletindo at\u00e9 na Bolsa, que voltou a ficar acima de 115 mil pontos. Velho lembrou que algumas apostas do mercado indicam que o \u00cdndice Bovespa, principal indicador da Bolsa de Valores de S\u00e3o Paulo (B3) poder\u00e1 chegar a 135 mil pontos at\u00e9 o fim do ano.\u00a0<\/span><\/p>\n<p>&nbsp;<\/p>\n<p>De acordo com o comunicado da S&amp;P, a economia brasileira vem crescendo acima das expectativas do mercado, desde 2020, devido aos termos de troca favor\u00e1veis e ao consumo resiliente &#8220;ap\u00f3s forte recupera\u00e7\u00e3o do emprego&#8221;.\u00a0 &#8220;Grandes de liquidez por parte do Banco Central e condi\u00e7\u00f5es financeiras favor\u00e1veis \u200b\u200bem 2020-2021 tamb\u00e9m apoiaram a recupera\u00e7\u00e3o&#8221;, acrescentou, em rela\u00e7\u00e3o aos pacotes de est\u00edmulo do governo desde a pandemia da covid19.<\/p>\n<p>&nbsp;<\/p>\n<p>A S&amp;P revisou, recentemente, a previs\u00e3o de crescimento do PIB brasileiro em 2023, de 0,7% para 1,7%, devido ao desempenho muito forte do setor agr\u00edcola e seus efeitos colaterais na economia. Diante da desacelera\u00e7\u00e3o da infla\u00e7\u00e3o, a ag\u00eancia considera aposta em um prov\u00e1vel afrouxamento da pol\u00edtica monet\u00e1ria, levando o crescimento econ\u00f4mico do pa\u00eds a 2% at\u00e9 2026. &#8220;Estimamos que o PIB per capita (do Brasil) chegar\u00e1 a US$ 9.700, em 2023, e tender\u00e1 a US$ 10.800, at\u00e9 2026&#8221;, destacou o comunicado.\u00a0 &#8220;A taxa m\u00e9dia do crescimento do PIB est\u00e1 aumentando, mas ainda \u00e9 inferior \u00e0 de pares com o mesmo n\u00edvel de desenvolvimento econ\u00f4mico&#8221;, acrescentou.<\/p>\n","protected":false},"excerpt":{"rendered":"<p>ROSANA HESSEL &nbsp; A ag\u00eancia norte-americana de classifica\u00e7\u00e3o de risco Standard &amp; Poor\u2019s (S&amp;P) elevou de &#8220;est\u00e1vel&#8221; para &#8220;positiva&#8221; a perspectiva para os t\u00edtulos soberanos do Brasil, diante dos &#8220;sinais de maior certeza sobre as pol\u00edticas fiscais e de estabilidade para a pol\u00edtica monet\u00e1ria&#8221;. Na avalia\u00e7\u00e3o da institui\u00e7\u00e3o, essas sinaliza\u00e7\u00f5es &#8220;podem beneficiar as atuais proje\u00e7\u00f5es [&hellip;]<\/p>\n","protected":false},"author":10,"featured_media":17053,"comment_status":"open","ping_status":"closed","sticky":false,"template":"","format":"standard","meta":{"_acf_changed":false,"inline_featured_image":false,"footnotes":""},"categories":[4],"tags":[1816,10,1830,1354,1831,1832],"class_list":["post-28304","post","type-post","status-publish","format-standard","has-post-thumbnail","hentry","category-economia","tag-arcabouco-fiscal","tag-brasil","tag-perspectiva-positiva","tag-revisao","tag-risco-pais","tag-sp"],"acf":[],"yoast_head":"<!-- This site is optimized with the Yoast SEO plugin v27.3 - https:\/\/yoast.com\/product\/yoast-seo-wordpress\/ -->\n<title>S&amp;P melhora perspectiva de risco do Brasil de &quot;est\u00e1vel&quot; para &quot;positiva&quot;<\/title>\n<meta name=\"description\" content=\"&quot;A perspectiva positiva reflete sinais de maior certeza sobre a estabilidade da pol\u00edtica fiscal&quot;, destaca a S&amp;P ao melhorar perspectiva de risco do Brasil.\" \/>\n<meta name=\"robots\" content=\"index, follow, max-snippet:-1, max-image-preview:large, max-video-preview:-1\" \/>\n<link rel=\"canonical\" href=\"https:\/\/newblogs.correiobraziliense.com.br\/blog-da-rosana-hessel\/sp-melhora-perspectiva-de-risco-do-brasil-de-estavel-para-positiva\/\" \/>\n<meta property=\"og:locale\" content=\"pt_BR\" \/>\n<meta property=\"og:type\" content=\"article\" \/>\n<meta property=\"og:title\" content=\"S&amp;P melhora perspectiva de risco do Brasil de &quot;est\u00e1vel&quot; para &quot;positiva&quot;\" \/>\n<meta property=\"og:description\" content=\"&quot;A perspectiva positiva reflete sinais de maior certeza sobre a estabilidade da pol\u00edtica fiscal&quot;, destaca a S&amp;P ao melhorar perspectiva de risco do Brasil.\" \/>\n<meta property=\"og:url\" content=\"https:\/\/newblogs.correiobraziliense.com.br\/blog-da-rosana-hessel\/sp-melhora-perspectiva-de-risco-do-brasil-de-estavel-para-positiva\/\" \/>\n<meta property=\"og:site_name\" content=\"Blog da Rosana Hessel\" \/>\n<meta property=\"article:published_time\" content=\"2023-06-14T20:27:19+00:00\" \/>\n<meta property=\"og:image\" content=\"https:\/\/newblogs.correiobraziliense.com.br\/blog-da-rosana-hessel\/wp-content\/uploads\/sites\/5\/2024\/06\/IMG_7392-1.png\" \/>\n\t<meta property=\"og:image:width\" content=\"1200\" \/>\n\t<meta property=\"og:image:height\" content=\"675\" \/>\n\t<meta property=\"og:image:type\" content=\"image\/png\" \/>\n<meta name=\"author\" content=\"Rosana Hessel\" \/>\n<!-- \/ Yoast SEO plugin. -->","yoast_head_json":{"title":"S&P melhora perspectiva de risco do Brasil de \"est\u00e1vel\" para \"positiva\"","description":"\"A perspectiva positiva reflete sinais de maior certeza sobre a estabilidade da pol\u00edtica fiscal\", destaca a S&P ao melhorar perspectiva de risco do Brasil.","robots":{"index":"index","follow":"follow","max-snippet":"max-snippet:-1","max-image-preview":"max-image-preview:large","max-video-preview":"max-video-preview:-1"},"canonical":"https:\/\/newblogs.correiobraziliense.com.br\/blog-da-rosana-hessel\/sp-melhora-perspectiva-de-risco-do-brasil-de-estavel-para-positiva\/","og_locale":"pt_BR","og_type":"article","og_title":"S&P melhora perspectiva de risco do Brasil de \"est\u00e1vel\" para \"positiva\"","og_description":"\"A perspectiva positiva reflete sinais de maior certeza sobre a estabilidade da pol\u00edtica fiscal\", destaca a S&P ao melhorar perspectiva de risco do Brasil.","og_url":"https:\/\/newblogs.correiobraziliense.com.br\/blog-da-rosana-hessel\/sp-melhora-perspectiva-de-risco-do-brasil-de-estavel-para-positiva\/","og_site_name":"Blog da Rosana Hessel","article_published_time":"2023-06-14T20:27:19+00:00","og_image":[{"width":1200,"height":675,"url":"https:\/\/newblogs.correiobraziliense.com.br\/blog-da-rosana-hessel\/wp-content\/uploads\/sites\/5\/2024\/06\/IMG_7392-1.png","type":"image\/png"}],"author":"Rosana Hessel","schema":{"@context":"https:\/\/schema.org","@graph":[{"@type":"Article","@id":"https:\/\/newblogs.correiobraziliense.com.br\/blog-da-rosana-hessel\/sp-melhora-perspectiva-de-risco-do-brasil-de-estavel-para-positiva\/#article","isPartOf":{"@id":"https:\/\/newblogs.correiobraziliense.com.br\/blog-da-rosana-hessel\/sp-melhora-perspectiva-de-risco-do-brasil-de-estavel-para-positiva\/"},"author":{"name":"Rosana Hessel","@id":"https:\/\/newblogs.correiobraziliense.com.br\/blog-da-rosana-hessel\/#\/schema\/person\/824cb3c631cf0d4056f75ca02599a930"},"headline":"S&amp;P melhora perspectiva de risco do Brasil de &#8220;est\u00e1vel&#8221; para &#8220;positiva&#8221;","datePublished":"2023-06-14T20:27:19+00:00","mainEntityOfPage":{"@id":"https:\/\/newblogs.correiobraziliense.com.br\/blog-da-rosana-hessel\/sp-melhora-perspectiva-de-risco-do-brasil-de-estavel-para-positiva\/"},"wordCount":783,"commentCount":0,"image":{"@id":"https:\/\/newblogs.correiobraziliense.com.br\/blog-da-rosana-hessel\/sp-melhora-perspectiva-de-risco-do-brasil-de-estavel-para-positiva\/#primaryimage"},"thumbnailUrl":"","keywords":["arcabou\u00e7o fiscal","Brasil","perspectiva positiva","revis\u00e3o","risco pa\u00eds","S&amp;P"],"articleSection":["Economia"],"inLanguage":"pt-BR"},{"@type":"WebPage","@id":"https:\/\/newblogs.correiobraziliense.com.br\/blog-da-rosana-hessel\/sp-melhora-perspectiva-de-risco-do-brasil-de-estavel-para-positiva\/","url":"https:\/\/newblogs.correiobraziliense.com.br\/blog-da-rosana-hessel\/sp-melhora-perspectiva-de-risco-do-brasil-de-estavel-para-positiva\/","name":"S&P melhora perspectiva de risco do Brasil de \"est\u00e1vel\" para \"positiva\"","isPartOf":{"@id":"https:\/\/newblogs.correiobraziliense.com.br\/blog-da-rosana-hessel\/#website"},"primaryImageOfPage":{"@id":"https:\/\/newblogs.correiobraziliense.com.br\/blog-da-rosana-hessel\/sp-melhora-perspectiva-de-risco-do-brasil-de-estavel-para-positiva\/#primaryimage"},"image":{"@id":"https:\/\/newblogs.correiobraziliense.com.br\/blog-da-rosana-hessel\/sp-melhora-perspectiva-de-risco-do-brasil-de-estavel-para-positiva\/#primaryimage"},"thumbnailUrl":"","datePublished":"2023-06-14T20:27:19+00:00","author":{"@id":"https:\/\/newblogs.correiobraziliense.com.br\/blog-da-rosana-hessel\/#\/schema\/person\/824cb3c631cf0d4056f75ca02599a930"},"description":"\"A perspectiva positiva reflete sinais de maior certeza sobre a estabilidade da pol\u00edtica fiscal\", destaca a S&P ao melhorar perspectiva de risco do Brasil.","breadcrumb":{"@id":"https:\/\/newblogs.correiobraziliense.com.br\/blog-da-rosana-hessel\/sp-melhora-perspectiva-de-risco-do-brasil-de-estavel-para-positiva\/#breadcrumb"},"inLanguage":"pt-BR","potentialAction":[{"@type":"ReadAction","target":["https:\/\/newblogs.correiobraziliense.com.br\/blog-da-rosana-hessel\/sp-melhora-perspectiva-de-risco-do-brasil-de-estavel-para-positiva\/"]}]},{"@type":"ImageObject","inLanguage":"pt-BR","@id":"https:\/\/newblogs.correiobraziliense.com.br\/blog-da-rosana-hessel\/sp-melhora-perspectiva-de-risco-do-brasil-de-estavel-para-positiva\/#primaryimage","url":"","contentUrl":""},{"@type":"BreadcrumbList","@id":"https:\/\/newblogs.correiobraziliense.com.br\/blog-da-rosana-hessel\/sp-melhora-perspectiva-de-risco-do-brasil-de-estavel-para-positiva\/#breadcrumb","itemListElement":[{"@type":"ListItem","position":1,"name":"In\u00edcio","item":"https:\/\/newblogs.correiobraziliense.com.br\/blog-da-rosana-hessel\/"},{"@type":"ListItem","position":2,"name":"S&amp;P melhora perspectiva de risco do Brasil de &#8220;est\u00e1vel&#8221; para &#8220;positiva&#8221;"}]},{"@type":"WebSite","@id":"https:\/\/newblogs.correiobraziliense.com.br\/blog-da-rosana-hessel\/#website","url":"https:\/\/newblogs.correiobraziliense.com.br\/blog-da-rosana-hessel\/","name":"Blog da Rosana Hessel","description":"Not\u00edcias atualizadas e an\u00e1lises sobre economia. Acompanhe-nos para entender as tend\u00eancias e os impactos econ\u00f4micos que influenciam o seu dia a dia, tanto no Brasil quanto no exterior.","potentialAction":[{"@type":"SearchAction","target":{"@type":"EntryPoint","urlTemplate":"https:\/\/newblogs.correiobraziliense.com.br\/blog-da-rosana-hessel\/?s={search_term_string}"},"query-input":{"@type":"PropertyValueSpecification","valueRequired":true,"valueName":"search_term_string"}}],"inLanguage":"pt-BR"},{"@type":"Person","@id":"https:\/\/newblogs.correiobraziliense.com.br\/blog-da-rosana-hessel\/#\/schema\/person\/824cb3c631cf0d4056f75ca02599a930","name":"Rosana Hessel","image":{"@type":"ImageObject","inLanguage":"pt-BR","@id":"https:\/\/secure.gravatar.com\/avatar\/fe780cf1839cf10cd6d682fb080611e0d2a459b64be8a8781778109777fbcfd3?s=96&d=mm&r=g","url":"https:\/\/secure.gravatar.com\/avatar\/fe780cf1839cf10cd6d682fb080611e0d2a459b64be8a8781778109777fbcfd3?s=96&d=mm&r=g","contentUrl":"https:\/\/secure.gravatar.com\/avatar\/fe780cf1839cf10cd6d682fb080611e0d2a459b64be8a8781778109777fbcfd3?s=96&d=mm&r=g","caption":"Rosana Hessel"},"description":"Formada pela Pontif\u00edcia Universidade Cat\u00f3lica de S\u00e3o Paulo (PUC-SP), \u00e9 jornalista de economia desde 1995, quando passou a integrar o time da Gazeta Mercantil. Est\u00e1 sempre atr\u00e1s da boa informa\u00e7\u00e3o. Possui especializa\u00e7\u00e3o em economia pela FGV e MBA em Finan\u00e7as pela FIA-USP. Trabalha no Correio Braziliense desde 2010. Ganhou o Pr\u00eamio Esso de Jornalismo Econ\u00f4mico em 2014 e em 2015 com a equipe do Correio. Foi finalista entre os 50 jornalistas +Admirados da Imprensa de Economia, Neg\u00f3cios e Finan\u00e7as 2024, promovido pela Jornalistas&amp;Cia.","url":"https:\/\/newblogs.correiobraziliense.com.br\/blog-da-rosana-hessel\/author\/rosanahessel\/"}]}},"_links":{"self":[{"href":"https:\/\/newblogs.correiobraziliense.com.br\/blog-da-rosana-hessel\/wp-json\/wp\/v2\/posts\/28304","targetHints":{"allow":["GET"]}}],"collection":[{"href":"https:\/\/newblogs.correiobraziliense.com.br\/blog-da-rosana-hessel\/wp-json\/wp\/v2\/posts"}],"about":[{"href":"https:\/\/newblogs.correiobraziliense.com.br\/blog-da-rosana-hessel\/wp-json\/wp\/v2\/types\/post"}],"author":[{"embeddable":true,"href":"https:\/\/newblogs.correiobraziliense.com.br\/blog-da-rosana-hessel\/wp-json\/wp\/v2\/users\/10"}],"replies":[{"embeddable":true,"href":"https:\/\/newblogs.correiobraziliense.com.br\/blog-da-rosana-hessel\/wp-json\/wp\/v2\/comments?post=28304"}],"version-history":[{"count":0,"href":"https:\/\/newblogs.correiobraziliense.com.br\/blog-da-rosana-hessel\/wp-json\/wp\/v2\/posts\/28304\/revisions"}],"wp:featuredmedia":[{"embeddable":true,"href":"https:\/\/newblogs.correiobraziliense.com.br\/blog-da-rosana-hessel\/wp-json\/"}],"wp:attachment":[{"href":"https:\/\/newblogs.correiobraziliense.com.br\/blog-da-rosana-hessel\/wp-json\/wp\/v2\/media?parent=28304"}],"wp:term":[{"taxonomy":"category","embeddable":true,"href":"https:\/\/newblogs.correiobraziliense.com.br\/blog-da-rosana-hessel\/wp-json\/wp\/v2\/categories?post=28304"},{"taxonomy":"post_tag","embeddable":true,"href":"https:\/\/newblogs.correiobraziliense.com.br\/blog-da-rosana-hessel\/wp-json\/wp\/v2\/tags?post=28304"}],"curies":[{"name":"wp","href":"https:\/\/api.w.org\/{rel}","templated":true}]}}