{"id":28236,"date":"2023-06-01T15:29:00","date_gmt":"2023-06-01T18:29:00","guid":{"rendered":"https:\/\/blogs.correiobraziliense.com.br\/vicente\/?p=28236"},"modified":"2023-06-01T15:29:00","modified_gmt":"2023-06-01T18:29:00","slug":"ex-ministro-do-planejamento-esteves-colnago-assume-diretoria-na-cnseg","status":"publish","type":"post","link":"https:\/\/newblogs.correiobraziliense.com.br\/blog-da-rosana-hessel\/ex-ministro-do-planejamento-esteves-colnago-assume-diretoria-na-cnseg\/","title":{"rendered":"Ex-ministro do Planejamento Esteves Colnago assume diretoria na CNSeg"},"content":{"rendered":"<p>ROSANA HESSEL<\/p>\n<p>&nbsp;<\/p>\n<p>Ex-ministro do Planejamento e ex-secret\u00e1rio do Tesouro e Or\u00e7amento, Esteves Pedro Colnago Junior assume,\u00a0 nesta quinta-feira (1\u00ba\/6), a diretoria de Assuntos Legislativos na Confedera\u00e7\u00e3o Nacional das Seguradoras (CNseg). O economista aceitou o convite do presidente da CNSeg, Dyogo Oliveira, far\u00e1 a articula\u00e7\u00e3o das pautas do mercado segurador com o Senado, a C\u00e2mara dos Deputados e Assembleias Legislativas.<\/p>\n<p>&nbsp;<\/p>\n<p>Mestre em Economia pela Universidade de Bras\u00edlia (UnB), o ex-ministro do Planejamento da gest\u00e3o Michel Temer (MDB), quando assumiu o lugar de Oliveira, tamb\u00e9m foi presidente do Conselho de Administra\u00e7\u00e3o da Casa da Moeda e do Banco Nacional de Desenvolvimento Econ\u00f4mico e Social (BNDES) e presidente do Conselho de Recursos do Sistema Financeiro Nacional (SFN). Colnago tamb\u00e9m foi assessor especial do ex-ministro da Economia Paulo Guedes, e depois, assumiu a secretaria do Tesouro e Or\u00e7amento do governo Jair Bolsonaro (PL), <a href=\"https:\/\/blogs.correiobraziliense.com.br\/vicente\/esteves-colnago-aceita-convite-de-paulo-guedes-para-substituir-funchal\/\">ap\u00f3s uma das \u00faltimas debandadas de t\u00e9cnicos da pasta<\/a>. Ele pediu demiss\u00e3o do cargo antes do fim do governo, no in\u00edcio de dezembro do ano passado.<\/p>\n<p>&nbsp;<\/p>\n<p>Ao comentar sobre Colnago, o presidente da CNSeg disse que o economista &#8220;\u00e9 um dos quadros mais qualificados e experientes da administra\u00e7\u00e3o p\u00fablica brasileira&#8221;. \u201cCom sua experi\u00eancia e capacidade contribuir\u00e1 muito para que a ind\u00fastria de seguros no Brasil continue a prestar servi\u00e7os relevantes para a sociedade brasileira e avance na democratiza\u00e7\u00e3o do acesso ao seguro&#8221;, destacou, em nota divulgada pela assessoria da entidade.<\/p>\n<p>&nbsp;<\/p>\n<p>\u201cEstou muito feliz com a minha vinda para os setores de seguros, previd\u00eancia complementar, capitaliza\u00e7\u00e3o e sa\u00fade suplementar. S\u00e3o mercados com grande potencial de desenvolvimento e de forte liga\u00e7\u00e3o com o crescimento econ\u00f4mico e com a melhoria do bem-estar da popula\u00e7\u00e3o\u201d, disse Colnago no comunicado, que elogiou o trabalho do amigo de longa data.<\/p>\n<p>&nbsp;<\/p>\n<p>Atualmente, o mercado segurador corresponde a 6,2% do Produto Interno Bruto (PIB) brasileiro. A CNseg projeta aumentar esta participa\u00e7\u00e3o para 10% at\u00e9 2030 com o lan\u00e7amento do Plano de Desenvolvimento do Mercado de Seguros, que vem sendo colocado em pr\u00e1tica por Oliveira, que assumiu a presid\u00eancia da CNSeg em abril do ano passado.<\/p>\n","protected":false},"excerpt":{"rendered":"<p>ROSANA HESSEL &nbsp; Ex-ministro do Planejamento e ex-secret\u00e1rio do Tesouro e Or\u00e7amento, Esteves Pedro Colnago Junior assume,\u00a0 nesta quinta-feira (1\u00ba\/6), a diretoria de Assuntos Legislativos na Confedera\u00e7\u00e3o Nacional das Seguradoras (CNseg). O economista aceitou o convite do presidente da CNSeg, Dyogo Oliveira, far\u00e1 a articula\u00e7\u00e3o das pautas do mercado segurador com o Senado, a C\u00e2mara [&hellip;]<\/p>\n","protected":false},"author":10,"featured_media":21760,"comment_status":"open","ping_status":"closed","sticky":false,"template":"","format":"standard","meta":{"_acf_changed":false,"inline_featured_image":false,"footnotes":""},"categories":[4],"tags":[1461,1804,1805,1806,1807],"class_list":["post-28236","post","type-post","status-publish","format-standard","has-post-thumbnail","hentry","category-economia","tag-cnseg","tag-esteves-colnago","tag-ex-ministro-do-planejamento","tag-novo-cargo","tag-novo-diretor"],"acf":[],"yoast_head":"<!-- This site is optimized with the Yoast SEO plugin v27.3 - https:\/\/yoast.com\/product\/yoast-seo-wordpress\/ -->\n<title>Ex-ministro Esteves Colnago assume diretoria na CNSeg<\/title>\n<meta name=\"description\" content=\"Economista e ex-ministro do Planejamento, Esteves Colnago aceita convite de Dyogo Oliveira, e assume, nesta quinta-feira (1\u00ba\/6), diretoria da CNSeg.\" \/>\n<meta name=\"robots\" content=\"index, follow, max-snippet:-1, max-image-preview:large, max-video-preview:-1\" \/>\n<link rel=\"canonical\" href=\"https:\/\/newblogs.correiobraziliense.com.br\/blog-da-rosana-hessel\/ex-ministro-do-planejamento-esteves-colnago-assume-diretoria-na-cnseg\/\" \/>\n<meta property=\"og:locale\" content=\"pt_BR\" \/>\n<meta property=\"og:type\" content=\"article\" \/>\n<meta property=\"og:title\" content=\"Ex-ministro Esteves Colnago assume diretoria na CNSeg\" \/>\n<meta property=\"og:description\" content=\"Economista e ex-ministro do Planejamento, Esteves Colnago aceita convite de Dyogo Oliveira, e assume, nesta quinta-feira (1\u00ba\/6), diretoria da CNSeg.\" \/>\n<meta property=\"og:url\" content=\"https:\/\/newblogs.correiobraziliense.com.br\/blog-da-rosana-hessel\/ex-ministro-do-planejamento-esteves-colnago-assume-diretoria-na-cnseg\/\" \/>\n<meta property=\"og:site_name\" content=\"Blog da Rosana Hessel\" \/>\n<meta property=\"article:published_time\" content=\"2023-06-01T18:29:00+00:00\" \/>\n<meta property=\"og:image\" content=\"https:\/\/newblogs.correiobraziliense.com.br\/blog-da-rosana-hessel\/wp-content\/uploads\/sites\/5\/2024\/06\/IMG_7392-1.png\" \/>\n\t<meta property=\"og:image:width\" content=\"1200\" \/>\n\t<meta property=\"og:image:height\" content=\"675\" \/>\n\t<meta property=\"og:image:type\" content=\"image\/png\" \/>\n<meta name=\"author\" content=\"Rosana Hessel\" \/>\n<!-- \/ Yoast SEO plugin. -->","yoast_head_json":{"title":"Ex-ministro Esteves Colnago assume diretoria na CNSeg","description":"Economista e ex-ministro do Planejamento, Esteves Colnago aceita convite de Dyogo Oliveira, e assume, nesta quinta-feira (1\u00ba\/6), diretoria da CNSeg.","robots":{"index":"index","follow":"follow","max-snippet":"max-snippet:-1","max-image-preview":"max-image-preview:large","max-video-preview":"max-video-preview:-1"},"canonical":"https:\/\/newblogs.correiobraziliense.com.br\/blog-da-rosana-hessel\/ex-ministro-do-planejamento-esteves-colnago-assume-diretoria-na-cnseg\/","og_locale":"pt_BR","og_type":"article","og_title":"Ex-ministro Esteves Colnago assume diretoria na CNSeg","og_description":"Economista e ex-ministro do Planejamento, Esteves Colnago aceita convite de Dyogo Oliveira, e assume, nesta quinta-feira (1\u00ba\/6), diretoria da CNSeg.","og_url":"https:\/\/newblogs.correiobraziliense.com.br\/blog-da-rosana-hessel\/ex-ministro-do-planejamento-esteves-colnago-assume-diretoria-na-cnseg\/","og_site_name":"Blog da Rosana Hessel","article_published_time":"2023-06-01T18:29:00+00:00","og_image":[{"width":1200,"height":675,"url":"https:\/\/newblogs.correiobraziliense.com.br\/blog-da-rosana-hessel\/wp-content\/uploads\/sites\/5\/2024\/06\/IMG_7392-1.png","type":"image\/png"}],"author":"Rosana Hessel","schema":{"@context":"https:\/\/schema.org","@graph":[{"@type":"Article","@id":"https:\/\/newblogs.correiobraziliense.com.br\/blog-da-rosana-hessel\/ex-ministro-do-planejamento-esteves-colnago-assume-diretoria-na-cnseg\/#article","isPartOf":{"@id":"https:\/\/newblogs.correiobraziliense.com.br\/blog-da-rosana-hessel\/ex-ministro-do-planejamento-esteves-colnago-assume-diretoria-na-cnseg\/"},"author":{"name":"Rosana Hessel","@id":"https:\/\/newblogs.correiobraziliense.com.br\/blog-da-rosana-hessel\/#\/schema\/person\/824cb3c631cf0d4056f75ca02599a930"},"headline":"Ex-ministro do Planejamento Esteves Colnago assume diretoria na CNSeg","datePublished":"2023-06-01T18:29:00+00:00","mainEntityOfPage":{"@id":"https:\/\/newblogs.correiobraziliense.com.br\/blog-da-rosana-hessel\/ex-ministro-do-planejamento-esteves-colnago-assume-diretoria-na-cnseg\/"},"wordCount":378,"commentCount":0,"image":{"@id":"https:\/\/newblogs.correiobraziliense.com.br\/blog-da-rosana-hessel\/ex-ministro-do-planejamento-esteves-colnago-assume-diretoria-na-cnseg\/#primaryimage"},"thumbnailUrl":"","keywords":["CNseg","Esteves Colnago","ex-ministro do Planejamento","novo cargo","novo diretor"],"articleSection":["Economia"],"inLanguage":"pt-BR"},{"@type":"WebPage","@id":"https:\/\/newblogs.correiobraziliense.com.br\/blog-da-rosana-hessel\/ex-ministro-do-planejamento-esteves-colnago-assume-diretoria-na-cnseg\/","url":"https:\/\/newblogs.correiobraziliense.com.br\/blog-da-rosana-hessel\/ex-ministro-do-planejamento-esteves-colnago-assume-diretoria-na-cnseg\/","name":"Ex-ministro Esteves Colnago assume diretoria na CNSeg","isPartOf":{"@id":"https:\/\/newblogs.correiobraziliense.com.br\/blog-da-rosana-hessel\/#website"},"primaryImageOfPage":{"@id":"https:\/\/newblogs.correiobraziliense.com.br\/blog-da-rosana-hessel\/ex-ministro-do-planejamento-esteves-colnago-assume-diretoria-na-cnseg\/#primaryimage"},"image":{"@id":"https:\/\/newblogs.correiobraziliense.com.br\/blog-da-rosana-hessel\/ex-ministro-do-planejamento-esteves-colnago-assume-diretoria-na-cnseg\/#primaryimage"},"thumbnailUrl":"","datePublished":"2023-06-01T18:29:00+00:00","author":{"@id":"https:\/\/newblogs.correiobraziliense.com.br\/blog-da-rosana-hessel\/#\/schema\/person\/824cb3c631cf0d4056f75ca02599a930"},"description":"Economista e ex-ministro do Planejamento, Esteves Colnago aceita convite de Dyogo Oliveira, e assume, nesta quinta-feira (1\u00ba\/6), diretoria da CNSeg.","breadcrumb":{"@id":"https:\/\/newblogs.correiobraziliense.com.br\/blog-da-rosana-hessel\/ex-ministro-do-planejamento-esteves-colnago-assume-diretoria-na-cnseg\/#breadcrumb"},"inLanguage":"pt-BR","potentialAction":[{"@type":"ReadAction","target":["https:\/\/newblogs.correiobraziliense.com.br\/blog-da-rosana-hessel\/ex-ministro-do-planejamento-esteves-colnago-assume-diretoria-na-cnseg\/"]}]},{"@type":"ImageObject","inLanguage":"pt-BR","@id":"https:\/\/newblogs.correiobraziliense.com.br\/blog-da-rosana-hessel\/ex-ministro-do-planejamento-esteves-colnago-assume-diretoria-na-cnseg\/#primaryimage","url":"","contentUrl":""},{"@type":"BreadcrumbList","@id":"https:\/\/newblogs.correiobraziliense.com.br\/blog-da-rosana-hessel\/ex-ministro-do-planejamento-esteves-colnago-assume-diretoria-na-cnseg\/#breadcrumb","itemListElement":[{"@type":"ListItem","position":1,"name":"In\u00edcio","item":"https:\/\/newblogs.correiobraziliense.com.br\/blog-da-rosana-hessel\/"},{"@type":"ListItem","position":2,"name":"Ex-ministro do Planejamento Esteves Colnago assume diretoria na CNSeg"}]},{"@type":"WebSite","@id":"https:\/\/newblogs.correiobraziliense.com.br\/blog-da-rosana-hessel\/#website","url":"https:\/\/newblogs.correiobraziliense.com.br\/blog-da-rosana-hessel\/","name":"Blog da Rosana Hessel","description":"Not\u00edcias atualizadas e an\u00e1lises sobre economia. Acompanhe-nos para entender as tend\u00eancias e os impactos econ\u00f4micos que influenciam o seu dia a dia, tanto no Brasil quanto no exterior.","potentialAction":[{"@type":"SearchAction","target":{"@type":"EntryPoint","urlTemplate":"https:\/\/newblogs.correiobraziliense.com.br\/blog-da-rosana-hessel\/?s={search_term_string}"},"query-input":{"@type":"PropertyValueSpecification","valueRequired":true,"valueName":"search_term_string"}}],"inLanguage":"pt-BR"},{"@type":"Person","@id":"https:\/\/newblogs.correiobraziliense.com.br\/blog-da-rosana-hessel\/#\/schema\/person\/824cb3c631cf0d4056f75ca02599a930","name":"Rosana Hessel","image":{"@type":"ImageObject","inLanguage":"pt-BR","@id":"https:\/\/secure.gravatar.com\/avatar\/fe780cf1839cf10cd6d682fb080611e0d2a459b64be8a8781778109777fbcfd3?s=96&d=mm&r=g","url":"https:\/\/secure.gravatar.com\/avatar\/fe780cf1839cf10cd6d682fb080611e0d2a459b64be8a8781778109777fbcfd3?s=96&d=mm&r=g","contentUrl":"https:\/\/secure.gravatar.com\/avatar\/fe780cf1839cf10cd6d682fb080611e0d2a459b64be8a8781778109777fbcfd3?s=96&d=mm&r=g","caption":"Rosana Hessel"},"description":"Formada pela Pontif\u00edcia Universidade Cat\u00f3lica de S\u00e3o Paulo (PUC-SP), \u00e9 jornalista de economia desde 1995, quando passou a integrar o time da Gazeta Mercantil. Est\u00e1 sempre atr\u00e1s da boa informa\u00e7\u00e3o. Possui especializa\u00e7\u00e3o em economia pela FGV e MBA em Finan\u00e7as pela FIA-USP. Trabalha no Correio Braziliense desde 2010. Ganhou o Pr\u00eamio Esso de Jornalismo Econ\u00f4mico em 2014 e em 2015 com a equipe do Correio. Foi finalista entre os 50 jornalistas +Admirados da Imprensa de Economia, Neg\u00f3cios e Finan\u00e7as 2024, promovido pela Jornalistas&amp;Cia.","url":"https:\/\/newblogs.correiobraziliense.com.br\/blog-da-rosana-hessel\/author\/rosanahessel\/"}]}},"_links":{"self":[{"href":"https:\/\/newblogs.correiobraziliense.com.br\/blog-da-rosana-hessel\/wp-json\/wp\/v2\/posts\/28236","targetHints":{"allow":["GET"]}}],"collection":[{"href":"https:\/\/newblogs.correiobraziliense.com.br\/blog-da-rosana-hessel\/wp-json\/wp\/v2\/posts"}],"about":[{"href":"https:\/\/newblogs.correiobraziliense.com.br\/blog-da-rosana-hessel\/wp-json\/wp\/v2\/types\/post"}],"author":[{"embeddable":true,"href":"https:\/\/newblogs.correiobraziliense.com.br\/blog-da-rosana-hessel\/wp-json\/wp\/v2\/users\/10"}],"replies":[{"embeddable":true,"href":"https:\/\/newblogs.correiobraziliense.com.br\/blog-da-rosana-hessel\/wp-json\/wp\/v2\/comments?post=28236"}],"version-history":[{"count":0,"href":"https:\/\/newblogs.correiobraziliense.com.br\/blog-da-rosana-hessel\/wp-json\/wp\/v2\/posts\/28236\/revisions"}],"wp:featuredmedia":[{"embeddable":true,"href":"https:\/\/newblogs.correiobraziliense.com.br\/blog-da-rosana-hessel\/wp-json\/"}],"wp:attachment":[{"href":"https:\/\/newblogs.correiobraziliense.com.br\/blog-da-rosana-hessel\/wp-json\/wp\/v2\/media?parent=28236"}],"wp:term":[{"taxonomy":"category","embeddable":true,"href":"https:\/\/newblogs.correiobraziliense.com.br\/blog-da-rosana-hessel\/wp-json\/wp\/v2\/categories?post=28236"},{"taxonomy":"post_tag","embeddable":true,"href":"https:\/\/newblogs.correiobraziliense.com.br\/blog-da-rosana-hessel\/wp-json\/wp\/v2\/tags?post=28236"}],"curies":[{"name":"wp","href":"https:\/\/api.w.org\/{rel}","templated":true}]}}