{"id":89,"date":"2024-05-09T10:43:52","date_gmt":"2024-05-09T13:43:52","guid":{"rendered":"https:\/\/newblogs.correiobraziliense.com.br\/blocodenotas\/?p=89"},"modified":"2024-05-10T07:41:30","modified_gmt":"2024-05-10T10:41:30","slug":"a-glamourizacao-da-solidariedade","status":"publish","type":"post","link":"https:\/\/newblogs.correiobraziliense.com.br\/blocodenotas\/a-glamourizacao-da-solidariedade\/","title":{"rendered":"A glamouriza\u00e7\u00e3o da solidariedade"},"content":{"rendered":"\n\n\n\n\n<p>O brasileiro \u00e9 solid\u00e1rio por natureza. Ajudar o outro, custe o que custar, faz parte do nosso DNA. Quem tem pouco ajuda quem n\u00e3o tem nada. E quem n\u00e3o tem nada se endivida, se necess\u00e1rio, para ajudar tamb\u00e9m quem igualmente nada tem.<\/p>\n\n\n\n<p>Isso n\u00e3o \u00e9 de hoje. Nas trag\u00e9dias, que bom, essa caracter\u00edstica aflora. A vontade de fazer o bem vem \u00e0 tona mesmo, sem esfor\u00e7o. \u00c9 algo nosso. Todo mundo quer contribuir: pouco ou muito. S\u00e3o filas e mais filas que se formam pa\u00eds afora nesta semana para enviar ajuda ao povo do Rio Grande do Sul, tomado pela \u00e1gua.<\/p>\n\n\n\n<p>O que me provoca algum inc\u00f4modo nesta trag\u00e9dia da vez \u00e9 uma certa glamouriza\u00e7\u00e3o da solidariedade, o que representa uma ant\u00edtese do conceito de solidariedade.<\/p>\n\n\n\n<p>Entendo que numa sociedade quase 100% virtual, como a que estamos vivendo (e eu, particularmente, tenho dificuldade de me acostumar com isso), divulgar solidariedade pode incentivar mais solidariedade, criando uma corrente do bem, como dizemos geralmente. \u00d3timo.<\/p>\n\n\n\n<p>Mas da\u00ed a fazer v\u00eddeo e foto com tom de autovaloriza\u00e7\u00e3o por estar ajudando os outros me parece, digamos, demais. N\u00e3o quero ser &#8220;fiscal de solidariedade&#8221;. Longe disso. Que cada um seja livre para fazer o bem que entender e o que bem entender com o bem que faz.<\/p>\n\n\n\n<p>Por que, ent\u00e3o, fa\u00e7o esta anota\u00e7\u00e3o? Porque me parece que quem n\u00e3o est\u00e1 divulgando que est\u00e1 ajudando \u00e9 como se n\u00e3o estivesse ajudando. \u00c9 como se divulgar fosse mais importante do que ajudar em si. N\u00e3o faz sentido &#8212; pelo menos n\u00e3o na vida real.<\/p>\n","protected":false},"excerpt":{"rendered":"<p>A trag\u00e9dia no Rio Grande do Sul prova, mais uma vez, o nosso \u00edmpeto para fazer o bem, mesmo quando n\u00e3o divulgamos<\/p>\n","protected":false},"author":5,"featured_media":93,"comment_status":"closed","ping_status":"open","sticky":false,"template":"","format":"standard","meta":{"_acf_changed":false,"inline_featured_image":false,"footnotes":""},"categories":[2],"tags":[11,13,12,29,50],"class_list":["post-89","post","type-post","status-publish","format-standard","has-post-thumbnail","hentry","category-noticias","tag-bloco-de-notas","tag-correio-braziliense","tag-diego-amorim","tag-rio-grande-do-sul","tag-solidariedade"],"acf":[],"yoast_head":"<!-- This site is optimized with the Yoast SEO plugin v27.3 - https:\/\/yoast.com\/product\/yoast-seo-wordpress\/ -->\n<title>A glamouriza\u00e7\u00e3o da solidariedade | Bloco de notas<\/title>\n<meta name=\"description\" content=\"A trag\u00e9dia no Rio Grande do Sul prova, mais uma vez, o nosso \u00edmpeto para fazer o bem, mesmo quando n\u00e3o divulgamos\" \/>\n<meta name=\"robots\" content=\"index, follow, max-snippet:-1, max-image-preview:large, max-video-preview:-1\" \/>\n<link rel=\"canonical\" href=\"https:\/\/newblogs.correiobraziliense.com.br\/blocodenotas\/a-glamourizacao-da-solidariedade\/\" \/>\n<meta property=\"og:locale\" content=\"pt_BR\" \/>\n<meta property=\"og:type\" content=\"article\" \/>\n<meta property=\"og:title\" content=\"A glamouriza\u00e7\u00e3o da solidariedade | Bloco de notas\" \/>\n<meta property=\"og:description\" content=\"A trag\u00e9dia no Rio Grande do Sul prova, mais uma vez, o nosso \u00edmpeto para fazer o bem, mesmo quando n\u00e3o divulgamos\" \/>\n<meta property=\"og:url\" content=\"https:\/\/newblogs.correiobraziliense.com.br\/blocodenotas\/a-glamourizacao-da-solidariedade\/\" \/>\n<meta property=\"og:site_name\" content=\"Bloco de notas\" \/>\n<meta property=\"article:published_time\" content=\"2024-05-09T13:43:52+00:00\" \/>\n<meta property=\"article:modified_time\" content=\"2024-05-10T10:41:30+00:00\" \/>\n<meta property=\"og:image\" content=\"https:\/\/newblogs.correiobraziliense.com.br\/blocodenotas\/wp-content\/uploads\/sites\/3\/2024\/05\/d331287c-aa96-4080-8949-916095bc9676.jpg\" \/>\n\t<meta property=\"og:image:width\" content=\"2047\" \/>\n\t<meta property=\"og:image:height\" content=\"1365\" \/>\n\t<meta property=\"og:image:type\" content=\"image\/jpeg\" \/>\n<meta name=\"author\" content=\"Diego Amorim\" \/>\n<!-- \/ Yoast SEO plugin. -->","yoast_head_json":{"title":"A glamouriza\u00e7\u00e3o da solidariedade | Bloco de notas","description":"A trag\u00e9dia no Rio Grande do Sul prova, mais uma vez, o nosso \u00edmpeto para fazer o bem, mesmo quando n\u00e3o divulgamos","robots":{"index":"index","follow":"follow","max-snippet":"max-snippet:-1","max-image-preview":"max-image-preview:large","max-video-preview":"max-video-preview:-1"},"canonical":"https:\/\/newblogs.correiobraziliense.com.br\/blocodenotas\/a-glamourizacao-da-solidariedade\/","og_locale":"pt_BR","og_type":"article","og_title":"A glamouriza\u00e7\u00e3o da solidariedade | Bloco de notas","og_description":"A trag\u00e9dia no Rio Grande do Sul prova, mais uma vez, o nosso \u00edmpeto para fazer o bem, mesmo quando n\u00e3o divulgamos","og_url":"https:\/\/newblogs.correiobraziliense.com.br\/blocodenotas\/a-glamourizacao-da-solidariedade\/","og_site_name":"Bloco de notas","article_published_time":"2024-05-09T13:43:52+00:00","article_modified_time":"2024-05-10T10:41:30+00:00","og_image":[{"width":2047,"height":1365,"url":"https:\/\/newblogs.correiobraziliense.com.br\/blocodenotas\/wp-content\/uploads\/sites\/3\/2024\/05\/d331287c-aa96-4080-8949-916095bc9676.jpg","type":"image\/jpeg"}],"author":"Diego Amorim","schema":{"@context":"https:\/\/schema.org","@graph":[{"@type":"NewsArticle","@id":"https:\/\/newblogs.correiobraziliense.com.br\/blocodenotas\/a-glamourizacao-da-solidariedade\/#article","isPartOf":{"@id":"https:\/\/newblogs.correiobraziliense.com.br\/blocodenotas\/a-glamourizacao-da-solidariedade\/"},"author":{"name":"Diego Amorim","@id":"https:\/\/newblogs.correiobraziliense.com.br\/blocodenotas\/#\/schema\/person\/a0fff7bd726973b92d5492e165bc4dde"},"headline":"A glamouriza\u00e7\u00e3o da solidariedade","datePublished":"2024-05-09T13:43:52+00:00","dateModified":"2024-05-10T10:41:30+00:00","mainEntityOfPage":{"@id":"https:\/\/newblogs.correiobraziliense.com.br\/blocodenotas\/a-glamourizacao-da-solidariedade\/"},"wordCount":279,"image":{"@id":"https:\/\/newblogs.correiobraziliense.com.br\/blocodenotas\/a-glamourizacao-da-solidariedade\/#primaryimage"},"thumbnailUrl":"https:\/\/newblogs.correiobraziliense.com.br\/blocodenotas\/wp-content\/uploads\/sites\/3\/2024\/05\/d331287c-aa96-4080-8949-916095bc9676.jpg","keywords":["Bloco de Notas","Correio Braziliense","Diego Amorim","Rio Grande do Sul","solidariedade"],"articleSection":["Not\u00edcias"],"inLanguage":"pt-BR"},{"@type":"WebPage","@id":"https:\/\/newblogs.correiobraziliense.com.br\/blocodenotas\/a-glamourizacao-da-solidariedade\/","url":"https:\/\/newblogs.correiobraziliense.com.br\/blocodenotas\/a-glamourizacao-da-solidariedade\/","name":"A glamouriza\u00e7\u00e3o da solidariedade | Bloco de notas","isPartOf":{"@id":"https:\/\/newblogs.correiobraziliense.com.br\/blocodenotas\/#website"},"primaryImageOfPage":{"@id":"https:\/\/newblogs.correiobraziliense.com.br\/blocodenotas\/a-glamourizacao-da-solidariedade\/#primaryimage"},"image":{"@id":"https:\/\/newblogs.correiobraziliense.com.br\/blocodenotas\/a-glamourizacao-da-solidariedade\/#primaryimage"},"thumbnailUrl":"https:\/\/newblogs.correiobraziliense.com.br\/blocodenotas\/wp-content\/uploads\/sites\/3\/2024\/05\/d331287c-aa96-4080-8949-916095bc9676.jpg","datePublished":"2024-05-09T13:43:52+00:00","dateModified":"2024-05-10T10:41:30+00:00","author":{"@id":"https:\/\/newblogs.correiobraziliense.com.br\/blocodenotas\/#\/schema\/person\/a0fff7bd726973b92d5492e165bc4dde"},"description":"A trag\u00e9dia no Rio Grande do Sul prova, mais uma vez, o nosso \u00edmpeto para fazer o bem, mesmo quando n\u00e3o divulgamos","breadcrumb":{"@id":"https:\/\/newblogs.correiobraziliense.com.br\/blocodenotas\/a-glamourizacao-da-solidariedade\/#breadcrumb"},"inLanguage":"pt-BR","potentialAction":[{"@type":"ReadAction","target":["https:\/\/newblogs.correiobraziliense.com.br\/blocodenotas\/a-glamourizacao-da-solidariedade\/"]}]},{"@type":"ImageObject","inLanguage":"pt-BR","@id":"https:\/\/newblogs.correiobraziliense.com.br\/blocodenotas\/a-glamourizacao-da-solidariedade\/#primaryimage","url":"https:\/\/newblogs.correiobraziliense.com.br\/blocodenotas\/wp-content\/uploads\/sites\/3\/2024\/05\/d331287c-aa96-4080-8949-916095bc9676.jpg","contentUrl":"https:\/\/newblogs.correiobraziliense.com.br\/blocodenotas\/wp-content\/uploads\/sites\/3\/2024\/05\/d331287c-aa96-4080-8949-916095bc9676.jpg","width":2047,"height":1365,"caption":"Jo\u00e9dson Alves\/Ag\u00eancia Brasil"},{"@type":"BreadcrumbList","@id":"https:\/\/newblogs.correiobraziliense.com.br\/blocodenotas\/a-glamourizacao-da-solidariedade\/#breadcrumb","itemListElement":[{"@type":"ListItem","position":1,"name":"In\u00edcio","item":"https:\/\/newblogs.correiobraziliense.com.br\/blocodenotas\/"},{"@type":"ListItem","position":2,"name":"Not\u00edcias","item":"https:\/\/newblogs.correiobraziliense.com.br\/blocodenotas\/noticias\/"},{"@type":"ListItem","position":3,"name":"A glamouriza\u00e7\u00e3o da solidariedade"}]},{"@type":"WebSite","@id":"https:\/\/newblogs.correiobraziliense.com.br\/blocodenotas\/#website","url":"https:\/\/newblogs.correiobraziliense.com.br\/blocodenotas\/","name":"Bloco de notas","description":"Este espa\u00e7o ser\u00e1, a partir de hoje, o meu bloco de notas compartilhado com voc\u00ea. E, assim, poder\u00e1 ser tamb\u00e9m o seu bloco de notas. Vou dividir e organizar com voc\u00ea minhas anota\u00e7\u00f5es sobre os fatos da pol\u00edtica, da economia, da vida.","potentialAction":[{"@type":"SearchAction","target":{"@type":"EntryPoint","urlTemplate":"https:\/\/newblogs.correiobraziliense.com.br\/blocodenotas\/?s={search_term_string}"},"query-input":{"@type":"PropertyValueSpecification","valueRequired":true,"valueName":"search_term_string"}}],"inLanguage":"pt-BR"},{"@type":"Person","@id":"https:\/\/newblogs.correiobraziliense.com.br\/blocodenotas\/#\/schema\/person\/a0fff7bd726973b92d5492e165bc4dde","name":"Diego Amorim","image":{"@type":"ImageObject","inLanguage":"pt-BR","@id":"https:\/\/secure.gravatar.com\/avatar\/149eb8ed1dc6e36ec770263cc2075b004439befcd6b992ea240dcafb217cc5bf?s=96&d=mm&r=g","url":"https:\/\/secure.gravatar.com\/avatar\/149eb8ed1dc6e36ec770263cc2075b004439befcd6b992ea240dcafb217cc5bf?s=96&d=mm&r=g","contentUrl":"https:\/\/secure.gravatar.com\/avatar\/149eb8ed1dc6e36ec770263cc2075b004439befcd6b992ea240dcafb217cc5bf?s=96&d=mm&r=g","caption":"Diego Amorim"},"description":"Diego Amorim \u00e9 um dos jornalistas mais premiados de Bras\u00edlia. Com carreira no Correio Braziliense e passagens por ve\u00edculos como Blog do Noblat e O Antagonista, atualmente \u00e9 diretor-executivo e \u00e2ncora da Novabrasil FM na capital federal.","url":"https:\/\/newblogs.correiobraziliense.com.br\/blocodenotas\/author\/diegoamorim\/"}]}},"_links":{"self":[{"href":"https:\/\/newblogs.correiobraziliense.com.br\/blocodenotas\/wp-json\/wp\/v2\/posts\/89","targetHints":{"allow":["GET"]}}],"collection":[{"href":"https:\/\/newblogs.correiobraziliense.com.br\/blocodenotas\/wp-json\/wp\/v2\/posts"}],"about":[{"href":"https:\/\/newblogs.correiobraziliense.com.br\/blocodenotas\/wp-json\/wp\/v2\/types\/post"}],"author":[{"embeddable":true,"href":"https:\/\/newblogs.correiobraziliense.com.br\/blocodenotas\/wp-json\/wp\/v2\/users\/5"}],"replies":[{"embeddable":true,"href":"https:\/\/newblogs.correiobraziliense.com.br\/blocodenotas\/wp-json\/wp\/v2\/comments?post=89"}],"version-history":[{"count":2,"href":"https:\/\/newblogs.correiobraziliense.com.br\/blocodenotas\/wp-json\/wp\/v2\/posts\/89\/revisions"}],"predecessor-version":[{"id":92,"href":"https:\/\/newblogs.correiobraziliense.com.br\/blocodenotas\/wp-json\/wp\/v2\/posts\/89\/revisions\/92"}],"wp:featuredmedia":[{"embeddable":true,"href":"https:\/\/newblogs.correiobraziliense.com.br\/blocodenotas\/wp-json\/wp\/v2\/media\/93"}],"wp:attachment":[{"href":"https:\/\/newblogs.correiobraziliense.com.br\/blocodenotas\/wp-json\/wp\/v2\/media?parent=89"}],"wp:term":[{"taxonomy":"category","embeddable":true,"href":"https:\/\/newblogs.correiobraziliense.com.br\/blocodenotas\/wp-json\/wp\/v2\/categories?post=89"},{"taxonomy":"post_tag","embeddable":true,"href":"https:\/\/newblogs.correiobraziliense.com.br\/blocodenotas\/wp-json\/wp\/v2\/tags?post=89"}],"curies":[{"name":"wp","href":"https:\/\/api.w.org\/{rel}","templated":true}]}}