{"id":87,"date":"2024-05-08T11:40:04","date_gmt":"2024-05-08T14:40:04","guid":{"rendered":"https:\/\/newblogs.correiobraziliense.com.br\/blocodenotas\/?p=87"},"modified":"2024-05-10T07:50:09","modified_gmt":"2024-05-10T10:50:09","slug":"forca-nacional-nao-muda-carater","status":"publish","type":"post","link":"https:\/\/newblogs.correiobraziliense.com.br\/blocodenotas\/forca-nacional-nao-muda-carater\/","title":{"rendered":"For\u00e7a Nacional n\u00e3o muda car\u00e1ter"},"content":{"rendered":"\n\n\n\n\n<p>A cada trag\u00e9dia no Brasil precisamos conviver com um mix de sentimentos: \u00e9 medo, raiva, frustra\u00e7\u00e3o, esperan\u00e7a, indigna\u00e7\u00e3o, perplexidade, tudo junto e misturado.<\/p>\n\n\n\n<p>Ao mesmo tempo em que constatamos a for\u00e7a da solidariedade do povo brasileiro e a nossa capacidade de uni\u00e3o, precisamos nos deparar, de novo e sempre, com situa\u00e7\u00f5es como golpes e saques &#8212; ainda (repito: ainda) n\u00e3o come\u00e7aram a surgir as den\u00fancias de desvios de dinheiro p\u00fablico.<\/p>\n\n\n\n<p>\u00c9 muita perversidade para algu\u00e9m conseguir fazer o mal em um momento como este. A For\u00e7a Nacional foi acionada para tentar garantir o m\u00ednimo de seguran\u00e7a no Rio Grande do Sul, estado completamente tomado pela \u00e1gua. Mas nenhuma for\u00e7a de seguran\u00e7a, por mais eficiente que seja, conseguir\u00e1 mudar car\u00e1ter.<\/p>\n\n\n\n<p>Deixe estar: que a \u00e1gua abaixe e os ratos fiquem expostos.<\/p>\n","protected":false},"excerpt":{"rendered":"<p>Ao todo, 400 agentes ser\u00e3o enviados para refor\u00e7ar a seguran\u00e7a no Rio Grande do Sul<\/p>\n","protected":false},"author":5,"featured_media":94,"comment_status":"closed","ping_status":"open","sticky":false,"template":"","format":"standard","meta":{"_acf_changed":false,"inline_featured_image":false,"footnotes":""},"categories":[2],"tags":[11,13,12,49,29],"class_list":["post-87","post","type-post","status-publish","format-standard","has-post-thumbnail","hentry","category-noticias","tag-bloco-de-notas","tag-correio-braziliense","tag-diego-amorim","tag-forca-nacional","tag-rio-grande-do-sul"],"acf":[],"yoast_head":"<!-- This site is optimized with the Yoast SEO plugin v27.3 - https:\/\/yoast.com\/product\/yoast-seo-wordpress\/ -->\n<title>For\u00e7a Nacional n\u00e3o muda car\u00e1ter | Bloco de notas<\/title>\n<meta name=\"description\" content=\"Ao todo, 400 agentes ser\u00e3o enviados para refor\u00e7ar a seguran\u00e7a no Rio Grande do Sul\" \/>\n<meta name=\"robots\" content=\"index, follow, max-snippet:-1, max-image-preview:large, max-video-preview:-1\" \/>\n<link rel=\"canonical\" href=\"https:\/\/newblogs.correiobraziliense.com.br\/blocodenotas\/forca-nacional-nao-muda-carater\/\" \/>\n<meta property=\"og:locale\" content=\"pt_BR\" \/>\n<meta property=\"og:type\" content=\"article\" \/>\n<meta property=\"og:title\" content=\"For\u00e7a Nacional n\u00e3o muda car\u00e1ter | Bloco de notas\" \/>\n<meta property=\"og:description\" content=\"Ao todo, 400 agentes ser\u00e3o enviados para refor\u00e7ar a seguran\u00e7a no Rio Grande do Sul\" \/>\n<meta property=\"og:url\" content=\"https:\/\/newblogs.correiobraziliense.com.br\/blocodenotas\/forca-nacional-nao-muda-carater\/\" \/>\n<meta property=\"og:site_name\" content=\"Bloco de notas\" \/>\n<meta property=\"article:published_time\" content=\"2024-05-08T14:40:04+00:00\" \/>\n<meta property=\"article:modified_time\" content=\"2024-05-10T10:50:09+00:00\" \/>\n<meta property=\"og:image\" content=\"https:\/\/newblogs.correiobraziliense.com.br\/blocodenotas\/wp-content\/uploads\/sites\/3\/2024\/05\/c20535aa-ed3b-4eec-8546-e6abae84b117.jpg\" \/>\n\t<meta property=\"og:image:width\" content=\"2048\" \/>\n\t<meta property=\"og:image:height\" content=\"1366\" \/>\n\t<meta property=\"og:image:type\" content=\"image\/jpeg\" \/>\n<meta name=\"author\" content=\"Diego Amorim\" \/>\n<!-- \/ Yoast SEO plugin. -->","yoast_head_json":{"title":"For\u00e7a Nacional n\u00e3o muda car\u00e1ter | Bloco de notas","description":"Ao todo, 400 agentes ser\u00e3o enviados para refor\u00e7ar a seguran\u00e7a no Rio Grande do Sul","robots":{"index":"index","follow":"follow","max-snippet":"max-snippet:-1","max-image-preview":"max-image-preview:large","max-video-preview":"max-video-preview:-1"},"canonical":"https:\/\/newblogs.correiobraziliense.com.br\/blocodenotas\/forca-nacional-nao-muda-carater\/","og_locale":"pt_BR","og_type":"article","og_title":"For\u00e7a Nacional n\u00e3o muda car\u00e1ter | Bloco de notas","og_description":"Ao todo, 400 agentes ser\u00e3o enviados para refor\u00e7ar a seguran\u00e7a no Rio Grande do Sul","og_url":"https:\/\/newblogs.correiobraziliense.com.br\/blocodenotas\/forca-nacional-nao-muda-carater\/","og_site_name":"Bloco de notas","article_published_time":"2024-05-08T14:40:04+00:00","article_modified_time":"2024-05-10T10:50:09+00:00","og_image":[{"width":2048,"height":1366,"url":"https:\/\/newblogs.correiobraziliense.com.br\/blocodenotas\/wp-content\/uploads\/sites\/3\/2024\/05\/c20535aa-ed3b-4eec-8546-e6abae84b117.jpg","type":"image\/jpeg"}],"author":"Diego Amorim","schema":{"@context":"https:\/\/schema.org","@graph":[{"@type":"NewsArticle","@id":"https:\/\/newblogs.correiobraziliense.com.br\/blocodenotas\/forca-nacional-nao-muda-carater\/#article","isPartOf":{"@id":"https:\/\/newblogs.correiobraziliense.com.br\/blocodenotas\/forca-nacional-nao-muda-carater\/"},"author":{"name":"Diego Amorim","@id":"https:\/\/newblogs.correiobraziliense.com.br\/blocodenotas\/#\/schema\/person\/a0fff7bd726973b92d5492e165bc4dde"},"headline":"For\u00e7a Nacional n\u00e3o muda car\u00e1ter","datePublished":"2024-05-08T14:40:04+00:00","dateModified":"2024-05-10T10:50:09+00:00","mainEntityOfPage":{"@id":"https:\/\/newblogs.correiobraziliense.com.br\/blocodenotas\/forca-nacional-nao-muda-carater\/"},"wordCount":154,"image":{"@id":"https:\/\/newblogs.correiobraziliense.com.br\/blocodenotas\/forca-nacional-nao-muda-carater\/#primaryimage"},"thumbnailUrl":"https:\/\/newblogs.correiobraziliense.com.br\/blocodenotas\/wp-content\/uploads\/sites\/3\/2024\/05\/c20535aa-ed3b-4eec-8546-e6abae84b117.jpg","keywords":["Bloco de Notas","Correio Braziliense","Diego Amorim","For\u00e7a Nacional","Rio Grande do Sul"],"articleSection":["Not\u00edcias"],"inLanguage":"pt-BR"},{"@type":"WebPage","@id":"https:\/\/newblogs.correiobraziliense.com.br\/blocodenotas\/forca-nacional-nao-muda-carater\/","url":"https:\/\/newblogs.correiobraziliense.com.br\/blocodenotas\/forca-nacional-nao-muda-carater\/","name":"For\u00e7a Nacional n\u00e3o muda car\u00e1ter | Bloco de notas","isPartOf":{"@id":"https:\/\/newblogs.correiobraziliense.com.br\/blocodenotas\/#website"},"primaryImageOfPage":{"@id":"https:\/\/newblogs.correiobraziliense.com.br\/blocodenotas\/forca-nacional-nao-muda-carater\/#primaryimage"},"image":{"@id":"https:\/\/newblogs.correiobraziliense.com.br\/blocodenotas\/forca-nacional-nao-muda-carater\/#primaryimage"},"thumbnailUrl":"https:\/\/newblogs.correiobraziliense.com.br\/blocodenotas\/wp-content\/uploads\/sites\/3\/2024\/05\/c20535aa-ed3b-4eec-8546-e6abae84b117.jpg","datePublished":"2024-05-08T14:40:04+00:00","dateModified":"2024-05-10T10:50:09+00:00","author":{"@id":"https:\/\/newblogs.correiobraziliense.com.br\/blocodenotas\/#\/schema\/person\/a0fff7bd726973b92d5492e165bc4dde"},"description":"Ao todo, 400 agentes ser\u00e3o enviados para refor\u00e7ar a seguran\u00e7a no Rio Grande do Sul","breadcrumb":{"@id":"https:\/\/newblogs.correiobraziliense.com.br\/blocodenotas\/forca-nacional-nao-muda-carater\/#breadcrumb"},"inLanguage":"pt-BR","potentialAction":[{"@type":"ReadAction","target":["https:\/\/newblogs.correiobraziliense.com.br\/blocodenotas\/forca-nacional-nao-muda-carater\/"]}]},{"@type":"ImageObject","inLanguage":"pt-BR","@id":"https:\/\/newblogs.correiobraziliense.com.br\/blocodenotas\/forca-nacional-nao-muda-carater\/#primaryimage","url":"https:\/\/newblogs.correiobraziliense.com.br\/blocodenotas\/wp-content\/uploads\/sites\/3\/2024\/05\/c20535aa-ed3b-4eec-8546-e6abae84b117.jpg","contentUrl":"https:\/\/newblogs.correiobraziliense.com.br\/blocodenotas\/wp-content\/uploads\/sites\/3\/2024\/05\/c20535aa-ed3b-4eec-8546-e6abae84b117.jpg","width":2048,"height":1366,"caption":"Gustavo Mansur\/Pal\u00e1cio Piratini"},{"@type":"BreadcrumbList","@id":"https:\/\/newblogs.correiobraziliense.com.br\/blocodenotas\/forca-nacional-nao-muda-carater\/#breadcrumb","itemListElement":[{"@type":"ListItem","position":1,"name":"In\u00edcio","item":"https:\/\/newblogs.correiobraziliense.com.br\/blocodenotas\/"},{"@type":"ListItem","position":2,"name":"Not\u00edcias","item":"https:\/\/newblogs.correiobraziliense.com.br\/blocodenotas\/noticias\/"},{"@type":"ListItem","position":3,"name":"For\u00e7a Nacional n\u00e3o muda car\u00e1ter"}]},{"@type":"WebSite","@id":"https:\/\/newblogs.correiobraziliense.com.br\/blocodenotas\/#website","url":"https:\/\/newblogs.correiobraziliense.com.br\/blocodenotas\/","name":"Bloco de notas","description":"Este espa\u00e7o ser\u00e1, a partir de hoje, o meu bloco de notas compartilhado com voc\u00ea. E, assim, poder\u00e1 ser tamb\u00e9m o seu bloco de notas. Vou dividir e organizar com voc\u00ea minhas anota\u00e7\u00f5es sobre os fatos da pol\u00edtica, da economia, da vida.","potentialAction":[{"@type":"SearchAction","target":{"@type":"EntryPoint","urlTemplate":"https:\/\/newblogs.correiobraziliense.com.br\/blocodenotas\/?s={search_term_string}"},"query-input":{"@type":"PropertyValueSpecification","valueRequired":true,"valueName":"search_term_string"}}],"inLanguage":"pt-BR"},{"@type":"Person","@id":"https:\/\/newblogs.correiobraziliense.com.br\/blocodenotas\/#\/schema\/person\/a0fff7bd726973b92d5492e165bc4dde","name":"Diego Amorim","image":{"@type":"ImageObject","inLanguage":"pt-BR","@id":"https:\/\/secure.gravatar.com\/avatar\/149eb8ed1dc6e36ec770263cc2075b004439befcd6b992ea240dcafb217cc5bf?s=96&d=mm&r=g","url":"https:\/\/secure.gravatar.com\/avatar\/149eb8ed1dc6e36ec770263cc2075b004439befcd6b992ea240dcafb217cc5bf?s=96&d=mm&r=g","contentUrl":"https:\/\/secure.gravatar.com\/avatar\/149eb8ed1dc6e36ec770263cc2075b004439befcd6b992ea240dcafb217cc5bf?s=96&d=mm&r=g","caption":"Diego Amorim"},"description":"Diego Amorim \u00e9 um dos jornalistas mais premiados de Bras\u00edlia. Com carreira no Correio Braziliense e passagens por ve\u00edculos como Blog do Noblat e O Antagonista, atualmente \u00e9 diretor-executivo e \u00e2ncora da Novabrasil FM na capital federal.","url":"https:\/\/newblogs.correiobraziliense.com.br\/blocodenotas\/author\/diegoamorim\/"}]}},"_links":{"self":[{"href":"https:\/\/newblogs.correiobraziliense.com.br\/blocodenotas\/wp-json\/wp\/v2\/posts\/87","targetHints":{"allow":["GET"]}}],"collection":[{"href":"https:\/\/newblogs.correiobraziliense.com.br\/blocodenotas\/wp-json\/wp\/v2\/posts"}],"about":[{"href":"https:\/\/newblogs.correiobraziliense.com.br\/blocodenotas\/wp-json\/wp\/v2\/types\/post"}],"author":[{"embeddable":true,"href":"https:\/\/newblogs.correiobraziliense.com.br\/blocodenotas\/wp-json\/wp\/v2\/users\/5"}],"replies":[{"embeddable":true,"href":"https:\/\/newblogs.correiobraziliense.com.br\/blocodenotas\/wp-json\/wp\/v2\/comments?post=87"}],"version-history":[{"count":1,"href":"https:\/\/newblogs.correiobraziliense.com.br\/blocodenotas\/wp-json\/wp\/v2\/posts\/87\/revisions"}],"predecessor-version":[{"id":88,"href":"https:\/\/newblogs.correiobraziliense.com.br\/blocodenotas\/wp-json\/wp\/v2\/posts\/87\/revisions\/88"}],"wp:featuredmedia":[{"embeddable":true,"href":"https:\/\/newblogs.correiobraziliense.com.br\/blocodenotas\/wp-json\/wp\/v2\/media\/94"}],"wp:attachment":[{"href":"https:\/\/newblogs.correiobraziliense.com.br\/blocodenotas\/wp-json\/wp\/v2\/media?parent=87"}],"wp:term":[{"taxonomy":"category","embeddable":true,"href":"https:\/\/newblogs.correiobraziliense.com.br\/blocodenotas\/wp-json\/wp\/v2\/categories?post=87"},{"taxonomy":"post_tag","embeddable":true,"href":"https:\/\/newblogs.correiobraziliense.com.br\/blocodenotas\/wp-json\/wp\/v2\/tags?post=87"}],"curies":[{"name":"wp","href":"https:\/\/api.w.org\/{rel}","templated":true}]}}