{"id":591,"date":"2025-05-22T19:59:14","date_gmt":"2025-05-22T22:59:14","guid":{"rendered":"https:\/\/newblogs.correiobraziliense.com.br\/blocodenotas\/?p=591"},"modified":"2025-05-22T19:59:15","modified_gmt":"2025-05-22T22:59:15","slug":"marina-silva-voz-solitaria-no-debate-sobre-licenciamento-ambiental","status":"publish","type":"post","link":"https:\/\/newblogs.correiobraziliense.com.br\/blocodenotas\/marina-silva-voz-solitaria-no-debate-sobre-licenciamento-ambiental\/","title":{"rendered":"Marina Silva, voz solit\u00e1ria no debate sobre licenciamento ambiental"},"content":{"rendered":"\n<p>A ministra do Meio Ambiente e Mudan\u00e7a de Clima, Marina Silva, foi a \u00fanica representante do governo Lula a comentar publicamente a aprova\u00e7\u00e3o do Projeto de Lei 2159, que estabelece novas regras para licenciamento ambiental no Brasil. Marina Silva classificou a vota\u00e7\u00e3o no Senado Federal como um \u201cgolpe de morte\u201d nas pol\u00edticas de salvaguarda ambiental. Para os ambientalistas, o texto aprovado pelos senadores deve ser rotulado de &#8220;PL da Devasta\u00e7\u00e3o&#8221;, ou &#8220;a m\u00e3e de todas as boiadas&#8221;.<\/p>\n\n\n\n<p>A proposta foi aprovada pelo plen\u00e1rio do Senado em vota\u00e7\u00e3o acachapante \u2014 foram 54 votos favor\u00e1veis e 13 contr\u00e1rios. Teve tramita\u00e7\u00e3o fulminante nas comiss\u00f5es de Meio Ambiente e de Agricultura, com vota\u00e7\u00f5es simb\u00f3licas. O PL segue para an\u00e1lise na C\u00e2mara dos Deputados, onde dificilmente sofrer\u00e1 altera\u00e7\u00f5es relevantes.  <\/p>\n\n\n\n<p>Marina Silva criticou duramente a proposta aprovada no Senado, al\u00e9m de se manifestar nas redes sociais.  \u201cN\u00e3o podemos retroceder nem um cent\u00edmetro nas agendas que o Brasil j\u00e1 avan\u00e7ou, inclusive no licenciamento ambiental, que agora sofreu um golpe de morte no Congresso Nacional\u201d, afirmou. Para quem n\u00e3o admite um cent\u00edmetro de recuo em defesa da sustentabilidade, o PL representa um retrocesso quilom\u00e9trico.<\/p>\n\n\n\n<p>Na outra ponta do debate, parlamentares como a senadora Tereza Cristina (PP-MS) comemoraram a aprova\u00e7\u00e3o do projeto de lei. Uma das articuladoras para a aprova\u00e7\u00e3o do PL 2159 sustenta que o Congresso deu uma contribui\u00e7\u00e3o relevante. &#8220;Eu tenho certeza que isso trar\u00e1 grandes avan\u00e7os, sem fragilizar o meio ambiente&#8221;, disse. Segundo ela, a expectativa \u00e9 que a C\u00e2mara vote a proposta &#8220;rapidamente&#8221;. <\/p>\n\n\n\n<p>Est\u00e1 evidente que Executivo e Legislativo falam l\u00ednguas diferentes nesse debate sobre licenciamento. Enquanto a ministra denuncia um &#8220;golpe de morte&#8221; contra as medidas de preven\u00e7\u00e3o ambiental, parlamentares garantem que est\u00e3o modernizando a legisla\u00e7\u00e3o sobre as autoriza\u00e7\u00f5es para empreendimentos p\u00fablicos e privados. <\/p>\n\n\n\n<p>Nessa polariza\u00e7\u00e3o, o governo Lula tem um posicionamento amb\u00edguo. V\u00e1rios integrantes da Esplanada s\u00e3o favor\u00e1veis a medidas que diminuam barreiras a projetos de grande porte, como a explora\u00e7\u00e3o de petr\u00f3leo na Margem Equatorial. O pr\u00f3prio presidente Lula j\u00e1 reclamou do &#8220;lenga-lenga&#8221; em rela\u00e7\u00e3o a esse projeto defendido pela Petrobras, por ministros e por parlamentares. Registre-se, ainda, que Pal\u00e1cio do Planalto n\u00e3o est\u00e1 interessado \u2014 e nem teria meios para isso \u2014 em prejudicar o bom relacionamento com o presidente do Congresso, senador Davi Alcolumbre (Uni\u00e3o-AP).<\/p>\n\n\n\n<p>Tudo isso acontece no ano em que o Brasil ser\u00e1 o anfitri\u00e3o de uma reuni\u00e3o de c\u00fapula ambiental. Ser\u00e1 preciso ver o malabarismo ret\u00f3rico para justificar tamanha contradi\u00e7\u00e3o.<\/p>\n\n\n\n<p>Para saber de outras not\u00edcias e an\u00e1lises, clique abaixo na nossa edi\u00e7\u00e3o do Bloco de Notas. <\/p>\n\n\n\n<figure class=\"wp-block-embed is-type-video is-provider-youtube wp-block-embed-youtube wp-embed-aspect-16-9 wp-has-aspect-ratio\"><div class=\"wp-block-embed__wrapper\">\n<iframe loading=\"lazy\" title=\"\ud83d\udd34 PL DAS LICEN\u00c7AS AMBIENTAIS \u00c9 APROVADO NO SENADO: &#039;UM GOLPE DE MORTE&#039;, DIZ MARINA | BLOCO DE NOTAS\" width=\"640\" height=\"360\" src=\"https:\/\/www.youtube.com\/embed\/9ZKnsw5Zl2k?feature=oembed\" frameborder=\"0\" allow=\"accelerometer; autoplay; clipboard-write; encrypted-media; gyroscope; picture-in-picture; web-share\" referrerpolicy=\"strict-origin-when-cross-origin\" allowfullscreen><\/iframe>\n<\/div><\/figure>\n\n\n\n\n","protected":false},"excerpt":{"rendered":"<p>Ao qualificar o PL 2159 de &#8220;golpe de morte&#8221; contra as pol\u00edticas de licenciamento, a ministra se isola na queda de bra\u00e7o contra poderosos lobbies pol\u00edticos e econ\u00f4micos em Bras\u00edlia. Explora\u00e7\u00e3o na Margem Equatorial est\u00e1 mais pr\u00f3xima <\/p>\n","protected":false},"author":21,"featured_media":592,"comment_status":"closed","ping_status":"open","sticky":false,"template":"","format":"standard","meta":{"_acf_changed":false,"inline_featured_image":false,"footnotes":""},"categories":[2],"tags":[11,323,13,312,77,133,182,343,338],"class_list":["post-591","post","type-post","status-publish","format-standard","has-post-thumbnail","hentry","category-noticias","tag-bloco-de-notas","tag-carlos-alexandre","tag-correio-braziliense","tag-davi-alcolumbre","tag-governo-lula","tag-marina-silva","tag-meio-ambiente","tag-pl-2159","tag-pl-da-devastacao"],"acf":[],"yoast_head":"<!-- This site is optimized with the Yoast SEO plugin v27.3 - https:\/\/yoast.com\/product\/yoast-seo-wordpress\/ -->\n<title>Marina Silva, voz solit\u00e1ria no debate sobre licenciamento ambiental | Bloco de notas<\/title>\n<meta name=\"description\" content=\"Ao qualificar o PL 2159 de &quot;golpe de morte&quot; contra as pol\u00edticas de licenciamento, a ministra se isola na queda de bra\u00e7o contra poderosos lobbies pol\u00edticos e econ\u00f4micos em Bras\u00edlia. Explora\u00e7\u00e3o na Margem Equatorial est\u00e1 mais pr\u00f3xima\" \/>\n<meta name=\"robots\" content=\"index, follow, max-snippet:-1, max-image-preview:large, max-video-preview:-1\" \/>\n<link rel=\"canonical\" href=\"https:\/\/newblogs.correiobraziliense.com.br\/blocodenotas\/marina-silva-voz-solitaria-no-debate-sobre-licenciamento-ambiental\/\" \/>\n<meta property=\"og:locale\" content=\"pt_BR\" \/>\n<meta property=\"og:type\" content=\"article\" \/>\n<meta property=\"og:title\" content=\"Marina Silva, voz solit\u00e1ria no debate sobre licenciamento ambiental | Bloco de notas\" \/>\n<meta property=\"og:description\" content=\"Ao qualificar o PL 2159 de &quot;golpe de morte&quot; contra as pol\u00edticas de licenciamento, a ministra se isola na queda de bra\u00e7o contra poderosos lobbies pol\u00edticos e econ\u00f4micos em Bras\u00edlia. Explora\u00e7\u00e3o na Margem Equatorial est\u00e1 mais pr\u00f3xima\" \/>\n<meta property=\"og:url\" content=\"https:\/\/newblogs.correiobraziliense.com.br\/blocodenotas\/marina-silva-voz-solitaria-no-debate-sobre-licenciamento-ambiental\/\" \/>\n<meta property=\"og:site_name\" content=\"Bloco de notas\" \/>\n<meta property=\"article:published_time\" content=\"2025-05-22T22:59:14+00:00\" \/>\n<meta property=\"article:modified_time\" content=\"2025-05-22T22:59:15+00:00\" \/>\n<meta property=\"og:image\" content=\"https:\/\/newblogs.correiobraziliense.com.br\/blocodenotas\/wp-content\/uploads\/sites\/3\/2025\/05\/Marina-Silva.webp\" \/>\n\t<meta property=\"og:image:width\" content=\"1024\" \/>\n\t<meta property=\"og:image:height\" content=\"768\" \/>\n\t<meta property=\"og:image:type\" content=\"image\/webp\" \/>\n<meta name=\"author\" content=\"Carlos Alexandre\" \/>\n<!-- \/ Yoast SEO plugin. -->","yoast_head_json":{"title":"Marina Silva, voz solit\u00e1ria no debate sobre licenciamento ambiental | Bloco de notas","description":"Ao qualificar o PL 2159 de \"golpe de morte\" contra as pol\u00edticas de licenciamento, a ministra se isola na queda de bra\u00e7o contra poderosos lobbies pol\u00edticos e econ\u00f4micos em Bras\u00edlia. Explora\u00e7\u00e3o na Margem Equatorial est\u00e1 mais pr\u00f3xima","robots":{"index":"index","follow":"follow","max-snippet":"max-snippet:-1","max-image-preview":"max-image-preview:large","max-video-preview":"max-video-preview:-1"},"canonical":"https:\/\/newblogs.correiobraziliense.com.br\/blocodenotas\/marina-silva-voz-solitaria-no-debate-sobre-licenciamento-ambiental\/","og_locale":"pt_BR","og_type":"article","og_title":"Marina Silva, voz solit\u00e1ria no debate sobre licenciamento ambiental | Bloco de notas","og_description":"Ao qualificar o PL 2159 de \"golpe de morte\" contra as pol\u00edticas de licenciamento, a ministra se isola na queda de bra\u00e7o contra poderosos lobbies pol\u00edticos e econ\u00f4micos em Bras\u00edlia. Explora\u00e7\u00e3o na Margem Equatorial est\u00e1 mais pr\u00f3xima","og_url":"https:\/\/newblogs.correiobraziliense.com.br\/blocodenotas\/marina-silva-voz-solitaria-no-debate-sobre-licenciamento-ambiental\/","og_site_name":"Bloco de notas","article_published_time":"2025-05-22T22:59:14+00:00","article_modified_time":"2025-05-22T22:59:15+00:00","og_image":[{"width":1024,"height":768,"url":"https:\/\/newblogs.correiobraziliense.com.br\/blocodenotas\/wp-content\/uploads\/sites\/3\/2025\/05\/Marina-Silva.webp","type":"image\/webp"}],"author":"Carlos Alexandre","schema":{"@context":"https:\/\/schema.org","@graph":[{"@type":"NewsArticle","@id":"https:\/\/newblogs.correiobraziliense.com.br\/blocodenotas\/marina-silva-voz-solitaria-no-debate-sobre-licenciamento-ambiental\/#article","isPartOf":{"@id":"https:\/\/newblogs.correiobraziliense.com.br\/blocodenotas\/marina-silva-voz-solitaria-no-debate-sobre-licenciamento-ambiental\/"},"author":{"name":"Carlos Alexandre","@id":"https:\/\/newblogs.correiobraziliense.com.br\/blocodenotas\/#\/schema\/person\/df780dfaed7e416bd388175b3765f1a3"},"headline":"Marina Silva, voz solit\u00e1ria no debate sobre licenciamento ambiental","datePublished":"2025-05-22T22:59:14+00:00","dateModified":"2025-05-22T22:59:15+00:00","mainEntityOfPage":{"@id":"https:\/\/newblogs.correiobraziliense.com.br\/blocodenotas\/marina-silva-voz-solitaria-no-debate-sobre-licenciamento-ambiental\/"},"wordCount":487,"image":{"@id":"https:\/\/newblogs.correiobraziliense.com.br\/blocodenotas\/marina-silva-voz-solitaria-no-debate-sobre-licenciamento-ambiental\/#primaryimage"},"thumbnailUrl":"https:\/\/newblogs.correiobraziliense.com.br\/blocodenotas\/wp-content\/uploads\/sites\/3\/2025\/05\/Marina-Silva.webp","keywords":["Bloco de Notas","Carlos Alexandre","Correio Braziliense","Davi Alcolumbre","governo Lula","Marina Silva","Meio Ambiente","PL 2159","PL da Devasta\u00e7\u00e3o"],"articleSection":["Not\u00edcias"],"inLanguage":"pt-BR"},{"@type":"WebPage","@id":"https:\/\/newblogs.correiobraziliense.com.br\/blocodenotas\/marina-silva-voz-solitaria-no-debate-sobre-licenciamento-ambiental\/","url":"https:\/\/newblogs.correiobraziliense.com.br\/blocodenotas\/marina-silva-voz-solitaria-no-debate-sobre-licenciamento-ambiental\/","name":"Marina Silva, voz solit\u00e1ria no debate sobre licenciamento ambiental | Bloco de notas","isPartOf":{"@id":"https:\/\/newblogs.correiobraziliense.com.br\/blocodenotas\/#website"},"primaryImageOfPage":{"@id":"https:\/\/newblogs.correiobraziliense.com.br\/blocodenotas\/marina-silva-voz-solitaria-no-debate-sobre-licenciamento-ambiental\/#primaryimage"},"image":{"@id":"https:\/\/newblogs.correiobraziliense.com.br\/blocodenotas\/marina-silva-voz-solitaria-no-debate-sobre-licenciamento-ambiental\/#primaryimage"},"thumbnailUrl":"https:\/\/newblogs.correiobraziliense.com.br\/blocodenotas\/wp-content\/uploads\/sites\/3\/2025\/05\/Marina-Silva.webp","datePublished":"2025-05-22T22:59:14+00:00","dateModified":"2025-05-22T22:59:15+00:00","author":{"@id":"https:\/\/newblogs.correiobraziliense.com.br\/blocodenotas\/#\/schema\/person\/df780dfaed7e416bd388175b3765f1a3"},"description":"Ao qualificar o PL 2159 de \"golpe de morte\" contra as pol\u00edticas de licenciamento, a ministra se isola na queda de bra\u00e7o contra poderosos lobbies pol\u00edticos e econ\u00f4micos em Bras\u00edlia. Explora\u00e7\u00e3o na Margem Equatorial est\u00e1 mais pr\u00f3xima","breadcrumb":{"@id":"https:\/\/newblogs.correiobraziliense.com.br\/blocodenotas\/marina-silva-voz-solitaria-no-debate-sobre-licenciamento-ambiental\/#breadcrumb"},"inLanguage":"pt-BR","potentialAction":[{"@type":"ReadAction","target":["https:\/\/newblogs.correiobraziliense.com.br\/blocodenotas\/marina-silva-voz-solitaria-no-debate-sobre-licenciamento-ambiental\/"]}]},{"@type":"ImageObject","inLanguage":"pt-BR","@id":"https:\/\/newblogs.correiobraziliense.com.br\/blocodenotas\/marina-silva-voz-solitaria-no-debate-sobre-licenciamento-ambiental\/#primaryimage","url":"https:\/\/newblogs.correiobraziliense.com.br\/blocodenotas\/wp-content\/uploads\/sites\/3\/2025\/05\/Marina-Silva.webp","contentUrl":"https:\/\/newblogs.correiobraziliense.com.br\/blocodenotas\/wp-content\/uploads\/sites\/3\/2025\/05\/Marina-Silva.webp","width":1024,"height":768,"caption":"Cr\u00e9dito: Tomaz Silva\/Ag\u00eancia Brasil"},{"@type":"BreadcrumbList","@id":"https:\/\/newblogs.correiobraziliense.com.br\/blocodenotas\/marina-silva-voz-solitaria-no-debate-sobre-licenciamento-ambiental\/#breadcrumb","itemListElement":[{"@type":"ListItem","position":1,"name":"In\u00edcio","item":"https:\/\/newblogs.correiobraziliense.com.br\/blocodenotas\/"},{"@type":"ListItem","position":2,"name":"Not\u00edcias","item":"https:\/\/newblogs.correiobraziliense.com.br\/blocodenotas\/noticias\/"},{"@type":"ListItem","position":3,"name":"Marina Silva, voz solit\u00e1ria no debate sobre licenciamento ambiental"}]},{"@type":"WebSite","@id":"https:\/\/newblogs.correiobraziliense.com.br\/blocodenotas\/#website","url":"https:\/\/newblogs.correiobraziliense.com.br\/blocodenotas\/","name":"Bloco de notas","description":"Este espa\u00e7o ser\u00e1, a partir de hoje, o meu bloco de notas compartilhado com voc\u00ea. E, assim, poder\u00e1 ser tamb\u00e9m o seu bloco de notas. Vou dividir e organizar com voc\u00ea minhas anota\u00e7\u00f5es sobre os fatos da pol\u00edtica, da economia, da vida.","potentialAction":[{"@type":"SearchAction","target":{"@type":"EntryPoint","urlTemplate":"https:\/\/newblogs.correiobraziliense.com.br\/blocodenotas\/?s={search_term_string}"},"query-input":{"@type":"PropertyValueSpecification","valueRequired":true,"valueName":"search_term_string"}}],"inLanguage":"pt-BR"},{"@type":"Person","@id":"https:\/\/newblogs.correiobraziliense.com.br\/blocodenotas\/#\/schema\/person\/df780dfaed7e416bd388175b3765f1a3","name":"Carlos Alexandre","image":{"@type":"ImageObject","inLanguage":"pt-BR","@id":"https:\/\/secure.gravatar.com\/avatar\/ca9439e84b1b68be3c207f6c358b19bcde3584bd05cc51e35a0769f89c1611cb?s=96&d=mm&r=g","url":"https:\/\/secure.gravatar.com\/avatar\/ca9439e84b1b68be3c207f6c358b19bcde3584bd05cc51e35a0769f89c1611cb?s=96&d=mm&r=g","contentUrl":"https:\/\/secure.gravatar.com\/avatar\/ca9439e84b1b68be3c207f6c358b19bcde3584bd05cc51e35a0769f89c1611cb?s=96&d=mm&r=g","caption":"Carlos Alexandre"},"description":"Carlos Alexandre de Souza \u00e9 editor de Pol\u00edtica, Brasil e Economia do Correio Braziliense. Mestre em Ci\u00eancia Pol\u00edtica pela Universidade de Ottawa. Vencedor de pr\u00eamio Esso na categoria Primeira P\u00e1gina.","url":"https:\/\/newblogs.correiobraziliense.com.br\/blocodenotas\/author\/carlosalexandre\/"}]}},"_links":{"self":[{"href":"https:\/\/newblogs.correiobraziliense.com.br\/blocodenotas\/wp-json\/wp\/v2\/posts\/591","targetHints":{"allow":["GET"]}}],"collection":[{"href":"https:\/\/newblogs.correiobraziliense.com.br\/blocodenotas\/wp-json\/wp\/v2\/posts"}],"about":[{"href":"https:\/\/newblogs.correiobraziliense.com.br\/blocodenotas\/wp-json\/wp\/v2\/types\/post"}],"author":[{"embeddable":true,"href":"https:\/\/newblogs.correiobraziliense.com.br\/blocodenotas\/wp-json\/wp\/v2\/users\/21"}],"replies":[{"embeddable":true,"href":"https:\/\/newblogs.correiobraziliense.com.br\/blocodenotas\/wp-json\/wp\/v2\/comments?post=591"}],"version-history":[{"count":8,"href":"https:\/\/newblogs.correiobraziliense.com.br\/blocodenotas\/wp-json\/wp\/v2\/posts\/591\/revisions"}],"predecessor-version":[{"id":600,"href":"https:\/\/newblogs.correiobraziliense.com.br\/blocodenotas\/wp-json\/wp\/v2\/posts\/591\/revisions\/600"}],"wp:featuredmedia":[{"embeddable":true,"href":"https:\/\/newblogs.correiobraziliense.com.br\/blocodenotas\/wp-json\/wp\/v2\/media\/592"}],"wp:attachment":[{"href":"https:\/\/newblogs.correiobraziliense.com.br\/blocodenotas\/wp-json\/wp\/v2\/media?parent=591"}],"wp:term":[{"taxonomy":"category","embeddable":true,"href":"https:\/\/newblogs.correiobraziliense.com.br\/blocodenotas\/wp-json\/wp\/v2\/categories?post=591"},{"taxonomy":"post_tag","embeddable":true,"href":"https:\/\/newblogs.correiobraziliense.com.br\/blocodenotas\/wp-json\/wp\/v2\/tags?post=591"}],"curies":[{"name":"wp","href":"https:\/\/api.w.org\/{rel}","templated":true}]}}